{"id":13945,"date":"2022-07-28T13:38:29","date_gmt":"2022-07-28T11:38:29","guid":{"rendered":"https:\/\/www.factorenergia.com\/es\/?post_type=blog&#038;p=13945"},"modified":"2025-08-06T17:48:27","modified_gmt":"2025-08-06T15:48:27","slug":"tarifa-luz-mas-barata","status":"publish","type":"post","link":"https:\/\/www.factorenergia.com\/es\/blog\/factura-luz\/tarifa-luz-mas-barata\/","title":{"rendered":"Factorenergia tiene la tarifa de luz m\u00e1s barata a precio de coste"},"content":{"rendered":"<p><span>\n<script type=\"text\/javascript\" id=\"auto-index\" async defer>\n\n      function indexContent(context){\n\n      var container = document.querySelector(context);\n\n      element = document.getElementById(\"accordion-index\");\n      var titles = Array.from(container.querySelectorAll(\"h2,h3\"));\n\n      for (var i = 0, l = titles.length; i < l; i++) {\n\n\t\tjQuery('#accordionIndex').show();\n\n        var tit = titles[i];\n\t\tvar newTitle = tit.textContent.toLowerCase().replace(\/[^a-zA-Z ]\/g, \"\").replace(\/\\s\/g, '-');\n\t\tvar numTag = Number(tit.tagName.replace(\/[^1-9]\/g, \"\"));\n\t\tvar tagWidth = (numTag*20);\n\n\t\tvar preText = '<span style=\"margin-left:' + tagWidth + 'px\"><\/span>';\n\n        tit.setAttribute(\"id\", newTitle);\n\t\tjQuery(tit).addClass('h-inline');\n\t\t\n\t\tvar toIndex = '<p class=\"h-inline\"><a class=\"blog-toindex\" href=\"#accordionIndex\"><span class=\"glyphicon glyphicon-chevron-up\" aria-hidden=\"true\"><\/span><\/a><\/p>';\n\n\t\tjQuery(toIndex).insertAfter(tit);\n\n        var node = document.createElement(\"LI\");                 \n        var link = document.createElement(\"A\");\n        var textnode = document.createTextNode(tit.textContent);\n\n        link.appendChild(textnode);\n        link.setAttribute(\"href\", '#' + newTitle);\n\t\t\/\/link.setAttribute(\"style\", \"margin-left:\" + tagWidth + \"px\");\n\t\tlink.setAttribute(\"class\", \"acc-h\" + numTag);\n        node.appendChild(link);\n\n        element.appendChild(node);\n\n      }\n    }\n\n    jQuery(document).ready(function(){\t\t\n\t\tindexContent(\".single-post-content\");\n\n\t\tjQuery(\".accordion-toggle\").click(function() {\n\t\t\tjQuery(this).toggleClass(\"open\");\n\t\t\tjQuery(\"#collapseIndex\").slideToggle(\"in\");\n\t\t});\n\t});\n\n\n<\/script>\n\n<style>\n\t.accordion-toggle{\n\t\tcursor:pointer;\n\t}\n\n\t#accordionIndex .panel-heading{\n\t\tmargin-bottom:0px;\n\t}\n\n\t.articulo ul, .articulo ol{\n\t\tmargin-bottom:auto;\n\t}\n\n\t.h-inline{\n\t\tdisplay: inline-flex;\n\t\tflex-wrap: wrap\n\t}\n\t#accordion-index{\n\t\tpadding-left:0px;\n\t}\n\t#accordion-index li a{\n\t\tdisplay:block;\n\t\tpadding-top:5px;\n\t}\n\n\t.acc-h2{\n\t\tmargin-left:0px;\n\t\tposition: relative;\n\t}\n\n\t.acc-h3{\n\t\tmargin-left:25px;\n\t}\n\n\t.acc-h3::before{\n\t\tcontent: \"\";\n\t\tbackground-color:var(--blue-light);\n\t\tmargin-left:-10px;\n\t\twidth: 7px;\n\t\theight: 7px;\n\t\tdisplay: inline-block;\n\t\ttext-align: center;\n\t\tborder-radius: 1000px;\n\t\tmargin-right: 10px;\n    \tmargin-bottom: 2px;\n\t}\n\n\t.acc-h4{\n\t\tmargin-left:40px;\n\t}\n\n\t.acc-h4::before{\n\t\tcontent: \"\";\n\t\tborder: 1px solid var(--blue-light);\n\t\tmargin-left:-5px;\n\t\twidth: 7px;\n\t\theight: 7px;\n\t\tdisplay: inline-block;\n\t\ttext-align: center;\n\t\tborder-radius: 100%;\n\t\tmargin-right: 10px;\n    \tmargin-bottom: 2px;\n\t}\n\n\t.acc-h3:hover::before{\n\t\tbackground-color: var(--blue-darkest);\n\t}\n\n\t.acc-h4:hover::before{\n\t\tborder-color: var(--blue-darkest);\n\t}\n\n\t@media (max-width: 992px){\n\t\t.acc-h2{\n\t\t\tmargin-left:0px;\n\t\t}\n\t\t.acc-h3{\n\t\t\tmargin-left:20px;\n\t\t}\n\t\t.acc-h4{\n\t\t\tmargin-left:40px;\n\t\t}\n\t}\n\n\t\/*\n\th2.h-inline:after,\n\th3.h-inline:after{\n\t\theight: 24px;\n\t\tcontent: \"\";\n\t\tdisplay: table-row;\n\t}*\/\n<\/style>\n\n<div id=\"table-accordion-index\">\n\t<div class=\"panel-group\" id=\"accordionIndex\">\n\t\t<div class=\"panel panel-default\">\n\t\t\t<div class=\"panel-heading\">\n\t\t\t\t<div class=\"panel-title open\"><div class=\"accordion-toggle\" data-toggle=\"collapse\" data-parent=\"#accordion\" aria-expanded=\"true\">\u00cdndice<\/div><\/div>\n\t\t\t<\/div>\n\t\t\t<div id=\"collapseIndex\" class=\"panel-collapse collapse in\" aria-expanded=\"true\">\n\t\t\t\t<div class=\"panel-body\">\n\t\t\t\t\t<ul id=\"accordion-index\">\n\t\t\t\t\t<\/ul>\n\t\t\t\t<\/div>\n\t\t\t<\/div>\n\t\t<\/div>\n\t<\/div>\n<\/div><\/span><\/p>\n<p>&nbsp;<\/p>\n<p style=\"text-align: left;\">Seg\u00fan el medio digital <a href=\"https:\/\/www.businessinsider.es\/mejores-tarifas-electricas-mercado-libre-regulado-2022-1055881#Mercado-libre-y-mercado-regulado-1651730406844\" title=\"mejores tarifas el\u00e9ctricas seg\u00fan Business Insider\" target=\"_blank\" rel=\"noopener\">Business Insider<\/a>, Factorenergia es la comercializadora que ofrece la <a href=\"https:\/\/www.factorenergia.com\/es\/hogares\/tarifas\/variable\/\" title=\"tarifa de luz variable\" target=\"_blank\" rel=\"noopener\"><strong>tarifa de luz m\u00e1s barata<\/strong><\/a> a precio de coste.<\/p>\n<p style=\"text-align: left;\">A continuaci\u00f3n, te explicamos cu\u00e1les son las ventajas de tener tu contrato con la <a href=\"https:\/\/www.factorenergia.com\/es\/\" target=\"_blank\" rel=\"noopener\">empresa de luz<\/a> Factorenergia.<\/p>\n<h2 style=\"text-align: left;\">\u00bfPor qu\u00e9 la tarifa de luz m\u00e1s barata a precio de coste la encontrar\u00e1s en Factorenergia?<\/h2>\n<p style=\"text-align: left;\">Si ya has decidido que quieres tomar el control del consumo de tu hogar para comenzar a ahorrar con una tarifa de luz a precio de coste (tambi\u00e9n llamada indexada) es el momento de contratar la mejor oferta.<\/p>\n<p style=\"text-align: left;\">Con Factorenergia todo son ventajas:<\/p>\n<ol style=\"text-align: left;\">\n<li><strong>Ahorro del 10% en la energ\u00eda:<\/strong> si hay algo que diferencia las tarifas a precio de coste de las fijas es que pagas la energ\u00eda justo lo que vale.<\/li>\n<\/ol>\n<ol start=\"2\" style=\"text-align: left;\">\n<li><strong>Sin permanencia:<\/strong> si te pasas a Factorenergia podr\u00e1s cambiarte a otra compa\u00f1\u00eda cuando lo decidas sin penalizaci\u00f3n. Lo \u00fanico que debes tener en cuenta es que, si no nos indicas lo contrario, el contrato se extender\u00e1 de forma anual autom\u00e1ticamente. Igualmente, te avisaremos con 15 d\u00edas de antelaci\u00f3n para que decidas si quieres seguir con nosotros.<\/li>\n<\/ol>\n<ol start=\"3\" style=\"text-align: left;\">\n<li><strong>Energ\u00eda verde certificada:<\/strong> si quieres disfrutar de una electricidad generada a partir de energ\u00edas renovables, simplemente tienes que marcarlo en el momento de realizar la contrataci\u00f3n. Te ofrecemos energ\u00eda verde 100% certificada por la CNMC (Comisi\u00f3n Nacional de los Mercados y la Competencia).<\/li>\n<\/ol>\n<ol start=\"4\" style=\"text-align: left;\">\n<li><strong>M\u00e1xima transparencia:<\/strong> ajusta tu consumo el\u00e9ctrico gracias <a href=\"https:\/\/www.factorenergia.com\/es\/blog\/factura-luz\/controla-consumo-app-factorenergia\/\" title=\"app FactorSmartHome\" target=\"_blank\" rel=\"noopener\">FactorSmartHome, nuestra app gratuita<\/a> donde podr\u00e1s encontrar todos los datos por d\u00eda, hora y mes. As\u00ed, podr\u00e1s conocer tus h\u00e1bitos y cambiarlos si est\u00e1s gastando de m\u00e1s.<\/li>\n<\/ol>\n<ol start=\"5\" style=\"text-align: left;\">\n<li><strong>Atenci\u00f3n al cliente personalizada:<\/strong> si tienes dudas acerca de tu factura, te has quedado sin luz o quieres realizar alguna modificaci\u00f3n, puedes llamarnos de manera gratuita al 900 649 028.<\/li>\n<\/ol>\n<ol start=\"6\" style=\"text-align: left;\">\n<li><strong>Recibe tu factura de luz online:<\/strong> aporta tu granito de arena al medioambiente y comienza a recibir tu factura el\u00e9ctrica de manera digital. As\u00ed, contribuir\u00e1s a minimizar el consumo de papel y reducir\u00e1s las emisiones de C02 asociadas al transporte. Adem\u00e1s, podr\u00e1s acceder a todas tus facturas a trav\u00e9s de tu \u00e1rea privada y la app.<\/li>\n<\/ol>\n<ol start=\"7\" style=\"text-align: left;\">\n<li><strong>Asistencia en el hogar:<\/strong> si lo deseas, puedes contar con un servicio de asistencia en el hogar por solo 2,5 \u20ac\/mes (3,25 \u20ac \/ mes con IVA) que te asegura lo siguiente:<\/li>\n<\/ol>\n<ul style=\"text-align: justify;\">\n<li style=\"text-align: left;\">Electricidad de emergencia en menos de 3 horas.<\/li>\n<li style=\"text-align: left;\">Desplazamientos sin costes.<\/li>\n<li style=\"text-align: left;\">Tel\u00e9fono gratuito las 24 horas y 365 d\u00edas.<\/li>\n<\/ul>\n\r\n<script type=\"text\/javascript\" async defer>\r\n\r\n    jQuery(document).ready(function(){\t\t\r\n\t\t\r\n\t});\r\n<\/script>\r\n\r\n<style>\r\n\t.block-interested_posts{\r\n        margin-top: 10px;\r\n        padding: 20px;\r\n        border: 2px solid #92C200;\r\n    }\r\n    .block-interested_posts ul{\r\n        margin-bottom:0px;\r\n    }\r\n    .block-interested_posts ul li{\r\n        margin-bottom:5px;\r\n    }\r\n    .block-interested_posts ul li a{\r\n        \/*color: #DF981E;*\/\r\n    }\r\n\r\n<\/style>\r\n\r\n<div class=\"block-interested_posts\">\r\n    <p><strong>Post que te pueden interesar<\/strong><\/p>\r\n    <ul>\r\n                    <li><a href=\"https:\/\/www.factorenergia.com\/es\/blog\/ahorrar-electricidad\/consejos-para-ahorrar-energia-en-casa\/\" title=\"55 Consejos para ahorrar energia en casa\">55 Consejos para ahorrar energia en casa<\/a><\/li>\r\n                    <li><a href=\"https:\/\/www.factorenergia.com\/es\/blog\/factura-luz\/leer-contador-de-luz\/\" title=\"C\u00f3mo leer el contador de la luz\">C\u00f3mo leer el contador de la luz<\/a><\/li>\r\n                    <li><a href=\"https:\/\/www.factorenergia.com\/es\/blog\/factura-luz\/cuantos-kwh-consume-una-casa-al-mes\/\" title=\"\u00bfCu\u00e1ntos kWh consume una casa al mes?\">\u00bfCu\u00e1ntos kWh consume una casa al mes?<\/a><\/li>\r\n            <\/ul>\t\r\n<\/div>\n<h3 style=\"text-align: left;\">\u00bfCu\u00e1l es la tarifa de luz por horas que ofrece Factorenergia?<\/h3>\n<p style=\"text-align: left;\">Despu\u00e9s de conocer todos los beneficios de contratar la tarifa de luz m\u00e1s barata con Factorenergia, te animamos a descubrir en el apartado de tarifa de luz variable cu\u00e1l es el <a href=\"https:\/\/www.factorenergia.com\/es\/hogares\/tarifas\/variable\/\"><\/a><a href=\"https:\/\/www.factorenergia.com\/es\/hogares\/tarifas\/variable\/\" target=\"_blank\" rel=\"noopener\">precio de la luz<\/a>, el margen de beneficio y el precio de la potencia seg\u00fan el periodo de consumo de electricidad.<\/p>\n<h3 style=\"text-align: left;\">\u00bfC\u00f3mo se calcula el importe de tu factura a precio de hora?<\/h3>\n<p style=\"text-align: left;\">Tu factura de la luz se divide en dos partes:<\/p>\n<ul style=\"text-align: left;\">\n<li><strong>El consumo (kWh):<\/strong> se refiere al gasto que haces de electricidad en casa al encender la luz, poner la lavadora, cocinar, etc. Este puede ser m\u00e1s mayor o menor si aprovechas y realizas un consumo responsable.<\/li>\n<\/ul>\n<ul style=\"text-align: left;\">\n<li><strong>La potencia contratada (kW):<\/strong> es la cantidad de energ\u00eda el\u00e9ctrica que tienes contratada. Es decir, el m\u00e1ximo de aparatos el\u00e9ctricos que puedes tener conectados a la vez. A este importe, se le puede a\u00f1adir otros extras si lo deseas, como servicios del hogar, energ\u00eda verde, el alquiler del contador (si no es de propiedad) y los impuestos (IEE e IVA).<\/li>\n<\/ul>\n<p style=\"text-align: left;\">M\u00e1s de 130.000 clientes como t\u00fa ya conf\u00edan en Factorenergia.<\/p>\n<p style=\"text-align: justify;\"><div class=\"text-center center blog-cta\"><p>C&aacute;mbiate a factorenergia y ahorra un 12,5% en tu factura de la Luz ... &iexcl;Para Siempre!<\/p><a class=\"blog-cta primary-btn text-center solicitar-estudio\" target=\"_blank\" title=\"Llama Gratis o Contrata Online en 2 min\" href=\"https:\/\/www.factorenergia.com\/es\/como-cambiar-compania\/\">Llama Gratis o Contrata Online en 2 min<\/a><p><\/p><div style=\"display:none;\"><p>C&aacute;mbiate a factorenergia y ahorra un 12,5% en tu factura de la Luz ... &iexcl;Para Siempre!<\/p><\/div>\n\t\t\t<script type='text\/javascript'>\n\t\t\t\tjQuery('.solicitar-estudio').click(function(){\t\t\t\t\t\t\t\t\t\n\t\t\t\t\tdataLayer.push({'language': 'es'});\n\t\t\t\t\tdataLayer.push({'post_id': '13945'});\n\t\t\t\t\tdataLayer.push({'cat_type': 'luz'});\n\t\t\t\t});\n\t\t\t<\/script>\n\t\t<\/div><br\/><\/p>\n<p style=\"text-align: left;\">\u00bfA qu\u00e9 esperas para pagar menos cada mes en tu consumo el\u00e9ctrico? Llama al 900 649 028 y <strong>contrata nuestra tarifa a precio de coste en tan solo 2 minutos<\/strong>.<\/p>\n","protected":false},"excerpt":{"rendered":"<p>\u00bfTe gustar\u00eda pagar menos por la electricidad que consumes en tu hogar? Descubre la tarifa de luz indexada de Factorenergia.  <\/p>\n","protected":false},"author":17,"featured_media":0,"comment_status":"open","ping_status":"closed","sticky":false,"template":"","format":"standard","meta":{"inline_featured_image":false,"footnotes":""},"categories":[52],"tags":[],"acf":{"fecha_de_la_entrada":"20220728","imagen_portada":29699,"categoria_blog":null,"tipo_de_distribuidora":null,"tiempo_lectura":"","banner_bool":false,"titulo_banner":"","texto_banner":"","texto_boton_banner":"","url_boton_banner":"","post_relacionados":""},"yoast_head":"<!-- This site is optimized with the Yoast SEO plugin v22.2 - https:\/\/yoast.com\/wordpress\/plugins\/seo\/ -->\n<title>Tarifa de luz a precio de coste | factorenergia<\/title>\n<meta name=\"description\" content=\"Descubre por qu\u00e9 en Factorenergia podr\u00e1s disfrutar de la tarifa de luz m\u00e1s barata. Ahorra un 10% en tu factura.\" \/>\n<meta name=\"robots\" content=\"index, follow, max-snippet:-1, max-image-preview:large, max-video-preview:-1\" \/>\n<link rel=\"canonical\" href=\"https:\/\/www.factorenergia.com\/es\/blog\/factura-luz\/tarifa-luz-mas-barata\/\" \/>\n<meta name=\"twitter:card\" content=\"summary_large_image\" \/>\n<meta name=\"twitter:title\" content=\"Tarifa de luz a precio de coste | factorenergia\" \/>\n<meta name=\"twitter:description\" content=\"Descubre por qu\u00e9 en Factorenergia podr\u00e1s disfrutar de la tarifa de luz m\u00e1s barata. Ahorra un 10% en tu factura.\" \/>\n<meta name=\"twitter:creator\" content=\"@factorenergia\" \/>\n<meta name=\"twitter:site\" content=\"@factorenergia\" \/>\n<meta name=\"twitter:label1\" content=\"Escrito por\" \/>\n\t<meta name=\"twitter:data1\" content=\"Equipo Transici\u00f3n Energ\u00e9tica Factorenergia\" \/>\n\t<meta name=\"twitter:label2\" content=\"Tiempo de lectura\" \/>\n\t<meta name=\"twitter:data2\" content=\"3 minutos\" \/>\n<script type=\"application\/ld+json\" class=\"yoast-schema-graph\">{\"@context\":\"https:\/\/schema.org\",\"@graph\":[{\"@type\":\"WebPage\",\"@id\":\"https:\/\/www.factorenergia.com\/es\/blog\/factura-luz\/tarifa-luz-mas-barata\/\",\"url\":\"https:\/\/www.factorenergia.com\/es\/blog\/factura-luz\/tarifa-luz-mas-barata\/\",\"name\":\"Tarifa de luz a precio de coste | factorenergia\",\"isPartOf\":{\"@id\":\"https:\/\/www.factorenergia.com\/es\/#website\"},\"datePublished\":\"2022-07-28T11:38:29+00:00\",\"dateModified\":\"2025-08-06T15:48:27+00:00\",\"author\":{\"@id\":\"https:\/\/www.factorenergia.com\/es\/#\/schema\/person\/dff9e4b6dc520720e3a37bdaaedc5841\"},\"description\":\"Descubre por qu\u00e9 en Factorenergia podr\u00e1s disfrutar de la tarifa de luz m\u00e1s barata. Ahorra un 10% en tu factura.\",\"breadcrumb\":{\"@id\":\"https:\/\/www.factorenergia.com\/es\/blog\/factura-luz\/tarifa-luz-mas-barata\/#breadcrumb\"},\"inLanguage\":\"es\",\"potentialAction\":[{\"@type\":\"ReadAction\",\"target\":[\"https:\/\/www.factorenergia.com\/es\/blog\/factura-luz\/tarifa-luz-mas-barata\/\"]}]},{\"@type\":\"BreadcrumbList\",\"@id\":\"https:\/\/www.factorenergia.com\/es\/blog\/factura-luz\/tarifa-luz-mas-barata\/#breadcrumb\",\"itemListElement\":[{\"@type\":\"ListItem\",\"position\":1,\"name\":\"Portada\",\"item\":\"https:\/\/www.factorenergia.com\/es\/\"},{\"@type\":\"ListItem\",\"position\":2,\"name\":\"Factorenergia tiene la tarifa de luz m\u00e1s barata a precio de coste\"}]},{\"@type\":\"WebSite\",\"@id\":\"https:\/\/www.factorenergia.com\/es\/#website\",\"url\":\"https:\/\/www.factorenergia.com\/es\/\",\"name\":\"factorenergia\",\"description\":\"Factor Energ\u00eda\",\"potentialAction\":[{\"@type\":\"SearchAction\",\"target\":{\"@type\":\"EntryPoint\",\"urlTemplate\":\"https:\/\/www.factorenergia.com\/es\/?s={search_term_string}\"},\"query-input\":\"required name=search_term_string\"}],\"inLanguage\":\"es\"},{\"@type\":\"Person\",\"@id\":\"https:\/\/www.factorenergia.com\/es\/#\/schema\/person\/dff9e4b6dc520720e3a37bdaaedc5841\",\"name\":\"Equipo Transici\u00f3n Energ\u00e9tica Factorenergia\",\"image\":{\"@type\":\"ImageObject\",\"inLanguage\":\"es\",\"@id\":\"https:\/\/www.factorenergia.com\/es\/#\/schema\/person\/image\/\",\"url\":\"https:\/\/secure.gravatar.com\/avatar\/1b7c76bab80ee1c4261b06108874e24b?s=96&d=mm&r=g\",\"contentUrl\":\"https:\/\/secure.gravatar.com\/avatar\/1b7c76bab80ee1c4261b06108874e24b?s=96&d=mm&r=g\",\"caption\":\"Equipo Transici\u00f3n Energ\u00e9tica Factorenergia\"},\"description\":\"El equipo est\u00e1 formado por expertos en materia de Luz, Gas y Eficiencia Energ\u00e9tica, que conocen de primera mano las tendencias del mercado. Su experiencia en el sector les permite ofrecer las mejores soluciones energ\u00e9ticas y resolver las dudas planteadas por los clientes.\",\"sameAs\":[\"https:\/\/www.factorenergia.com\/es\/\",\"https:\/\/www.facebook.com\/factorenergiacom\",\"https:\/\/www.instagram.com\/factorenergia_com\/\",\"https:\/\/es.linkedin.com\/company\/factor-energia\",\"https:\/\/twitter.com\/factorenergia\",\"https:\/\/www.youtube.com\/c\/factorenergiacom\"],\"url\":\"https:\/\/www.factorenergia.com\/es\/blog\/author\/marketing\/\"}]}<\/script>\n<!-- \/ Yoast SEO plugin. -->","yoast_head_json":{"title":"Tarifa de luz a precio de coste | factorenergia","description":"Descubre por qu\u00e9 en Factorenergia podr\u00e1s disfrutar de la tarifa de luz m\u00e1s barata. Ahorra un 10% en tu factura.","robots":{"index":"index","follow":"follow","max-snippet":"max-snippet:-1","max-image-preview":"max-image-preview:large","max-video-preview":"max-video-preview:-1"},"canonical":"https:\/\/www.factorenergia.com\/es\/blog\/factura-luz\/tarifa-luz-mas-barata\/","twitter_card":"summary_large_image","twitter_title":"Tarifa de luz a precio de coste | factorenergia","twitter_description":"Descubre por qu\u00e9 en Factorenergia podr\u00e1s disfrutar de la tarifa de luz m\u00e1s barata. Ahorra un 10% en tu factura.","twitter_creator":"@factorenergia","twitter_site":"@factorenergia","twitter_misc":{"Escrito por":"Equipo Transici\u00f3n Energ\u00e9tica Factorenergia","Tiempo de lectura":"3 minutos"},"schema":{"@context":"https:\/\/schema.org","@graph":[{"@type":"WebPage","@id":"https:\/\/www.factorenergia.com\/es\/blog\/factura-luz\/tarifa-luz-mas-barata\/","url":"https:\/\/www.factorenergia.com\/es\/blog\/factura-luz\/tarifa-luz-mas-barata\/","name":"Tarifa de luz a precio de coste | factorenergia","isPartOf":{"@id":"https:\/\/www.factorenergia.com\/es\/#website"},"datePublished":"2022-07-28T11:38:29+00:00","dateModified":"2025-08-06T15:48:27+00:00","author":{"@id":"https:\/\/www.factorenergia.com\/es\/#\/schema\/person\/dff9e4b6dc520720e3a37bdaaedc5841"},"description":"Descubre por qu\u00e9 en Factorenergia podr\u00e1s disfrutar de la tarifa de luz m\u00e1s barata. Ahorra un 10% en tu factura.","breadcrumb":{"@id":"https:\/\/www.factorenergia.com\/es\/blog\/factura-luz\/tarifa-luz-mas-barata\/#breadcrumb"},"inLanguage":"es","potentialAction":[{"@type":"ReadAction","target":["https:\/\/www.factorenergia.com\/es\/blog\/factura-luz\/tarifa-luz-mas-barata\/"]}]},{"@type":"BreadcrumbList","@id":"https:\/\/www.factorenergia.com\/es\/blog\/factura-luz\/tarifa-luz-mas-barata\/#breadcrumb","itemListElement":[{"@type":"ListItem","position":1,"name":"Portada","item":"https:\/\/www.factorenergia.com\/es\/"},{"@type":"ListItem","position":2,"name":"Factorenergia tiene la tarifa de luz m\u00e1s barata a precio de coste"}]},{"@type":"WebSite","@id":"https:\/\/www.factorenergia.com\/es\/#website","url":"https:\/\/www.factorenergia.com\/es\/","name":"factorenergia","description":"Factor Energ\u00eda","potentialAction":[{"@type":"SearchAction","target":{"@type":"EntryPoint","urlTemplate":"https:\/\/www.factorenergia.com\/es\/?s={search_term_string}"},"query-input":"required name=search_term_string"}],"inLanguage":"es"},{"@type":"Person","@id":"https:\/\/www.factorenergia.com\/es\/#\/schema\/person\/dff9e4b6dc520720e3a37bdaaedc5841","name":"Equipo Transici\u00f3n Energ\u00e9tica Factorenergia","image":{"@type":"ImageObject","inLanguage":"es","@id":"https:\/\/www.factorenergia.com\/es\/#\/schema\/person\/image\/","url":"https:\/\/secure.gravatar.com\/avatar\/1b7c76bab80ee1c4261b06108874e24b?s=96&d=mm&r=g","contentUrl":"https:\/\/secure.gravatar.com\/avatar\/1b7c76bab80ee1c4261b06108874e24b?s=96&d=mm&r=g","caption":"Equipo Transici\u00f3n Energ\u00e9tica Factorenergia"},"description":"El equipo est\u00e1 formado por expertos en materia de Luz, Gas y Eficiencia Energ\u00e9tica, que conocen de primera mano las tendencias del mercado. Su experiencia en el sector les permite ofrecer las mejores soluciones energ\u00e9ticas y resolver las dudas planteadas por los clientes.","sameAs":["https:\/\/www.factorenergia.com\/es\/","https:\/\/www.facebook.com\/factorenergiacom","https:\/\/www.instagram.com\/factorenergia_com\/","https:\/\/es.linkedin.com\/company\/factor-energia","https:\/\/twitter.com\/factorenergia","https:\/\/www.youtube.com\/c\/factorenergiacom"],"url":"https:\/\/www.factorenergia.com\/es\/blog\/author\/marketing\/"}]}},"_links":{"self":[{"href":"https:\/\/www.factorenergia.com\/es\/wp-json\/wp\/v2\/posts\/13945"}],"collection":[{"href":"https:\/\/www.factorenergia.com\/es\/wp-json\/wp\/v2\/posts"}],"about":[{"href":"https:\/\/www.factorenergia.com\/es\/wp-json\/wp\/v2\/types\/post"}],"author":[{"embeddable":true,"href":"https:\/\/www.factorenergia.com\/es\/wp-json\/wp\/v2\/users\/17"}],"replies":[{"embeddable":true,"href":"https:\/\/www.factorenergia.com\/es\/wp-json\/wp\/v2\/comments?post=13945"}],"version-history":[{"count":6,"href":"https:\/\/www.factorenergia.com\/es\/wp-json\/wp\/v2\/posts\/13945\/revisions"}],"predecessor-version":[{"id":29940,"href":"https:\/\/www.factorenergia.com\/es\/wp-json\/wp\/v2\/posts\/13945\/revisions\/29940"}],"wp:attachment":[{"href":"https:\/\/www.factorenergia.com\/es\/wp-json\/wp\/v2\/media?parent=13945"}],"wp:term":[{"taxonomy":"category","embeddable":true,"href":"https:\/\/www.factorenergia.com\/es\/wp-json\/wp\/v2\/categories?post=13945"},{"taxonomy":"post_tag","embeddable":true,"href":"https:\/\/www.factorenergia.com\/es\/wp-json\/wp\/v2\/tags?post=13945"}],"curies":[{"name":"wp","href":"https:\/\/api.w.org\/{rel}","templated":true}]}}