{"id":13564,"date":"2022-06-23T09:00:36","date_gmt":"2022-06-23T07:00:36","guid":{"rendered":"https:\/\/www.factorenergia.com\/es\/?post_type=blog&#038;p=13564"},"modified":"2025-08-06T17:35:03","modified_gmt":"2025-08-06T15:35:03","slug":"rendimiento-placas-solares","status":"publish","type":"post","link":"https:\/\/www.factorenergia.com\/es\/blog\/autoconsumo-electrico\/rendimiento-placas-solares\/","title":{"rendered":"\u00bfCu\u00e1l es el rendimiento de las placas solares en verano y en invierno?"},"content":{"rendered":"<p><span>\n<script type=\"text\/javascript\" id=\"auto-index\" async defer>\n\n      function indexContent(context){\n\n      var container = document.querySelector(context);\n\n      element = document.getElementById(\"accordion-index\");\n      var titles = Array.from(container.querySelectorAll(\"h2,h3,h4\"));\n\n      for (var i = 0, l = titles.length; i < l; i++) {\n\n\t\tjQuery('#accordionIndex').show();\n\n        var tit = titles[i];\n\t\tvar newTitle = tit.textContent.toLowerCase().replace(\/[^a-zA-Z ]\/g, \"\").replace(\/\\s\/g, '-');\n\t\tvar numTag = Number(tit.tagName.replace(\/[^1-9]\/g, \"\"));\n\t\tvar tagWidth = (numTag*20);\n\n\t\tvar preText = '<span style=\"margin-left:' + tagWidth + 'px\"><\/span>';\n\n        tit.setAttribute(\"id\", newTitle);\n\t\tjQuery(tit).addClass('h-inline');\n\t\t\n\t\tvar toIndex = '<p class=\"h-inline\"><a class=\"blog-toindex\" href=\"#accordionIndex\"><span class=\"glyphicon glyphicon-chevron-up\" aria-hidden=\"true\"><\/span><\/a><\/p>';\n\n\t\tjQuery(toIndex).insertAfter(tit);\n\n        var node = document.createElement(\"LI\");                 \n        var link = document.createElement(\"A\");\n        var textnode = document.createTextNode(tit.textContent);\n\n        link.appendChild(textnode);\n        link.setAttribute(\"href\", '#' + newTitle);\n\t\t\/\/link.setAttribute(\"style\", \"margin-left:\" + tagWidth + \"px\");\n\t\tlink.setAttribute(\"class\", \"acc-h\" + numTag);\n        node.appendChild(link);\n\n        element.appendChild(node);\n\n      }\n    }\n\n    jQuery(document).ready(function(){\t\t\n\t\tindexContent(\".single-post-content\");\n\n\t\tjQuery(\".accordion-toggle\").click(function() {\n\t\t\tjQuery(this).toggleClass(\"open\");\n\t\t\tjQuery(\"#collapseIndex\").slideToggle(\"in\");\n\t\t});\n\t});\n\n\n<\/script>\n\n<style>\n\t.accordion-toggle{\n\t\tcursor:pointer;\n\t}\n\n\t#accordionIndex .panel-heading{\n\t\tmargin-bottom:0px;\n\t}\n\n\t.articulo ul, .articulo ol{\n\t\tmargin-bottom:auto;\n\t}\n\n\t.h-inline{\n\t\tdisplay: inline-flex;\n\t\tflex-wrap: wrap\n\t}\n\t#accordion-index{\n\t\tpadding-left:0px;\n\t}\n\t#accordion-index li a{\n\t\tdisplay:block;\n\t\tpadding-top:5px;\n\t}\n\n\t.acc-h2{\n\t\tmargin-left:0px;\n\t\tposition: relative;\n\t}\n\n\t.acc-h3{\n\t\tmargin-left:25px;\n\t}\n\n\t.acc-h3::before{\n\t\tcontent: \"\";\n\t\tbackground-color:var(--blue-light);\n\t\tmargin-left:-10px;\n\t\twidth: 7px;\n\t\theight: 7px;\n\t\tdisplay: inline-block;\n\t\ttext-align: center;\n\t\tborder-radius: 1000px;\n\t\tmargin-right: 10px;\n    \tmargin-bottom: 2px;\n\t}\n\n\t.acc-h4{\n\t\tmargin-left:40px;\n\t}\n\n\t.acc-h4::before{\n\t\tcontent: \"\";\n\t\tborder: 1px solid var(--blue-light);\n\t\tmargin-left:-5px;\n\t\twidth: 7px;\n\t\theight: 7px;\n\t\tdisplay: inline-block;\n\t\ttext-align: center;\n\t\tborder-radius: 100%;\n\t\tmargin-right: 10px;\n    \tmargin-bottom: 2px;\n\t}\n\n\t.acc-h3:hover::before{\n\t\tbackground-color: var(--blue-darkest);\n\t}\n\n\t.acc-h4:hover::before{\n\t\tborder-color: var(--blue-darkest);\n\t}\n\n\t@media (max-width: 992px){\n\t\t.acc-h2{\n\t\t\tmargin-left:0px;\n\t\t}\n\t\t.acc-h3{\n\t\t\tmargin-left:20px;\n\t\t}\n\t\t.acc-h4{\n\t\t\tmargin-left:40px;\n\t\t}\n\t}\n\n\t\/*\n\th2.h-inline:after,\n\th3.h-inline:after{\n\t\theight: 24px;\n\t\tcontent: \"\";\n\t\tdisplay: table-row;\n\t}*\/\n<\/style>\n\n<div id=\"table-accordion-index\">\n\t<div class=\"panel-group\" id=\"accordionIndex\">\n\t\t<div class=\"panel panel-default\">\n\t\t\t<div class=\"panel-heading\">\n\t\t\t\t<div class=\"panel-title open\"><div class=\"accordion-toggle\" data-toggle=\"collapse\" data-parent=\"#accordion\" aria-expanded=\"true\">\u00cdndice<\/div><\/div>\n\t\t\t<\/div>\n\t\t\t<div id=\"collapseIndex\" class=\"panel-collapse collapse in\" aria-expanded=\"true\">\n\t\t\t\t<div class=\"panel-body\">\n\t\t\t\t\t<ul id=\"accordion-index\">\n\t\t\t\t\t<\/ul>\n\t\t\t\t<\/div>\n\t\t\t<\/div>\n\t\t<\/div>\n\t<\/div>\n<\/div><\/span><\/p>\n<h2>\u00bfQu\u00e9 rendimiento tiene un panel solar?<\/h2>\n<p>El <strong>panel solar tiene un rendimiento constante<\/strong> durante todo el a\u00f1o, tanto en verano como en invierno. Es decir, aunque fuera est\u00e9 nevando, tus placas siguen absorbiendo la luz.<\/p>\n<p>Igual que cuando vamos a esquiar nos ponemos protecci\u00f3n solar, incluso en d\u00edas nublados, porque existe la posibilidad de que nos quememos, ocurre lo mismo con las placas fotovoltaicas.<\/p>\n<p>Adem\u00e1s, la energ\u00eda que genere una <a href=\"https:\/\/www.factorenergia.com\/es\/hogares\/placas-solares\/\"><\/a><a href=\"https:\/\/www.factorenergia.com\/es\/hogares\/placas-solares\/\" title=\"calcular presupuesto gratuito de instalaci\u00f3n fotovoltaica\" target=\"_blank\" rel=\"noopener\">instalaci\u00f3n fotovoltaicade autoconsumo<\/a> tambi\u00e9n depender\u00e1 de cu\u00e1ntas placas solares tengas en tu tejado.<\/p>\n<p>Seg\u00fan la Red El\u00e9ctrica de Espa\u00f1a (REE), el consumo de kWh que un hogar realiza en un mes es de 270 kWh aproximadamente, lo que equivaldr\u00eda a unos 3.272 kWh\/a\u00f1o.<\/p>\n<h3>\u00bfQu\u00e9 afecta al rendimiento de las placas solares?<\/h3>\n<p>A pesar de que hemos comentado que un <strong>panel solar nunca puede tener un rendimiento cero<\/strong>, existen algunos factores que pueden variar la energ\u00eda que generan.<\/p>\n<ul>\n<li aria-level=\"1\"><strong>Los materiales:<\/strong> como todo, cuanto mayor sea la calidad de las placas fotovoltaicas, mejor ser\u00e1 su eficiencia y alargar\u00e1s su vida \u00fatil.<\/li>\n<\/ul>\n<p>Adem\u00e1s, puedes amortizar esta inversi\u00f3n con la <a href=\"https:\/\/www.factorenergia.com\/es\/placas-solares\/excedentes-autoconsumo\/\" title=\"Compensaci\u00f3n de excedentes de autoconsumo\" target=\"_blank\" rel=\"noopener\">compensaci\u00f3n de excedentes<\/a>.<\/p>\n<ul>\n<li aria-level=\"1\"><strong>La inclinaci\u00f3n y el \u00e1ngulo del tejado:<\/strong> si tu vivienda est\u00e1 orientada al sur (\u00e1ngulo azimutal 180\u00ba), captar\u00e1 mejor los rayos del sol.<\/li>\n<\/ul>\n<p>En el caso de que est\u00e9 mirando al norte, se puede realizar la instalaci\u00f3n en otra parte de la casa como en la fachada. Respecto al \u00e1ngulo, el mejor es aquel que tiene entre 30 y 40 grados.<\/p>\n<ul>\n<li aria-level=\"1\"><strong>El clima:<\/strong> los paneles solares est\u00e1n dise\u00f1ados para captar la m\u00e1xima energ\u00eda del sol, sin embargo, los factores meteorol\u00f3gicos pueden hacer variar el rendimiento. Se estima que la temperatura ideal se encuentra en los 25\u00baC.<\/li>\n<li aria-level=\"1\"><strong>La ubicaci\u00f3n geogr\u00e1fica: <\/strong>Espa\u00f1a es uno de los pa\u00edses con mayor n\u00famero de horas de sol de Europa, pero las placas solares generan una energ\u00eda diferente seg\u00fan donde se encuentren.<\/li>\n<li aria-level=\"1\"><strong>El mantenimiento:<\/strong> una vez tengas instalados los paneles solares en tu tejado deber\u00e1s revisarlos para limpiarlos o sustituir piezas que se hayan deteriorado.<\/li>\n<\/ul>\n\r\n<script type=\"text\/javascript\" async defer>\r\n\r\n    jQuery(document).ready(function(){\t\t\r\n\t\t\r\n\t});\r\n<\/script>\r\n\r\n<style>\r\n\t.block-interested_posts{\r\n        margin-top: 10px;\r\n        padding: 20px;\r\n        border: 2px solid #92C200;\r\n    }\r\n    .block-interested_posts ul{\r\n        margin-bottom:0px;\r\n    }\r\n    .block-interested_posts ul li{\r\n        margin-bottom:5px;\r\n    }\r\n    .block-interested_posts ul li a{\r\n        \/*color: #DF981E;*\/\r\n    }\r\n\r\n<\/style>\r\n\r\n<div class=\"block-interested_posts\">\r\n    <p><strong>Post que te pueden interesar<\/strong><\/p>\r\n    <ul>\r\n                    <li><a href=\"https:\/\/www.factorenergia.com\/es\/blog\/autoconsumo-electrico\/cuantos-vatios-produce-una-placa-solar\/\" title=\"\u00bfCu\u00e1ntos vatios produce una placa solar?\">\u00bfCu\u00e1ntos vatios produce una placa solar?<\/a><\/li>\r\n                    <li><a href=\"https:\/\/www.factorenergia.com\/es\/blog\/autoconsumo-electrico\/instalar-placas-solares-es-rentable\/\" title=\"6 motivos por los que instalar placas solares es rentable\">6 motivos por los que instalar placas solares es rentable<\/a><\/li>\r\n            <\/ul>\t\r\n<\/div>\n<h3>\u00bfEs rentable instalar paneles solares en lugares con climas fr\u00edos?<\/h3>\n<p>S\u00ed, el <strong>rendimiento de las placas solares en invierno sigue siendo suficiente<\/strong> para abastecer un hogar puesto que no se tiene en cuenta el calor sino la luz.<\/p>\n<p>Es cierto que existe una <strong>disminuci\u00f3n de su producci\u00f3n de un 30-40%<\/strong>, pero siguen funcionando pese a que se produzcan fuertes lluvias o nevadas. Por ejemplo, en Noruega, aunque es un pa\u00eds fr\u00edo, cuenta con muchas casas y edificios con paneles fotovoltaicos.<\/p>\n<p>Por ello, independientemente de la zona donde vivas, las placas solares son una inversi\u00f3n a largo plazo y <strong>durante el invierno tambi\u00e9n estar\u00e1s amortizando su coste<\/strong>.<\/p>\n<p>Adem\u00e1s, con la <a href=\"https:\/\/www.factorenergia.com\/es\/blog\/autoconsumo-electrico\/que-es-el-autoconsumo\/\"><\/a><a href=\"https:\/\/www.factorenergia.com\/es\/blog\/autoconsumo-electrico\/que-es-el-autoconsumo\/\" target=\"_blank\" rel=\"noopener\">instalaci\u00f3n solar para el autoconsumo<\/a> podr\u00e1s ahorrar en tu factura el\u00e9ctrica, durante los casi 25 a\u00f1os que suelen durar, as\u00ed como reducir tu huella de carbono.<\/p>\n<p><span style=\"font-weight: 400;\"><div class=\"widget-form\">\r\n    \n<div class=\"wpcf7 no-js\" id=\"wpcf7-f21836-o1\" lang=\"es-ES\" dir=\"ltr\">\n<div class=\"screen-reader-response\"><p role=\"status\" aria-live=\"polite\" aria-atomic=\"true\"><\/p> <ul><\/ul><\/div>\n<form action=\"\/es\/wp-json\/wp\/v2\/posts\/13564#wpcf7-f21836-o1\" method=\"post\" class=\"wpcf7-form init\" aria-label=\"Formulario de contacto\" novalidate=\"novalidate\" data-status=\"init\">\n<div style=\"display: none;\">\n<input type=\"hidden\" name=\"_wpcf7\" value=\"21836\" \/>\n<input type=\"hidden\" name=\"_wpcf7_version\" value=\"5.9\" \/>\n<input type=\"hidden\" name=\"_wpcf7_locale\" value=\"es_ES\" \/>\n<input type=\"hidden\" name=\"_wpcf7_unit_tag\" value=\"wpcf7-f21836-o1\" \/>\n<input type=\"hidden\" name=\"_wpcf7_container_post\" value=\"0\" \/>\n<input type=\"hidden\" name=\"_wpcf7_posted_data_hash\" value=\"\" \/>\n<input type=\"hidden\" name=\"_wpcf7_recaptcha_response\" value=\"\" \/>\n<\/div>\n<div class=\"widget-simple-form-ac\">\n\t<div class=\"header-ac\">\n\t\t<p>Consigue tu estudio gratuito\n\t\t<\/p>\n\t\t<div class=\"close-form\">\n\t\t\t<p>X\n\t\t\t<\/p>\n\t\t<\/div>\n\t<\/div>\n\t<div class=\"widget-form-ac-container\">\n\t\t<p class=\"subtitle-ac-form\">Con nuestras Placas Solares + Bater\u00eda Virtual, <span class=\"blue\">reduce a 0\u20ac el consumo de tu factura de la luz.<\/span> \u00a1No te quedes sin tu estudio gratis!\n\t\t<\/p>\n\t\t<div class=\"inputs-container\">\n\t\t\t<div class=\"input\">\n\t\t\t\t<p><span class=\"wpcf7-form-control-wrap\" data-name=\"name1\"><input size=\"40\" class=\"wpcf7-form-control wpcf7-text wpcf7-validates-as-required\" id=\"name\" aria-required=\"true\" aria-invalid=\"false\" placeholder=\"Nombre\" value=\"\" type=\"text\" name=\"name1\" \/><\/span>\n\t\t\t\t<\/p>\n\t\t\t\t<div class=\"error\">\n\t\t\t\t\t<p><span role='alert' class='wpcf7-not-valid-tip'><\/span>\n\t\t\t\t\t<\/p>\n\t\t\t\t<\/div>\n\t\t\t<\/div>\n\t\t\t<div class=\"input\">\n\t\t\t\t<p><span class=\"wpcf7-form-control-wrap\" data-name=\"lastname\"><input size=\"40\" class=\"wpcf7-form-control wpcf7-text wpcf7-validates-as-required\" id=\"lastname\" aria-required=\"true\" aria-invalid=\"false\" placeholder=\"Apellido\" value=\"\" type=\"text\" name=\"lastname\" \/><\/span>\n\t\t\t\t<\/p>\n\t\t\t\t<div class=\"error\">\n\t\t\t\t\t<p><span role='alert' class='wpcf7-not-valid-tip'><\/span>\n\t\t\t\t\t<\/p>\n\t\t\t\t<\/div>\n\t\t\t<\/div>\n\t\t<\/div>\n\t\t<div class=\"inputs-container\">\n\t\t\t<div class=\"input\">\n\t\t\t\t<p><span class=\"wpcf7-form-control-wrap\" data-name=\"email\"><input size=\"40\" class=\"wpcf7-form-control wpcf7-email wpcf7-validates-as-required wpcf7-text wpcf7-validates-as-email\" aria-required=\"true\" aria-invalid=\"false\" placeholder=\"Email\" value=\"\" type=\"email\" name=\"email\" \/><\/span>\n\t\t\t\t<\/p>\n\t\t\t\t<div class=\"error\">\n\t\t\t\t\t<p><span role='alert' class='wpcf7-not-valid-tip'><\/span>\n\t\t\t\t\t<\/p>\n\t\t\t\t<\/div>\n\t\t\t<\/div>\n\t\t\t<div class=\"input\">\n\t\t\t\t<p><span class=\"wpcf7-form-control-wrap\" data-name=\"tel\"><input size=\"40\" class=\"wpcf7-form-control wpcf7-tel wpcf7-validates-as-required wpcf7-text wpcf7-validates-as-tel\" aria-required=\"true\" aria-invalid=\"false\" placeholder=\"Tel\u00e9fono\" value=\"\" type=\"tel\" name=\"tel\" \/><\/span>\n\t\t\t\t<\/p>\n\t\t\t\t<div class=\"error\">\n\t\t\t\t\t<p><span role='alert' class='wpcf7-not-valid-tip'><\/span>\n\t\t\t\t\t<\/p>\n\t\t\t\t<\/div>\n\t\t\t<\/div>\n\t\t<\/div>\n\t\t<p class=\"legal-text\">Al enviar este formulario consiente que sus datos sean tratados por FACTORENERGIA S.A., como corresponsables, para remitirle ofertas e informaci\u00f3n comercial. Puede ejercitar sus derechos conforme a lo indicado en nuestra <a href=\"\/es\/privacidad\/\">Pol\u00edtica de privacidad.<\/a>\n\t\t<\/p>\n\t\t<div class=\"inputs-container\">\n\t\t\t<div class=\"button-submit\">\n\t\t\t\t<p><input class=\"wpcf7-form-control wpcf7-submit has-spinner primary-btn green-btn btn-submit\" type=\"submit\" value=\"Pide tu estudio gratis\" \/>\n\t\t\t\t<\/p>\n\t\t\t<\/div>\n\t\t<\/div>\n\t<\/div>\n<\/div><div class=\"wpcf7-response-output\" aria-hidden=\"true\"><\/div>\n<\/form>\n<\/div>\n<\/div>\r\n\r\n<div class=\"widget-form-sended\" style=\"display: none\">\r\n    <h4><b>\u00a1Bien hecho!<\/b> Este es tu primer paso hacia la independencia energ\u00e9tica.<\/h4>\r\n    <p>En un m\u00e1ximo de 48 horas, un especialista se pondr\u00e1 en contacto contigo para estudiar tu caso, asesorarte y ofrecerte la mejor soluci\u00f3n energ\u00e9tica.<\/p>\r\n    <div class=\"inputs-container\">\r\n        <div class=\"button-submit\">\r\n            <a class=\"primary-btn center otro-estudio green-btn\">\r\n                Pedir otro estudio gratis            <\/a>\r\n        <\/div>\r\n        <div class=\"trustpilot-widget trust-widget-form-ac\" data-locale=\"es-ES\" data-template-id=\"5419b732fbfb950b10de65e5\" data-businessunit-id=\"5fd8ae6f2ead35000193bbae\" data-style-height=\"24px\" data-style-width=\"100%\" data-theme=\"light\" style=\"position: relative;\"><iframe title=\"Customer reviews powered by Trustpilot\" loading=\"auto\" src=\"https:\/\/widget.trustpilot.com\/trustboxes\/5419b732fbfb950b10de65e5\/index.html?templateId=5419b732fbfb950b10de65e5&amp;businessunitId=5fd8ae6f2ead35000193bbae#locale=es-ES&amp;styleHeight=24px&amp;styleWidth=100%25&amp;theme=light\" style=\"position: relative; height: 24px; width: 100%; border-style: none; display: block; overflow: hidden;\"><\/iframe><\/div>\r\n    <\/div>\r\n<\/div>\r\n<\/span><\/p>\n<h3>\u00bfCu\u00e1l es el rendimiento de las placas solares en Espa\u00f1a?<\/h3>\n<p>Si nos fijamos en Espa\u00f1a el <strong>rendimiento var\u00eda dependiendo de la zona geogr\u00e1fica<\/strong>:<\/p>\n<ul>\n<li aria-level=\"1\">Andaluc\u00eda, islas Canarias y Murcia son los puntos con mayor irradiaci\u00f3n solar.<\/li>\n<li aria-level=\"1\">El centro de la pen\u00ednsula y las islas Baleares cuentan con un rendimiento medio.<\/li>\n<li aria-level=\"1\">Galicia, Pa\u00eds Vasco, Asturias y La Rioja son las provincias con menos horas de sol al a\u00f1o.<\/li>\n<\/ul>\n<h2>\u00bfCu\u00e1nto cuesta instalar paneles fotovoltaicos?<\/h2>\n<p>El precio medio de una instalaci\u00f3n suele estar entre los 4.000 \u20ac y 6.000 \u20ac y con <strong>factorenergia<\/strong> la puedes financiar hasta 120 meses.<\/p>\n<p>\u00bfQuieres apostar por las energ\u00edas renovables? Ll\u00e1manos al 900 377 538 o escr\u00edbenos a <a href=\"mailto:solar@factorenergia.com\" title=\"calcular presupuesto gratuito de instalaci\u00f3n fotovoltaica\" target=\"_blank\" rel=\"noopener\">solar@factorenergia.com<\/a>. Calcularesmos<a href=\"https:\/\/www.factorenergia.com\/es\/placas-solares-calcula\/\" title=\"Calcula cu\u00e1ntas placas solares necesitas\" target=\"_blank\" rel=\"noopener\"> cu\u00e1ntas placas solares necesitas <\/a>y te enviaremos un presupuesto gratuito personalizado.<\/p>\n","protected":false},"excerpt":{"rendered":"<p>Cuando hablamos de autoconsumo existen ciertas dudas relacionadas con el rendimiento de las placas solares.<\/p>\n<p>Cuando llega el fr\u00edo, los d\u00edas se acortan y llueve m\u00e1s, se tiende a pensar que las placas fotovoltaicas no generan tanta energ\u00eda como en verano. \u00bfQuieres saber la respuesta? Sigue leyendo y lo descubrir\u00e1s.<\/p>\n","protected":false},"author":17,"featured_media":0,"comment_status":"open","ping_status":"closed","sticky":false,"template":"","format":"standard","meta":{"inline_featured_image":false,"footnotes":""},"categories":[67],"tags":[],"acf":{"fecha_de_la_entrada":"20220623","imagen_portada":29022,"categoria_blog":null,"tipo_de_distribuidora":null,"tiempo_lectura":"","banner_bool":false,"titulo_banner":"","texto_banner":"","texto_boton_banner":"","url_boton_banner":"","post_relacionados":""},"yoast_head":"<!-- This site is optimized with the Yoast SEO plugin v22.2 - https:\/\/yoast.com\/wordpress\/plugins\/seo\/ -->\n<title>\u00bfQu\u00e9 rendimiento tienen las placas solares? | factorenergia<\/title>\n<meta name=\"description\" content=\"El rendimiento de las placas solares tiene que ver con la luz y no con el sol, por eso se genera energ\u00eda todo el a\u00f1o; te lo explicamos en el blog\" \/>\n<meta name=\"robots\" content=\"index, follow, max-snippet:-1, max-image-preview:large, max-video-preview:-1\" \/>\n<link rel=\"canonical\" href=\"https:\/\/www.factorenergia.com\/es\/blog\/autoconsumo-electrico\/rendimiento-placas-solares\/\" \/>\n<meta name=\"twitter:card\" content=\"summary_large_image\" \/>\n<meta name=\"twitter:title\" content=\"\u00bfQu\u00e9 rendimiento tienen las placas solares? | factorenergia\" \/>\n<meta name=\"twitter:description\" content=\"El rendimiento de las placas solares tiene que ver con la luz y no con el sol, por eso se genera energ\u00eda todo el a\u00f1o; te lo explicamos en el blog\" \/>\n<meta name=\"twitter:creator\" content=\"@factorenergia\" \/>\n<meta name=\"twitter:site\" content=\"@factorenergia\" \/>\n<meta name=\"twitter:label1\" content=\"Escrito por\" \/>\n\t<meta name=\"twitter:data1\" content=\"Equipo Transici\u00f3n Energ\u00e9tica Factorenergia\" \/>\n\t<meta name=\"twitter:label2\" content=\"Tiempo de lectura\" \/>\n\t<meta name=\"twitter:data2\" content=\"3 minutos\" \/>\n<script type=\"application\/ld+json\" class=\"yoast-schema-graph\">{\"@context\":\"https:\/\/schema.org\",\"@graph\":[{\"@type\":\"WebPage\",\"@id\":\"https:\/\/www.factorenergia.com\/es\/blog\/autoconsumo-electrico\/rendimiento-placas-solares\/\",\"url\":\"https:\/\/www.factorenergia.com\/es\/blog\/autoconsumo-electrico\/rendimiento-placas-solares\/\",\"name\":\"\u00bfQu\u00e9 rendimiento tienen las placas solares? | factorenergia\",\"isPartOf\":{\"@id\":\"https:\/\/www.factorenergia.com\/es\/#website\"},\"datePublished\":\"2022-06-23T07:00:36+00:00\",\"dateModified\":\"2025-08-06T15:35:03+00:00\",\"author\":{\"@id\":\"https:\/\/www.factorenergia.com\/es\/#\/schema\/person\/dff9e4b6dc520720e3a37bdaaedc5841\"},\"description\":\"El rendimiento de las placas solares tiene que ver con la luz y no con el sol, por eso se genera energ\u00eda todo el a\u00f1o; te lo explicamos en el blog\",\"breadcrumb\":{\"@id\":\"https:\/\/www.factorenergia.com\/es\/blog\/autoconsumo-electrico\/rendimiento-placas-solares\/#breadcrumb\"},\"inLanguage\":\"es\",\"potentialAction\":[{\"@type\":\"ReadAction\",\"target\":[\"https:\/\/www.factorenergia.com\/es\/blog\/autoconsumo-electrico\/rendimiento-placas-solares\/\"]}]},{\"@type\":\"BreadcrumbList\",\"@id\":\"https:\/\/www.factorenergia.com\/es\/blog\/autoconsumo-electrico\/rendimiento-placas-solares\/#breadcrumb\",\"itemListElement\":[{\"@type\":\"ListItem\",\"position\":1,\"name\":\"Portada\",\"item\":\"https:\/\/www.factorenergia.com\/es\/\"},{\"@type\":\"ListItem\",\"position\":2,\"name\":\"\u00bfCu\u00e1l es el rendimiento de las placas solares en verano y en invierno?\"}]},{\"@type\":\"WebSite\",\"@id\":\"https:\/\/www.factorenergia.com\/es\/#website\",\"url\":\"https:\/\/www.factorenergia.com\/es\/\",\"name\":\"factorenergia\",\"description\":\"Factor Energ\u00eda\",\"potentialAction\":[{\"@type\":\"SearchAction\",\"target\":{\"@type\":\"EntryPoint\",\"urlTemplate\":\"https:\/\/www.factorenergia.com\/es\/?s={search_term_string}\"},\"query-input\":\"required name=search_term_string\"}],\"inLanguage\":\"es\"},{\"@type\":\"Person\",\"@id\":\"https:\/\/www.factorenergia.com\/es\/#\/schema\/person\/dff9e4b6dc520720e3a37bdaaedc5841\",\"name\":\"Equipo Transici\u00f3n Energ\u00e9tica Factorenergia\",\"image\":{\"@type\":\"ImageObject\",\"inLanguage\":\"es\",\"@id\":\"https:\/\/www.factorenergia.com\/es\/#\/schema\/person\/image\/\",\"url\":\"https:\/\/secure.gravatar.com\/avatar\/1b7c76bab80ee1c4261b06108874e24b?s=96&d=mm&r=g\",\"contentUrl\":\"https:\/\/secure.gravatar.com\/avatar\/1b7c76bab80ee1c4261b06108874e24b?s=96&d=mm&r=g\",\"caption\":\"Equipo Transici\u00f3n Energ\u00e9tica Factorenergia\"},\"description\":\"El equipo est\u00e1 formado por expertos en materia de Luz, Gas y Eficiencia Energ\u00e9tica, que conocen de primera mano las tendencias del mercado. Su experiencia en el sector les permite ofrecer las mejores soluciones energ\u00e9ticas y resolver las dudas planteadas por los clientes.\",\"sameAs\":[\"https:\/\/www.factorenergia.com\/es\/\",\"https:\/\/www.facebook.com\/factorenergiacom\",\"https:\/\/www.instagram.com\/factorenergia_com\/\",\"https:\/\/es.linkedin.com\/company\/factor-energia\",\"https:\/\/twitter.com\/factorenergia\",\"https:\/\/www.youtube.com\/c\/factorenergiacom\"],\"url\":\"https:\/\/www.factorenergia.com\/es\/blog\/author\/marketing\/\"}]}<\/script>\n<!-- \/ Yoast SEO plugin. -->","yoast_head_json":{"title":"\u00bfQu\u00e9 rendimiento tienen las placas solares? | factorenergia","description":"El rendimiento de las placas solares tiene que ver con la luz y no con el sol, por eso se genera energ\u00eda todo el a\u00f1o; te lo explicamos en el blog","robots":{"index":"index","follow":"follow","max-snippet":"max-snippet:-1","max-image-preview":"max-image-preview:large","max-video-preview":"max-video-preview:-1"},"canonical":"https:\/\/www.factorenergia.com\/es\/blog\/autoconsumo-electrico\/rendimiento-placas-solares\/","twitter_card":"summary_large_image","twitter_title":"\u00bfQu\u00e9 rendimiento tienen las placas solares? | factorenergia","twitter_description":"El rendimiento de las placas solares tiene que ver con la luz y no con el sol, por eso se genera energ\u00eda todo el a\u00f1o; te lo explicamos en el blog","twitter_creator":"@factorenergia","twitter_site":"@factorenergia","twitter_misc":{"Escrito por":"Equipo Transici\u00f3n Energ\u00e9tica Factorenergia","Tiempo de lectura":"3 minutos"},"schema":{"@context":"https:\/\/schema.org","@graph":[{"@type":"WebPage","@id":"https:\/\/www.factorenergia.com\/es\/blog\/autoconsumo-electrico\/rendimiento-placas-solares\/","url":"https:\/\/www.factorenergia.com\/es\/blog\/autoconsumo-electrico\/rendimiento-placas-solares\/","name":"\u00bfQu\u00e9 rendimiento tienen las placas solares? | factorenergia","isPartOf":{"@id":"https:\/\/www.factorenergia.com\/es\/#website"},"datePublished":"2022-06-23T07:00:36+00:00","dateModified":"2025-08-06T15:35:03+00:00","author":{"@id":"https:\/\/www.factorenergia.com\/es\/#\/schema\/person\/dff9e4b6dc520720e3a37bdaaedc5841"},"description":"El rendimiento de las placas solares tiene que ver con la luz y no con el sol, por eso se genera energ\u00eda todo el a\u00f1o; te lo explicamos en el blog","breadcrumb":{"@id":"https:\/\/www.factorenergia.com\/es\/blog\/autoconsumo-electrico\/rendimiento-placas-solares\/#breadcrumb"},"inLanguage":"es","potentialAction":[{"@type":"ReadAction","target":["https:\/\/www.factorenergia.com\/es\/blog\/autoconsumo-electrico\/rendimiento-placas-solares\/"]}]},{"@type":"BreadcrumbList","@id":"https:\/\/www.factorenergia.com\/es\/blog\/autoconsumo-electrico\/rendimiento-placas-solares\/#breadcrumb","itemListElement":[{"@type":"ListItem","position":1,"name":"Portada","item":"https:\/\/www.factorenergia.com\/es\/"},{"@type":"ListItem","position":2,"name":"\u00bfCu\u00e1l es el rendimiento de las placas solares en verano y en invierno?"}]},{"@type":"WebSite","@id":"https:\/\/www.factorenergia.com\/es\/#website","url":"https:\/\/www.factorenergia.com\/es\/","name":"factorenergia","description":"Factor Energ\u00eda","potentialAction":[{"@type":"SearchAction","target":{"@type":"EntryPoint","urlTemplate":"https:\/\/www.factorenergia.com\/es\/?s={search_term_string}"},"query-input":"required name=search_term_string"}],"inLanguage":"es"},{"@type":"Person","@id":"https:\/\/www.factorenergia.com\/es\/#\/schema\/person\/dff9e4b6dc520720e3a37bdaaedc5841","name":"Equipo Transici\u00f3n Energ\u00e9tica Factorenergia","image":{"@type":"ImageObject","inLanguage":"es","@id":"https:\/\/www.factorenergia.com\/es\/#\/schema\/person\/image\/","url":"https:\/\/secure.gravatar.com\/avatar\/1b7c76bab80ee1c4261b06108874e24b?s=96&d=mm&r=g","contentUrl":"https:\/\/secure.gravatar.com\/avatar\/1b7c76bab80ee1c4261b06108874e24b?s=96&d=mm&r=g","caption":"Equipo Transici\u00f3n Energ\u00e9tica Factorenergia"},"description":"El equipo est\u00e1 formado por expertos en materia de Luz, Gas y Eficiencia Energ\u00e9tica, que conocen de primera mano las tendencias del mercado. Su experiencia en el sector les permite ofrecer las mejores soluciones energ\u00e9ticas y resolver las dudas planteadas por los clientes.","sameAs":["https:\/\/www.factorenergia.com\/es\/","https:\/\/www.facebook.com\/factorenergiacom","https:\/\/www.instagram.com\/factorenergia_com\/","https:\/\/es.linkedin.com\/company\/factor-energia","https:\/\/twitter.com\/factorenergia","https:\/\/www.youtube.com\/c\/factorenergiacom"],"url":"https:\/\/www.factorenergia.com\/es\/blog\/author\/marketing\/"}]}},"_links":{"self":[{"href":"https:\/\/www.factorenergia.com\/es\/wp-json\/wp\/v2\/posts\/13564"}],"collection":[{"href":"https:\/\/www.factorenergia.com\/es\/wp-json\/wp\/v2\/posts"}],"about":[{"href":"https:\/\/www.factorenergia.com\/es\/wp-json\/wp\/v2\/types\/post"}],"author":[{"embeddable":true,"href":"https:\/\/www.factorenergia.com\/es\/wp-json\/wp\/v2\/users\/17"}],"replies":[{"embeddable":true,"href":"https:\/\/www.factorenergia.com\/es\/wp-json\/wp\/v2\/comments?post=13564"}],"version-history":[{"count":12,"href":"https:\/\/www.factorenergia.com\/es\/wp-json\/wp\/v2\/posts\/13564\/revisions"}],"predecessor-version":[{"id":29923,"href":"https:\/\/www.factorenergia.com\/es\/wp-json\/wp\/v2\/posts\/13564\/revisions\/29923"}],"wp:attachment":[{"href":"https:\/\/www.factorenergia.com\/es\/wp-json\/wp\/v2\/media?parent=13564"}],"wp:term":[{"taxonomy":"category","embeddable":true,"href":"https:\/\/www.factorenergia.com\/es\/wp-json\/wp\/v2\/categories?post=13564"},{"taxonomy":"post_tag","embeddable":true,"href":"https:\/\/www.factorenergia.com\/es\/wp-json\/wp\/v2\/tags?post=13564"}],"curies":[{"name":"wp","href":"https:\/\/api.w.org\/{rel}","templated":true}]}}