{"id":13070,"date":"2022-04-28T12:29:08","date_gmt":"2022-04-28T10:29:08","guid":{"rendered":"https:\/\/www.factorenergia.com\/es\/?post_type=blog&#038;p=13070"},"modified":"2025-08-06T17:51:06","modified_gmt":"2025-08-06T15:51:06","slug":"puntos-de-recarga-ventajas","status":"publish","type":"post","link":"https:\/\/www.factorenergia.com\/es\/blog\/movilidad-electrica\/puntos-de-recarga-ventajas\/","title":{"rendered":"Puntos de recarga de coche el\u00e9ctrico: ventajas y mitos asociados"},"content":{"rendered":"<p><span>\n<script type=\"text\/javascript\" id=\"auto-index\" async defer>\n\n      function indexContent(context){\n\n      var container = document.querySelector(context);\n\n      element = document.getElementById(\"accordion-index\");\n      var titles = Array.from(container.querySelectorAll(\"h2,h3,h4\"));\n\n      for (var i = 0, l = titles.length; i < l; i++) {\n\n\t\tjQuery('#accordionIndex').show();\n\n        var tit = titles[i];\n\t\tvar newTitle = tit.textContent.toLowerCase().replace(\/[^a-zA-Z ]\/g, \"\").replace(\/\\s\/g, '-');\n\t\tvar numTag = Number(tit.tagName.replace(\/[^1-9]\/g, \"\"));\n\t\tvar tagWidth = (numTag*20);\n\n\t\tvar preText = '<span style=\"margin-left:' + tagWidth + 'px\"><\/span>';\n\n        tit.setAttribute(\"id\", newTitle);\n\t\tjQuery(tit).addClass('h-inline');\n\t\t\n\t\tvar toIndex = '<p class=\"h-inline\"><a class=\"blog-toindex\" href=\"#accordionIndex\"><span class=\"glyphicon glyphicon-chevron-up\" aria-hidden=\"true\"><\/span><\/a><\/p>';\n\n\t\tjQuery(toIndex).insertAfter(tit);\n\n        var node = document.createElement(\"LI\");                 \n        var link = document.createElement(\"A\");\n        var textnode = document.createTextNode(tit.textContent);\n\n        link.appendChild(textnode);\n        link.setAttribute(\"href\", '#' + newTitle);\n\t\t\/\/link.setAttribute(\"style\", \"margin-left:\" + tagWidth + \"px\");\n\t\tlink.setAttribute(\"class\", \"acc-h\" + numTag);\n        node.appendChild(link);\n\n        element.appendChild(node);\n\n      }\n    }\n\n    jQuery(document).ready(function(){\t\t\n\t\tindexContent(\".single-post-content\");\n\n\t\tjQuery(\".accordion-toggle\").click(function() {\n\t\t\tjQuery(this).toggleClass(\"open\");\n\t\t\tjQuery(\"#collapseIndex\").slideToggle(\"in\");\n\t\t});\n\t});\n\n\n<\/script>\n\n<style>\n\t.accordion-toggle{\n\t\tcursor:pointer;\n\t}\n\n\t#accordionIndex .panel-heading{\n\t\tmargin-bottom:0px;\n\t}\n\n\t.articulo ul, .articulo ol{\n\t\tmargin-bottom:auto;\n\t}\n\n\t.h-inline{\n\t\tdisplay: inline-flex;\n\t\tflex-wrap: wrap\n\t}\n\t#accordion-index{\n\t\tpadding-left:0px;\n\t}\n\t#accordion-index li a{\n\t\tdisplay:block;\n\t\tpadding-top:5px;\n\t}\n\n\t.acc-h2{\n\t\tmargin-left:0px;\n\t\tposition: relative;\n\t}\n\n\t.acc-h3{\n\t\tmargin-left:25px;\n\t}\n\n\t.acc-h3::before{\n\t\tcontent: \"\";\n\t\tbackground-color:var(--blue-light);\n\t\tmargin-left:-10px;\n\t\twidth: 7px;\n\t\theight: 7px;\n\t\tdisplay: inline-block;\n\t\ttext-align: center;\n\t\tborder-radius: 1000px;\n\t\tmargin-right: 10px;\n    \tmargin-bottom: 2px;\n\t}\n\n\t.acc-h4{\n\t\tmargin-left:40px;\n\t}\n\n\t.acc-h4::before{\n\t\tcontent: \"\";\n\t\tborder: 1px solid var(--blue-light);\n\t\tmargin-left:-5px;\n\t\twidth: 7px;\n\t\theight: 7px;\n\t\tdisplay: inline-block;\n\t\ttext-align: center;\n\t\tborder-radius: 100%;\n\t\tmargin-right: 10px;\n    \tmargin-bottom: 2px;\n\t}\n\n\t.acc-h3:hover::before{\n\t\tbackground-color: var(--blue-darkest);\n\t}\n\n\t.acc-h4:hover::before{\n\t\tborder-color: var(--blue-darkest);\n\t}\n\n\t@media (max-width: 992px){\n\t\t.acc-h2{\n\t\t\tmargin-left:0px;\n\t\t}\n\t\t.acc-h3{\n\t\t\tmargin-left:20px;\n\t\t}\n\t\t.acc-h4{\n\t\t\tmargin-left:40px;\n\t\t}\n\t}\n\n\t\/*\n\th2.h-inline:after,\n\th3.h-inline:after{\n\t\theight: 24px;\n\t\tcontent: \"\";\n\t\tdisplay: table-row;\n\t}*\/\n<\/style>\n\n<div id=\"table-accordion-index\">\n\t<div class=\"panel-group\" id=\"accordionIndex\">\n\t\t<div class=\"panel panel-default\">\n\t\t\t<div class=\"panel-heading\">\n\t\t\t\t<div class=\"panel-title open\"><div class=\"accordion-toggle\" data-toggle=\"collapse\" data-parent=\"#accordion\" aria-expanded=\"true\">\u00cdndice<\/div><\/div>\n\t\t\t<\/div>\n\t\t\t<div id=\"collapseIndex\" class=\"panel-collapse collapse in\" aria-expanded=\"true\">\n\t\t\t\t<div class=\"panel-body\">\n\t\t\t\t\t<ul id=\"accordion-index\">\n\t\t\t\t\t<\/ul>\n\t\t\t\t<\/div>\n\t\t\t<\/div>\n\t\t<\/div>\n\t<\/div>\n<\/div><\/span><br \/>\n<span style=\"font-weight: 400;\">A continuaci\u00f3n, te explicamos un poco m\u00e1s acerca de los <\/span><a href=\"https:\/\/www.factorenergia.com\/es\/blog\/movilidad-electrica\/puntos-recarga-coche-electrico\/\" title=\"puntos de recarga para coche el\u00e9ctrico\" target=\"_blank\" rel=\"noopener\"><b>puntos de recarga para coches el\u00e9ctricos<\/b><\/a><b> y sus ventajas<\/b><span style=\"font-weight: 400;\">.\u00a0<\/span><\/p>\n<h2><strong>Mitos sobre los coches el\u00e9ctricos<\/strong><\/h2>\n<h3><b>1. Los coches el\u00e9ctricos y los puntos de recarga son caros\u00a0<\/b><\/h3>\n<p><span style=\"font-weight: 400;\">Una de las falsas creencias es pensar que un coche el\u00e9ctrico es mucho m\u00e1s caro que los convencionales, as\u00ed como su carga. Pero nada m\u00e1s lejos de la realidad.<\/span><\/p>\n<p><span style=\"font-weight: 400;\">Actualmente, existen muchos <\/span><b>modelos en el mercado asequibles<\/b><span style=\"font-weight: 400;\"> y el precio de la instalaci\u00f3n de un punto de recarga variar\u00e1 dependiendo de la velocidad solicitada. De ese modo, el coste aproximado de una instalaci\u00f3n de punto de recarga en una vivienda unifamiliar con parking privado suele oscilar los 1.000-1.500\u20ac.<\/span><\/p>\n<p><span style=\"font-weight: 400;\">No debemos relacionar siempre al coche el\u00e9ctrico con la marca <\/span><a href=\"https:\/\/www.tesla.com\/es_es\" title=\"Tesla\" target=\"_blank\" rel=\"noopener\"><span style=\"font-weight: 400;\">Tesla<\/span><\/a><span style=\"font-weight: 400;\">, cuyos coches pueden costar desde los 46.990\u20ac. Por ejemplo, dentro de la gama Nissan Leaf el modelo m\u00e1s econ\u00f3mico se sit\u00faa en los 19.900\u20ac.<\/span><\/p>\n<h3><b>2. Los coches el\u00e9ctricos necesitan una estaci\u00f3n de carga para repostar\u00a0<\/b><\/h3>\n<p><span style=\"font-weight: 400;\">Ya no necesitamos acudir a una estaci\u00f3n de carga, como ocurre con los coches de gasolina o di\u00e9sel, ya que se puede disponer de un <\/span><b>punto de recarga <\/b><span style=\"font-weight: 400;\">ah\u00ed donde se necesite. Por ejemplo, Factorenergia realiza instalaciones de puntos de recarga en viviendas, para que cualquiera pueda recargar su coche desde su hogar.<\/span><\/p>\n\r\n<script type=\"text\/javascript\" async defer>\r\n\r\n    jQuery(document).ready(function(){\t\t\r\n\t\t\r\n\t});\r\n<\/script>\r\n\r\n<style>\r\n\t.block-interested_posts{\r\n        margin-top: 10px;\r\n        padding: 20px;\r\n        border: 2px solid #92C200;\r\n    }\r\n    .block-interested_posts ul{\r\n        margin-bottom:0px;\r\n    }\r\n    .block-interested_posts ul li{\r\n        margin-bottom:5px;\r\n    }\r\n    .block-interested_posts ul li a{\r\n        \/*color: #DF981E;*\/\r\n    }\r\n\r\n<\/style>\r\n\r\n<div class=\"block-interested_posts\">\r\n    <p><strong>Post que te pueden interesar<\/strong><\/p>\r\n    <ul>\r\n                    <li><a href=\"https:\/\/www.factorenergia.com\/es\/blog\/movilidad-electrica\/puntos-de-recarga-para-el-coche-electrico\/\" title=\"Puntos de recarga para el coche el\u00e9ctrico\">Puntos de recarga para el coche el\u00e9ctrico<\/a><\/li>\r\n                    <li><a href=\"https:\/\/www.factorenergia.com\/es\/blog\/movilidad-electrica\/proceso-recargar-coche-electrico-punto-carga\/\" title=\"Proceso para recargar el coche el\u00e9ctrico en el punto de carga\">Proceso para recargar el coche el\u00e9ctrico en el punto de carga<\/a><\/li>\r\n            <\/ul>\t\r\n<\/div>\n<p><span style=\"font-weight: 400;\">Adem\u00e1s, para acelerar la compra de este tipo de veh\u00edculos, el Gobierno ha obligado a las estaciones de servicio a <\/span><b>informar sobre los puntos de recarga<\/b><span style=\"font-weight: 400;\"> para coches el\u00e9ctricos, as\u00ed como sus tarifas con un <\/span><a href=\"https:\/\/www.miteco.gob.es\/es\/prensa\/ultimas-noticias\/el-gobierno-aprueba-la-regulaci%C3%B3n-de-los-servicios-de-recarga-para-veh%C3%ADculos-el%C3%A9ctricos\/tcm:30-537828\" title=\"real decreto sobre los coches el\u00e9ctricos\" target=\"_blank\" rel=\"noopener\"><span style=\"font-weight: 400;\">real decreto<\/span><\/a><span style=\"font-weight: 400;\">. Y se espera que en 2023 existan 100.000 estaciones p\u00fablicas.\u00a0<\/span><\/p>\n<h3><b>3. El mantenimiento de un veh\u00edculo el\u00e9ctrico es costoso\u00a0<\/b><\/h3>\n<p><span style=\"font-weight: 400;\">El veh\u00edculo el\u00e9ctrico contiene menos componentes mec\u00e1nicos que los convencionales, as\u00ed que la probabilidad de que sufra una aver\u00eda es menor. Adem\u00e1s, si generas <\/span><a href=\"https:\/\/www.factorenergia.com\/es\/hogares\/placas-solares\/\" title=\"autoconsumo el\u00e9ctrico\" target=\"_blank\" rel=\"noopener\"><span style=\"font-weight: 400;\">autoconsumo solar<\/span><\/a><span style=\"font-weight: 400;\">\u00a0en tu vivienda, puedes utilizar la misma energ\u00eda para cargar tu coche como para el d\u00eda a d\u00eda.\u00a0<\/span><\/p>\n<p><span style=\"font-weight: 400;\">Este tipo de coches realizan una frenada regenerativa, lo que evita que se desgasten menos las pastillas y discos. Tampoco requieren lubricantes ni l\u00edquido refrigerante, ya que tan solo necesita reemplazar el l\u00edquido de frenos y el del parabrisas.<\/span><\/p>\n<h3><b>4. Los coches el\u00e9ctricos tienen poca autonom\u00eda\u00a0<\/b><\/h3>\n<p><span style=\"font-weight: 400;\">Con los primeros modelos s\u00ed exist\u00eda una dependencia m\u00e1s fuerte de los puntos de recarga, sin embargo, hoy con los <\/span><b>cargadores el\u00e9ctricos<\/b><span style=\"font-weight: 400;\"> nunca te quedar\u00e1s sin bater\u00eda.\u00a0<\/span><\/p>\n<p><span style=\"font-weight: 400;\">Por ejemplo, con Tesla podr\u00edas ir de Sevilla a Burgos, ya que tiene una autonom\u00eda de 700 kil\u00f3metros. Con otras marcas como BMW o Renault ofrecen unos 300-400 kil\u00f3metros, as\u00ed que del mismo modo puedes hacer trayectos largos.\u00a0<\/span><\/p>\n<h3><b>5. Si vives en un edificio no puedes tener una\u00a0 instalaci\u00f3n de punto de recarga<\/b><\/h3>\n<p><span style=\"font-weight: 400;\">\u00a1Es falso! No solo las viviendas unifamiliares pueden disfrutar de cargar su veh\u00edculo c\u00f3modamente, tambi\u00e9n las comunidades de vecinos.\u00a0<\/span><\/p>\n<div class=\"text-center center blog-cta\"><p>&iexcl;Instala un punto de recarga para tu coche el&eacute;ctrico con factorenergia!<\/p><a class=\"blog-cta primary-btn text-center solicitar-estudio\" target=\"_blank\" title=\"SOLICITA TU ESTUDIO GRATUITO\" href=\"https:\/\/www.factorenergia.com\/es\/hogares\/puntos-recarga-electricos\/\">SOLICITA TU ESTUDIO GRATUITO<\/a><p><\/p><div style=\"display:none;\"><p>&iexcl;Instala un punto de recarga para tu coche el&eacute;ctrico con factorenergia!<\/p><\/div>\n\t\t\t<script type='text\/javascript'>\n\t\t\t\tjQuery('.solicitar-estudio').click(function(){\t\t\t\t\t\t\t\t\t\n\t\t\t\t\tdataLayer.push({'language': 'es'});\n\t\t\t\t\tdataLayer.push({'post_id': '13070'});\n\t\t\t\t\tdataLayer.push({'cat_type': 'ce'});\n\t\t\t\t});\n\t\t\t<\/script>\n\t\t<\/div><br\/>\n<p><span style=\"font-weight: 400;\">El \u00fanico requisito es que dispongas de una <\/span><b>plaza de parking<\/b><span style=\"font-weight: 400;\">, ya que existen puntos de recarga con c\u00f3digo de seguridad para que solo t\u00fa puedas utilizarlo.<\/span><\/p>\n<p><span style=\"font-weight: 400;\">Si est\u00e1s pensando en comprarte un coche el\u00e9ctrico y quieres saber cu\u00e1nto te costar\u00eda realizar la instalaci\u00f3n el\u00e9ctrica en tu casa, ponte en contacto con <\/span><b>Factorenergia <\/b><span style=\"font-weight: 400;\">y te haremos un estudio gratis. <\/span><\/p>\n","protected":false},"excerpt":{"rendered":"<p>Los coches el\u00e9ctricos son toda una innovaci\u00f3n dentro del sector del autom\u00f3vil, pero no son tan novedosos como parece, ya que el primero data de 1888. Hoy en d\u00eda, no es raro encontrarse con estos coches por las ciudades o carreteras gracias a la preocupaci\u00f3n por la salud del planeta. Pero siguen existiendo muchos mitos relacionados con los puntos de recarga de los coches el\u00e9ctricos.\u00a0<\/p>\n","protected":false},"author":17,"featured_media":0,"comment_status":"open","ping_status":"closed","sticky":false,"template":"","format":"standard","meta":{"inline_featured_image":false,"footnotes":""},"categories":[62],"tags":[],"acf":{"fecha_de_la_entrada":"20220428","imagen_portada":29732,"categoria_blog":null,"tipo_de_distribuidora":null,"tiempo_lectura":"","banner_bool":false,"titulo_banner":"","texto_banner":"","texto_boton_banner":"","url_boton_banner":"","post_relacionados":""},"yoast_head":"<!-- This site is optimized with the Yoast SEO plugin v22.2 - https:\/\/yoast.com\/wordpress\/plugins\/seo\/ -->\n<title>Puntos de recarga: ventajas y mitos | factorenergia<\/title>\n<meta name=\"description\" content=\"Los puntos de recarga tienen m\u00faltiples ventajas, pero tambi\u00e9n le rodean falsos mitos. Aqu\u00ed los resolvemos.\" \/>\n<meta name=\"robots\" content=\"index, follow, max-snippet:-1, max-image-preview:large, max-video-preview:-1\" \/>\n<link rel=\"canonical\" href=\"https:\/\/www.factorenergia.com\/es\/blog\/movilidad-electrica\/puntos-de-recarga-ventajas\/\" \/>\n<meta name=\"twitter:card\" content=\"summary_large_image\" \/>\n<meta name=\"twitter:title\" content=\"Puntos de recarga: ventajas y mitos | factorenergia\" \/>\n<meta name=\"twitter:description\" content=\"Los puntos de recarga tienen m\u00faltiples ventajas, pero tambi\u00e9n le rodean falsos mitos. Aqu\u00ed los resolvemos.\" \/>\n<meta name=\"twitter:creator\" content=\"@factorenergia\" \/>\n<meta name=\"twitter:site\" content=\"@factorenergia\" \/>\n<meta name=\"twitter:label1\" content=\"Escrito por\" \/>\n\t<meta name=\"twitter:data1\" content=\"Equipo Transici\u00f3n Energ\u00e9tica Factorenergia\" \/>\n\t<meta name=\"twitter:label2\" content=\"Tiempo de lectura\" \/>\n\t<meta name=\"twitter:data2\" content=\"3 minutos\" \/>\n<script type=\"application\/ld+json\" class=\"yoast-schema-graph\">{\"@context\":\"https:\/\/schema.org\",\"@graph\":[{\"@type\":\"WebPage\",\"@id\":\"https:\/\/www.factorenergia.com\/es\/blog\/movilidad-electrica\/puntos-de-recarga-ventajas\/\",\"url\":\"https:\/\/www.factorenergia.com\/es\/blog\/movilidad-electrica\/puntos-de-recarga-ventajas\/\",\"name\":\"Puntos de recarga: ventajas y mitos | factorenergia\",\"isPartOf\":{\"@id\":\"https:\/\/www.factorenergia.com\/es\/#website\"},\"datePublished\":\"2022-04-28T10:29:08+00:00\",\"dateModified\":\"2025-08-06T15:51:06+00:00\",\"author\":{\"@id\":\"https:\/\/www.factorenergia.com\/es\/#\/schema\/person\/dff9e4b6dc520720e3a37bdaaedc5841\"},\"description\":\"Los puntos de recarga tienen m\u00faltiples ventajas, pero tambi\u00e9n le rodean falsos mitos. Aqu\u00ed los resolvemos.\",\"breadcrumb\":{\"@id\":\"https:\/\/www.factorenergia.com\/es\/blog\/movilidad-electrica\/puntos-de-recarga-ventajas\/#breadcrumb\"},\"inLanguage\":\"es\",\"potentialAction\":[{\"@type\":\"ReadAction\",\"target\":[\"https:\/\/www.factorenergia.com\/es\/blog\/movilidad-electrica\/puntos-de-recarga-ventajas\/\"]}]},{\"@type\":\"BreadcrumbList\",\"@id\":\"https:\/\/www.factorenergia.com\/es\/blog\/movilidad-electrica\/puntos-de-recarga-ventajas\/#breadcrumb\",\"itemListElement\":[{\"@type\":\"ListItem\",\"position\":1,\"name\":\"Portada\",\"item\":\"https:\/\/www.factorenergia.com\/es\/\"},{\"@type\":\"ListItem\",\"position\":2,\"name\":\"Puntos de recarga de coche el\u00e9ctrico: ventajas y mitos asociados\"}]},{\"@type\":\"WebSite\",\"@id\":\"https:\/\/www.factorenergia.com\/es\/#website\",\"url\":\"https:\/\/www.factorenergia.com\/es\/\",\"name\":\"factorenergia\",\"description\":\"Factor Energ\u00eda\",\"potentialAction\":[{\"@type\":\"SearchAction\",\"target\":{\"@type\":\"EntryPoint\",\"urlTemplate\":\"https:\/\/www.factorenergia.com\/es\/?s={search_term_string}\"},\"query-input\":\"required name=search_term_string\"}],\"inLanguage\":\"es\"},{\"@type\":\"Person\",\"@id\":\"https:\/\/www.factorenergia.com\/es\/#\/schema\/person\/dff9e4b6dc520720e3a37bdaaedc5841\",\"name\":\"Equipo Transici\u00f3n Energ\u00e9tica Factorenergia\",\"image\":{\"@type\":\"ImageObject\",\"inLanguage\":\"es\",\"@id\":\"https:\/\/www.factorenergia.com\/es\/#\/schema\/person\/image\/\",\"url\":\"https:\/\/secure.gravatar.com\/avatar\/1b7c76bab80ee1c4261b06108874e24b?s=96&d=mm&r=g\",\"contentUrl\":\"https:\/\/secure.gravatar.com\/avatar\/1b7c76bab80ee1c4261b06108874e24b?s=96&d=mm&r=g\",\"caption\":\"Equipo Transici\u00f3n Energ\u00e9tica Factorenergia\"},\"description\":\"El equipo est\u00e1 formado por expertos en materia de Luz, Gas y Eficiencia Energ\u00e9tica, que conocen de primera mano las tendencias del mercado. Su experiencia en el sector les permite ofrecer las mejores soluciones energ\u00e9ticas y resolver las dudas planteadas por los clientes.\",\"sameAs\":[\"https:\/\/www.factorenergia.com\/es\/\",\"https:\/\/www.facebook.com\/factorenergiacom\",\"https:\/\/www.instagram.com\/factorenergia_com\/\",\"https:\/\/es.linkedin.com\/company\/factor-energia\",\"https:\/\/twitter.com\/factorenergia\",\"https:\/\/www.youtube.com\/c\/factorenergiacom\"],\"url\":\"https:\/\/www.factorenergia.com\/es\/blog\/author\/marketing\/\"}]}<\/script>\n<!-- \/ Yoast SEO plugin. -->","yoast_head_json":{"title":"Puntos de recarga: ventajas y mitos | factorenergia","description":"Los puntos de recarga tienen m\u00faltiples ventajas, pero tambi\u00e9n le rodean falsos mitos. Aqu\u00ed los resolvemos.","robots":{"index":"index","follow":"follow","max-snippet":"max-snippet:-1","max-image-preview":"max-image-preview:large","max-video-preview":"max-video-preview:-1"},"canonical":"https:\/\/www.factorenergia.com\/es\/blog\/movilidad-electrica\/puntos-de-recarga-ventajas\/","twitter_card":"summary_large_image","twitter_title":"Puntos de recarga: ventajas y mitos | factorenergia","twitter_description":"Los puntos de recarga tienen m\u00faltiples ventajas, pero tambi\u00e9n le rodean falsos mitos. Aqu\u00ed los resolvemos.","twitter_creator":"@factorenergia","twitter_site":"@factorenergia","twitter_misc":{"Escrito por":"Equipo Transici\u00f3n Energ\u00e9tica Factorenergia","Tiempo de lectura":"3 minutos"},"schema":{"@context":"https:\/\/schema.org","@graph":[{"@type":"WebPage","@id":"https:\/\/www.factorenergia.com\/es\/blog\/movilidad-electrica\/puntos-de-recarga-ventajas\/","url":"https:\/\/www.factorenergia.com\/es\/blog\/movilidad-electrica\/puntos-de-recarga-ventajas\/","name":"Puntos de recarga: ventajas y mitos | factorenergia","isPartOf":{"@id":"https:\/\/www.factorenergia.com\/es\/#website"},"datePublished":"2022-04-28T10:29:08+00:00","dateModified":"2025-08-06T15:51:06+00:00","author":{"@id":"https:\/\/www.factorenergia.com\/es\/#\/schema\/person\/dff9e4b6dc520720e3a37bdaaedc5841"},"description":"Los puntos de recarga tienen m\u00faltiples ventajas, pero tambi\u00e9n le rodean falsos mitos. Aqu\u00ed los resolvemos.","breadcrumb":{"@id":"https:\/\/www.factorenergia.com\/es\/blog\/movilidad-electrica\/puntos-de-recarga-ventajas\/#breadcrumb"},"inLanguage":"es","potentialAction":[{"@type":"ReadAction","target":["https:\/\/www.factorenergia.com\/es\/blog\/movilidad-electrica\/puntos-de-recarga-ventajas\/"]}]},{"@type":"BreadcrumbList","@id":"https:\/\/www.factorenergia.com\/es\/blog\/movilidad-electrica\/puntos-de-recarga-ventajas\/#breadcrumb","itemListElement":[{"@type":"ListItem","position":1,"name":"Portada","item":"https:\/\/www.factorenergia.com\/es\/"},{"@type":"ListItem","position":2,"name":"Puntos de recarga de coche el\u00e9ctrico: ventajas y mitos asociados"}]},{"@type":"WebSite","@id":"https:\/\/www.factorenergia.com\/es\/#website","url":"https:\/\/www.factorenergia.com\/es\/","name":"factorenergia","description":"Factor Energ\u00eda","potentialAction":[{"@type":"SearchAction","target":{"@type":"EntryPoint","urlTemplate":"https:\/\/www.factorenergia.com\/es\/?s={search_term_string}"},"query-input":"required name=search_term_string"}],"inLanguage":"es"},{"@type":"Person","@id":"https:\/\/www.factorenergia.com\/es\/#\/schema\/person\/dff9e4b6dc520720e3a37bdaaedc5841","name":"Equipo Transici\u00f3n Energ\u00e9tica Factorenergia","image":{"@type":"ImageObject","inLanguage":"es","@id":"https:\/\/www.factorenergia.com\/es\/#\/schema\/person\/image\/","url":"https:\/\/secure.gravatar.com\/avatar\/1b7c76bab80ee1c4261b06108874e24b?s=96&d=mm&r=g","contentUrl":"https:\/\/secure.gravatar.com\/avatar\/1b7c76bab80ee1c4261b06108874e24b?s=96&d=mm&r=g","caption":"Equipo Transici\u00f3n Energ\u00e9tica Factorenergia"},"description":"El equipo est\u00e1 formado por expertos en materia de Luz, Gas y Eficiencia Energ\u00e9tica, que conocen de primera mano las tendencias del mercado. Su experiencia en el sector les permite ofrecer las mejores soluciones energ\u00e9ticas y resolver las dudas planteadas por los clientes.","sameAs":["https:\/\/www.factorenergia.com\/es\/","https:\/\/www.facebook.com\/factorenergiacom","https:\/\/www.instagram.com\/factorenergia_com\/","https:\/\/es.linkedin.com\/company\/factor-energia","https:\/\/twitter.com\/factorenergia","https:\/\/www.youtube.com\/c\/factorenergiacom"],"url":"https:\/\/www.factorenergia.com\/es\/blog\/author\/marketing\/"}]}},"_links":{"self":[{"href":"https:\/\/www.factorenergia.com\/es\/wp-json\/wp\/v2\/posts\/13070"}],"collection":[{"href":"https:\/\/www.factorenergia.com\/es\/wp-json\/wp\/v2\/posts"}],"about":[{"href":"https:\/\/www.factorenergia.com\/es\/wp-json\/wp\/v2\/types\/post"}],"author":[{"embeddable":true,"href":"https:\/\/www.factorenergia.com\/es\/wp-json\/wp\/v2\/users\/17"}],"replies":[{"embeddable":true,"href":"https:\/\/www.factorenergia.com\/es\/wp-json\/wp\/v2\/comments?post=13070"}],"version-history":[{"count":4,"href":"https:\/\/www.factorenergia.com\/es\/wp-json\/wp\/v2\/posts\/13070\/revisions"}],"predecessor-version":[{"id":29949,"href":"https:\/\/www.factorenergia.com\/es\/wp-json\/wp\/v2\/posts\/13070\/revisions\/29949"}],"wp:attachment":[{"href":"https:\/\/www.factorenergia.com\/es\/wp-json\/wp\/v2\/media?parent=13070"}],"wp:term":[{"taxonomy":"category","embeddable":true,"href":"https:\/\/www.factorenergia.com\/es\/wp-json\/wp\/v2\/categories?post=13070"},{"taxonomy":"post_tag","embeddable":true,"href":"https:\/\/www.factorenergia.com\/es\/wp-json\/wp\/v2\/tags?post=13070"}],"curies":[{"name":"wp","href":"https:\/\/api.w.org\/{rel}","templated":true}]}}