{"id":12908,"date":"2025-01-28T09:00:49","date_gmt":"2025-01-28T07:00:49","guid":{"rendered":"https:\/\/www.factorenergia.com\/es\/?post_type=blog&#038;p=12908"},"modified":"2025-07-04T12:52:17","modified_gmt":"2025-07-04T10:52:17","slug":"transicion-energetica","status":"publish","type":"post","link":"https:\/\/www.factorenergia.com\/es\/blog\/eficiencia-energetica\/transicion-energetica\/","title":{"rendered":"Transici\u00f3n energ\u00e9tica: retos, beneficios y objetivos"},"content":{"rendered":"<p data-pm-slice=\"1 1 []\">La <strong>transici\u00f3n energ\u00e9tica<\/strong> es un <strong>proceso de transformaci\u00f3n<\/strong> que busca cambiar el modelo actual de <strong>producci\u00f3n<\/strong> y <strong>consumo<\/strong> de <strong>energ\u00eda<\/strong> hacia uno m\u00e1s sostenible y respetuoso con el medio ambiente. Este cambio es fundamental para reducir la <strong>huella de carbono<\/strong> y combatir el cambio clim\u00e1tico, promoviendo el uso de <strong>fuentes<\/strong> de <strong>energ\u00eda<\/strong> renovable y la <strong>reducci\u00f3n<\/strong> de las <strong>emisiones de gases<\/strong> de <strong>efecto invernadero<\/strong>.<\/p>\n<h2>Definici\u00f3n y objetivos<\/h2>\n<h3>Qu\u00e9 es la transici\u00f3n energ\u00e9tica<\/h3>\n<p>La <strong>transici\u00f3n energ\u00e9tica<\/strong> se refiere al <strong>conjunto de cambios<\/strong> en la forma en que se genera, distribuye y consume la <strong>energ\u00eda<\/strong>. Este <strong>proceso de transici\u00f3n<\/strong> implica pasar de un sistema energ\u00e9tico basado en <strong>combustibles<\/strong> f\u00f3siles a uno sustentado en <strong>fuentes de energ\u00eda<\/strong> renovables, como la <strong>energ\u00eda<\/strong> solar, e\u00f3lica, hidroel\u00e9ctrica y biomasa. La <strong>transici\u00f3n<\/strong> no solo abarca aspectos tecnol\u00f3gicos, sino tambi\u00e9n <strong>pol\u00edticos<\/strong>, econ\u00f3micos y sociales.<\/p>\n<h3>Objetivos de la transici\u00f3n energ\u00e9tica<\/h3>\n<p>El principal <strong>objetivo<\/strong> de la <strong>transici\u00f3n energ\u00e9tica<\/strong> es lograr la <strong>descarbonizaci\u00f3n<\/strong> de la <strong>econom\u00eda<\/strong> y alcanzar la <strong>neutralidad de carbono<\/strong>. Esto significa reducir al m\u00e1ximo las <strong>emisiones de carbono<\/strong> para limitar el aumento de la <strong>temperatura<\/strong> global, tal como se establece en el <strong>Acuerdo de Par\u00eds<\/strong>. Otros objetivos incluyen mejorar la <strong>eficiencia<\/strong> energ\u00e9tica, fomentar la <strong>innovaci\u00f3n<\/strong> y asegurar una <strong>gesti\u00f3n<\/strong> sostenible de los recursos energ\u00e9ticos.<\/p>\n<h2>Fuentes de energ\u00eda renovable<\/h2>\n<p>La adopci\u00f3n de <strong>fuentes de energ\u00eda<\/strong> renovables es esencial en la <strong>transici\u00f3n energ\u00e9tica<\/strong>. Estas <strong>fuentes<\/strong> son inagotables y tienen un menor impacto ambiental.<\/p>\n<h3>Energ\u00eda solar<\/h3>\n<p>La <strong>energ\u00eda<\/strong> solar aprovecha la radiaci\u00f3n del sol para generar electricidad mediante paneles fotovoltaicos o calor a trav\u00e9s de colectores solares. Es una de las <strong>fuentes<\/strong> m\u00e1s limpias y abundantes, y su <strong>integraci\u00f3n<\/strong> en la <strong>producci\u00f3n de energ\u00eda<\/strong> contribuye significativamente a la <strong>reducci\u00f3n<\/strong> de emisiones.<\/p>\n<h3>Energ\u00eda e\u00f3lica<\/h3>\n<p>La <strong>energ\u00eda<\/strong> e\u00f3lica utiliza la fuerza del viento para mover aerogeneradores que producen electricidad. Esta <strong>fuente<\/strong> es clave en la <strong>generaci\u00f3n de energ\u00eda<\/strong> limpia y renovable, y su <strong>desarrollo<\/strong> ha experimentado un crecimiento notable en las \u00faltimas d\u00e9cadas.<\/p>\n<h3>Energ\u00eda hidroel\u00e9ctrica<\/h3>\n<p>La <strong>energ\u00eda<\/strong> hidroel\u00e9ctrica se obtiene del aprovechamiento del agua en movimiento, como r\u00edos y corrientes. Es una <strong>fuente<\/strong> renovable que contribuye a la <strong>producci\u00f3n<\/strong> el\u00e9ctrica sin generar <strong>emisiones de gases<\/strong> de <strong>efecto invernadero<\/strong>.<\/p>\n<h3>Biomasa<\/h3>\n<p>La <strong>biomasa<\/strong> es una <strong>fuente de energ\u00eda<\/strong> que utiliza materia org\u00e1nica, como residuos forestales y agr\u00edcolas, para generar calor y electricidad. Su uso favorece la <strong>eliminaci\u00f3n<\/strong> de residuos y aporta a la <strong>reducci\u00f3n<\/strong> de la <strong>huella de carbono<\/strong>.<\/p>\n<h2>Pol\u00edticas y regulaciones<\/h2>\n<p>Las <strong>pol\u00edticas<\/strong> y regulaciones son fundamentales para impulsar la <strong>transici\u00f3n energ\u00e9tica<\/strong> y cumplir con los compromisos internacionales.<\/p>\n<h3>Incentivos para energ\u00edas renovables<\/h3>\n<p>Los gobiernos implementan incentivos fiscales y financieros para promover la inversi\u00f3n en <strong>fuentes de energ\u00eda<\/strong> renovable. Estas <strong>acciones<\/strong> facilitan el acceso a tecnolog\u00edas limpias y fomentan la <strong>innovaci\u00f3n<\/strong> en el sector energ\u00e9tico.<\/p>\n<h3>Normativas para reducir emisiones<\/h3>\n<p>La <strong>reducci\u00f3n de emisiones<\/strong> es un objetivo clave. Leyes como la <strong>Ley de Cambio<\/strong> Clim\u00e1tico en Espa\u00f1a establecen marcos legales para disminuir las <strong>emisiones de gases<\/strong> de <strong>efecto invernadero<\/strong> y promover la <strong>eficiencia<\/strong> energ\u00e9tica.<\/p>\n<h3>Acuerdos internacionales<\/h3>\n<p>El <strong>Acuerdo de Par\u00eds<\/strong> es un ejemplo de <strong>cooperaci\u00f3n<\/strong> global para combatir el cambio clim\u00e1tico. Los <strong>pa\u00edses<\/strong> signatarios se comprometen a limitar el aumento de la <strong>temperatura<\/strong> global y a realizar esfuerzos para alcanzar la <strong>neutralidad<\/strong> en emisiones de carbono a largo plazo.<\/p>\n<h2>Tecnolog\u00edas innovadoras<\/h2>\n<p>La <strong>transici\u00f3n energ\u00e9tica<\/strong> se apoya en el desarrollo de nuevas tecnolog\u00edas que permiten una <strong>gesti\u00f3n<\/strong> m\u00e1s eficiente y sostenible de la <strong>energ\u00eda<\/strong>.<\/p>\n<h3>Almacenamiento de energ\u00eda<\/h3>\n<p>El <strong>almacenamiento<\/strong> de <strong>energ\u00eda<\/strong> es esencial para gestionar la intermitencia de las <strong>fuentes<\/strong> renovables. Bater\u00edas avanzadas y sistemas de <strong>reserva<\/strong> energ\u00e9tica garantizan un suministro constante y estable.<\/p>\n<h3>Redes inteligentes<\/h3>\n<p>Las <strong>redes inteligentes<\/strong> o smart grids optimizan la distribuci\u00f3n y el <strong>consumo de energ\u00eda<\/strong> mediante la <strong>digitalizaci\u00f3n<\/strong> y el uso de datos en tiempo real. Esto mejora la <strong>eficiencia<\/strong> y facilita la <strong>integraci\u00f3n<\/strong> de energ\u00edas renovables en la red el\u00e9ctrica.<\/p>\n<h3>Movilidad sostenible<\/h3>\n<p>La <strong>movilidad sostenible<\/strong> incluye veh\u00edculos el\u00e9ctricos y sistemas de transporte ecol\u00f3gicos. La <strong>electrificaci\u00f3n<\/strong> del transporte reduce el <strong>consumo<\/strong> de combustibles f\u00f3siles y las <strong>emisiones de gases<\/strong> de <strong>efecto invernadero<\/strong>, contribuyendo a la <strong>calidad del aire<\/strong> y al cuidado del medio ambiente.<\/p>\n<h2>Impacto econ\u00f3mico y social<\/h2>\n<p>La <strong>transici\u00f3n energ\u00e9tica<\/strong> tiene implicaciones importantes en la <strong>econom\u00eda<\/strong> y en la <strong>sociedad<\/strong>, generando oportunidades y desaf\u00edos.<\/p>\n<h3>Creaci\u00f3n de empleo<\/h3>\n<p>El sector de las energ\u00edas renovables y la <strong>innovaci\u00f3n<\/strong> tecnol\u00f3gica genera nuevos puestos de trabajo. La <strong>producci\u00f3n<\/strong>, instalaci\u00f3n y mantenimiento de sistemas energ\u00e9ticos sostenibles impulsan el empleo y el desarrollo econ\u00f3mico.<\/p>\n<h3>Reducci\u00f3n de la pobreza energ\u00e9tica<\/h3>\n<p>La <strong>transici\u00f3n<\/strong> promueve el acceso a la <strong>energ\u00eda<\/strong> limpia y asequible, reduciendo la pobreza energ\u00e9tica y mejorando la calidad de vida en comunidades vulnerables.<\/p>\n<h3>Impulso a la econom\u00eda verde<\/h3>\n<p>La <strong>transici\u00f3n energ\u00e9tica<\/strong> favorece el crecimiento de la <strong>econom\u00eda verde<\/strong>, incentivando a las <strong>empresas<\/strong> a adoptar pr\u00e1cticas sostenibles y reducir su <strong>huella de carbono<\/strong>.<\/p>\n<h2>Desaf\u00edos y oportunidades<\/h2>\n<p>La <strong>transici\u00f3n energ\u00e9tica<\/strong> enfrenta varios <strong>retos<\/strong> que requieren atenci\u00f3n para asegurar su \u00e9xito.<\/p>\n<h3>Resistencia de los combustibles f\u00f3siles<\/h3>\n<p>El <strong>uso de combustibles<\/strong> f\u00f3siles sigue siendo predominante en muchos <strong>pa\u00edses<\/strong>, y existe resistencia al cambio debido a intereses econ\u00f3micos y pol\u00edticos. Superar esta resistencia es crucial para avanzar en la <strong>transici\u00f3n<\/strong>.<\/p>\n<h3>Adaptaci\u00f3n de infraestructuras<\/h3>\n<p>La adaptaci\u00f3n y modernizaci\u00f3n de las infraestructuras energ\u00e9ticas son necesarias para integrar las <strong>fuentes<\/strong> renovables. Esto implica inversiones significativas y planificaci\u00f3n a <strong>largo plazo<\/strong>.<\/p>\n<h3>Nuevos modelos de negocio<\/h3>\n<p>La <strong>transici\u00f3n<\/strong> abre la puerta a <strong>nuevos modelos de negocio<\/strong> en el sector energ\u00e9tico. Las <strong>empresas<\/strong> deben innovar y adaptarse para aprovechar las oportunidades en la <strong>producci\u00f3n<\/strong>, distribuci\u00f3n y <strong>almacenamiento<\/strong> de <strong>energ\u00eda<\/strong> renovable.<\/p>\n","protected":false},"excerpt":{"rendered":"<p>Seg\u00fan datos de la Nasa, en los \u00faltimos 650.000 a\u00f1os el clima de la Tierra ha variado y la temperatura promedio de la superficie del planeta ha aumentado 1,18 \u00baC desde finales del siglo XIX.<\/p>\n","protected":false},"author":17,"featured_media":0,"comment_status":"open","ping_status":"closed","sticky":false,"template":"","format":"standard","meta":{"inline_featured_image":false,"footnotes":""},"categories":[51],"tags":[],"acf":{"fecha_de_la_entrada":"20220408","imagen_portada":28484,"categoria_blog":null,"tipo_de_distribuidora":null,"tiempo_lectura":"","banner_bool":false,"titulo_banner":"","texto_banner":"","texto_boton_banner":"","url_boton_banner":"","post_relacionados":[8705]},"yoast_head":"<!-- This site is optimized with the Yoast SEO plugin v22.2 - https:\/\/yoast.com\/wordpress\/plugins\/seo\/ -->\n<title>Transici\u00f3n energ\u00e9tica: retos y beneficios<\/title>\n<meta name=\"description\" content=\"La transici\u00f3n energ\u00e9tica es clave para luchar contra el cambio clim\u00e1tico. Te contamos todo lo que tienes que saber.\" \/>\n<meta name=\"robots\" content=\"index, follow, max-snippet:-1, max-image-preview:large, max-video-preview:-1\" \/>\n<link rel=\"canonical\" href=\"https:\/\/www.factorenergia.com\/es\/blog\/eficiencia-energetica\/transicion-energetica\/\" \/>\n<meta name=\"twitter:card\" content=\"summary_large_image\" \/>\n<meta name=\"twitter:title\" content=\"Transici\u00f3n energ\u00e9tica: retos y beneficios\" \/>\n<meta name=\"twitter:description\" content=\"La transici\u00f3n energ\u00e9tica es clave para luchar contra el cambio clim\u00e1tico. Te contamos todo lo que tienes que saber.\" \/>\n<meta name=\"twitter:creator\" content=\"@factorenergia\" \/>\n<meta name=\"twitter:site\" content=\"@factorenergia\" \/>\n<meta name=\"twitter:label1\" content=\"Escrito por\" \/>\n\t<meta name=\"twitter:data1\" content=\"Equipo Transici\u00f3n Energ\u00e9tica Factorenergia\" \/>\n\t<meta name=\"twitter:label2\" content=\"Tiempo de lectura\" \/>\n\t<meta name=\"twitter:data2\" content=\"5 minutos\" \/>\n<script type=\"application\/ld+json\" class=\"yoast-schema-graph\">{\"@context\":\"https:\/\/schema.org\",\"@graph\":[{\"@type\":\"WebPage\",\"@id\":\"https:\/\/www.factorenergia.com\/es\/blog\/eficiencia-energetica\/transicion-energetica\/\",\"url\":\"https:\/\/www.factorenergia.com\/es\/blog\/eficiencia-energetica\/transicion-energetica\/\",\"name\":\"Transici\u00f3n energ\u00e9tica: retos y beneficios\",\"isPartOf\":{\"@id\":\"https:\/\/www.factorenergia.com\/es\/#website\"},\"datePublished\":\"2025-01-28T07:00:49+00:00\",\"dateModified\":\"2025-07-04T10:52:17+00:00\",\"author\":{\"@id\":\"https:\/\/www.factorenergia.com\/es\/#\/schema\/person\/dff9e4b6dc520720e3a37bdaaedc5841\"},\"description\":\"La transici\u00f3n energ\u00e9tica es clave para luchar contra el cambio clim\u00e1tico. Te contamos todo lo que tienes que saber.\",\"breadcrumb\":{\"@id\":\"https:\/\/www.factorenergia.com\/es\/blog\/eficiencia-energetica\/transicion-energetica\/#breadcrumb\"},\"inLanguage\":\"es\",\"potentialAction\":[{\"@type\":\"ReadAction\",\"target\":[\"https:\/\/www.factorenergia.com\/es\/blog\/eficiencia-energetica\/transicion-energetica\/\"]}]},{\"@type\":\"BreadcrumbList\",\"@id\":\"https:\/\/www.factorenergia.com\/es\/blog\/eficiencia-energetica\/transicion-energetica\/#breadcrumb\",\"itemListElement\":[{\"@type\":\"ListItem\",\"position\":1,\"name\":\"Portada\",\"item\":\"https:\/\/www.factorenergia.com\/es\/\"},{\"@type\":\"ListItem\",\"position\":2,\"name\":\"Transici\u00f3n energ\u00e9tica: retos, beneficios y objetivos\"}]},{\"@type\":\"WebSite\",\"@id\":\"https:\/\/www.factorenergia.com\/es\/#website\",\"url\":\"https:\/\/www.factorenergia.com\/es\/\",\"name\":\"factorenergia\",\"description\":\"Factor Energ\u00eda\",\"potentialAction\":[{\"@type\":\"SearchAction\",\"target\":{\"@type\":\"EntryPoint\",\"urlTemplate\":\"https:\/\/www.factorenergia.com\/es\/?s={search_term_string}\"},\"query-input\":\"required name=search_term_string\"}],\"inLanguage\":\"es\"},{\"@type\":\"Person\",\"@id\":\"https:\/\/www.factorenergia.com\/es\/#\/schema\/person\/dff9e4b6dc520720e3a37bdaaedc5841\",\"name\":\"Equipo Transici\u00f3n Energ\u00e9tica Factorenergia\",\"image\":{\"@type\":\"ImageObject\",\"inLanguage\":\"es\",\"@id\":\"https:\/\/www.factorenergia.com\/es\/#\/schema\/person\/image\/\",\"url\":\"https:\/\/secure.gravatar.com\/avatar\/1b7c76bab80ee1c4261b06108874e24b?s=96&d=mm&r=g\",\"contentUrl\":\"https:\/\/secure.gravatar.com\/avatar\/1b7c76bab80ee1c4261b06108874e24b?s=96&d=mm&r=g\",\"caption\":\"Equipo Transici\u00f3n Energ\u00e9tica Factorenergia\"},\"description\":\"El equipo est\u00e1 formado por expertos en materia de Luz, Gas y Eficiencia Energ\u00e9tica, que conocen de primera mano las tendencias del mercado. Su experiencia en el sector les permite ofrecer las mejores soluciones energ\u00e9ticas y resolver las dudas planteadas por los clientes.\",\"sameAs\":[\"https:\/\/www.factorenergia.com\/es\/\",\"https:\/\/www.facebook.com\/factorenergiacom\",\"https:\/\/www.instagram.com\/factorenergia_com\/\",\"https:\/\/es.linkedin.com\/company\/factor-energia\",\"https:\/\/twitter.com\/factorenergia\",\"https:\/\/www.youtube.com\/c\/factorenergiacom\"],\"url\":\"https:\/\/www.factorenergia.com\/es\/blog\/author\/marketing\/\"}]}<\/script>\n<!-- \/ Yoast SEO plugin. -->","yoast_head_json":{"title":"Transici\u00f3n energ\u00e9tica: retos y beneficios","description":"La transici\u00f3n energ\u00e9tica es clave para luchar contra el cambio clim\u00e1tico. Te contamos todo lo que tienes que saber.","robots":{"index":"index","follow":"follow","max-snippet":"max-snippet:-1","max-image-preview":"max-image-preview:large","max-video-preview":"max-video-preview:-1"},"canonical":"https:\/\/www.factorenergia.com\/es\/blog\/eficiencia-energetica\/transicion-energetica\/","twitter_card":"summary_large_image","twitter_title":"Transici\u00f3n energ\u00e9tica: retos y beneficios","twitter_description":"La transici\u00f3n energ\u00e9tica es clave para luchar contra el cambio clim\u00e1tico. Te contamos todo lo que tienes que saber.","twitter_creator":"@factorenergia","twitter_site":"@factorenergia","twitter_misc":{"Escrito por":"Equipo Transici\u00f3n Energ\u00e9tica Factorenergia","Tiempo de lectura":"5 minutos"},"schema":{"@context":"https:\/\/schema.org","@graph":[{"@type":"WebPage","@id":"https:\/\/www.factorenergia.com\/es\/blog\/eficiencia-energetica\/transicion-energetica\/","url":"https:\/\/www.factorenergia.com\/es\/blog\/eficiencia-energetica\/transicion-energetica\/","name":"Transici\u00f3n energ\u00e9tica: retos y beneficios","isPartOf":{"@id":"https:\/\/www.factorenergia.com\/es\/#website"},"datePublished":"2025-01-28T07:00:49+00:00","dateModified":"2025-07-04T10:52:17+00:00","author":{"@id":"https:\/\/www.factorenergia.com\/es\/#\/schema\/person\/dff9e4b6dc520720e3a37bdaaedc5841"},"description":"La transici\u00f3n energ\u00e9tica es clave para luchar contra el cambio clim\u00e1tico. Te contamos todo lo que tienes que saber.","breadcrumb":{"@id":"https:\/\/www.factorenergia.com\/es\/blog\/eficiencia-energetica\/transicion-energetica\/#breadcrumb"},"inLanguage":"es","potentialAction":[{"@type":"ReadAction","target":["https:\/\/www.factorenergia.com\/es\/blog\/eficiencia-energetica\/transicion-energetica\/"]}]},{"@type":"BreadcrumbList","@id":"https:\/\/www.factorenergia.com\/es\/blog\/eficiencia-energetica\/transicion-energetica\/#breadcrumb","itemListElement":[{"@type":"ListItem","position":1,"name":"Portada","item":"https:\/\/www.factorenergia.com\/es\/"},{"@type":"ListItem","position":2,"name":"Transici\u00f3n energ\u00e9tica: retos, beneficios y objetivos"}]},{"@type":"WebSite","@id":"https:\/\/www.factorenergia.com\/es\/#website","url":"https:\/\/www.factorenergia.com\/es\/","name":"factorenergia","description":"Factor Energ\u00eda","potentialAction":[{"@type":"SearchAction","target":{"@type":"EntryPoint","urlTemplate":"https:\/\/www.factorenergia.com\/es\/?s={search_term_string}"},"query-input":"required name=search_term_string"}],"inLanguage":"es"},{"@type":"Person","@id":"https:\/\/www.factorenergia.com\/es\/#\/schema\/person\/dff9e4b6dc520720e3a37bdaaedc5841","name":"Equipo Transici\u00f3n Energ\u00e9tica Factorenergia","image":{"@type":"ImageObject","inLanguage":"es","@id":"https:\/\/www.factorenergia.com\/es\/#\/schema\/person\/image\/","url":"https:\/\/secure.gravatar.com\/avatar\/1b7c76bab80ee1c4261b06108874e24b?s=96&d=mm&r=g","contentUrl":"https:\/\/secure.gravatar.com\/avatar\/1b7c76bab80ee1c4261b06108874e24b?s=96&d=mm&r=g","caption":"Equipo Transici\u00f3n Energ\u00e9tica Factorenergia"},"description":"El equipo est\u00e1 formado por expertos en materia de Luz, Gas y Eficiencia Energ\u00e9tica, que conocen de primera mano las tendencias del mercado. Su experiencia en el sector les permite ofrecer las mejores soluciones energ\u00e9ticas y resolver las dudas planteadas por los clientes.","sameAs":["https:\/\/www.factorenergia.com\/es\/","https:\/\/www.facebook.com\/factorenergiacom","https:\/\/www.instagram.com\/factorenergia_com\/","https:\/\/es.linkedin.com\/company\/factor-energia","https:\/\/twitter.com\/factorenergia","https:\/\/www.youtube.com\/c\/factorenergiacom"],"url":"https:\/\/www.factorenergia.com\/es\/blog\/author\/marketing\/"}]}},"_links":{"self":[{"href":"https:\/\/www.factorenergia.com\/es\/wp-json\/wp\/v2\/posts\/12908"}],"collection":[{"href":"https:\/\/www.factorenergia.com\/es\/wp-json\/wp\/v2\/posts"}],"about":[{"href":"https:\/\/www.factorenergia.com\/es\/wp-json\/wp\/v2\/types\/post"}],"author":[{"embeddable":true,"href":"https:\/\/www.factorenergia.com\/es\/wp-json\/wp\/v2\/users\/17"}],"replies":[{"embeddable":true,"href":"https:\/\/www.factorenergia.com\/es\/wp-json\/wp\/v2\/comments?post=12908"}],"version-history":[{"count":7,"href":"https:\/\/www.factorenergia.com\/es\/wp-json\/wp\/v2\/posts\/12908\/revisions"}],"predecessor-version":[{"id":28486,"href":"https:\/\/www.factorenergia.com\/es\/wp-json\/wp\/v2\/posts\/12908\/revisions\/28486"}],"acf:post":[{"embeddable":true,"href":"https:\/\/www.factorenergia.com\/es\/wp-json\/wp\/v2\/posts\/8705"}],"wp:attachment":[{"href":"https:\/\/www.factorenergia.com\/es\/wp-json\/wp\/v2\/media?parent=12908"}],"wp:term":[{"taxonomy":"category","embeddable":true,"href":"https:\/\/www.factorenergia.com\/es\/wp-json\/wp\/v2\/categories?post=12908"},{"taxonomy":"post_tag","embeddable":true,"href":"https:\/\/www.factorenergia.com\/es\/wp-json\/wp\/v2\/tags?post=12908"}],"curies":[{"name":"wp","href":"https:\/\/api.w.org\/{rel}","templated":true}]}}