{"id":12735,"date":"2022-01-25T11:50:50","date_gmt":"2022-01-25T09:50:50","guid":{"rendered":"https:\/\/www.factorenergia.com\/es\/?post_type=blog&#038;p=12735"},"modified":"2025-08-06T17:48:37","modified_gmt":"2025-08-06T15:48:37","slug":"origen-electricidad-que-consumes","status":"publish","type":"post","link":"https:\/\/www.factorenergia.com\/es\/blog\/factura-luz\/origen-electricidad-que-consumes\/","title":{"rendered":"\u00bfSabes cu\u00e1l es el origen de la electricidad que consumes?"},"content":{"rendered":"<p><span>\n<script type=\"text\/javascript\" id=\"auto-index\" async defer>\n\n      function indexContent(context){\n\n      var container = document.querySelector(context);\n\n      element = document.getElementById(\"accordion-index\");\n      var titles = Array.from(container.querySelectorAll(\"h2,h3,h4\"));\n\n      for (var i = 0, l = titles.length; i < l; i++) {\n\n\t\tjQuery('#accordionIndex').show();\n\n        var tit = titles[i];\n\t\tvar newTitle = tit.textContent.toLowerCase().replace(\/[^a-zA-Z ]\/g, \"\").replace(\/\\s\/g, '-');\n\t\tvar numTag = Number(tit.tagName.replace(\/[^1-9]\/g, \"\"));\n\t\tvar tagWidth = (numTag*20);\n\n\t\tvar preText = '<span style=\"margin-left:' + tagWidth + 'px\"><\/span>';\n\n        tit.setAttribute(\"id\", newTitle);\n\t\tjQuery(tit).addClass('h-inline');\n\t\t\n\t\tvar toIndex = '<p class=\"h-inline\"><a class=\"blog-toindex\" href=\"#accordionIndex\"><span class=\"glyphicon glyphicon-chevron-up\" aria-hidden=\"true\"><\/span><\/a><\/p>';\n\n\t\tjQuery(toIndex).insertAfter(tit);\n\n        var node = document.createElement(\"LI\");                 \n        var link = document.createElement(\"A\");\n        var textnode = document.createTextNode(tit.textContent);\n\n        link.appendChild(textnode);\n        link.setAttribute(\"href\", '#' + newTitle);\n\t\t\/\/link.setAttribute(\"style\", \"margin-left:\" + tagWidth + \"px\");\n\t\tlink.setAttribute(\"class\", \"acc-h\" + numTag);\n        node.appendChild(link);\n\n        element.appendChild(node);\n\n      }\n    }\n\n    jQuery(document).ready(function(){\t\t\n\t\tindexContent(\".single-post-content\");\n\n\t\tjQuery(\".accordion-toggle\").click(function() {\n\t\t\tjQuery(this).toggleClass(\"open\");\n\t\t\tjQuery(\"#collapseIndex\").slideToggle(\"in\");\n\t\t});\n\t});\n\n\n<\/script>\n\n<style>\n\t.accordion-toggle{\n\t\tcursor:pointer;\n\t}\n\n\t#accordionIndex .panel-heading{\n\t\tmargin-bottom:0px;\n\t}\n\n\t.articulo ul, .articulo ol{\n\t\tmargin-bottom:auto;\n\t}\n\n\t.h-inline{\n\t\tdisplay: inline-flex;\n\t\tflex-wrap: wrap\n\t}\n\t#accordion-index{\n\t\tpadding-left:0px;\n\t}\n\t#accordion-index li a{\n\t\tdisplay:block;\n\t\tpadding-top:5px;\n\t}\n\n\t.acc-h2{\n\t\tmargin-left:0px;\n\t\tposition: relative;\n\t}\n\n\t.acc-h3{\n\t\tmargin-left:25px;\n\t}\n\n\t.acc-h3::before{\n\t\tcontent: \"\";\n\t\tbackground-color:var(--blue-light);\n\t\tmargin-left:-10px;\n\t\twidth: 7px;\n\t\theight: 7px;\n\t\tdisplay: inline-block;\n\t\ttext-align: center;\n\t\tborder-radius: 1000px;\n\t\tmargin-right: 10px;\n    \tmargin-bottom: 2px;\n\t}\n\n\t.acc-h4{\n\t\tmargin-left:40px;\n\t}\n\n\t.acc-h4::before{\n\t\tcontent: \"\";\n\t\tborder: 1px solid var(--blue-light);\n\t\tmargin-left:-5px;\n\t\twidth: 7px;\n\t\theight: 7px;\n\t\tdisplay: inline-block;\n\t\ttext-align: center;\n\t\tborder-radius: 100%;\n\t\tmargin-right: 10px;\n    \tmargin-bottom: 2px;\n\t}\n\n\t.acc-h3:hover::before{\n\t\tbackground-color: var(--blue-darkest);\n\t}\n\n\t.acc-h4:hover::before{\n\t\tborder-color: var(--blue-darkest);\n\t}\n\n\t@media (max-width: 992px){\n\t\t.acc-h2{\n\t\t\tmargin-left:0px;\n\t\t}\n\t\t.acc-h3{\n\t\t\tmargin-left:20px;\n\t\t}\n\t\t.acc-h4{\n\t\t\tmargin-left:40px;\n\t\t}\n\t}\n\n\t\/*\n\th2.h-inline:after,\n\th3.h-inline:after{\n\t\theight: 24px;\n\t\tcontent: \"\";\n\t\tdisplay: table-row;\n\t}*\/\n<\/style>\n\n<div id=\"table-accordion-index\">\n\t<div class=\"panel-group\" id=\"accordionIndex\">\n\t\t<div class=\"panel panel-default\">\n\t\t\t<div class=\"panel-heading\">\n\t\t\t\t<div class=\"panel-title open\"><div class=\"accordion-toggle\" data-toggle=\"collapse\" data-parent=\"#accordion\" aria-expanded=\"true\">\u00cdndice<\/div><\/div>\n\t\t\t<\/div>\n\t\t\t<div id=\"collapseIndex\" class=\"panel-collapse collapse in\" aria-expanded=\"true\">\n\t\t\t\t<div class=\"panel-body\">\n\t\t\t\t\t<ul id=\"accordion-index\">\n\t\t\t\t\t<\/ul>\n\t\t\t\t<\/div>\n\t\t\t<\/div>\n\t\t<\/div>\n\t<\/div>\n<\/div><\/span><\/p>\n<h2><b>El proceso de generaci\u00f3n de la electricidad\u00a0<\/b><\/h2>\n<p><span style=\"font-weight: 400;\">La electricidad, al tratarse de una energ\u00eda secundaria, no se encuentra disponible en la naturaleza. Para poder utilizarla es necesario transformar las energ\u00edas primarias como el petr\u00f3leo, el gas natural, el carb\u00f3n, la radiaci\u00f3n solar, la fuerza e\u00f3lica o la mareomotriz en electricidad. El proceso de transformaci\u00f3n, de una energ\u00eda u otra, var\u00eda considerablemente. Adem\u00e1s, su impacto en el medioambiente tambi\u00e9n es mayor dependiendo del tipo de proceso f\u00edsico o qu\u00edmico que se utilice para su obtenci\u00f3n.\u00a0\u00a0\u00a0<\/span><\/p>\n<p><b><\/b><\/p>\n<ul>\n<li aria-level=\"1\">\n<h3><b>Energ\u00eda termoel\u00e9ctrica<\/b><b>\u00a0<\/b><\/h3>\n<\/li>\n<\/ul>\n<p><span style=\"font-weight: 400;\">La energ\u00eda termoel\u00e9ctrica es la que usa calor para generar electricidad y las materias primas para obtener este tipo de energ\u00eda son el petr\u00f3leo o el carb\u00f3n. Las centrales termoel\u00e9ctricas, son las encargadas de producir electricidad a partir del calor que generan durante la combusti\u00f3n estos dos materiales. Se trata por lo tanto, de una energ\u00eda proveniente de combustibles f\u00f3siles.\u00a0<\/span><\/p>\n<p><b><\/b><\/p>\n<ul>\n<li aria-level=\"1\">\n<h3><b>Energ\u00eda nuclear\u00a0<\/b><\/h3>\n<\/li>\n<\/ul>\n<p><span style=\"font-weight: 400;\">Las <\/span><a href=\"https:\/\/www.factorenergia.com\/es\/blog\/factura-luz\/papel-de-centrales-nucleares\/\" title=\"centrales nucleares y energ\u00eda el\u00e9ctrica\" target=\"_blank\" rel=\"noopener\"><span style=\"font-weight: 400;\">centrales nucleares<\/span><\/a><span style=\"font-weight: 400;\"> producen energ\u00eda mediante un proceso de fisi\u00f3n nuclear. Su origen proviene de los a\u00f1os setenta y desde ese momento, han sido una gran soluci\u00f3n para cubrir la gran demanda energ\u00e9tica. En la actualidad, se est\u00e1 prescindiendo de este tipo de energ\u00eda ya que se est\u00e1 apostando por energ\u00edas de origen renovable.\u00a0\u00a0<\/span><\/p>\n\r\n<script type=\"text\/javascript\" async defer>\r\n\r\n    jQuery(document).ready(function(){\t\t\r\n\t\t\r\n\t});\r\n<\/script>\r\n\r\n<style>\r\n\t.block-interested_posts{\r\n        margin-top: 10px;\r\n        padding: 20px;\r\n        border: 2px solid #92C200;\r\n    }\r\n    .block-interested_posts ul{\r\n        margin-bottom:0px;\r\n    }\r\n    .block-interested_posts ul li{\r\n        margin-bottom:5px;\r\n    }\r\n    .block-interested_posts ul li a{\r\n        \/*color: #DF981E;*\/\r\n    }\r\n\r\n<\/style>\r\n\r\n<div class=\"block-interested_posts\">\r\n    <p><strong>Post que te pueden interesar<\/strong><\/p>\r\n    <ul>\r\n                    <li><a href=\"https:\/\/www.factorenergia.com\/es\/blog\/historias-positivas\/como-se-produce-la-electricidad\/\" title=\"\u00bfC\u00f3mo se produce la electricidad que llega a nuestra casa?\">\u00bfC\u00f3mo se produce la electricidad que llega a nuestra casa?<\/a><\/li>\r\n                    <li><a href=\"https:\/\/www.factorenergia.com\/es\/blog\/factura-luz\/distribuidora-electrica-o-comercializadora-electrica\/\" title=\"Diferencia entre comercializadora y distribuidora de luz\">Diferencia entre comercializadora y distribuidora de luz<\/a><\/li>\r\n            <\/ul>\t\r\n<\/div>\n<p><b><\/b><\/p>\n<ul>\n<li aria-level=\"1\">\n<h3><b>Energ\u00eda e\u00f3lica<\/b><\/h3>\n<\/li>\n<\/ul>\n<p><span style=\"font-weight: 400;\">La <\/span><a href=\"https:\/\/www.factorenergia.com\/es\/blog\/eficiencia-energetica\/energia-eolica\/\" title=\"la energ\u00eda e\u00f3lica para generar electricidad\" target=\"_blank\" rel=\"noopener\"><span style=\"font-weight: 400;\">energ\u00eda e\u00f3lica<\/span><\/a><span style=\"font-weight: 400;\">, est\u00e1 catalogada como una fuente de energ\u00eda limpia y se produce mediante el uso de molinos e\u00f3licos que incorporan turbinas y alternadores capaces de generar directamente la electricidad. La producci\u00f3n de energ\u00eda e\u00f3lica en Espa\u00f1a, cambia de una Comunidad Aut\u00f3noma a otra. Seg\u00fan <\/span><a href=\"https:\/\/es.statista.com\/estadisticas\/1004129\/potencia-eolica-instalada-por-region-en-espana\/\" title=\"Potencia e\u00f3lica seg\u00fan regiones de Espa\u00f1a\" target=\"_blank\" rel=\"noopener\"><span style=\"font-weight: 400;\">datos de Statista<\/span><\/a><span style=\"font-weight: 400;\">, Castilla y Le\u00f3n fue la comunidad con mayor presencia de energ\u00eda e\u00f3lica con una potencia instalada de 6.270 megavatios en 2020.\u00a0\u00a0<\/span><\/p>\n<p><b><\/b><\/p>\n<ul>\n<li aria-level=\"1\">\n<h3><b>Energ\u00eda hidroel\u00e9ctrica<\/b><\/h3>\n<\/li>\n<\/ul>\n<p><span style=\"font-weight: 400;\">La energ\u00eda proveniente del aprovechamiento de saltos de agua o corrientes de agua, se conoce con el nombre de <\/span><a href=\"https:\/\/www.factorenergia.com\/es\/blog\/eficiencia-energetica\/energia-renovable-hidraulica\/\" title=\"energ\u00eda hidr\u00e1ulica para generar electricidad\" target=\"_blank\" rel=\"noopener\"><span style=\"font-weight: 400;\">energ\u00eda hidr\u00e1ulica<\/span><\/a><span style=\"font-weight: 400;\"> y tambi\u00e9n est\u00e1 considerada como una <\/span><a href=\"https:\/\/www.factorenergia.com\/es\/blog\/noticias\/energias-renovables-caracteristicas-tipos-nuevos-retos\/\" title=\"tipos de energ\u00edas renovables\" target=\"_blank\" rel=\"noopener\"><span style=\"font-weight: 400;\">energ\u00eda renovable<\/span><\/a><span style=\"font-weight: 400;\">. Las centrales hidroel\u00e9ctricas, son las encargadas de producir energ\u00eda de este tipo mediante el movimiento de turbinas conectadas a un alternador.\u00a0\u00a0\u00a0\u00a0<\/span><\/p>\n<p><span style=\"font-weight: 400;\">\u00a0<\/span><\/p>\n<ul>\n<li aria-level=\"1\">\n<h3><b>Energ\u00eda solar<\/b><\/h3>\n<\/li>\n<\/ul>\n<p><span style=\"font-weight: 400;\">La energ\u00eda proveniente del sol es una de las mayores fuentes de energ\u00eda verde de las que dispone Espa\u00f1a. Existen dos tipos de <\/span><a href=\"https:\/\/www.factorenergia.com\/es\/blog\/autoconsumo-electrico\/energia-solar\/\" title=\"energ\u00eda solar y electricidad\" target=\"_blank\" rel=\"noopener\"><span style=\"font-weight: 400;\">energ\u00eda solar<\/span><\/a><span style=\"font-weight: 400;\"> en base a la t\u00e9cnica de producci\u00f3n: la energ\u00eda solar t\u00e9rmica y la energ\u00eda solar fotovoltaica. La energ\u00eda t\u00e9rmica captura la radiaci\u00f3n solar mediante colectores y posteriormente, la convierte en calor. La energ\u00eda solar fotovoltaica, a diferencia de la t\u00e9rmica, obtiene directamente la electricidad a partir de la radiaci\u00f3n solar.\u00a0\u00a0\u00a0<\/span><\/p>\n<p style=\"text-align: justify;\"><div class=\"widget-form\">\r\n    \n<div class=\"wpcf7 no-js\" id=\"wpcf7-f21836-o1\" lang=\"es-ES\" dir=\"ltr\">\n<div class=\"screen-reader-response\"><p role=\"status\" aria-live=\"polite\" aria-atomic=\"true\"><\/p> <ul><\/ul><\/div>\n<form action=\"\/es\/wp-json\/wp\/v2\/posts\/12735#wpcf7-f21836-o1\" method=\"post\" class=\"wpcf7-form init\" aria-label=\"Formulario de contacto\" novalidate=\"novalidate\" data-status=\"init\">\n<div style=\"display: none;\">\n<input type=\"hidden\" name=\"_wpcf7\" value=\"21836\" \/>\n<input type=\"hidden\" name=\"_wpcf7_version\" value=\"5.9\" \/>\n<input type=\"hidden\" name=\"_wpcf7_locale\" value=\"es_ES\" \/>\n<input type=\"hidden\" name=\"_wpcf7_unit_tag\" value=\"wpcf7-f21836-o1\" \/>\n<input type=\"hidden\" name=\"_wpcf7_container_post\" value=\"0\" \/>\n<input type=\"hidden\" name=\"_wpcf7_posted_data_hash\" value=\"\" \/>\n<input type=\"hidden\" name=\"_wpcf7_recaptcha_response\" value=\"\" \/>\n<\/div>\n<div class=\"widget-simple-form-ac\">\n\t<div class=\"header-ac\">\n\t\t<p>Consigue tu estudio gratuito\n\t\t<\/p>\n\t\t<div class=\"close-form\">\n\t\t\t<p>X\n\t\t\t<\/p>\n\t\t<\/div>\n\t<\/div>\n\t<div class=\"widget-form-ac-container\">\n\t\t<p class=\"subtitle-ac-form\">Con nuestras Placas Solares + Bater\u00eda Virtual, <span class=\"blue\">reduce a 0\u20ac el consumo de tu factura de la luz.<\/span> \u00a1No te quedes sin tu estudio gratis!\n\t\t<\/p>\n\t\t<div class=\"inputs-container\">\n\t\t\t<div class=\"input\">\n\t\t\t\t<p><span class=\"wpcf7-form-control-wrap\" data-name=\"name1\"><input size=\"40\" class=\"wpcf7-form-control wpcf7-text wpcf7-validates-as-required\" id=\"name\" aria-required=\"true\" aria-invalid=\"false\" placeholder=\"Nombre\" value=\"\" type=\"text\" name=\"name1\" \/><\/span>\n\t\t\t\t<\/p>\n\t\t\t\t<div class=\"error\">\n\t\t\t\t\t<p><span role='alert' class='wpcf7-not-valid-tip'><\/span>\n\t\t\t\t\t<\/p>\n\t\t\t\t<\/div>\n\t\t\t<\/div>\n\t\t\t<div class=\"input\">\n\t\t\t\t<p><span class=\"wpcf7-form-control-wrap\" data-name=\"lastname\"><input size=\"40\" class=\"wpcf7-form-control wpcf7-text wpcf7-validates-as-required\" id=\"lastname\" aria-required=\"true\" aria-invalid=\"false\" placeholder=\"Apellido\" value=\"\" type=\"text\" name=\"lastname\" \/><\/span>\n\t\t\t\t<\/p>\n\t\t\t\t<div class=\"error\">\n\t\t\t\t\t<p><span role='alert' class='wpcf7-not-valid-tip'><\/span>\n\t\t\t\t\t<\/p>\n\t\t\t\t<\/div>\n\t\t\t<\/div>\n\t\t<\/div>\n\t\t<div class=\"inputs-container\">\n\t\t\t<div class=\"input\">\n\t\t\t\t<p><span class=\"wpcf7-form-control-wrap\" data-name=\"email\"><input size=\"40\" class=\"wpcf7-form-control wpcf7-email wpcf7-validates-as-required wpcf7-text wpcf7-validates-as-email\" aria-required=\"true\" aria-invalid=\"false\" placeholder=\"Email\" value=\"\" type=\"email\" name=\"email\" \/><\/span>\n\t\t\t\t<\/p>\n\t\t\t\t<div class=\"error\">\n\t\t\t\t\t<p><span role='alert' class='wpcf7-not-valid-tip'><\/span>\n\t\t\t\t\t<\/p>\n\t\t\t\t<\/div>\n\t\t\t<\/div>\n\t\t\t<div class=\"input\">\n\t\t\t\t<p><span class=\"wpcf7-form-control-wrap\" data-name=\"tel\"><input size=\"40\" class=\"wpcf7-form-control wpcf7-tel wpcf7-validates-as-required wpcf7-text wpcf7-validates-as-tel\" aria-required=\"true\" aria-invalid=\"false\" placeholder=\"Tel\u00e9fono\" value=\"\" type=\"tel\" name=\"tel\" \/><\/span>\n\t\t\t\t<\/p>\n\t\t\t\t<div class=\"error\">\n\t\t\t\t\t<p><span role='alert' class='wpcf7-not-valid-tip'><\/span>\n\t\t\t\t\t<\/p>\n\t\t\t\t<\/div>\n\t\t\t<\/div>\n\t\t<\/div>\n\t\t<p class=\"legal-text\">Al enviar este formulario consiente que sus datos sean tratados por FACTORENERGIA S.A., como corresponsables, para remitirle ofertas e informaci\u00f3n comercial. Puede ejercitar sus derechos conforme a lo indicado en nuestra <a href=\"\/es\/privacidad\/\">Pol\u00edtica de privacidad.<\/a>\n\t\t<\/p>\n\t\t<div class=\"inputs-container\">\n\t\t\t<div class=\"button-submit\">\n\t\t\t\t<p><input class=\"wpcf7-form-control wpcf7-submit has-spinner primary-btn green-btn btn-submit\" type=\"submit\" value=\"Pide tu estudio gratis\" \/>\n\t\t\t\t<\/p>\n\t\t\t<\/div>\n\t\t<\/div>\n\t<\/div>\n<\/div><div class=\"wpcf7-response-output\" aria-hidden=\"true\"><\/div>\n<\/form>\n<\/div>\n<\/div>\r\n\r\n<div class=\"widget-form-sended\" style=\"display: none\">\r\n    <h4><b>\u00a1Bien hecho!<\/b> Este es tu primer paso hacia la independencia energ\u00e9tica.<\/h4>\r\n    <p>En un m\u00e1ximo de 48 horas, un especialista se pondr\u00e1 en contacto contigo para estudiar tu caso, asesorarte y ofrecerte la mejor soluci\u00f3n energ\u00e9tica.<\/p>\r\n    <div class=\"inputs-container\">\r\n        <div class=\"button-submit\">\r\n            <a class=\"primary-btn center otro-estudio green-btn\">\r\n                Pedir otro estudio gratis            <\/a>\r\n        <\/div>\r\n        <div class=\"trustpilot-widget trust-widget-form-ac\" data-locale=\"es-ES\" data-template-id=\"5419b732fbfb950b10de65e5\" data-businessunit-id=\"5fd8ae6f2ead35000193bbae\" data-style-height=\"24px\" data-style-width=\"100%\" data-theme=\"light\" style=\"position: relative;\"><iframe title=\"Customer reviews powered by Trustpilot\" loading=\"auto\" src=\"https:\/\/widget.trustpilot.com\/trustboxes\/5419b732fbfb950b10de65e5\/index.html?templateId=5419b732fbfb950b10de65e5&amp;businessunitId=5fd8ae6f2ead35000193bbae#locale=es-ES&amp;styleHeight=24px&amp;styleWidth=100%25&amp;theme=light\" style=\"position: relative; height: 24px; width: 100%; border-style: none; display: block; overflow: hidden;\"><\/iframe><\/div>\r\n    <\/div>\r\n<\/div>\r\n<\/p>\n<p>&nbsp;<\/p>\n<h2><b>Factorenergia suministra electricidad renovable\u00a0<\/b><\/h2>\n<p><span style=\"font-weight: 400;\">Factorenergia, es una comercializadora de luz comprometida con el origen de su energ\u00eda y es por esto, que ofrece a sus clientes la posibilidad de contar con un suministro el\u00e9ctrico procedente de energ\u00eda verde certificada por la CNMC (Comisi\u00f3n Nacional del Mercado y la Competencia). Adem\u00e1s, de suministrar energ\u00eda 100% de origen renovable, la empresa se encuentra inmersa en diferentes proyectos de generaci\u00f3n de energ\u00eda verde mediante la creaci\u00f3n de su filial <\/span><a href=\"https:\/\/www.factorenergia.com\/es\/blog\/noticias\/factor-energia-generacion\/\" title=\"Factor Energ\u00eda Generaci\u00f3n\" target=\"_blank\" rel=\"noopener\"><span style=\"font-weight: 400;\">factorenerg\u00eda Generaci\u00f3n<\/span><\/a><span style=\"font-weight: 400;\">.<\/span><\/p>\n<p><span style=\"font-weight: 400;\">Por \u00faltimo, es importante destacar que Factorenergia, ha sido la primera energ\u00e9tica espa\u00f1ola que ha logrado la certificaci\u00f3n de <\/span><a href=\"https:\/\/www.factorenergia.com\/es\/noticias\/certificacion-ods-naciones-unidas\/\" title=\"Certificaci\u00f3n ODS para factorenergia\" target=\"_blank\" rel=\"noopener\"><span style=\"font-weight: 400;\">cumplimiento con los ODS de Naciones Unidas<\/span><\/a><span style=\"font-weight: 400;\"> a nivel de sostenibilidad, medioambiente y ahorro energ\u00e9tico. Si deseas disfrutar de energ\u00eda limpia y de origen renovable, \u00a1No lo dudes! Escoge una empresa comprometida con el medioambiente y alineada con la <\/span><a href=\"https:\/\/www.factorenergia.com\/es\/blog\/noticias\/objetivos-agenda-2030\/\" title=\"objetivos de la Agenda 2030\" target=\"_blank\" rel=\"noopener\"><span style=\"font-weight: 400;\">agenda 2030<\/span><\/a><span style=\"font-weight: 400;\">. <\/span><span style=\"font-weight: 400;\">\u00a0\u00a0\u00a0\u00a0<\/span><\/p>\n","protected":false},"excerpt":{"rendered":"<p>La electricidad que consumes se produce mediante la generaci\u00f3n de un mix energ\u00e9tico en el que participan distintas tecnolog\u00edas de producci\u00f3n el\u00e9ctrica. Pero, \u00bfCu\u00e1l es el origen de la electricidad y qu\u00e9 proporci\u00f3n del mix energ\u00e9tico energ\u00e9tico consumes en tu hogar? Si quieres conocer de d\u00f3nde procede la energ\u00eda que usas a diario, \u00a1Sigue leyendo!     <\/p>\n","protected":false},"author":17,"featured_media":0,"comment_status":"open","ping_status":"closed","sticky":false,"template":"","format":"standard","meta":{"inline_featured_image":false,"footnotes":""},"categories":[52],"tags":[],"acf":{"fecha_de_la_entrada":"20220125","imagen_portada":29711,"categoria_blog":null,"tipo_de_distribuidora":null,"tiempo_lectura":"","banner_bool":false,"titulo_banner":"","texto_banner":"","texto_boton_banner":"","url_boton_banner":"","post_relacionados":""},"yoast_head":"<!-- This site is optimized with the Yoast SEO plugin v22.2 - https:\/\/yoast.com\/wordpress\/plugins\/seo\/ -->\n<title>El origen de la electricidad que consumimos | factorenergia<\/title>\n<meta name=\"description\" content=\"La electricidad que consumes se produce mediante la generaci\u00f3n de un mix energ\u00e9tico. Si quieres conocer de d\u00f3nde procede la energ\u00eda \u00a1Sigue leyendo!\" \/>\n<meta name=\"robots\" content=\"index, follow, max-snippet:-1, max-image-preview:large, max-video-preview:-1\" \/>\n<link rel=\"canonical\" href=\"https:\/\/www.factorenergia.com\/es\/blog\/factura-luz\/origen-electricidad-que-consumes\/\" \/>\n<meta name=\"twitter:card\" content=\"summary_large_image\" \/>\n<meta name=\"twitter:title\" content=\"El origen de la electricidad que consumimos | factorenergia\" \/>\n<meta name=\"twitter:description\" content=\"La electricidad que consumes se produce mediante la generaci\u00f3n de un mix energ\u00e9tico. Si quieres conocer de d\u00f3nde procede la energ\u00eda \u00a1Sigue leyendo!\" \/>\n<meta name=\"twitter:creator\" content=\"@factorenergia\" \/>\n<meta name=\"twitter:site\" content=\"@factorenergia\" \/>\n<meta name=\"twitter:label1\" content=\"Escrito por\" \/>\n\t<meta name=\"twitter:data1\" content=\"Equipo Transici\u00f3n Energ\u00e9tica Factorenergia\" \/>\n\t<meta name=\"twitter:label2\" content=\"Tiempo de lectura\" \/>\n\t<meta name=\"twitter:data2\" content=\"3 minutos\" \/>\n<script type=\"application\/ld+json\" class=\"yoast-schema-graph\">{\"@context\":\"https:\/\/schema.org\",\"@graph\":[{\"@type\":\"WebPage\",\"@id\":\"https:\/\/www.factorenergia.com\/es\/blog\/factura-luz\/origen-electricidad-que-consumes\/\",\"url\":\"https:\/\/www.factorenergia.com\/es\/blog\/factura-luz\/origen-electricidad-que-consumes\/\",\"name\":\"El origen de la electricidad que consumimos | factorenergia\",\"isPartOf\":{\"@id\":\"https:\/\/www.factorenergia.com\/es\/#website\"},\"datePublished\":\"2022-01-25T09:50:50+00:00\",\"dateModified\":\"2025-08-06T15:48:37+00:00\",\"author\":{\"@id\":\"https:\/\/www.factorenergia.com\/es\/#\/schema\/person\/dff9e4b6dc520720e3a37bdaaedc5841\"},\"description\":\"La electricidad que consumes se produce mediante la generaci\u00f3n de un mix energ\u00e9tico. Si quieres conocer de d\u00f3nde procede la energ\u00eda \u00a1Sigue leyendo!\",\"breadcrumb\":{\"@id\":\"https:\/\/www.factorenergia.com\/es\/blog\/factura-luz\/origen-electricidad-que-consumes\/#breadcrumb\"},\"inLanguage\":\"es\",\"potentialAction\":[{\"@type\":\"ReadAction\",\"target\":[\"https:\/\/www.factorenergia.com\/es\/blog\/factura-luz\/origen-electricidad-que-consumes\/\"]}]},{\"@type\":\"BreadcrumbList\",\"@id\":\"https:\/\/www.factorenergia.com\/es\/blog\/factura-luz\/origen-electricidad-que-consumes\/#breadcrumb\",\"itemListElement\":[{\"@type\":\"ListItem\",\"position\":1,\"name\":\"Portada\",\"item\":\"https:\/\/www.factorenergia.com\/es\/\"},{\"@type\":\"ListItem\",\"position\":2,\"name\":\"\u00bfSabes cu\u00e1l es el origen de la electricidad que consumes?\"}]},{\"@type\":\"WebSite\",\"@id\":\"https:\/\/www.factorenergia.com\/es\/#website\",\"url\":\"https:\/\/www.factorenergia.com\/es\/\",\"name\":\"factorenergia\",\"description\":\"Factor Energ\u00eda\",\"potentialAction\":[{\"@type\":\"SearchAction\",\"target\":{\"@type\":\"EntryPoint\",\"urlTemplate\":\"https:\/\/www.factorenergia.com\/es\/?s={search_term_string}\"},\"query-input\":\"required name=search_term_string\"}],\"inLanguage\":\"es\"},{\"@type\":\"Person\",\"@id\":\"https:\/\/www.factorenergia.com\/es\/#\/schema\/person\/dff9e4b6dc520720e3a37bdaaedc5841\",\"name\":\"Equipo Transici\u00f3n Energ\u00e9tica Factorenergia\",\"image\":{\"@type\":\"ImageObject\",\"inLanguage\":\"es\",\"@id\":\"https:\/\/www.factorenergia.com\/es\/#\/schema\/person\/image\/\",\"url\":\"https:\/\/secure.gravatar.com\/avatar\/1b7c76bab80ee1c4261b06108874e24b?s=96&d=mm&r=g\",\"contentUrl\":\"https:\/\/secure.gravatar.com\/avatar\/1b7c76bab80ee1c4261b06108874e24b?s=96&d=mm&r=g\",\"caption\":\"Equipo Transici\u00f3n Energ\u00e9tica Factorenergia\"},\"description\":\"El equipo est\u00e1 formado por expertos en materia de Luz, Gas y Eficiencia Energ\u00e9tica, que conocen de primera mano las tendencias del mercado. Su experiencia en el sector les permite ofrecer las mejores soluciones energ\u00e9ticas y resolver las dudas planteadas por los clientes.\",\"sameAs\":[\"https:\/\/www.factorenergia.com\/es\/\",\"https:\/\/www.facebook.com\/factorenergiacom\",\"https:\/\/www.instagram.com\/factorenergia_com\/\",\"https:\/\/es.linkedin.com\/company\/factor-energia\",\"https:\/\/twitter.com\/factorenergia\",\"https:\/\/www.youtube.com\/c\/factorenergiacom\"],\"url\":\"https:\/\/www.factorenergia.com\/es\/blog\/author\/marketing\/\"}]}<\/script>\n<!-- \/ Yoast SEO plugin. -->","yoast_head_json":{"title":"El origen de la electricidad que consumimos | factorenergia","description":"La electricidad que consumes se produce mediante la generaci\u00f3n de un mix energ\u00e9tico. Si quieres conocer de d\u00f3nde procede la energ\u00eda \u00a1Sigue leyendo!","robots":{"index":"index","follow":"follow","max-snippet":"max-snippet:-1","max-image-preview":"max-image-preview:large","max-video-preview":"max-video-preview:-1"},"canonical":"https:\/\/www.factorenergia.com\/es\/blog\/factura-luz\/origen-electricidad-que-consumes\/","twitter_card":"summary_large_image","twitter_title":"El origen de la electricidad que consumimos | factorenergia","twitter_description":"La electricidad que consumes se produce mediante la generaci\u00f3n de un mix energ\u00e9tico. Si quieres conocer de d\u00f3nde procede la energ\u00eda \u00a1Sigue leyendo!","twitter_creator":"@factorenergia","twitter_site":"@factorenergia","twitter_misc":{"Escrito por":"Equipo Transici\u00f3n Energ\u00e9tica Factorenergia","Tiempo de lectura":"3 minutos"},"schema":{"@context":"https:\/\/schema.org","@graph":[{"@type":"WebPage","@id":"https:\/\/www.factorenergia.com\/es\/blog\/factura-luz\/origen-electricidad-que-consumes\/","url":"https:\/\/www.factorenergia.com\/es\/blog\/factura-luz\/origen-electricidad-que-consumes\/","name":"El origen de la electricidad que consumimos | factorenergia","isPartOf":{"@id":"https:\/\/www.factorenergia.com\/es\/#website"},"datePublished":"2022-01-25T09:50:50+00:00","dateModified":"2025-08-06T15:48:37+00:00","author":{"@id":"https:\/\/www.factorenergia.com\/es\/#\/schema\/person\/dff9e4b6dc520720e3a37bdaaedc5841"},"description":"La electricidad que consumes se produce mediante la generaci\u00f3n de un mix energ\u00e9tico. Si quieres conocer de d\u00f3nde procede la energ\u00eda \u00a1Sigue leyendo!","breadcrumb":{"@id":"https:\/\/www.factorenergia.com\/es\/blog\/factura-luz\/origen-electricidad-que-consumes\/#breadcrumb"},"inLanguage":"es","potentialAction":[{"@type":"ReadAction","target":["https:\/\/www.factorenergia.com\/es\/blog\/factura-luz\/origen-electricidad-que-consumes\/"]}]},{"@type":"BreadcrumbList","@id":"https:\/\/www.factorenergia.com\/es\/blog\/factura-luz\/origen-electricidad-que-consumes\/#breadcrumb","itemListElement":[{"@type":"ListItem","position":1,"name":"Portada","item":"https:\/\/www.factorenergia.com\/es\/"},{"@type":"ListItem","position":2,"name":"\u00bfSabes cu\u00e1l es el origen de la electricidad que consumes?"}]},{"@type":"WebSite","@id":"https:\/\/www.factorenergia.com\/es\/#website","url":"https:\/\/www.factorenergia.com\/es\/","name":"factorenergia","description":"Factor Energ\u00eda","potentialAction":[{"@type":"SearchAction","target":{"@type":"EntryPoint","urlTemplate":"https:\/\/www.factorenergia.com\/es\/?s={search_term_string}"},"query-input":"required name=search_term_string"}],"inLanguage":"es"},{"@type":"Person","@id":"https:\/\/www.factorenergia.com\/es\/#\/schema\/person\/dff9e4b6dc520720e3a37bdaaedc5841","name":"Equipo Transici\u00f3n Energ\u00e9tica Factorenergia","image":{"@type":"ImageObject","inLanguage":"es","@id":"https:\/\/www.factorenergia.com\/es\/#\/schema\/person\/image\/","url":"https:\/\/secure.gravatar.com\/avatar\/1b7c76bab80ee1c4261b06108874e24b?s=96&d=mm&r=g","contentUrl":"https:\/\/secure.gravatar.com\/avatar\/1b7c76bab80ee1c4261b06108874e24b?s=96&d=mm&r=g","caption":"Equipo Transici\u00f3n Energ\u00e9tica Factorenergia"},"description":"El equipo est\u00e1 formado por expertos en materia de Luz, Gas y Eficiencia Energ\u00e9tica, que conocen de primera mano las tendencias del mercado. Su experiencia en el sector les permite ofrecer las mejores soluciones energ\u00e9ticas y resolver las dudas planteadas por los clientes.","sameAs":["https:\/\/www.factorenergia.com\/es\/","https:\/\/www.facebook.com\/factorenergiacom","https:\/\/www.instagram.com\/factorenergia_com\/","https:\/\/es.linkedin.com\/company\/factor-energia","https:\/\/twitter.com\/factorenergia","https:\/\/www.youtube.com\/c\/factorenergiacom"],"url":"https:\/\/www.factorenergia.com\/es\/blog\/author\/marketing\/"}]}},"_links":{"self":[{"href":"https:\/\/www.factorenergia.com\/es\/wp-json\/wp\/v2\/posts\/12735"}],"collection":[{"href":"https:\/\/www.factorenergia.com\/es\/wp-json\/wp\/v2\/posts"}],"about":[{"href":"https:\/\/www.factorenergia.com\/es\/wp-json\/wp\/v2\/types\/post"}],"author":[{"embeddable":true,"href":"https:\/\/www.factorenergia.com\/es\/wp-json\/wp\/v2\/users\/17"}],"replies":[{"embeddable":true,"href":"https:\/\/www.factorenergia.com\/es\/wp-json\/wp\/v2\/comments?post=12735"}],"version-history":[{"count":3,"href":"https:\/\/www.factorenergia.com\/es\/wp-json\/wp\/v2\/posts\/12735\/revisions"}],"predecessor-version":[{"id":29941,"href":"https:\/\/www.factorenergia.com\/es\/wp-json\/wp\/v2\/posts\/12735\/revisions\/29941"}],"wp:attachment":[{"href":"https:\/\/www.factorenergia.com\/es\/wp-json\/wp\/v2\/media?parent=12735"}],"wp:term":[{"taxonomy":"category","embeddable":true,"href":"https:\/\/www.factorenergia.com\/es\/wp-json\/wp\/v2\/categories?post=12735"},{"taxonomy":"post_tag","embeddable":true,"href":"https:\/\/www.factorenergia.com\/es\/wp-json\/wp\/v2\/tags?post=12735"}],"curies":[{"name":"wp","href":"https:\/\/api.w.org\/{rel}","templated":true}]}}