{"id":11701,"date":"2024-10-23T10:08:10","date_gmt":"2024-10-23T08:08:10","guid":{"rendered":"https:\/\/www.factorenergia.com\/es\/?post_type=blog&#038;p=11701"},"modified":"2025-08-07T09:11:29","modified_gmt":"2025-08-07T07:11:29","slug":"por-que-sube-precio-luz","status":"publish","type":"post","link":"https:\/\/www.factorenergia.com\/es\/blog\/ahorrar-electricidad\/por-que-sube-precio-luz\/","title":{"rendered":"Subida del precio de la luz: causas y soluciones para ahorrar en la factura"},"content":{"rendered":"<p><span>La subida del precio de la luz en Espa\u00f1a ha generado una gran preocupaci\u00f3n en la poblaci\u00f3n. Muchos hogares y empresas han visto incrementadas sus facturas, afectando su econom\u00eda cotidiana. Diversos factores influyen en esta situaci\u00f3n, desde el aumento del precio del gas natural hasta el funcionamiento del mercado el\u00e9ctrico. Este art\u00edculo abordar\u00e1 las causas, consecuencias y posibles soluciones para mitigar el impacto de estos aumentos.<\/span><\/p>\n<h2>Razones detr\u00e1s de la subida de precios<\/h2>\n<p>La reciente escalada en los precios de la electricidad en Espa\u00f1a es consecuencia de diversas fuerzas interconectadas. Entender estas razones resulta fundamental para analizar el contexto actual del mercado energ\u00e9tico.<\/p>\n<h3>Incremento del precio del gas natural<\/h3>\n<p>El gas natural se ha convertido en un elemento clave en la generaci\u00f3n de electricidad en Espa\u00f1a. Este recurso energ\u00e9tico ha visto c\u00f3mo su precio ha aumentado de forma dr\u00e1stica en los \u00faltimos a\u00f1os, lo que ha repercutido directamente en el coste de la luz. Las razones detr\u00e1s de este incremento incluyen:<\/p>\n<ul>\n<li><strong>Conflictos geopol\u00edticos:<\/strong><span>\u00a0<\/span>La invasi\u00f3n de Ucrania por parte de Rusia ha provocado una crisis en el suministro de gas natural. Rusia, que aporta alrededor del 40% del gas a la Uni\u00f3n Europea, ha impactado severamente en los precios. La inestabilidad pol\u00edtica en la regi\u00f3n y las sanciones impuestas a Rusia han creado un ambiente de incertidumbre en el mercado energ\u00e9tico europeo.<\/li>\n<li><strong>Aumento de la demanda global:<\/strong><span>\u00a0<\/span>La reactivaci\u00f3n de la econom\u00eda mundial tras la pandemia ha generado una mayor demanda de gas natural. Pa\u00edses como China han incrementado notablemente su consumo energ\u00e9tico, lo que ha tensionado a\u00fan m\u00e1s la oferta disponible. Este aumento en la demanda ha llevado a que los precios del gas natural pasen de niveles hist\u00f3ricos de 10 euros por MWh a cifras superiores a los 100 euros en 2022.<\/li>\n<\/ul>\n<h3>Funcionamiento del mercado el\u00e9ctrico espa\u00f1ol<\/h3>\n<p>El mercado el\u00e9ctrico en Espa\u00f1a opera bajo un sistema determinado por la oferta y la demanda, lo que influye directamente en el precio de la luz. Este modelo tiene particularidades que merecen ser destacadas.<\/p>\n<ul>\n<li><strong>Estructura de precios:<\/strong><span>\u00a0<\/span>En este sistema, el precio de la electricidad se determina por la oferta m\u00e1s cara necesaria para abastecer la demanda en cada momento. Esto significa que el coste de los ciclos combinados, que dependen del gas, fija el precio final, incluso cuando hay un considerable aporte de energ\u00edas renovables que podr\u00edan ser m\u00e1s econ\u00f3micas.<\/li>\n<li><strong>Papel de las energ\u00edas renovables:<\/strong><span>\u00a0<\/span>Aunque las energ\u00edas renovables han tenido un crecimiento significativo en la producci\u00f3n el\u00e9ctrica, su influencia en el precio ha sido limitada. En d\u00edas de alta demanda, cuando la producci\u00f3n de electricidad es insuficiente mediante fuentes renovables, son necesarias las plantas de gas, lo que eleva el precio general de la luz independientemente de la producci\u00f3n renovable.<\/li>\n<\/ul>\n<h4>Papel de las energ\u00edas renovables<\/h4>\n<p>A pesar de que se estima que las energ\u00edas renovables son m\u00e1s baratas, durante per\u00edodos de alta demanda, el aumento en el precio del gas natural y el uso de tecnolog\u00edas menos eficientes como los ciclos combinados prevalecen. Esto provoca que la energ\u00eda generada de fuentes renovables no pueda estabilizar el precio final de la electricidad.<\/p>\n<h3>Impacto de los derechos de emisi\u00f3n de CO2<\/h3>\n<p>Desde 2013, las instalaciones que producen electricidad a partir de gas y carb\u00f3n est\u00e1n sujetas a un r\u00e9gimen de comercio de derechos de emisi\u00f3n de CO2 en Europa. Este sistema implica que las empresas generadoras deben adquirir permisos para emitir gases de efecto invernadero, lo que incide negativamente en los costes operativos.<\/p>\n<ul>\n<li><strong>Incremento del coste de emisiones:<\/strong><span>\u00a0<\/span>Los precios de estos derechos se han duplicado en el \u00faltimo a\u00f1o. Como consecuencia, las empresas generadoras de electricidad trasladan estos costos adicionales a los consumidores, resultando en facturas m\u00e1s elevadas para los hogares y empresas.<\/li>\n<li><strong>Dependencia de combustibles f\u00f3siles:<\/strong><span>\u00a0<\/span>La transici\u00f3n hacia energ\u00edas m\u00e1s limpias y sostenibles a\u00fan est\u00e1 en desarrollo, y la dependencia del gas y carb\u00f3n en la producci\u00f3n el\u00e9ctrica acarrea gastos que se reflejan en el precio final de la electricidad.<\/li>\n<\/ul>\n<h2>Impacto econ\u00f3mico de la subida del precio de la luz<\/h2>\n<p>La reciente escalada en los precios de la electricidad ha generado un profundo efecto en la econom\u00eda de los hogares y las empresas en Espa\u00f1a. A medida que las tarifas el\u00e9ctricas aumentan, sus repercusiones se hacen m\u00e1s evidentes en la vida cotidiana y en el entorno empresarial.<\/p>\n<h3>Efectos en los hogares y el coste de vida<\/h3>\n<p>Los hogares espa\u00f1oles han experimentado un impacto directo en su econom\u00eda personal debido al encarecimiento de la luz. Las facturas de electricidad han alcanzado niveles que afectan considerablemente el presupuesto familiar.<\/p>\n<ul>\n<li><strong>Aumento en el gasto mensual:<\/strong><span>\u00a0<\/span>Cada vez son m\u00e1s las familias que deben destinar una mayor parte de sus ingresos a cubrir la factura el\u00e9ctrica, lo que limita sus posibilidades de gasto en otros bienes y servicios esenciales.<\/li>\n<li><strong>Estr\u00e9s financiero:<\/strong><span>\u00a0<\/span>La creciente deuda asociada a las facturas impagas ha provocado un aumento en la angustia econ\u00f3mica. Este \u2014estr\u00e9s financiero\u2014 puede dar lugar a situaciones de impago y a problemas crediticios.<\/li>\n<li><strong>Adaptaci\u00f3n al cambio:<\/strong><span>\u00a0<\/span>Muchos hogares se han visto obligados a modificar sus h\u00e1bitos de consumo, buscando alternativas para reducir su gasto en electricidad, como el uso de electrodom\u00e9sticos eficientes o el ajuste de la calefacci\u00f3n.<\/li>\n<\/ul>\n<ul><\/ul>\n<h2>Estrategias para reducir el impacto econ\u00f3mico<\/h2>\n<p>La creciente presi\u00f3n econ\u00f3mica derivada del aumento de los precios de la electricidad ha llevado a muchos hogares y empresas a buscar soluciones eficaces para mitigar su impacto. A continuaci\u00f3n, se presentan estrategias que pueden ayudar a optimizar el consumo energ\u00e9tico y reducir la factura el\u00e9ctrica.<\/p>\n<h3>Optimizaci\u00f3n del consumo energ\u00e9tico<\/h3>\n<p>La optimizaci\u00f3n del consumo energ\u00e9tico implica adoptar h\u00e1bitos y t\u00e9cnicas que permitan hacer un uso m\u00e1s eficiente de la electricidad. Estas medidas no solo contribuyen a un ahorro inmediato en las facturas, sino que tambi\u00e9n fomentan un uso m\u00e1s responsable de los recursos energ\u00e9ticos.<\/p>\n<h4>Cambio de h\u00e1bitos y ahorro en la factura<\/h4>\n<p>Una de las formas m\u00e1s efectivas de <a href=\"https:\/\/www.factorenergia.com\/es\/blog\/ahorrar-electricidad\/consejos-para-ahorrar-energia-en-casa\/\">reducir el impacto econ\u00f3mico de la electricidad<\/a> es mediante el cambio de h\u00e1bitos de consumo. Algunas pr\u00e1cticas recomendadas son:<\/p>\n<ul>\n<li>Desconectar dispositivos electr\u00f3nicos cuando no est\u00e1n en uso, especialmente cargadores y electrodom\u00e9sticos.<\/li>\n<li>Ajustar la temperatura del termostato, manteni\u00e9ndola en niveles moderados durante el invierno y el verano.<\/li>\n<li>Implementar el uso de bombillas LED, que son m\u00e1s eficientes y tienen una vida \u00fatil m\u00e1s larga en comparaci\u00f3n con las bombillas tradicionales.<\/li>\n<li>Programar el uso de electrodom\u00e9sticos, como lavadoras y lavavajillas, durante las horas valle, cuando la electricidad es m\u00e1s barata.<\/li>\n<\/ul>\n<h4>Uso de tecnolog\u00edas de eficiencia energ\u00e9tica<\/h4>\n<p>Incorporar tecnolog\u00edas que favorezcan la eficiencia energ\u00e9tica puede ser una inversi\u00f3n beneficiosa a largo plazo. Las opciones incluyen:<\/p>\n<ul>\n<li>Termostatos inteligentes que aprendan del comportamiento del usuario y ajusten autom\u00e1ticamente la calefacci\u00f3n o refrigeraci\u00f3n.<\/li>\n<li>Aparatos de bajo consumo energ\u00e9tico que reduzcan significativamente el uso de electricidad.<\/li>\n<li>Sistemas de gesti\u00f3n energ\u00e9tica que monitoricen y optimicen el consumo en tiempo real.<\/li>\n<\/ul>\n<h3>Ventajas del autoconsumo y las energ\u00edas renovables<\/h3>\n<p>El autoconsumo se ha convertido en una opci\u00f3n cada vez m\u00e1s popular para reducir costes y fomentar la sostenibilidad. La instalaci\u00f3n de fuentes de energ\u00eda renovables ayuda a independizarse de la red el\u00e9ctrica y mitigar el impacto de las fluctuaciones de precios.<\/p>\n<h4><a href=\"https:\/\/www.factorenergia.com\/es\/placas-solares\/instalacion\/\">Instalaci\u00f3n de paneles solares<\/a><\/h4>\n<p>La generaci\u00f3n de energ\u00eda solar es una de las alternativas m\u00e1s accesibles para reducir la dependencia de la electricidad convencional. Los beneficios incluyen:<\/p>\n<ul>\n<li>Reducci\u00f3n de la factura el\u00e9ctrica, al generar energ\u00eda para el uso propio y, en algunos casos, vender el exceso a la red.<\/li>\n<li>Disminuci\u00f3n de la huella de carbono, favoreciendo un entorno m\u00e1s sostenible.<\/li>\n<li>Aumentar el valor del inmueble, dado que las propiedades con instalaciones de energ\u00edas renovables son m\u00e1s atractivas en el mercado.<\/li>\n<\/ul>\n<h4>Funcionalidad de las bater\u00edas de almacenamiento<\/h4>\n<p>Las bater\u00edas de almacenamiento permiten aprovechar al m\u00e1ximo la energ\u00eda generada, ofreciendo autonom\u00eda energ\u00e9tica. Algunas caracter\u00edsticas son:<\/p>\n<ul>\n<li><a href=\"https:\/\/www.factorenergia.com\/es\/placas-solares\/bateria-virtual\/\">Almacenamiento de la energ\u00eda solar<\/a> producida durante el d\u00eda para su uso en horas de menor producci\u00f3n o durante la noche.<\/li>\n<li>Posibilidad de utilizar la energ\u00eda almacenada en momentos de precios elevados, lo que genera un ahorro adicional.<\/li>\n<li>Facilidad para integrar econ\u00f3micas soluciones de autoconsumo en viviendas y peque\u00f1as empresas, permitiendo la gesti\u00f3n efectiva del consumo energ\u00e9tico.<\/li>\n<\/ul>\n<h2>Medidas gubernamentales para estabilizar el precio de la luz<\/h2>\n<p>Las medidas gubernamentales desempe\u00f1an un papel crucial en la regulaci\u00f3n del mercado el\u00e9ctrico en Espa\u00f1a. Con el objetivo de estabilizar el precio de la luz y proteger a los consumidores, se est\u00e1n implementando diversas estrategias.<\/p>\n<h3>An\u00e1lisis del sistema de fijaci\u00f3n de precios<\/h3>\n<p>El sistema de fijaci\u00f3n de precios de la electricidad en Espa\u00f1a ha sido objeto de estudio y revisi\u00f3n por parte de las autoridades. La estructura actual, que se basa en la oferta y demanda, ha mostrado limitaciones en su eficiencia. Este an\u00e1lisis busca identificar posibles cambios que optimicen el funcionamiento del mercado.<\/p>\n<p>Uno de los enfoques es revisar la metodolog\u00eda que asigna el precio de la electricidad. Actualmente, los precios est\u00e1n influencer por el coste de la oferta m\u00e1s cara, en la que tienen un papel destacado los ciclos combinados que utilizan gas natural. Este mecanismo no siempre refleja el coste real de producci\u00f3n y puede llevar a fluctuaciones desmedidas en las tarifas.<\/p>\n<h3>Incentivos para fomentar energ\u00edas renovables<\/h3>\n<p>El impulso hacia un modelo energ\u00e9tico basado en energ\u00edas renovables es una de las medidas prioritarias del Gobierno. Se busca reducir la dependencia de combustibles f\u00f3siles y fomentar una producci\u00f3n el\u00e9ctrica m\u00e1s sostenible. Para lograr esta transformaci\u00f3n, se han implementado incentivos que promueven la inversi\u00f3n en tecnolog\u00edas limpias.<\/p>\n<ul>\n<li>Subsidios para la instalaci\u00f3n de paneles solares en hogares y empresas.<\/li>\n<li>Beneficios fiscales para proyectos que utilicen fuentes de energ\u00eda renovable.<\/li>\n<li>Financiaci\u00f3n preferente para iniciativas relacionadas con la eficiencia energ\u00e9tica.<\/li>\n<\/ul>\n<p>Estas medidas no solo ayudan a mitigar el impacto del coste de la electricidad, sino que tambi\u00e9n contribuyen a la lucha contra el cambio clim\u00e1tico. La expansi\u00f3n de las energ\u00edas renovables diversifica la oferta y mejora la resiliencia del sistema energ\u00e9tico.<\/p>\n<h3>Evaluaci\u00f3n de la tarifa regulada y mercado libre<\/h3>\n<p>La tarifa regulada, conocida como PVPC, ha sido un punto focal en las discusiones sobre c\u00f3mo proteger a los consumidores m\u00e1s vulnerables. Este tipo de tarifa est\u00e1 dise\u00f1ada para ofrecer precios m\u00e1s estables, pero su vinculaci\u00f3n con las fluctuaciones del mercado ha generado cr\u00edticas.<\/p>\n<p>Por otro lado, el mercado libre de electricidad ofrece diversas opciones a los consumidores, permiti\u00e9ndoles elegir entre diferentes ofertas. Sin embargo, esto puede resultar confuso para algunos usuarios, lo que ha llevado al Gobierno a considerar medidas que aseguren una mayor transparencia en la comparaci\u00f3n de tarifas.<\/p>\n<ul>\n<li>An\u00e1lisis regular de las ofertas disponibles en el mercado para asegurar que sean competitivas.<\/li>\n<li>Regulaci\u00f3n de las pr\u00e1cticas comerciales para garantizar la protecci\u00f3n del consumidor.<\/li>\n<li>Educaci\u00f3n y asesoramiento a los consumidores sobre c\u00f3mo elegir la mejor tarifa.<\/li>\n<\/ul>\n<p>Estas acciones tienen como objetivo crear un entorno m\u00e1s equilibrado y justo tanto para los consumidores en el mercado regulado como para aquellos que optan por el mercado libre. La meta es asegurar que todos tengan acceso a un suministro el\u00e9ctrico a precios razonables y estables.<\/p>\n<h2>Preguntas frecuentes sobre la subida del precio de la luz<\/h2>\n<p>Se presentan a continuaci\u00f3n las preguntas m\u00e1s comunes sobre el aumento del precio de la luz, junto con sus respuestas detalladas. Estas cuestiones abarcan desde los incrementos recientes hasta las tarifas m\u00e1s adecuadas y las ayudas disponibles para los consumidores.<\/p>\n<h3>\u00bfCu\u00e1nto ha subido la luz en el \u00faltimo a\u00f1o?<\/h3>\n<p>En el \u00faltimo a\u00f1o, el precio de la electricidad ha experimentado fluctuaciones significativas, destacando un aumento general en comparaci\u00f3n con per\u00edodos anteriores. A lo largo de 2023, las cifras han mostrado un incremento que ha llegado a superar el 10% en algunos meses, lo que ha afectado notablemente las facturas de los usuarios. En general, se estima que el precio medio del megavatio hora (MWh) ha superado los 180 euros, reflejando un contexto de gran incertidumbre en el mercado.<\/p>\n<h3>\u00bfCu\u00e1l es la mejor tarifa de luz en Espa\u00f1a hoy?<\/h3>\n<p>Determinar la mejor tarifa de luz depende de varios factores, incluyendo el patr\u00f3n de consumo de cada hogar y las horas de uso. Actualmente, el mercado ofrece diversas opciones, incluyendo tarifas fijas y variables. Las tarifas fijas proporcionan estabilidad en el importe a pagar cada mes, mientras que las tarifas variables pueden ajustarse al precio del mercado, lo que puede resultar en ahorros en momentos de precios m\u00e1s bajos. Es recomendable comparar diferentes ofertas y leer las condiciones antes de decidirse por una tarifa espec\u00edfica.<\/p>\n<h3>Informaci\u00f3n sobre el bono social el\u00e9ctrico<\/h3>\n<p>El bono social el\u00e9ctrico es un descuento que se aplica a la factura de electricidad de familias en situaci\u00f3n de vulnerabilidad econ\u00f3mica. Este programa est\u00e1 dirigido a consumidores con ciertos niveles de ingresos, as\u00ed como a aquellos que tienen cargas familiares o condiciones especiales. Las ayudas pueden variar, pero generalmente ofrecen un descuento significativo en el t\u00e9rmino de potencia y el consumo. Para acceder a este bono, es necesario cumplir con los requisitos establecidos y presentar la documentaci\u00f3n pertinente a la compa\u00f1\u00eda el\u00e9ctrica.<\/p>\n","protected":false},"excerpt":{"rendered":"<p>En los \u00faltimos meses el precio de la luz no ha dado tregua a los consumidores. El constante encarecimiento de la electricidad en el mercado mayorista, se encuentra a m\u00e1ximos hist\u00f3ricos este a\u00f1o, \u00bfPero cu\u00e1les son las causas de estos elevados precios en el mercado? Analizamos cu\u00e1les son los principales desencadenantes de esta situaci\u00f3n en los mercados y c\u00f3mo es posible revertir sus consecuencias en nuestra factura de luz.<\/p>\n","protected":false},"author":17,"featured_media":0,"comment_status":"open","ping_status":"closed","sticky":false,"template":"","format":"standard","meta":{"inline_featured_image":false,"footnotes":""},"categories":[50],"tags":[],"acf":{"fecha_de_la_entrada":"20211124","imagen_portada":26700,"categoria_blog":null,"tipo_de_distribuidora":null,"tiempo_lectura":"","banner_bool":false,"titulo_banner":"","texto_banner":"","texto_boton_banner":"","url_boton_banner":"","post_relacionados":""},"yoast_head":"<!-- This site is optimized with the Yoast SEO plugin v22.2 - https:\/\/yoast.com\/wordpress\/plugins\/seo\/ -->\n<title>Subida del precio de la luz: causas y soluciones para ahorrar en la factura<\/title>\n<meta name=\"description\" content=\"La subida del precio de la luz en Espa\u00f1a ha generado una gran preocupaci\u00f3n en la poblaci\u00f3n, muchos hogares y empresas han visto incrementadas sus facturas.\" \/>\n<meta name=\"robots\" content=\"index, follow, max-snippet:-1, max-image-preview:large, max-video-preview:-1\" \/>\n<link rel=\"canonical\" href=\"https:\/\/www.factorenergia.com\/es\/blog\/ahorrar-electricidad\/por-que-sube-precio-luz\/\" \/>\n<meta name=\"twitter:card\" content=\"summary_large_image\" \/>\n<meta name=\"twitter:title\" content=\"Subida del precio de la luz: causas y soluciones para ahorrar en la factura\" \/>\n<meta name=\"twitter:description\" content=\"La subida del precio de la luz en Espa\u00f1a ha generado una gran preocupaci\u00f3n en la poblaci\u00f3n, muchos hogares y empresas han visto incrementadas sus facturas.\" \/>\n<meta name=\"twitter:creator\" content=\"@factorenergia\" \/>\n<meta name=\"twitter:site\" content=\"@factorenergia\" \/>\n<meta name=\"twitter:label1\" content=\"Escrito por\" \/>\n\t<meta name=\"twitter:data1\" content=\"Equipo Transici\u00f3n Energ\u00e9tica Factorenergia\" \/>\n\t<meta name=\"twitter:label2\" content=\"Tiempo de lectura\" \/>\n\t<meta name=\"twitter:data2\" content=\"10 minutos\" \/>\n<script type=\"application\/ld+json\" class=\"yoast-schema-graph\">{\"@context\":\"https:\/\/schema.org\",\"@graph\":[{\"@type\":\"WebPage\",\"@id\":\"https:\/\/www.factorenergia.com\/es\/blog\/ahorrar-electricidad\/por-que-sube-precio-luz\/\",\"url\":\"https:\/\/www.factorenergia.com\/es\/blog\/ahorrar-electricidad\/por-que-sube-precio-luz\/\",\"name\":\"Subida del precio de la luz: causas y soluciones para ahorrar en la factura\",\"isPartOf\":{\"@id\":\"https:\/\/www.factorenergia.com\/es\/#website\"},\"datePublished\":\"2024-10-23T08:08:10+00:00\",\"dateModified\":\"2025-08-07T07:11:29+00:00\",\"author\":{\"@id\":\"https:\/\/www.factorenergia.com\/es\/#\/schema\/person\/dff9e4b6dc520720e3a37bdaaedc5841\"},\"description\":\"La subida del precio de la luz en Espa\u00f1a ha generado una gran preocupaci\u00f3n en la poblaci\u00f3n, muchos hogares y empresas han visto incrementadas sus facturas.\",\"breadcrumb\":{\"@id\":\"https:\/\/www.factorenergia.com\/es\/blog\/ahorrar-electricidad\/por-que-sube-precio-luz\/#breadcrumb\"},\"inLanguage\":\"es\",\"potentialAction\":[{\"@type\":\"ReadAction\",\"target\":[\"https:\/\/www.factorenergia.com\/es\/blog\/ahorrar-electricidad\/por-que-sube-precio-luz\/\"]}]},{\"@type\":\"BreadcrumbList\",\"@id\":\"https:\/\/www.factorenergia.com\/es\/blog\/ahorrar-electricidad\/por-que-sube-precio-luz\/#breadcrumb\",\"itemListElement\":[{\"@type\":\"ListItem\",\"position\":1,\"name\":\"Portada\",\"item\":\"https:\/\/www.factorenergia.com\/es\/\"},{\"@type\":\"ListItem\",\"position\":2,\"name\":\"Subida del precio de la luz: causas y soluciones para ahorrar en la factura\"}]},{\"@type\":\"WebSite\",\"@id\":\"https:\/\/www.factorenergia.com\/es\/#website\",\"url\":\"https:\/\/www.factorenergia.com\/es\/\",\"name\":\"factorenergia\",\"description\":\"Factor Energ\u00eda\",\"potentialAction\":[{\"@type\":\"SearchAction\",\"target\":{\"@type\":\"EntryPoint\",\"urlTemplate\":\"https:\/\/www.factorenergia.com\/es\/?s={search_term_string}\"},\"query-input\":\"required name=search_term_string\"}],\"inLanguage\":\"es\"},{\"@type\":\"Person\",\"@id\":\"https:\/\/www.factorenergia.com\/es\/#\/schema\/person\/dff9e4b6dc520720e3a37bdaaedc5841\",\"name\":\"Equipo Transici\u00f3n Energ\u00e9tica Factorenergia\",\"image\":{\"@type\":\"ImageObject\",\"inLanguage\":\"es\",\"@id\":\"https:\/\/www.factorenergia.com\/es\/#\/schema\/person\/image\/\",\"url\":\"https:\/\/secure.gravatar.com\/avatar\/1b7c76bab80ee1c4261b06108874e24b?s=96&d=mm&r=g\",\"contentUrl\":\"https:\/\/secure.gravatar.com\/avatar\/1b7c76bab80ee1c4261b06108874e24b?s=96&d=mm&r=g\",\"caption\":\"Equipo Transici\u00f3n Energ\u00e9tica Factorenergia\"},\"description\":\"El equipo est\u00e1 formado por expertos en materia de Luz, Gas y Eficiencia Energ\u00e9tica, que conocen de primera mano las tendencias del mercado. Su experiencia en el sector les permite ofrecer las mejores soluciones energ\u00e9ticas y resolver las dudas planteadas por los clientes.\",\"sameAs\":[\"https:\/\/www.factorenergia.com\/es\/\",\"https:\/\/www.facebook.com\/factorenergiacom\",\"https:\/\/www.instagram.com\/factorenergia_com\/\",\"https:\/\/es.linkedin.com\/company\/factor-energia\",\"https:\/\/twitter.com\/factorenergia\",\"https:\/\/www.youtube.com\/c\/factorenergiacom\"],\"url\":\"https:\/\/www.factorenergia.com\/es\/blog\/author\/marketing\/\"}]}<\/script>\n<!-- \/ Yoast SEO plugin. -->","yoast_head_json":{"title":"Subida del precio de la luz: causas y soluciones para ahorrar en la factura","description":"La subida del precio de la luz en Espa\u00f1a ha generado una gran preocupaci\u00f3n en la poblaci\u00f3n, muchos hogares y empresas han visto incrementadas sus facturas.","robots":{"index":"index","follow":"follow","max-snippet":"max-snippet:-1","max-image-preview":"max-image-preview:large","max-video-preview":"max-video-preview:-1"},"canonical":"https:\/\/www.factorenergia.com\/es\/blog\/ahorrar-electricidad\/por-que-sube-precio-luz\/","twitter_card":"summary_large_image","twitter_title":"Subida del precio de la luz: causas y soluciones para ahorrar en la factura","twitter_description":"La subida del precio de la luz en Espa\u00f1a ha generado una gran preocupaci\u00f3n en la poblaci\u00f3n, muchos hogares y empresas han visto incrementadas sus facturas.","twitter_creator":"@factorenergia","twitter_site":"@factorenergia","twitter_misc":{"Escrito por":"Equipo Transici\u00f3n Energ\u00e9tica Factorenergia","Tiempo de lectura":"10 minutos"},"schema":{"@context":"https:\/\/schema.org","@graph":[{"@type":"WebPage","@id":"https:\/\/www.factorenergia.com\/es\/blog\/ahorrar-electricidad\/por-que-sube-precio-luz\/","url":"https:\/\/www.factorenergia.com\/es\/blog\/ahorrar-electricidad\/por-que-sube-precio-luz\/","name":"Subida del precio de la luz: causas y soluciones para ahorrar en la factura","isPartOf":{"@id":"https:\/\/www.factorenergia.com\/es\/#website"},"datePublished":"2024-10-23T08:08:10+00:00","dateModified":"2025-08-07T07:11:29+00:00","author":{"@id":"https:\/\/www.factorenergia.com\/es\/#\/schema\/person\/dff9e4b6dc520720e3a37bdaaedc5841"},"description":"La subida del precio de la luz en Espa\u00f1a ha generado una gran preocupaci\u00f3n en la poblaci\u00f3n, muchos hogares y empresas han visto incrementadas sus facturas.","breadcrumb":{"@id":"https:\/\/www.factorenergia.com\/es\/blog\/ahorrar-electricidad\/por-que-sube-precio-luz\/#breadcrumb"},"inLanguage":"es","potentialAction":[{"@type":"ReadAction","target":["https:\/\/www.factorenergia.com\/es\/blog\/ahorrar-electricidad\/por-que-sube-precio-luz\/"]}]},{"@type":"BreadcrumbList","@id":"https:\/\/www.factorenergia.com\/es\/blog\/ahorrar-electricidad\/por-que-sube-precio-luz\/#breadcrumb","itemListElement":[{"@type":"ListItem","position":1,"name":"Portada","item":"https:\/\/www.factorenergia.com\/es\/"},{"@type":"ListItem","position":2,"name":"Subida del precio de la luz: causas y soluciones para ahorrar en la factura"}]},{"@type":"WebSite","@id":"https:\/\/www.factorenergia.com\/es\/#website","url":"https:\/\/www.factorenergia.com\/es\/","name":"factorenergia","description":"Factor Energ\u00eda","potentialAction":[{"@type":"SearchAction","target":{"@type":"EntryPoint","urlTemplate":"https:\/\/www.factorenergia.com\/es\/?s={search_term_string}"},"query-input":"required name=search_term_string"}],"inLanguage":"es"},{"@type":"Person","@id":"https:\/\/www.factorenergia.com\/es\/#\/schema\/person\/dff9e4b6dc520720e3a37bdaaedc5841","name":"Equipo Transici\u00f3n Energ\u00e9tica Factorenergia","image":{"@type":"ImageObject","inLanguage":"es","@id":"https:\/\/www.factorenergia.com\/es\/#\/schema\/person\/image\/","url":"https:\/\/secure.gravatar.com\/avatar\/1b7c76bab80ee1c4261b06108874e24b?s=96&d=mm&r=g","contentUrl":"https:\/\/secure.gravatar.com\/avatar\/1b7c76bab80ee1c4261b06108874e24b?s=96&d=mm&r=g","caption":"Equipo Transici\u00f3n Energ\u00e9tica Factorenergia"},"description":"El equipo est\u00e1 formado por expertos en materia de Luz, Gas y Eficiencia Energ\u00e9tica, que conocen de primera mano las tendencias del mercado. Su experiencia en el sector les permite ofrecer las mejores soluciones energ\u00e9ticas y resolver las dudas planteadas por los clientes.","sameAs":["https:\/\/www.factorenergia.com\/es\/","https:\/\/www.facebook.com\/factorenergiacom","https:\/\/www.instagram.com\/factorenergia_com\/","https:\/\/es.linkedin.com\/company\/factor-energia","https:\/\/twitter.com\/factorenergia","https:\/\/www.youtube.com\/c\/factorenergiacom"],"url":"https:\/\/www.factorenergia.com\/es\/blog\/author\/marketing\/"}]}},"_links":{"self":[{"href":"https:\/\/www.factorenergia.com\/es\/wp-json\/wp\/v2\/posts\/11701"}],"collection":[{"href":"https:\/\/www.factorenergia.com\/es\/wp-json\/wp\/v2\/posts"}],"about":[{"href":"https:\/\/www.factorenergia.com\/es\/wp-json\/wp\/v2\/types\/post"}],"author":[{"embeddable":true,"href":"https:\/\/www.factorenergia.com\/es\/wp-json\/wp\/v2\/users\/17"}],"replies":[{"embeddable":true,"href":"https:\/\/www.factorenergia.com\/es\/wp-json\/wp\/v2\/comments?post=11701"}],"version-history":[{"count":10,"href":"https:\/\/www.factorenergia.com\/es\/wp-json\/wp\/v2\/posts\/11701\/revisions"}],"predecessor-version":[{"id":26702,"href":"https:\/\/www.factorenergia.com\/es\/wp-json\/wp\/v2\/posts\/11701\/revisions\/26702"}],"wp:attachment":[{"href":"https:\/\/www.factorenergia.com\/es\/wp-json\/wp\/v2\/media?parent=11701"}],"wp:term":[{"taxonomy":"category","embeddable":true,"href":"https:\/\/www.factorenergia.com\/es\/wp-json\/wp\/v2\/categories?post=11701"},{"taxonomy":"post_tag","embeddable":true,"href":"https:\/\/www.factorenergia.com\/es\/wp-json\/wp\/v2\/tags?post=11701"}],"curies":[{"name":"wp","href":"https:\/\/api.w.org\/{rel}","templated":true}]}}