{"id":11005,"date":"2021-06-16T09:29:34","date_gmt":"2021-06-16T07:29:34","guid":{"rendered":"https:\/\/www.factorenergia.com\/es\/?post_type=blog&#038;p=11005"},"modified":"2025-07-31T17:27:33","modified_gmt":"2025-07-31T15:27:33","slug":"cuanto-cuesta-cargar-un-coche-electrico","status":"publish","type":"post","link":"https:\/\/www.factorenergia.com\/es\/blog\/movilidad-electrica\/cuanto-cuesta-cargar-un-coche-electrico\/","title":{"rendered":"\u00bfCu\u00e1nto cuesta cargar un coche el\u00e9ctrico?"},"content":{"rendered":"<p style=\"text-align: justify;\">A la hora de comprar veh\u00edculo el\u00e9ctrico la duda m\u00e1s com\u00fan entre los usuarios es el coste de la instalaci\u00f3n del punto de recarga, pero tambi\u00e9n es importante saber cu\u00e1nto cuesta cargar\u00a0un coche el\u00e9ctrico. Esto ser\u00e1 lo que nos permita comparar su consumo con el de un veh\u00edculo convencional.<\/p>\n<p style=\"text-align: justify;\">Aunque en general moverse en veh\u00edculo el\u00e9ctrico <strong>es m\u00e1s barato que en un di\u00e9sel o gasolina<\/strong>, debemos tener en cuenta diferentes factores para determinar el coste de su recarga.<\/p>\n<p style=\"text-align: justify;\">Para calcular cu\u00e1nto cuesta repostar un veh\u00edculo convencional nos basta con multiplicar el consumo del coche por el precio del litro del combustible.<\/p>\n<p style=\"text-align: justify;\">Sin embargo, en el caso de los veh\u00edculos el\u00e9ctricos, existen diferentes variables a tener en cuenta. De ese modo, el coste de recargar depender\u00e1 de: <strong>el lugar en el que se realiza<\/strong>, en casa o en un punto de recarga p\u00fablico, <strong>del precio del kW\/h<\/strong>\u00a0o <strong>de la potencia a la que se realiza<\/strong>, entre otros muchos otros factores.<\/p>\n<p style=\"text-align: justify;\">\r\n<script type=\"text\/javascript\" async defer>\r\n\r\n    jQuery(document).ready(function(){\t\t\r\n\t\t\r\n\t});\r\n<\/script>\r\n\r\n<style>\r\n\t.block-interested_posts{\r\n        margin-top: 10px;\r\n        padding: 20px;\r\n        border: 2px solid #92C200;\r\n    }\r\n    .block-interested_posts ul{\r\n        margin-bottom:0px;\r\n    }\r\n    .block-interested_posts ul li{\r\n        margin-bottom:5px;\r\n    }\r\n    .block-interested_posts ul li a{\r\n        \/*color: #DF981E;*\/\r\n    }\r\n\r\n<\/style>\r\n\r\n<div class=\"block-interested_posts\">\r\n    <p><strong>Post que te pueden interesar<\/strong><\/p>\r\n    <ul>\r\n                    <li><a href=\"https:\/\/www.factorenergia.com\/es\/blog\/movilidad-electrica\/puntos-recarga-coche-electrico\/\" title=\"Puntos de recarga para coches el\u00e9ctricos: todo lo que necesitas saber\">Puntos de recarga para coches el\u00e9ctricos: todo lo que necesitas saber<\/a><\/li>\r\n                    <li><a href=\"https:\/\/www.factorenergia.com\/es\/blog\/movilidad-electrica\/plan-moves-iii\/\" title=\"Plan MOVES III: ayudas para puntos de recarga\">Plan MOVES III: ayudas para puntos de recarga<\/a><\/li>\r\n            <\/ul>\t\r\n<\/div><\/p>\n<h2 style=\"font-size: 20px !important; color: #777777;\"><strong>Y \u00bfD\u00f3nde puedes cargar tu coche el\u00e9ctrico?<\/strong><\/h2>\n<p style=\"text-align: justify;\">Saber cu\u00e1nto cuesta cargar un coche el\u00e9ctrico es importante pero tambi\u00e9n conocer donde puedes cargarlo. En los \u00faltimos a\u00f1os, el n\u00famero de puntos de recarga en la v\u00eda p\u00fablica o centros comerciales, se ha multiplicado.<\/p>\n<p style=\"text-align: justify;\">Tambi\u00e9n existen las <strong>electrolineras<\/strong>, estaciones que proporcionan electricidad para la recarga r\u00e1pida de las bater\u00edas de los veh\u00edculos el\u00e9ctricos. Estas nos permitir\u00e1n repostar nuestro coche durante las rutas m\u00e1s largas.<\/p>\n<p style=\"text-align: justify;\">Ahora bien, <strong>el lugar m\u00e1s importante para recargar nuestros coches el\u00e9ctricos es nuestra propia casa<\/strong>. Es all\u00ed donde ser\u00e1 especialmente f\u00e1cil recargar el veh\u00edculo el\u00e9ctrico; ya sea instalando un punto de recarga en un domicilio unifamiliar con garaje propio, o bien, en caso de vivir en un piso, en el parking comunitario.<\/p>\n<p style=\"text-align: justify;\"><div class=\"text-center center blog-cta\"><p>&iexcl;Instala un punto de recarga para tu coche el&eacute;ctrico con factorenergia!<\/p><a class=\"blog-cta primary-btn text-center solicitar-estudio\" target=\"_blank\" title=\"SOLICITA TU ESTUDIO GRATUITO\" href=\"https:\/\/www.factorenergia.com\/es\/hogares\/puntos-recarga-electricos\/\">SOLICITA TU ESTUDIO GRATUITO<\/a><p><\/p><div style=\"display:none;\"><p>&iexcl;Instala un punto de recarga para tu coche el&eacute;ctrico con factorenergia!<\/p><\/div>\n\t\t\t<script type='text\/javascript'>\n\t\t\t\tjQuery('.solicitar-estudio').click(function(){\t\t\t\t\t\t\t\t\t\n\t\t\t\t\tdataLayer.push({'language': 'es'});\n\t\t\t\t\tdataLayer.push({'post_id': '11005'});\n\t\t\t\t\tdataLayer.push({'cat_type': 'ce'});\n\t\t\t\t});\n\t\t\t<\/script>\n\t\t<\/div><br\/><\/p>\n<p style=\"text-align: justify;\">Como\u00a0ya explicamos\u00a0en anteriores post, los usuarios de veh\u00edculos el\u00e9ctricos <strong>pueden recibir una subvenci\u00f3n de hasta el 70% del coste total de la instalaci\u00f3n del punto de recarga<\/strong>. Y, en el caso de los habitantes de municipios de menos de 5.000 habitantes, de hasta el 80% del total. Esto si se acogen al <a href=\"https:\/\/www.factorenergia.com\/es\/blog\/movilidad-electrica\/plan-moves-iii\/\" title=\"Plan Moves III\" target=\"_blank\" rel=\"noopener noreferrer\">Plan Moves III<\/a>, que actualmente tiene una vigencia hasta el 31 de diciembre del a\u00f1o 2023, siendo un presupuesto vivo que se ir\u00e1 reforzando con el paso de los a\u00f1os.<\/p>\n<h2 style=\"font-size: 20px !important; color: #777777;\"><strong>Tu tarifa de luz para coche el\u00e9ctrico con factorenergia<\/strong><\/h2>\n<p style=\"text-align: justify;\">Aunque el coste de cargar un veh\u00edculo el\u00e9ctrico se trata de un valor variable, en factorenergia, <strong>queremos ayudarte a ahorrar<\/strong> y ponemos a tu disposici\u00f3n la <a href=\"https:\/\/www.factorenergia.com\/es\/tarifas-de-luz\/\" title=\"tarifas de electricidad\" target=\"_blank\" rel=\"noopener noreferrer\">tarifa de luz<\/a> que mejor se adapte a tus necesidades energ\u00e9ticas.<\/p>\n<p style=\"text-align: justify;\">Si quieres notar un ahorro a final de mes, te recomendamos que <strong>concentres tu consumo el\u00e9ctrico y recargues tu veh\u00edculo en aquellas horas en las que el kilovatio es m\u00e1s barato, es decir, en las horas valle<\/strong>. Ahorrar\u00e1s en tu factura de la luz a la vez que apuestas por una movilidad sostenible y respetuosa con el medioambiente.<\/p>\n<p style=\"text-align: justify;\">Si tienes dudas puedes llamarnos al 900 377 538 o escribir un correo a carreteraelectrica@factorenergia.com. Tambi\u00e9n puedes rellenar nuestro formulario web y te enviaremos, sin compromiso, una oferta personalizada para la instalaci\u00f3n de un punto de recarga para tu vivienda.<\/p>\n<p>&nbsp;<\/p>\n","protected":false},"excerpt":{"rendered":"<p>En un momento en el que cada vez es m\u00e1s claro que el futuro de la movilidad es el\u00e9ctrico, es probable que te preguntes cu\u00e1nto cuesta cargar un coche el\u00e9ctrico. En este post, damos respuesta a esta duda y te damos consejos para ahorrar en tu factura de la luz.<\/p>\n","protected":false},"author":17,"featured_media":0,"comment_status":"open","ping_status":"closed","sticky":false,"template":"","format":"standard","meta":{"inline_featured_image":false,"footnotes":""},"categories":[62],"tags":[],"acf":{"fecha_de_la_entrada":"20210616","imagen_portada":29126,"categoria_blog":null,"tipo_de_distribuidora":null,"tiempo_lectura":"","banner_bool":false,"titulo_banner":"","texto_banner":"","texto_boton_banner":"","url_boton_banner":"","post_relacionados":""},"yoast_head":"<!-- This site is optimized with the Yoast SEO plugin v22.2 - https:\/\/yoast.com\/wordpress\/plugins\/seo\/ -->\n<title>\u00bfCu\u00e1nto cuesta cargar un coche el\u00e9ctrico? - factorenergia<\/title>\n<meta name=\"description\" content=\"La movilidad el\u00e9ctrica est\u00e1 en auge, pero \u00bftienes dudas sobre cu\u00e1nto cuesta cargar un coche el\u00e9ctrico? \u00a1Te explicamos todo!\" \/>\n<meta name=\"robots\" content=\"index, follow, max-snippet:-1, max-image-preview:large, max-video-preview:-1\" \/>\n<link rel=\"canonical\" href=\"https:\/\/www.factorenergia.com\/es\/blog\/movilidad-electrica\/cuanto-cuesta-cargar-un-coche-electrico\/\" \/>\n<meta name=\"twitter:card\" content=\"summary_large_image\" \/>\n<meta name=\"twitter:title\" content=\"\u00bfCu\u00e1nto cuesta cargar un coche el\u00e9ctrico? - factorenergia\" \/>\n<meta name=\"twitter:description\" content=\"La movilidad el\u00e9ctrica est\u00e1 en auge, pero \u00bftienes dudas sobre cu\u00e1nto cuesta cargar un coche el\u00e9ctrico? \u00a1Te explicamos todo!\" \/>\n<meta name=\"twitter:creator\" content=\"@factorenergia\" \/>\n<meta name=\"twitter:site\" content=\"@factorenergia\" \/>\n<meta name=\"twitter:label1\" content=\"Escrito por\" \/>\n\t<meta name=\"twitter:data1\" content=\"Equipo Transici\u00f3n Energ\u00e9tica Factorenergia\" \/>\n\t<meta name=\"twitter:label2\" content=\"Tiempo de lectura\" \/>\n\t<meta name=\"twitter:data2\" content=\"3 minutos\" \/>\n<script type=\"application\/ld+json\" class=\"yoast-schema-graph\">{\"@context\":\"https:\/\/schema.org\",\"@graph\":[{\"@type\":\"WebPage\",\"@id\":\"https:\/\/www.factorenergia.com\/es\/blog\/movilidad-electrica\/cuanto-cuesta-cargar-un-coche-electrico\/\",\"url\":\"https:\/\/www.factorenergia.com\/es\/blog\/movilidad-electrica\/cuanto-cuesta-cargar-un-coche-electrico\/\",\"name\":\"\u00bfCu\u00e1nto cuesta cargar un coche el\u00e9ctrico? - factorenergia\",\"isPartOf\":{\"@id\":\"https:\/\/www.factorenergia.com\/es\/#website\"},\"datePublished\":\"2021-06-16T07:29:34+00:00\",\"dateModified\":\"2025-07-31T15:27:33+00:00\",\"author\":{\"@id\":\"https:\/\/www.factorenergia.com\/es\/#\/schema\/person\/dff9e4b6dc520720e3a37bdaaedc5841\"},\"description\":\"La movilidad el\u00e9ctrica est\u00e1 en auge, pero \u00bftienes dudas sobre cu\u00e1nto cuesta cargar un coche el\u00e9ctrico? \u00a1Te explicamos todo!\",\"breadcrumb\":{\"@id\":\"https:\/\/www.factorenergia.com\/es\/blog\/movilidad-electrica\/cuanto-cuesta-cargar-un-coche-electrico\/#breadcrumb\"},\"inLanguage\":\"es\",\"potentialAction\":[{\"@type\":\"ReadAction\",\"target\":[\"https:\/\/www.factorenergia.com\/es\/blog\/movilidad-electrica\/cuanto-cuesta-cargar-un-coche-electrico\/\"]}]},{\"@type\":\"BreadcrumbList\",\"@id\":\"https:\/\/www.factorenergia.com\/es\/blog\/movilidad-electrica\/cuanto-cuesta-cargar-un-coche-electrico\/#breadcrumb\",\"itemListElement\":[{\"@type\":\"ListItem\",\"position\":1,\"name\":\"Portada\",\"item\":\"https:\/\/www.factorenergia.com\/es\/\"},{\"@type\":\"ListItem\",\"position\":2,\"name\":\"\u00bfCu\u00e1nto cuesta cargar un coche el\u00e9ctrico?\"}]},{\"@type\":\"WebSite\",\"@id\":\"https:\/\/www.factorenergia.com\/es\/#website\",\"url\":\"https:\/\/www.factorenergia.com\/es\/\",\"name\":\"factorenergia\",\"description\":\"Factor Energ\u00eda\",\"potentialAction\":[{\"@type\":\"SearchAction\",\"target\":{\"@type\":\"EntryPoint\",\"urlTemplate\":\"https:\/\/www.factorenergia.com\/es\/?s={search_term_string}\"},\"query-input\":\"required name=search_term_string\"}],\"inLanguage\":\"es\"},{\"@type\":\"Person\",\"@id\":\"https:\/\/www.factorenergia.com\/es\/#\/schema\/person\/dff9e4b6dc520720e3a37bdaaedc5841\",\"name\":\"Equipo Transici\u00f3n Energ\u00e9tica Factorenergia\",\"image\":{\"@type\":\"ImageObject\",\"inLanguage\":\"es\",\"@id\":\"https:\/\/www.factorenergia.com\/es\/#\/schema\/person\/image\/\",\"url\":\"https:\/\/secure.gravatar.com\/avatar\/1b7c76bab80ee1c4261b06108874e24b?s=96&d=mm&r=g\",\"contentUrl\":\"https:\/\/secure.gravatar.com\/avatar\/1b7c76bab80ee1c4261b06108874e24b?s=96&d=mm&r=g\",\"caption\":\"Equipo Transici\u00f3n Energ\u00e9tica Factorenergia\"},\"description\":\"El equipo est\u00e1 formado por expertos en materia de Luz, Gas y Eficiencia Energ\u00e9tica, que conocen de primera mano las tendencias del mercado. Su experiencia en el sector les permite ofrecer las mejores soluciones energ\u00e9ticas y resolver las dudas planteadas por los clientes.\",\"sameAs\":[\"https:\/\/www.factorenergia.com\/es\/\",\"https:\/\/www.facebook.com\/factorenergiacom\",\"https:\/\/www.instagram.com\/factorenergia_com\/\",\"https:\/\/es.linkedin.com\/company\/factor-energia\",\"https:\/\/twitter.com\/factorenergia\",\"https:\/\/www.youtube.com\/c\/factorenergiacom\"],\"url\":\"https:\/\/www.factorenergia.com\/es\/blog\/author\/marketing\/\"}]}<\/script>\n<!-- \/ Yoast SEO plugin. -->","yoast_head_json":{"title":"\u00bfCu\u00e1nto cuesta cargar un coche el\u00e9ctrico? - factorenergia","description":"La movilidad el\u00e9ctrica est\u00e1 en auge, pero \u00bftienes dudas sobre cu\u00e1nto cuesta cargar un coche el\u00e9ctrico? \u00a1Te explicamos todo!","robots":{"index":"index","follow":"follow","max-snippet":"max-snippet:-1","max-image-preview":"max-image-preview:large","max-video-preview":"max-video-preview:-1"},"canonical":"https:\/\/www.factorenergia.com\/es\/blog\/movilidad-electrica\/cuanto-cuesta-cargar-un-coche-electrico\/","twitter_card":"summary_large_image","twitter_title":"\u00bfCu\u00e1nto cuesta cargar un coche el\u00e9ctrico? - factorenergia","twitter_description":"La movilidad el\u00e9ctrica est\u00e1 en auge, pero \u00bftienes dudas sobre cu\u00e1nto cuesta cargar un coche el\u00e9ctrico? \u00a1Te explicamos todo!","twitter_creator":"@factorenergia","twitter_site":"@factorenergia","twitter_misc":{"Escrito por":"Equipo Transici\u00f3n Energ\u00e9tica Factorenergia","Tiempo de lectura":"3 minutos"},"schema":{"@context":"https:\/\/schema.org","@graph":[{"@type":"WebPage","@id":"https:\/\/www.factorenergia.com\/es\/blog\/movilidad-electrica\/cuanto-cuesta-cargar-un-coche-electrico\/","url":"https:\/\/www.factorenergia.com\/es\/blog\/movilidad-electrica\/cuanto-cuesta-cargar-un-coche-electrico\/","name":"\u00bfCu\u00e1nto cuesta cargar un coche el\u00e9ctrico? - factorenergia","isPartOf":{"@id":"https:\/\/www.factorenergia.com\/es\/#website"},"datePublished":"2021-06-16T07:29:34+00:00","dateModified":"2025-07-31T15:27:33+00:00","author":{"@id":"https:\/\/www.factorenergia.com\/es\/#\/schema\/person\/dff9e4b6dc520720e3a37bdaaedc5841"},"description":"La movilidad el\u00e9ctrica est\u00e1 en auge, pero \u00bftienes dudas sobre cu\u00e1nto cuesta cargar un coche el\u00e9ctrico? \u00a1Te explicamos todo!","breadcrumb":{"@id":"https:\/\/www.factorenergia.com\/es\/blog\/movilidad-electrica\/cuanto-cuesta-cargar-un-coche-electrico\/#breadcrumb"},"inLanguage":"es","potentialAction":[{"@type":"ReadAction","target":["https:\/\/www.factorenergia.com\/es\/blog\/movilidad-electrica\/cuanto-cuesta-cargar-un-coche-electrico\/"]}]},{"@type":"BreadcrumbList","@id":"https:\/\/www.factorenergia.com\/es\/blog\/movilidad-electrica\/cuanto-cuesta-cargar-un-coche-electrico\/#breadcrumb","itemListElement":[{"@type":"ListItem","position":1,"name":"Portada","item":"https:\/\/www.factorenergia.com\/es\/"},{"@type":"ListItem","position":2,"name":"\u00bfCu\u00e1nto cuesta cargar un coche el\u00e9ctrico?"}]},{"@type":"WebSite","@id":"https:\/\/www.factorenergia.com\/es\/#website","url":"https:\/\/www.factorenergia.com\/es\/","name":"factorenergia","description":"Factor Energ\u00eda","potentialAction":[{"@type":"SearchAction","target":{"@type":"EntryPoint","urlTemplate":"https:\/\/www.factorenergia.com\/es\/?s={search_term_string}"},"query-input":"required name=search_term_string"}],"inLanguage":"es"},{"@type":"Person","@id":"https:\/\/www.factorenergia.com\/es\/#\/schema\/person\/dff9e4b6dc520720e3a37bdaaedc5841","name":"Equipo Transici\u00f3n Energ\u00e9tica Factorenergia","image":{"@type":"ImageObject","inLanguage":"es","@id":"https:\/\/www.factorenergia.com\/es\/#\/schema\/person\/image\/","url":"https:\/\/secure.gravatar.com\/avatar\/1b7c76bab80ee1c4261b06108874e24b?s=96&d=mm&r=g","contentUrl":"https:\/\/secure.gravatar.com\/avatar\/1b7c76bab80ee1c4261b06108874e24b?s=96&d=mm&r=g","caption":"Equipo Transici\u00f3n Energ\u00e9tica Factorenergia"},"description":"El equipo est\u00e1 formado por expertos en materia de Luz, Gas y Eficiencia Energ\u00e9tica, que conocen de primera mano las tendencias del mercado. Su experiencia en el sector les permite ofrecer las mejores soluciones energ\u00e9ticas y resolver las dudas planteadas por los clientes.","sameAs":["https:\/\/www.factorenergia.com\/es\/","https:\/\/www.facebook.com\/factorenergiacom","https:\/\/www.instagram.com\/factorenergia_com\/","https:\/\/es.linkedin.com\/company\/factor-energia","https:\/\/twitter.com\/factorenergia","https:\/\/www.youtube.com\/c\/factorenergiacom"],"url":"https:\/\/www.factorenergia.com\/es\/blog\/author\/marketing\/"}]}},"_links":{"self":[{"href":"https:\/\/www.factorenergia.com\/es\/wp-json\/wp\/v2\/posts\/11005"}],"collection":[{"href":"https:\/\/www.factorenergia.com\/es\/wp-json\/wp\/v2\/posts"}],"about":[{"href":"https:\/\/www.factorenergia.com\/es\/wp-json\/wp\/v2\/types\/post"}],"author":[{"embeddable":true,"href":"https:\/\/www.factorenergia.com\/es\/wp-json\/wp\/v2\/users\/17"}],"replies":[{"embeddable":true,"href":"https:\/\/www.factorenergia.com\/es\/wp-json\/wp\/v2\/comments?post=11005"}],"version-history":[{"count":3,"href":"https:\/\/www.factorenergia.com\/es\/wp-json\/wp\/v2\/posts\/11005\/revisions"}],"predecessor-version":[{"id":29129,"href":"https:\/\/www.factorenergia.com\/es\/wp-json\/wp\/v2\/posts\/11005\/revisions\/29129"}],"wp:attachment":[{"href":"https:\/\/www.factorenergia.com\/es\/wp-json\/wp\/v2\/media?parent=11005"}],"wp:term":[{"taxonomy":"category","embeddable":true,"href":"https:\/\/www.factorenergia.com\/es\/wp-json\/wp\/v2\/categories?post=11005"},{"taxonomy":"post_tag","embeddable":true,"href":"https:\/\/www.factorenergia.com\/es\/wp-json\/wp\/v2\/tags?post=11005"}],"curies":[{"name":"wp","href":"https:\/\/api.w.org\/{rel}","templated":true}]}}