{"id":10233,"date":"2021-03-12T13:12:07","date_gmt":"2021-03-12T11:12:07","guid":{"rendered":"https:\/\/www.factorenergia.com\/es\/?post_type=blog&#038;p=10233"},"modified":"2025-08-06T17:54:15","modified_gmt":"2025-08-06T15:54:15","slug":"factorenergia-colabora-en-red-de-autoconsumo-compartido","status":"publish","type":"post","link":"https:\/\/www.factorenergia.com\/es\/blog\/noticias\/factorenergia-colabora-en-red-de-autoconsumo-compartido\/","title":{"rendered":"Factorenergia en la primera red de autoconsumo compartido basado en \u2018blockchain\u2019"},"content":{"rendered":"\n<script type=\"text\/javascript\" id=\"auto-index\" async defer>\n\n      function indexContent(context){\n\n      var container = document.querySelector(context);\n\n      element = document.getElementById(\"accordion-index\");\n      var titles = Array.from(container.querySelectorAll(\"h2,h3\"));\n\n      for (var i = 0, l = titles.length; i < l; i++) {\n\n\t\tjQuery('#accordionIndex').show();\n\n        var tit = titles[i];\n\t\tvar newTitle = tit.textContent.toLowerCase().replace(\/[^a-zA-Z ]\/g, \"\").replace(\/\\s\/g, '-');\n\t\tvar numTag = Number(tit.tagName.replace(\/[^1-9]\/g, \"\"));\n\t\tvar tagWidth = (numTag*20);\n\n\t\tvar preText = '<span style=\"margin-left:' + tagWidth + 'px\"><\/span>';\n\n        tit.setAttribute(\"id\", newTitle);\n\t\tjQuery(tit).addClass('h-inline');\n\t\t\n\t\tvar toIndex = '<p class=\"h-inline\"><a class=\"blog-toindex\" href=\"#accordionIndex\"><span class=\"glyphicon glyphicon-chevron-up\" aria-hidden=\"true\"><\/span><\/a><\/p>';\n\n\t\tjQuery(toIndex).insertAfter(tit);\n\n        var node = document.createElement(\"LI\");                 \n        var link = document.createElement(\"A\");\n        var textnode = document.createTextNode(tit.textContent);\n\n        link.appendChild(textnode);\n        link.setAttribute(\"href\", '#' + newTitle);\n\t\t\/\/link.setAttribute(\"style\", \"margin-left:\" + tagWidth + \"px\");\n\t\tlink.setAttribute(\"class\", \"acc-h\" + numTag);\n        node.appendChild(link);\n\n        element.appendChild(node);\n\n      }\n    }\n\n    jQuery(document).ready(function(){\t\t\n\t\tindexContent(\".single-post-content\");\n\n\t\tjQuery(\".accordion-toggle\").click(function() {\n\t\t\tjQuery(this).toggleClass(\"open\");\n\t\t\tjQuery(\"#collapseIndex\").slideToggle(\"in\");\n\t\t});\n\t});\n\n\n<\/script>\n\n<style>\n\t.accordion-toggle{\n\t\tcursor:pointer;\n\t}\n\n\t#accordionIndex .panel-heading{\n\t\tmargin-bottom:0px;\n\t}\n\n\t.articulo ul, .articulo ol{\n\t\tmargin-bottom:auto;\n\t}\n\n\t.h-inline{\n\t\tdisplay: inline-flex;\n\t\tflex-wrap: wrap\n\t}\n\t#accordion-index{\n\t\tpadding-left:0px;\n\t}\n\t#accordion-index li a{\n\t\tdisplay:block;\n\t\tpadding-top:5px;\n\t}\n\n\t.acc-h2{\n\t\tmargin-left:0px;\n\t\tposition: relative;\n\t}\n\n\t.acc-h3{\n\t\tmargin-left:25px;\n\t}\n\n\t.acc-h3::before{\n\t\tcontent: \"\";\n\t\tbackground-color:var(--blue-light);\n\t\tmargin-left:-10px;\n\t\twidth: 7px;\n\t\theight: 7px;\n\t\tdisplay: inline-block;\n\t\ttext-align: center;\n\t\tborder-radius: 1000px;\n\t\tmargin-right: 10px;\n    \tmargin-bottom: 2px;\n\t}\n\n\t.acc-h4{\n\t\tmargin-left:40px;\n\t}\n\n\t.acc-h4::before{\n\t\tcontent: \"\";\n\t\tborder: 1px solid var(--blue-light);\n\t\tmargin-left:-5px;\n\t\twidth: 7px;\n\t\theight: 7px;\n\t\tdisplay: inline-block;\n\t\ttext-align: center;\n\t\tborder-radius: 100%;\n\t\tmargin-right: 10px;\n    \tmargin-bottom: 2px;\n\t}\n\n\t.acc-h3:hover::before{\n\t\tbackground-color: var(--blue-darkest);\n\t}\n\n\t.acc-h4:hover::before{\n\t\tborder-color: var(--blue-darkest);\n\t}\n\n\t@media (max-width: 992px){\n\t\t.acc-h2{\n\t\t\tmargin-left:0px;\n\t\t}\n\t\t.acc-h3{\n\t\t\tmargin-left:20px;\n\t\t}\n\t\t.acc-h4{\n\t\t\tmargin-left:40px;\n\t\t}\n\t}\n\n\t\/*\n\th2.h-inline:after,\n\th3.h-inline:after{\n\t\theight: 24px;\n\t\tcontent: \"\";\n\t\tdisplay: table-row;\n\t}*\/\n<\/style>\n\n<div id=\"table-accordion-index\">\n\t<div class=\"panel-group\" id=\"accordionIndex\">\n\t\t<div class=\"panel panel-default\">\n\t\t\t<div class=\"panel-heading\">\n\t\t\t\t<div class=\"panel-title open\"><div class=\"accordion-toggle\" data-toggle=\"collapse\" data-parent=\"#accordion\" aria-expanded=\"true\">\u00cdndice<\/div><\/div>\n\t\t\t<\/div>\n\t\t\t<div id=\"collapseIndex\" class=\"panel-collapse collapse in\" aria-expanded=\"true\">\n\t\t\t\t<div class=\"panel-body\">\n\t\t\t\t\t<ul id=\"accordion-index\">\n\t\t\t\t\t<\/ul>\n\t\t\t\t<\/div>\n\t\t\t<\/div>\n\t\t<\/div>\n\t<\/div>\n<\/div>\n<p style=\"text-align: justify;\"><span>Factorenergia ha colaborado, como comercializadora energ\u00e9tica, en el proyecto de la primera red de <a href=\"https:\/\/www.factorenergia.com\/es\/hogares\/placas-solares\/\" title=\"autoconsumo energetico\" target=\"_blank\" rel=\"noopener noreferrer\">autoconsumo<\/a> compartido basado en \u2018blockchain\u2019, junto con Blockchain Digital Energy como proveedor de la plataforma tecnol\u00f3gica.<\/span><\/p>\n<p style=\"text-align: justify;\">En este proyecto impulsado por el Departamento de Pol\u00edticas Digitales y la <a href=\"http:\/\/icaen.gencat.cat\/ca\/inici\" title=\"Institut Catala d'Energia\" target=\"_blank\" rel=\"nofollow noopener noreferrer\">ICAEN<\/a>\u00a0(l&#8217;Institut Catal\u00e0 d&#8217;Energia), en el marco de la Estrategia Blockchain de Catalu\u00f1a, se quiere validar la capacidad de aplicar la tecnolog\u00eda Blockchain. A la vez tambi\u00e9n se quiere corroborar su potencialidad en los proyectos de transformaci\u00f3n y transici\u00f3n energ\u00e9tica dentro y fuera de la administraci\u00f3n p\u00fablica.<\/p>\n<p style=\"text-align: justify;\">El proyecto piloto consiste en la conexi\u00f3n del Juzgado de Rub\u00ed y la IES Torrent de los Alous, a trav\u00e9s de la red, para <strong>maximizar el rendimiento de la <a href=\"https:\/\/www.factorenergia.com\/es\/placas-solares\/instalacion\/\" title=\"instalaci\u00f3n de paneles solares\" target=\" _blank=\" rel=\"noopener\">instalaci\u00f3n de placas solares<\/a><\/strong><strong>\u00a0del Instituto, reducir el gasto energ\u00e9tico y permitir la gesti\u00f3n y compartici\u00f3n de la energ\u00eda generada.<\/strong><\/p>\n<p style=\"text-align: justify;\"><div class=\"widget-form\">\r\n    \n<div class=\"wpcf7 no-js\" id=\"wpcf7-f21836-o1\" lang=\"es-ES\" dir=\"ltr\">\n<div class=\"screen-reader-response\"><p role=\"status\" aria-live=\"polite\" aria-atomic=\"true\"><\/p> <ul><\/ul><\/div>\n<form action=\"\/es\/wp-json\/wp\/v2\/posts\/10233#wpcf7-f21836-o1\" method=\"post\" class=\"wpcf7-form init\" aria-label=\"Formulario de contacto\" novalidate=\"novalidate\" data-status=\"init\">\n<div style=\"display: none;\">\n<input type=\"hidden\" name=\"_wpcf7\" value=\"21836\" \/>\n<input type=\"hidden\" name=\"_wpcf7_version\" value=\"5.9\" \/>\n<input type=\"hidden\" name=\"_wpcf7_locale\" value=\"es_ES\" \/>\n<input type=\"hidden\" name=\"_wpcf7_unit_tag\" value=\"wpcf7-f21836-o1\" \/>\n<input type=\"hidden\" name=\"_wpcf7_container_post\" value=\"0\" \/>\n<input type=\"hidden\" name=\"_wpcf7_posted_data_hash\" value=\"\" \/>\n<input type=\"hidden\" name=\"_wpcf7_recaptcha_response\" value=\"\" \/>\n<\/div>\n<div class=\"widget-simple-form-ac\">\n\t<div class=\"header-ac\">\n\t\t<p>Consigue tu estudio gratuito\n\t\t<\/p>\n\t\t<div class=\"close-form\">\n\t\t\t<p>X\n\t\t\t<\/p>\n\t\t<\/div>\n\t<\/div>\n\t<div class=\"widget-form-ac-container\">\n\t\t<p class=\"subtitle-ac-form\">Con nuestras Placas Solares + Bater\u00eda Virtual, <span class=\"blue\">reduce a 0\u20ac el consumo de tu factura de la luz.<\/span> \u00a1No te quedes sin tu estudio gratis!\n\t\t<\/p>\n\t\t<div class=\"inputs-container\">\n\t\t\t<div class=\"input\">\n\t\t\t\t<p><span class=\"wpcf7-form-control-wrap\" data-name=\"name1\"><input size=\"40\" class=\"wpcf7-form-control wpcf7-text wpcf7-validates-as-required\" id=\"name\" aria-required=\"true\" aria-invalid=\"false\" placeholder=\"Nombre\" value=\"\" type=\"text\" name=\"name1\" \/><\/span>\n\t\t\t\t<\/p>\n\t\t\t\t<div class=\"error\">\n\t\t\t\t\t<p><span role='alert' class='wpcf7-not-valid-tip'><\/span>\n\t\t\t\t\t<\/p>\n\t\t\t\t<\/div>\n\t\t\t<\/div>\n\t\t\t<div class=\"input\">\n\t\t\t\t<p><span class=\"wpcf7-form-control-wrap\" data-name=\"lastname\"><input size=\"40\" class=\"wpcf7-form-control wpcf7-text wpcf7-validates-as-required\" id=\"lastname\" aria-required=\"true\" aria-invalid=\"false\" placeholder=\"Apellido\" value=\"\" type=\"text\" name=\"lastname\" \/><\/span>\n\t\t\t\t<\/p>\n\t\t\t\t<div class=\"error\">\n\t\t\t\t\t<p><span role='alert' class='wpcf7-not-valid-tip'><\/span>\n\t\t\t\t\t<\/p>\n\t\t\t\t<\/div>\n\t\t\t<\/div>\n\t\t<\/div>\n\t\t<div class=\"inputs-container\">\n\t\t\t<div class=\"input\">\n\t\t\t\t<p><span class=\"wpcf7-form-control-wrap\" data-name=\"email\"><input size=\"40\" class=\"wpcf7-form-control wpcf7-email wpcf7-validates-as-required wpcf7-text wpcf7-validates-as-email\" aria-required=\"true\" aria-invalid=\"false\" placeholder=\"Email\" value=\"\" type=\"email\" name=\"email\" \/><\/span>\n\t\t\t\t<\/p>\n\t\t\t\t<div class=\"error\">\n\t\t\t\t\t<p><span role='alert' class='wpcf7-not-valid-tip'><\/span>\n\t\t\t\t\t<\/p>\n\t\t\t\t<\/div>\n\t\t\t<\/div>\n\t\t\t<div class=\"input\">\n\t\t\t\t<p><span class=\"wpcf7-form-control-wrap\" data-name=\"tel\"><input size=\"40\" class=\"wpcf7-form-control wpcf7-tel wpcf7-validates-as-required wpcf7-text wpcf7-validates-as-tel\" aria-required=\"true\" aria-invalid=\"false\" placeholder=\"Tel\u00e9fono\" value=\"\" type=\"tel\" name=\"tel\" \/><\/span>\n\t\t\t\t<\/p>\n\t\t\t\t<div class=\"error\">\n\t\t\t\t\t<p><span role='alert' class='wpcf7-not-valid-tip'><\/span>\n\t\t\t\t\t<\/p>\n\t\t\t\t<\/div>\n\t\t\t<\/div>\n\t\t<\/div>\n\t\t<p class=\"legal-text\">Al enviar este formulario consiente que sus datos sean tratados por FACTORENERGIA S.A., como corresponsables, para remitirle ofertas e informaci\u00f3n comercial. Puede ejercitar sus derechos conforme a lo indicado en nuestra <a href=\"\/es\/privacidad\/\">Pol\u00edtica de privacidad.<\/a>\n\t\t<\/p>\n\t\t<div class=\"inputs-container\">\n\t\t\t<div class=\"button-submit\">\n\t\t\t\t<p><input class=\"wpcf7-form-control wpcf7-submit has-spinner primary-btn green-btn btn-submit\" type=\"submit\" value=\"Pide tu estudio gratis\" \/>\n\t\t\t\t<\/p>\n\t\t\t<\/div>\n\t\t<\/div>\n\t<\/div>\n<\/div><div class=\"wpcf7-response-output\" aria-hidden=\"true\"><\/div>\n<\/form>\n<\/div>\n<\/div>\r\n\r\n<div class=\"widget-form-sended\" style=\"display: none\">\r\n    <h4><b>\u00a1Bien hecho!<\/b> Este es tu primer paso hacia la independencia energ\u00e9tica.<\/h4>\r\n    <p>En un m\u00e1ximo de 48 horas, un especialista se pondr\u00e1 en contacto contigo para estudiar tu caso, asesorarte y ofrecerte la mejor soluci\u00f3n energ\u00e9tica.<\/p>\r\n    <div class=\"inputs-container\">\r\n        <div class=\"button-submit\">\r\n            <a class=\"primary-btn center otro-estudio green-btn\">\r\n                Pedir otro estudio gratis            <\/a>\r\n        <\/div>\r\n        <div class=\"trustpilot-widget trust-widget-form-ac\" data-locale=\"es-ES\" data-template-id=\"5419b732fbfb950b10de65e5\" data-businessunit-id=\"5fd8ae6f2ead35000193bbae\" data-style-height=\"24px\" data-style-width=\"100%\" data-theme=\"light\" style=\"position: relative;\"><iframe title=\"Customer reviews powered by Trustpilot\" loading=\"auto\" src=\"https:\/\/widget.trustpilot.com\/trustboxes\/5419b732fbfb950b10de65e5\/index.html?templateId=5419b732fbfb950b10de65e5&amp;businessunitId=5fd8ae6f2ead35000193bbae#locale=es-ES&amp;styleHeight=24px&amp;styleWidth=100%25&amp;theme=light\" style=\"position: relative; height: 24px; width: 100%; border-style: none; display: block; overflow: hidden;\"><\/iframe><\/div>\r\n    <\/div>\r\n<\/div>\r\n<\/p>\n<h2 style=\"font-size: 20px !important; color: #777777;\"><strong>Autoconsumo compartido a trav\u00e9s de la red<\/strong><\/h2>\n<p style=\"text-align: justify;\">Esta es la primera experiencia de <strong>autoconsumo compartido<\/strong> a trav\u00e9s de la red entre dos instalaciones de titularidad de la Generalitat. El piloto permite interconectar la red el\u00e9ctrica de ambos edificios con usos p\u00fablicos y as\u00ed gestionar y compartir la energ\u00eda generada por las placas solares instaladas en el Instituto.<\/p>\n<p style=\"text-align: justify;\">De este modo, la energ\u00eda generada en la instalaci\u00f3n fotovoltaica y que no sea consumida por el Instituto, ser\u00e1 derivada autom\u00e1ticamente a los juzgados. Las dos instalaciones (Instituto y Juzgado) <strong>ver\u00e1n reducida su factura energ\u00e9tica<\/strong>.<\/p>\n<p style=\"text-align: justify;\"><picture><source srcset=\"https:\/\/www.factorenergia.com\/wp-content\/webp-express\/webp-images\/uploads\/2021\/03\/autoconsumo-electrico-compartido.jpg.webp 799w, https:\/\/www.factorenergia.com\/wp-content\/webp-express\/webp-images\/uploads\/2021\/03\/autoconsumo-electrico-compartido-300x200.jpg.webp 300w, https:\/\/www.factorenergia.com\/wp-content\/webp-express\/webp-images\/uploads\/2021\/03\/autoconsumo-electrico-compartido-768x512.jpg.webp 768w, https:\/\/www.factorenergia.com\/wp-content\/webp-express\/webp-images\/uploads\/2021\/03\/autoconsumo-electrico-compartido-265x177.jpg.webp 265w, https:\/\/www.factorenergia.com\/wp-content\/webp-express\/webp-images\/uploads\/2021\/03\/autoconsumo-electrico-compartido-90x60.jpg.webp 90w, https:\/\/www.factorenergia.com\/wp-content\/webp-express\/webp-images\/uploads\/2021\/03\/autoconsumo-electrico-compartido-170x113.jpg.webp 170w, https:\/\/www.factorenergia.com\/wp-content\/webp-express\/webp-images\/uploads\/2021\/03\/autoconsumo-electrico-compartido-540x360.jpg.webp 540w, https:\/\/www.factorenergia.com\/wp-content\/webp-express\/webp-images\/uploads\/2021\/03\/autoconsumo-electrico-compartido-450x300.jpg.webp 450w, https:\/\/www.factorenergia.com\/wp-content\/webp-express\/webp-images\/uploads\/2021\/03\/autoconsumo-electrico-compartido-500x334.jpg.webp 500w\" sizes=\"(max-width: 799px) 100vw, 799px\" type=\"image\/webp\"><img loading=\"lazy\" decoding=\"async\" src=\"https:\/\/www.factorenergia.com\/wp-content\/uploads\/2021\/03\/autoconsumo-electrico-compartido.jpg\" alt=\"autoconsumo electrico compartido\" width=\"799\" height=\"533\" class=\"alignnone wp-image-10424 size-full webpexpress-processed\" title=\"autoconsumo electrico compartido\" srcset=\"https:\/\/www.factorenergia.com\/wp-content\/uploads\/2021\/03\/autoconsumo-electrico-compartido.jpg 799w, https:\/\/www.factorenergia.com\/wp-content\/uploads\/2021\/03\/autoconsumo-electrico-compartido-300x200.jpg 300w, https:\/\/www.factorenergia.com\/wp-content\/uploads\/2021\/03\/autoconsumo-electrico-compartido-768x512.jpg 768w, https:\/\/www.factorenergia.com\/wp-content\/uploads\/2021\/03\/autoconsumo-electrico-compartido-265x177.jpg 265w, https:\/\/www.factorenergia.com\/wp-content\/uploads\/2021\/03\/autoconsumo-electrico-compartido-90x60.jpg 90w, https:\/\/www.factorenergia.com\/wp-content\/uploads\/2021\/03\/autoconsumo-electrico-compartido-170x113.jpg 170w, https:\/\/www.factorenergia.com\/wp-content\/uploads\/2021\/03\/autoconsumo-electrico-compartido-540x360.jpg 540w, https:\/\/www.factorenergia.com\/wp-content\/uploads\/2021\/03\/autoconsumo-electrico-compartido-450x300.jpg 450w, https:\/\/www.factorenergia.com\/wp-content\/uploads\/2021\/03\/autoconsumo-electrico-compartido-500x334.jpg 500w\" sizes=\"(max-width: 799px) 100vw, 799px\"><\/picture><\/p>\n<p style=\"text-align: justify;\">Compartir la energ\u00eda generada en la instalaci\u00f3n fotovoltaica del Instituto es posible gracias a la <strong>tecnolog\u00eda blockchain<\/strong>, que act\u00faa como garante del proceso en las lecturas de generaci\u00f3n y consumo para cada part\u00edcipe de la instalaci\u00f3n.<\/p>\n<p style=\"text-align: justify;\">\r\n<script type=\"text\/javascript\" async defer>\r\n\r\n    jQuery(document).ready(function(){\t\t\r\n\t\t\r\n\t});\r\n<\/script>\r\n\r\n<style>\r\n\t.block-interested_posts{\r\n        margin-top: 10px;\r\n        padding: 20px;\r\n        border: 2px solid #92C200;\r\n    }\r\n    .block-interested_posts ul{\r\n        margin-bottom:0px;\r\n    }\r\n    .block-interested_posts ul li{\r\n        margin-bottom:5px;\r\n    }\r\n    .block-interested_posts ul li a{\r\n        \/*color: #DF981E;*\/\r\n    }\r\n\r\n<\/style>\r\n\r\n<div class=\"block-interested_posts\">\r\n    <p><strong>Post que te pueden interesar<\/strong><\/p>\r\n    <ul>\r\n                    <li><a href=\"https:\/\/www.factorenergia.com\/es\/blog\/noticias\/factor-energia-generacion\/\" title=\"Nace la filial Factor Energ\u00eda Generaci\u00f3n\">Nace la filial Factor Energ\u00eda Generaci\u00f3n<\/a><\/li>\r\n            <\/ul>\t\r\n<\/div><\/p>\n<h3 style=\"font-size: 20px !important; color: #777777;\"><strong>Autoconsumo el\u00e9ctrico y blockchain<\/strong><\/h3>\n<p style=\"text-align: justify;\">La tecnolog\u00eda blockchain act\u00faa como un <strong>notario digital que certifica la generaci\u00f3n y consumo de la energ\u00eda generada<\/strong> (fotovoltaica, e\u00f3lica &#8230;) certificando su origen de energ\u00eda verde, el volumen producido, el lugar y la franja horaria tarifaria aplicable.<\/p>\n<p style=\"text-align: justify;\">Este tecnolog\u00eda permite, de forma fehaciente, digitalizar la energ\u00eda, gestionar los excedentes (venderlos, cederlos a otra equipaci\u00f3n de la Generalitat de Catalu\u00f1a, o a otras entidades, a familias con dificultades, etc), con la plena garant\u00eda de su origen verde. Permitiendo una trazabilidad desde la generaci\u00f3n al consumo y generando un ingreso pasivo a los propietarios de las instalaciones de autoconsumo.<\/p>\n<h3 style=\"font-size: 20px !important; color: #777777;\"><strong>La prueba piloto del proyecto<\/strong><\/h3>\n<p style=\"text-align: justify;\">Xavier Farriols, Director General del Negocio El\u00e9ctrico de factorenergia, junto con el secretario de Pol\u00edticas Digitales, David Ferrer, y el director general de Energ\u00eda, Seguridad industrial y Seguridad minera, y director del ICAEN, Manel Torrent, han visitado hoy a Rub\u00ed la prueba piloto del proyecto. Este ha sido impulsado por el Departamento de Pol\u00edticas Digitales y la ICAEN en el marco de la Estrategia Blockchain de Catalu\u00f1a y ha contado tambi\u00e9n con la implicaci\u00f3n de los departamentos de Educaci\u00f3n y de Justicia.<\/p>\n<p style=\"text-align: justify;\">A la visita tambi\u00e9n han participado, entre otros, Henry Daunert, CEO de FlexVPC, proveedora de la plataforma tecnol\u00f3gica.<\/p>\n<h2 style=\"font-size: 20px !important; color: #777777;\"><strong>Factorenergia apuesta por la innovaci\u00f3n y las energ\u00edas renovables<\/strong><\/h2>\n<p style=\"text-align: justify;\">Una vez m\u00e1s, desde factorenergia apostamos por el <strong>autoconsumo como una de las claves para la transici\u00f3n energ\u00e9tica<\/strong> hacia un modelo m\u00e1s sostenible.<\/p>\n<p style=\"text-align: justify;\">Por ese motivo, te ofrecemos una soluci\u00f3n integral para un instalaci\u00f3n de autoconsumo compartido. No lo dudes, y cont\u00e1ctanos en la web, o en solar@factorenergia.com. Te enviaremos una oferta totalmente personalizada. \u00a1Apuesta por el autoconsumo con factorenergia!<\/p>\n","protected":false},"excerpt":{"rendered":"<p>Factorenergia colabora en un proyecto piloto en Rub\u00ed, que consiste en la conexi\u00f3n del Juzgado de la ciudad y el IES Torrent de los Alous, a trav\u00e9s de la red, para maximizar el rendimiento de las placas solares del Instituto. Este proyecto permitir\u00e1 reducir el gasto energ\u00e9tico y permitir la gesti\u00f3n y compartici\u00f3n de la energ\u00eda generada.<\/p>\n","protected":false},"author":17,"featured_media":0,"comment_status":"open","ping_status":"closed","sticky":false,"template":"","format":"standard","meta":{"inline_featured_image":false,"footnotes":""},"categories":[60],"tags":[],"acf":{"fecha_de_la_entrada":"20210312","imagen_portada":29762,"categoria_blog":null,"tipo_de_distribuidora":null,"tiempo_lectura":"","banner_bool":false,"titulo_banner":"","texto_banner":"","texto_boton_banner":"","url_boton_banner":"","post_relacionados":""},"yoast_head":"<!-- This site is optimized with the Yoast SEO plugin v22.2 - https:\/\/yoast.com\/wordpress\/plugins\/seo\/ -->\n<title>Factorenergia en la primera red de autoconsumo compartido<\/title>\n<meta name=\"description\" content=\"Factorenergia ha colaborado en el proyecto de la primera red de autoconsumo compartido, basada en &quot;blockchain&quot;. Te lo explicamos.\" \/>\n<meta name=\"robots\" content=\"index, follow, max-snippet:-1, max-image-preview:large, max-video-preview:-1\" \/>\n<link rel=\"canonical\" href=\"https:\/\/www.factorenergia.com\/es\/blog\/noticias\/factorenergia-colabora-en-red-de-autoconsumo-compartido\/\" \/>\n<meta name=\"twitter:card\" content=\"summary_large_image\" \/>\n<meta name=\"twitter:title\" content=\"Factorenergia col\u00b7labora en la primera xarxa d&#039;#autoconsum d\u2019energia compartida basada en \u2018blockchain\u2019\" \/>\n<meta name=\"twitter:description\" content=\"Factorenergia colabora en un proyecto piloto en Rub\u00ed, este consiste en la conexi\u00f3n del Juzgado de la ciudad y el IES Torrent de los Alous a trav\u00e9s de la red para maximizar el rendimiento de las placas solares del Instituto. Este proyecto permitir\u00e1 reducir el gasto energ\u00e9tico y permitir la gesti\u00f3n y compartici\u00f3n de la energ\u00eda generada.\" \/>\n<meta name=\"twitter:image\" content=\"https:\/\/www.factorenergia.com\/wp-content\/uploads\/2021\/03\/210312_BLOCKCHAIN_RUBI-1.png\" \/>\n<meta name=\"twitter:creator\" content=\"@factorenergia\" \/>\n<meta name=\"twitter:site\" content=\"@factorenergia\" \/>\n<meta name=\"twitter:label1\" content=\"Escrito por\" \/>\n\t<meta name=\"twitter:data1\" content=\"Equipo Transici\u00f3n Energ\u00e9tica Factorenergia\" \/>\n\t<meta name=\"twitter:label2\" content=\"Tiempo de lectura\" \/>\n\t<meta name=\"twitter:data2\" content=\"3 minutos\" \/>\n<script type=\"application\/ld+json\" class=\"yoast-schema-graph\">{\"@context\":\"https:\/\/schema.org\",\"@graph\":[{\"@type\":\"WebPage\",\"@id\":\"https:\/\/www.factorenergia.com\/es\/blog\/noticias\/factorenergia-colabora-en-red-de-autoconsumo-compartido\/\",\"url\":\"https:\/\/www.factorenergia.com\/es\/blog\/noticias\/factorenergia-colabora-en-red-de-autoconsumo-compartido\/\",\"name\":\"Factorenergia en la primera red de autoconsumo compartido\",\"isPartOf\":{\"@id\":\"https:\/\/www.factorenergia.com\/es\/#website\"},\"primaryImageOfPage\":{\"@id\":\"https:\/\/www.factorenergia.com\/es\/blog\/noticias\/factorenergia-colabora-en-red-de-autoconsumo-compartido\/#primaryimage\"},\"image\":{\"@id\":\"https:\/\/www.factorenergia.com\/es\/blog\/noticias\/factorenergia-colabora-en-red-de-autoconsumo-compartido\/#primaryimage\"},\"thumbnailUrl\":\"https:\/\/www.factorenergia.com\/wp-content\/uploads\/2021\/03\/autoconsumo-electrico-compartido.jpg\",\"datePublished\":\"2021-03-12T11:12:07+00:00\",\"dateModified\":\"2025-08-06T15:54:15+00:00\",\"author\":{\"@id\":\"https:\/\/www.factorenergia.com\/es\/#\/schema\/person\/dff9e4b6dc520720e3a37bdaaedc5841\"},\"description\":\"Factorenergia ha colaborado en el proyecto de la primera red de autoconsumo compartido, basada en \\\"blockchain\\\". Te lo explicamos.\",\"breadcrumb\":{\"@id\":\"https:\/\/www.factorenergia.com\/es\/blog\/noticias\/factorenergia-colabora-en-red-de-autoconsumo-compartido\/#breadcrumb\"},\"inLanguage\":\"es\",\"potentialAction\":[{\"@type\":\"ReadAction\",\"target\":[\"https:\/\/www.factorenergia.com\/es\/blog\/noticias\/factorenergia-colabora-en-red-de-autoconsumo-compartido\/\"]}]},{\"@type\":\"ImageObject\",\"inLanguage\":\"es\",\"@id\":\"https:\/\/www.factorenergia.com\/es\/blog\/noticias\/factorenergia-colabora-en-red-de-autoconsumo-compartido\/#primaryimage\",\"url\":\"https:\/\/www.factorenergia.com\/wp-content\/uploads\/2021\/03\/autoconsumo-electrico-compartido.jpg\",\"contentUrl\":\"https:\/\/www.factorenergia.com\/wp-content\/uploads\/2021\/03\/autoconsumo-electrico-compartido.jpg\"},{\"@type\":\"BreadcrumbList\",\"@id\":\"https:\/\/www.factorenergia.com\/es\/blog\/noticias\/factorenergia-colabora-en-red-de-autoconsumo-compartido\/#breadcrumb\",\"itemListElement\":[{\"@type\":\"ListItem\",\"position\":1,\"name\":\"Portada\",\"item\":\"https:\/\/www.factorenergia.com\/es\/\"},{\"@type\":\"ListItem\",\"position\":2,\"name\":\"Factorenergia en la primera red de autoconsumo compartido basado en \u2018blockchain\u2019\"}]},{\"@type\":\"WebSite\",\"@id\":\"https:\/\/www.factorenergia.com\/es\/#website\",\"url\":\"https:\/\/www.factorenergia.com\/es\/\",\"name\":\"factorenergia\",\"description\":\"Factor Energ\u00eda\",\"potentialAction\":[{\"@type\":\"SearchAction\",\"target\":{\"@type\":\"EntryPoint\",\"urlTemplate\":\"https:\/\/www.factorenergia.com\/es\/?s={search_term_string}\"},\"query-input\":\"required name=search_term_string\"}],\"inLanguage\":\"es\"},{\"@type\":\"Person\",\"@id\":\"https:\/\/www.factorenergia.com\/es\/#\/schema\/person\/dff9e4b6dc520720e3a37bdaaedc5841\",\"name\":\"Equipo Transici\u00f3n Energ\u00e9tica Factorenergia\",\"image\":{\"@type\":\"ImageObject\",\"inLanguage\":\"es\",\"@id\":\"https:\/\/www.factorenergia.com\/es\/#\/schema\/person\/image\/\",\"url\":\"https:\/\/secure.gravatar.com\/avatar\/1b7c76bab80ee1c4261b06108874e24b?s=96&d=mm&r=g\",\"contentUrl\":\"https:\/\/secure.gravatar.com\/avatar\/1b7c76bab80ee1c4261b06108874e24b?s=96&d=mm&r=g\",\"caption\":\"Equipo Transici\u00f3n Energ\u00e9tica Factorenergia\"},\"description\":\"El equipo est\u00e1 formado por expertos en materia de Luz, Gas y Eficiencia Energ\u00e9tica, que conocen de primera mano las tendencias del mercado. Su experiencia en el sector les permite ofrecer las mejores soluciones energ\u00e9ticas y resolver las dudas planteadas por los clientes.\",\"sameAs\":[\"https:\/\/www.factorenergia.com\/es\/\",\"https:\/\/www.facebook.com\/factorenergiacom\",\"https:\/\/www.instagram.com\/factorenergia_com\/\",\"https:\/\/es.linkedin.com\/company\/factor-energia\",\"https:\/\/twitter.com\/factorenergia\",\"https:\/\/www.youtube.com\/c\/factorenergiacom\"],\"url\":\"https:\/\/www.factorenergia.com\/es\/blog\/author\/marketing\/\"}]}<\/script>\n<!-- \/ Yoast SEO plugin. -->","yoast_head_json":{"title":"Factorenergia en la primera red de autoconsumo compartido","description":"Factorenergia ha colaborado en el proyecto de la primera red de autoconsumo compartido, basada en \"blockchain\". Te lo explicamos.","robots":{"index":"index","follow":"follow","max-snippet":"max-snippet:-1","max-image-preview":"max-image-preview:large","max-video-preview":"max-video-preview:-1"},"canonical":"https:\/\/www.factorenergia.com\/es\/blog\/noticias\/factorenergia-colabora-en-red-de-autoconsumo-compartido\/","twitter_card":"summary_large_image","twitter_title":"Factorenergia col\u00b7labora en la primera xarxa d'#autoconsum d\u2019energia compartida basada en \u2018blockchain\u2019","twitter_description":"Factorenergia colabora en un proyecto piloto en Rub\u00ed, este consiste en la conexi\u00f3n del Juzgado de la ciudad y el IES Torrent de los Alous a trav\u00e9s de la red para maximizar el rendimiento de las placas solares del Instituto. Este proyecto permitir\u00e1 reducir el gasto energ\u00e9tico y permitir la gesti\u00f3n y compartici\u00f3n de la energ\u00eda generada.","twitter_image":"https:\/\/www.factorenergia.com\/wp-content\/uploads\/2021\/03\/210312_BLOCKCHAIN_RUBI-1.png","twitter_creator":"@factorenergia","twitter_site":"@factorenergia","twitter_misc":{"Escrito por":"Equipo Transici\u00f3n Energ\u00e9tica Factorenergia","Tiempo de lectura":"3 minutos"},"schema":{"@context":"https:\/\/schema.org","@graph":[{"@type":"WebPage","@id":"https:\/\/www.factorenergia.com\/es\/blog\/noticias\/factorenergia-colabora-en-red-de-autoconsumo-compartido\/","url":"https:\/\/www.factorenergia.com\/es\/blog\/noticias\/factorenergia-colabora-en-red-de-autoconsumo-compartido\/","name":"Factorenergia en la primera red de autoconsumo compartido","isPartOf":{"@id":"https:\/\/www.factorenergia.com\/es\/#website"},"primaryImageOfPage":{"@id":"https:\/\/www.factorenergia.com\/es\/blog\/noticias\/factorenergia-colabora-en-red-de-autoconsumo-compartido\/#primaryimage"},"image":{"@id":"https:\/\/www.factorenergia.com\/es\/blog\/noticias\/factorenergia-colabora-en-red-de-autoconsumo-compartido\/#primaryimage"},"thumbnailUrl":"https:\/\/www.factorenergia.com\/wp-content\/uploads\/2021\/03\/autoconsumo-electrico-compartido.jpg","datePublished":"2021-03-12T11:12:07+00:00","dateModified":"2025-08-06T15:54:15+00:00","author":{"@id":"https:\/\/www.factorenergia.com\/es\/#\/schema\/person\/dff9e4b6dc520720e3a37bdaaedc5841"},"description":"Factorenergia ha colaborado en el proyecto de la primera red de autoconsumo compartido, basada en \"blockchain\". Te lo explicamos.","breadcrumb":{"@id":"https:\/\/www.factorenergia.com\/es\/blog\/noticias\/factorenergia-colabora-en-red-de-autoconsumo-compartido\/#breadcrumb"},"inLanguage":"es","potentialAction":[{"@type":"ReadAction","target":["https:\/\/www.factorenergia.com\/es\/blog\/noticias\/factorenergia-colabora-en-red-de-autoconsumo-compartido\/"]}]},{"@type":"ImageObject","inLanguage":"es","@id":"https:\/\/www.factorenergia.com\/es\/blog\/noticias\/factorenergia-colabora-en-red-de-autoconsumo-compartido\/#primaryimage","url":"https:\/\/www.factorenergia.com\/wp-content\/uploads\/2021\/03\/autoconsumo-electrico-compartido.jpg","contentUrl":"https:\/\/www.factorenergia.com\/wp-content\/uploads\/2021\/03\/autoconsumo-electrico-compartido.jpg"},{"@type":"BreadcrumbList","@id":"https:\/\/www.factorenergia.com\/es\/blog\/noticias\/factorenergia-colabora-en-red-de-autoconsumo-compartido\/#breadcrumb","itemListElement":[{"@type":"ListItem","position":1,"name":"Portada","item":"https:\/\/www.factorenergia.com\/es\/"},{"@type":"ListItem","position":2,"name":"Factorenergia en la primera red de autoconsumo compartido basado en \u2018blockchain\u2019"}]},{"@type":"WebSite","@id":"https:\/\/www.factorenergia.com\/es\/#website","url":"https:\/\/www.factorenergia.com\/es\/","name":"factorenergia","description":"Factor Energ\u00eda","potentialAction":[{"@type":"SearchAction","target":{"@type":"EntryPoint","urlTemplate":"https:\/\/www.factorenergia.com\/es\/?s={search_term_string}"},"query-input":"required name=search_term_string"}],"inLanguage":"es"},{"@type":"Person","@id":"https:\/\/www.factorenergia.com\/es\/#\/schema\/person\/dff9e4b6dc520720e3a37bdaaedc5841","name":"Equipo Transici\u00f3n Energ\u00e9tica Factorenergia","image":{"@type":"ImageObject","inLanguage":"es","@id":"https:\/\/www.factorenergia.com\/es\/#\/schema\/person\/image\/","url":"https:\/\/secure.gravatar.com\/avatar\/1b7c76bab80ee1c4261b06108874e24b?s=96&d=mm&r=g","contentUrl":"https:\/\/secure.gravatar.com\/avatar\/1b7c76bab80ee1c4261b06108874e24b?s=96&d=mm&r=g","caption":"Equipo Transici\u00f3n Energ\u00e9tica Factorenergia"},"description":"El equipo est\u00e1 formado por expertos en materia de Luz, Gas y Eficiencia Energ\u00e9tica, que conocen de primera mano las tendencias del mercado. Su experiencia en el sector les permite ofrecer las mejores soluciones energ\u00e9ticas y resolver las dudas planteadas por los clientes.","sameAs":["https:\/\/www.factorenergia.com\/es\/","https:\/\/www.facebook.com\/factorenergiacom","https:\/\/www.instagram.com\/factorenergia_com\/","https:\/\/es.linkedin.com\/company\/factor-energia","https:\/\/twitter.com\/factorenergia","https:\/\/www.youtube.com\/c\/factorenergiacom"],"url":"https:\/\/www.factorenergia.com\/es\/blog\/author\/marketing\/"}]}},"_links":{"self":[{"href":"https:\/\/www.factorenergia.com\/es\/wp-json\/wp\/v2\/posts\/10233"}],"collection":[{"href":"https:\/\/www.factorenergia.com\/es\/wp-json\/wp\/v2\/posts"}],"about":[{"href":"https:\/\/www.factorenergia.com\/es\/wp-json\/wp\/v2\/types\/post"}],"author":[{"embeddable":true,"href":"https:\/\/www.factorenergia.com\/es\/wp-json\/wp\/v2\/users\/17"}],"replies":[{"embeddable":true,"href":"https:\/\/www.factorenergia.com\/es\/wp-json\/wp\/v2\/comments?post=10233"}],"version-history":[{"count":4,"href":"https:\/\/www.factorenergia.com\/es\/wp-json\/wp\/v2\/posts\/10233\/revisions"}],"predecessor-version":[{"id":29962,"href":"https:\/\/www.factorenergia.com\/es\/wp-json\/wp\/v2\/posts\/10233\/revisions\/29962"}],"wp:attachment":[{"href":"https:\/\/www.factorenergia.com\/es\/wp-json\/wp\/v2\/media?parent=10233"}],"wp:term":[{"taxonomy":"category","embeddable":true,"href":"https:\/\/www.factorenergia.com\/es\/wp-json\/wp\/v2\/categories?post=10233"},{"taxonomy":"post_tag","embeddable":true,"href":"https:\/\/www.factorenergia.com\/es\/wp-json\/wp\/v2\/tags?post=10233"}],"curies":[{"name":"wp","href":"https:\/\/api.w.org\/{rel}","templated":true}]}}