{"id":697,"date":"2013-05-13T18:35:03","date_gmt":"2013-05-13T16:35:03","guid":{"rendered":"http:\/\/newfactorenergia.wearebab.com\/?post_type=noticias-factorenerg&#038;p=697"},"modified":"2016-09-28T09:38:27","modified_gmt":"2016-09-28T07:38:27","slug":"factorenergia-recibe-el-premio-europes-500","status":"publish","type":"noticias-factorenerg","link":"https:\/\/www.factorenergia.com\/es\/noticias\/factorenergia-recibe-el-premio-europes-500\/","title":{"rendered":"Factorenergia recibe el premio Europe\u2019s 500"},"content":{"rendered":"<p>Crecer y crear empleo en un momento de crisis como el actual no resulta nada f\u00e1cil, pero 150 compa\u00f1\u00edas europeas, entre las que hay 21 espa\u00f1olas, acaban de ser galardonadas en el Parlamento Europeo por conseguirlo.<\/p>\n","protected":false},"excerpt":{"rendered":"<p>Crecer y crear empleo en un momento de crisis como el actual no resulta nada f\u00e1cil, pero 150 compa\u00f1\u00edas europeas, entre las que hay 21 espa\u00f1olas, acaban de ser galardonadas en el Parlamento Europeo por conseguirlo.<\/p>\n","protected":false},"featured_media":0,"parent":0,"template":"","acf":{"fecha_de_la_entrada":null,"imagen_portada":746,"categoria_blog":null,"tipo_de_distribuidora":null,"tiempo_lectura":"","banner_bool":false,"titulo_banner":"","texto_banner":"","texto_boton_banner":"","url_boton_banner":"","post_relacionados":null},"yoast_head":"<!-- This site is optimized with the Yoast SEO plugin v22.2 - https:\/\/yoast.com\/wordpress\/plugins\/seo\/ -->\n<title>Factorenergia recibe el premio Europe\u2019s 500 | factorenergia<\/title>\n<meta name=\"description\" content=\"Crecer y crear empleo en un momento de crisis como el actual no resulta nada f\u00e1cil, pero 150 compa\u00f1\u00edas europeas, entre las que hay 21 espa\u00f1olas, acaban de ser galardonadas en el Parlamento Europeo por conseguirlo.\" \/>\n<meta name=\"robots\" content=\"index, follow, max-snippet:-1, max-image-preview:large, max-video-preview:-1\" \/>\n<link rel=\"canonical\" href=\"https:\/\/www.factorenergia.com\/es\/blog\/noticias\/factorenergia-recibe-el-premio-europes-500\/\" \/>\n<meta name=\"twitter:card\" content=\"summary_large_image\" \/>\n<meta name=\"twitter:title\" content=\"Factorenergia recibe el premio Europe\u2019s 500 | factorenergia\" \/>\n<meta name=\"twitter:description\" content=\"Crecer y crear empleo en un momento de crisis como el actual no resulta nada f\u00e1cil, pero 150 compa\u00f1\u00edas europeas, entre las que hay 21 espa\u00f1olas, acaban de ser galardonadas en el Parlamento Europeo por conseguirlo.\" \/>\n<meta name=\"twitter:site\" content=\"@factorenergia\" \/>\n<script type=\"application\/ld+json\" class=\"yoast-schema-graph\">{\"@context\":\"https:\/\/schema.org\",\"@graph\":[{\"@type\":\"WebPage\",\"@id\":\"https:\/\/www.factorenergia.com\/es\/blog\/noticias\/factorenergia-recibe-el-premio-europes-500\/\",\"url\":\"https:\/\/www.factorenergia.com\/es\/blog\/noticias\/factorenergia-recibe-el-premio-europes-500\/\",\"name\":\"Factorenergia recibe el premio Europe\u2019s 500 | factorenergia\",\"isPartOf\":{\"@id\":\"https:\/\/www.factorenergia.com\/es\/#website\"},\"datePublished\":\"2013-05-13T16:35:03+00:00\",\"dateModified\":\"2016-09-28T07:38:27+00:00\",\"description\":\"Crecer y crear empleo en un momento de crisis como el actual no resulta nada f\u00e1cil, pero 150 compa\u00f1\u00edas europeas, entre las que hay 21 espa\u00f1olas, acaban de ser galardonadas en el Parlamento Europeo por conseguirlo.\",\"breadcrumb\":{\"@id\":\"https:\/\/www.factorenergia.com\/es\/blog\/noticias\/factorenergia-recibe-el-premio-europes-500\/#breadcrumb\"},\"inLanguage\":\"es\",\"potentialAction\":[{\"@type\":\"ReadAction\",\"target\":[\"https:\/\/www.factorenergia.com\/es\/blog\/noticias\/factorenergia-recibe-el-premio-europes-500\/\"]}]},{\"@type\":\"BreadcrumbList\",\"@id\":\"https:\/\/www.factorenergia.com\/es\/blog\/noticias\/factorenergia-recibe-el-premio-europes-500\/#breadcrumb\",\"itemListElement\":[{\"@type\":\"ListItem\",\"position\":1,\"name\":\"Portada\",\"item\":\"https:\/\/www.factorenergia.com\/es\/\"},{\"@type\":\"ListItem\",\"position\":2,\"name\":\"Factorenergia recibe el premio Europe\u2019s 500\"}]},{\"@type\":\"WebSite\",\"@id\":\"https:\/\/www.factorenergia.com\/es\/#website\",\"url\":\"https:\/\/www.factorenergia.com\/es\/\",\"name\":\"factorenergia\",\"description\":\"Factor Energ\u00eda\",\"potentialAction\":[{\"@type\":\"SearchAction\",\"target\":{\"@type\":\"EntryPoint\",\"urlTemplate\":\"https:\/\/www.factorenergia.com\/es\/?s={search_term_string}\"},\"query-input\":\"required name=search_term_string\"}],\"inLanguage\":\"es\"}]}<\/script>\n<!-- \/ Yoast SEO plugin. -->","yoast_head_json":{"title":"Factorenergia recibe el premio Europe\u2019s 500 | factorenergia","description":"Crecer y crear empleo en un momento de crisis como el actual no resulta nada f\u00e1cil, pero 150 compa\u00f1\u00edas europeas, entre las que hay 21 espa\u00f1olas, acaban de ser galardonadas en el Parlamento Europeo por conseguirlo.","robots":{"index":"index","follow":"follow","max-snippet":"max-snippet:-1","max-image-preview":"max-image-preview:large","max-video-preview":"max-video-preview:-1"},"canonical":"https:\/\/www.factorenergia.com\/es\/blog\/noticias\/factorenergia-recibe-el-premio-europes-500\/","twitter_card":"summary_large_image","twitter_title":"Factorenergia recibe el premio Europe\u2019s 500 | factorenergia","twitter_description":"Crecer y crear empleo en un momento de crisis como el actual no resulta nada f\u00e1cil, pero 150 compa\u00f1\u00edas europeas, entre las que hay 21 espa\u00f1olas, acaban de ser galardonadas en el Parlamento Europeo por conseguirlo.","twitter_site":"@factorenergia","schema":{"@context":"https:\/\/schema.org","@graph":[{"@type":"WebPage","@id":"https:\/\/www.factorenergia.com\/es\/blog\/noticias\/factorenergia-recibe-el-premio-europes-500\/","url":"https:\/\/www.factorenergia.com\/es\/blog\/noticias\/factorenergia-recibe-el-premio-europes-500\/","name":"Factorenergia recibe el premio Europe\u2019s 500 | factorenergia","isPartOf":{"@id":"https:\/\/www.factorenergia.com\/es\/#website"},"datePublished":"2013-05-13T16:35:03+00:00","dateModified":"2016-09-28T07:38:27+00:00","description":"Crecer y crear empleo en un momento de crisis como el actual no resulta nada f\u00e1cil, pero 150 compa\u00f1\u00edas europeas, entre las que hay 21 espa\u00f1olas, acaban de ser galardonadas en el Parlamento Europeo por conseguirlo.","breadcrumb":{"@id":"https:\/\/www.factorenergia.com\/es\/blog\/noticias\/factorenergia-recibe-el-premio-europes-500\/#breadcrumb"},"inLanguage":"es","potentialAction":[{"@type":"ReadAction","target":["https:\/\/www.factorenergia.com\/es\/blog\/noticias\/factorenergia-recibe-el-premio-europes-500\/"]}]},{"@type":"BreadcrumbList","@id":"https:\/\/www.factorenergia.com\/es\/blog\/noticias\/factorenergia-recibe-el-premio-europes-500\/#breadcrumb","itemListElement":[{"@type":"ListItem","position":1,"name":"Portada","item":"https:\/\/www.factorenergia.com\/es\/"},{"@type":"ListItem","position":2,"name":"Factorenergia recibe el premio Europe\u2019s 500"}]},{"@type":"WebSite","@id":"https:\/\/www.factorenergia.com\/es\/#website","url":"https:\/\/www.factorenergia.com\/es\/","name":"factorenergia","description":"Factor Energ\u00eda","potentialAction":[{"@type":"SearchAction","target":{"@type":"EntryPoint","urlTemplate":"https:\/\/www.factorenergia.com\/es\/?s={search_term_string}"},"query-input":"required name=search_term_string"}],"inLanguage":"es"}]}},"_links":{"self":[{"href":"https:\/\/www.factorenergia.com\/es\/wp-json\/wp\/v2\/noticias-factorenerg\/697"}],"collection":[{"href":"https:\/\/www.factorenergia.com\/es\/wp-json\/wp\/v2\/noticias-factorenerg"}],"about":[{"href":"https:\/\/www.factorenergia.com\/es\/wp-json\/wp\/v2\/types\/noticias-factorenerg"}],"wp:attachment":[{"href":"https:\/\/www.factorenergia.com\/es\/wp-json\/wp\/v2\/media?parent=697"}],"curies":[{"name":"wp","href":"https:\/\/api.w.org\/{rel}","templated":true}]}}