{"id":3019,"date":"2017-02-24T12:26:51","date_gmt":"2017-02-24T10:26:51","guid":{"rendered":"https:\/\/www.factorenergia.com\/es\/?post_type=noticias-factorenerg&#038;p=3019"},"modified":"2017-03-01T10:50:07","modified_gmt":"2017-03-01T08:50:07","slug":"vehiculo-electrico-entrevista-farriols","status":"publish","type":"noticias-factorenerg","link":"https:\/\/www.factorenergia.com\/es\/noticias\/vehiculo-electrico-entrevista-farriols\/","title":{"rendered":"\u201cEl veh\u00edculo el\u00e9ctrico es m\u00e1s eficiente energ\u00e9ticamente\u201d. Entrevista al sr. Farriols"},"content":{"rendered":"<p><span style=\"color: #000000;\">En <em><strong>Mercadoindustrial<\/strong> <\/em>entrevistaron al sr. Farriols, presidente del\u00a0<strong>Cl\u00faster de Eficiencia Energ\u00e9tica de Catalunya<\/strong>\u00a0(CEEC) y director general de negocio el\u00e9ctrico de Factor Energ\u00eda, donde hablaron del presente y el futuro del veh\u00edculo el\u00e9ctrico.<\/span><\/p>\n<p><span style=\"color: #000000;\">Este es el resumen; puedes leer la <a href=\"http:\/\/mercadoindustrial.mbzpress.com\/2017\/02\/20\/entrevistamos-a-xavier-farriols-presidente-del-ceec\/\" target=\"_blank\">entrevista completa aqu\u00ed<\/a>.<\/span><\/p>\n<p>&nbsp;<\/p>\n<h2><span style=\"color: #000000;\">\u00bfQu\u00e9 es el CEEC y a qu\u00e9 se dedica?<\/span><\/h2>\n<p><span style=\"color: #000000;\">El Cl\u00faster de Eficiencia Energ\u00e9tica de Catalunya (CEEC) es una organizaci\u00f3n empresarial sin \u00e1nimo de lucro que agrupa empresas que promocionan, ofrecen y desarrollan productos o servicios relacionados con la eficiencia energ\u00e9tica en sectores tan distintos como el industrial o el arquitect\u00f3nico.<\/span><\/p>\n<h2><span style=\"color: #000000;\">\u00bfQu\u00e9 pens\u00e1is de la incorporaci\u00f3n de energ\u00edas alternativas en la sociedad?<\/span><\/h2>\n<p><span style=\"color: #000000;\">Tenemos una valoraci\u00f3n positiva al respecto aunque tambi\u00e9n creemos que es, por el momento, insuficiente. Consideramos que podr\u00eda avanzarse m\u00e1s a nivel legislativo para permitir una implementaci\u00f3n masiva. Sin embargo, no hay duda de que a largo plazo representar\u00e1 una reducci\u00f3n de costes energ\u00e9ticos as\u00ed como una mejor\u00eda sustancial de la calidad medioambiental.<\/span><\/p>\n<h2><span style=\"color: #000000;\">\u00bfC\u00f3mo veis el mercado del veh\u00edculo el\u00e9ctrico actualmente?<\/span><\/h2>\n<p><span style=\"color: #000000;\">Desde el CEEC creemos que se trata de un mercado en clara expansi\u00f3n y con mucho potencial de crecimiento. No obstante, todav\u00eda se necesita el impulso del Sector P\u00fablico ya que existen varias barreras para la adopci\u00f3n de este sistema de movilidad. Deber\u00edan instaurarse medidas para facilitar la adquisici\u00f3n de estos veh\u00edculos como, por ejemplo, la implantaci\u00f3n de infraestructuras de recarga.<\/span><\/p>\n<p><span style=\"color: #000000;\">En este sentido cabe destacar que, por ejemplo, el gobierno de Catalu\u00f1a promueve un plan de despliegue de infraestructura de recarga para el veh\u00edculo el\u00e9ctrico que prev\u00e9 la instalaci\u00f3n de m\u00e1s de 25.000 puntos hasta 2020.<\/span><\/p>\n<h2><span style=\"color: #000000;\">\u00bfEs caro un veh\u00edculo el\u00e9ctrico?<\/span><\/h2>\n<p><span style=\"color: #000000;\">Depende de si se consideran, o no, los costes medioambientales. Los \u00faltimos episodios de contaminaci\u00f3n en Madrid deber\u00edan hacernos reflexionar sobre la necesidad del cambio hacia un modelo m\u00e1s sostenible. Aun as\u00ed st\u00e1 claro que, a largo plazo, el veh\u00edculo el\u00e9ctrico ser\u00e1 m\u00e1s econ\u00f3mico.<\/span><\/p>\n<h2><span style=\"color: #000000;\">\u00bfQu\u00e9 beneficios ofrece veh\u00edculo el\u00e9ctrico?<\/span><\/h2>\n<p><span style=\"color: #000000;\">Desde el <strong>punto de vista energ\u00e9tico<\/strong>, el veh\u00edculo el\u00e9ctrico es m\u00e1s eficiente energ\u00e9ticamente y puede funcionar con energ\u00eda renovable, generada por autoconsumo, por ejemplo.<\/span><\/p>\n<p><span style=\"color: #000000;\">Por otro lado, <strong>ambientalmente<\/strong>, no emiten gases contaminantes y su fabricaci\u00f3n suele ser m\u00e1s respetuosa con el medio ambiente.<\/span><\/p>\n<p><span style=\"color: #000000;\">As\u00ed mismo, y como principales beneficios <strong>econ\u00f3micos<\/strong>, podr\u00edamos afirmar que el coste de utilizaci\u00f3n y de mantenimiento de un veh\u00edculo 100% el\u00e9ctrico es muy inferior a un veh\u00edculo convencional.<\/span><\/p>\n<h2><span style=\"color: #000000;\">\u00bfDe qu\u00e9 depende el aumento de veh\u00edculos el\u00e9ctricos en las calles de las ciudades?<\/span><\/h2>\n<p><span style=\"color: #000000;\">De distintas variables. Por un lado, desde el CEEC creemos que es necesaria la creaci\u00f3n de incentivos y la potenciaci\u00f3n de las infraestructuras de recarga en v\u00edas p\u00fablicas, establecimientos p\u00fablicos y viviendas particulares por parte de la Administraci\u00f3n.<\/span><\/p>\n<p><span style=\"color: #000000;\">Por otro lado, desde la perspectiva del sector privado, creemos que se requiere la ampliaci\u00f3n de las <a href=\"https:\/\/www.factorenergia.com\/es\/blog\/movilidad-electrica\/tipos-de-vehiculo-electrico\/\" target=\"_blank\">gamas de veh\u00edculos el\u00e9ctricos<\/a> para satisfacer todas las necesidades del p\u00fablico, y mejorar su autonom\u00eda.<\/span><\/p>\n<h2><span style=\"color: #000000;\">\u00bfCu\u00e1nto queda por hacer para no depender del petr\u00f3leo?<\/span><\/h2>\n<p><span style=\"color: #000000;\">Nosotros creemos que estamos volviendo a andar en esta direcci\u00f3n. Es necesario que la sociedad tome consciencia para que podamos convertir el modelo en sostenible econ\u00f3micamente. No hay duda que lo conseguiremos.<\/span><\/p>\n<p>&nbsp;<\/p>\n","protected":false},"excerpt":{"rendered":"<p>Hablamos de la entrevista de Mercadoindustrial a Farriols, presidente del Cl\u00faster de Eficiencia Energ\u00e9tica de Catalu\u00f1a y director general de negocio el\u00e9ctrico de Factor Energ\u00eda. \u00bfQu\u00e9 opinan del presente y el futuro del veh\u00edculo el\u00e9ctrico?<\/p>\n","protected":false},"featured_media":0,"parent":0,"template":"","acf":{"fecha_de_la_entrada":null,"imagen_portada":3020,"categoria_blog":null,"tipo_de_distribuidora":null,"tiempo_lectura":"","banner_bool":false,"titulo_banner":"","texto_banner":"","texto_boton_banner":"","url_boton_banner":"","post_relacionados":null},"yoast_head":"<!-- This site is optimized with the Yoast SEO plugin v22.2 - https:\/\/yoast.com\/wordpress\/plugins\/seo\/ -->\n<title>Entrevista al sr. Farriols: el veh\u00edculo el\u00e9ctrico es m\u00e1s eficiente<\/title>\n<meta name=\"description\" content=\"\u00bfCu\u00e1l es el presente y el futuro del veh\u00edculo el\u00e9ctrico? Hablamos con el sr. Farriols, del CEEC y Factor Energ\u00eda sobre el veh\u00edculo el\u00e9ctrico.\" \/>\n<meta name=\"robots\" content=\"index, follow, max-snippet:-1, max-image-preview:large, max-video-preview:-1\" \/>\n<link rel=\"canonical\" href=\"https:\/\/www.factorenergia.com\/es\/blog\/noticias\/vehiculo-electrico-entrevista-farriols\/\" \/>\n<meta name=\"twitter:card\" content=\"summary_large_image\" \/>\n<meta name=\"twitter:title\" content=\"Entrevista al sr. Farriols: el veh\u00edculo el\u00e9ctrico es m\u00e1s eficiente\" \/>\n<meta name=\"twitter:description\" content=\"\u00bfCu\u00e1l es el presente y el futuro del veh\u00edculo el\u00e9ctrico? Hablamos con el sr. Farriols, del CEEC y Factor Energ\u00eda sobre el veh\u00edculo el\u00e9ctrico.\" \/>\n<meta name=\"twitter:site\" content=\"@factorenergia\" \/>\n<meta name=\"twitter:label1\" content=\"Tiempo de lectura\" \/>\n\t<meta name=\"twitter:data1\" content=\"3 minutos\" \/>\n<script type=\"application\/ld+json\" class=\"yoast-schema-graph\">{\"@context\":\"https:\/\/schema.org\",\"@graph\":[{\"@type\":\"WebPage\",\"@id\":\"https:\/\/www.factorenergia.com\/es\/blog\/noticias\/vehiculo-electrico-entrevista-farriols\/\",\"url\":\"https:\/\/www.factorenergia.com\/es\/blog\/noticias\/vehiculo-electrico-entrevista-farriols\/\",\"name\":\"Entrevista al sr. Farriols: el veh\u00edculo el\u00e9ctrico es m\u00e1s eficiente\",\"isPartOf\":{\"@id\":\"https:\/\/www.factorenergia.com\/es\/#website\"},\"datePublished\":\"2017-02-24T10:26:51+00:00\",\"dateModified\":\"2017-03-01T08:50:07+00:00\",\"description\":\"\u00bfCu\u00e1l es el presente y el futuro del veh\u00edculo el\u00e9ctrico? Hablamos con el sr. Farriols, del CEEC y Factor Energ\u00eda sobre el veh\u00edculo el\u00e9ctrico.\",\"breadcrumb\":{\"@id\":\"https:\/\/www.factorenergia.com\/es\/blog\/noticias\/vehiculo-electrico-entrevista-farriols\/#breadcrumb\"},\"inLanguage\":\"es\",\"potentialAction\":[{\"@type\":\"ReadAction\",\"target\":[\"https:\/\/www.factorenergia.com\/es\/blog\/noticias\/vehiculo-electrico-entrevista-farriols\/\"]}]},{\"@type\":\"BreadcrumbList\",\"@id\":\"https:\/\/www.factorenergia.com\/es\/blog\/noticias\/vehiculo-electrico-entrevista-farriols\/#breadcrumb\",\"itemListElement\":[{\"@type\":\"ListItem\",\"position\":1,\"name\":\"Portada\",\"item\":\"https:\/\/www.factorenergia.com\/es\/\"},{\"@type\":\"ListItem\",\"position\":2,\"name\":\"\u201cEl veh\u00edculo el\u00e9ctrico es m\u00e1s eficiente energ\u00e9ticamente\u201d. Entrevista al sr. Farriols\"}]},{\"@type\":\"WebSite\",\"@id\":\"https:\/\/www.factorenergia.com\/es\/#website\",\"url\":\"https:\/\/www.factorenergia.com\/es\/\",\"name\":\"factorenergia\",\"description\":\"Factor Energ\u00eda\",\"potentialAction\":[{\"@type\":\"SearchAction\",\"target\":{\"@type\":\"EntryPoint\",\"urlTemplate\":\"https:\/\/www.factorenergia.com\/es\/?s={search_term_string}\"},\"query-input\":\"required name=search_term_string\"}],\"inLanguage\":\"es\"}]}<\/script>\n<!-- \/ Yoast SEO plugin. -->","yoast_head_json":{"title":"Entrevista al sr. Farriols: el veh\u00edculo el\u00e9ctrico es m\u00e1s eficiente","description":"\u00bfCu\u00e1l es el presente y el futuro del veh\u00edculo el\u00e9ctrico? Hablamos con el sr. Farriols, del CEEC y Factor Energ\u00eda sobre el veh\u00edculo el\u00e9ctrico.","robots":{"index":"index","follow":"follow","max-snippet":"max-snippet:-1","max-image-preview":"max-image-preview:large","max-video-preview":"max-video-preview:-1"},"canonical":"https:\/\/www.factorenergia.com\/es\/blog\/noticias\/vehiculo-electrico-entrevista-farriols\/","twitter_card":"summary_large_image","twitter_title":"Entrevista al sr. Farriols: el veh\u00edculo el\u00e9ctrico es m\u00e1s eficiente","twitter_description":"\u00bfCu\u00e1l es el presente y el futuro del veh\u00edculo el\u00e9ctrico? Hablamos con el sr. Farriols, del CEEC y Factor Energ\u00eda sobre el veh\u00edculo el\u00e9ctrico.","twitter_site":"@factorenergia","twitter_misc":{"Tiempo de lectura":"3 minutos"},"schema":{"@context":"https:\/\/schema.org","@graph":[{"@type":"WebPage","@id":"https:\/\/www.factorenergia.com\/es\/blog\/noticias\/vehiculo-electrico-entrevista-farriols\/","url":"https:\/\/www.factorenergia.com\/es\/blog\/noticias\/vehiculo-electrico-entrevista-farriols\/","name":"Entrevista al sr. Farriols: el veh\u00edculo el\u00e9ctrico es m\u00e1s eficiente","isPartOf":{"@id":"https:\/\/www.factorenergia.com\/es\/#website"},"datePublished":"2017-02-24T10:26:51+00:00","dateModified":"2017-03-01T08:50:07+00:00","description":"\u00bfCu\u00e1l es el presente y el futuro del veh\u00edculo el\u00e9ctrico? Hablamos con el sr. Farriols, del CEEC y Factor Energ\u00eda sobre el veh\u00edculo el\u00e9ctrico.","breadcrumb":{"@id":"https:\/\/www.factorenergia.com\/es\/blog\/noticias\/vehiculo-electrico-entrevista-farriols\/#breadcrumb"},"inLanguage":"es","potentialAction":[{"@type":"ReadAction","target":["https:\/\/www.factorenergia.com\/es\/blog\/noticias\/vehiculo-electrico-entrevista-farriols\/"]}]},{"@type":"BreadcrumbList","@id":"https:\/\/www.factorenergia.com\/es\/blog\/noticias\/vehiculo-electrico-entrevista-farriols\/#breadcrumb","itemListElement":[{"@type":"ListItem","position":1,"name":"Portada","item":"https:\/\/www.factorenergia.com\/es\/"},{"@type":"ListItem","position":2,"name":"\u201cEl veh\u00edculo el\u00e9ctrico es m\u00e1s eficiente energ\u00e9ticamente\u201d. Entrevista al sr. Farriols"}]},{"@type":"WebSite","@id":"https:\/\/www.factorenergia.com\/es\/#website","url":"https:\/\/www.factorenergia.com\/es\/","name":"factorenergia","description":"Factor Energ\u00eda","potentialAction":[{"@type":"SearchAction","target":{"@type":"EntryPoint","urlTemplate":"https:\/\/www.factorenergia.com\/es\/?s={search_term_string}"},"query-input":"required name=search_term_string"}],"inLanguage":"es"}]}},"_links":{"self":[{"href":"https:\/\/www.factorenergia.com\/es\/wp-json\/wp\/v2\/noticias-factorenerg\/3019"}],"collection":[{"href":"https:\/\/www.factorenergia.com\/es\/wp-json\/wp\/v2\/noticias-factorenerg"}],"about":[{"href":"https:\/\/www.factorenergia.com\/es\/wp-json\/wp\/v2\/types\/noticias-factorenerg"}],"wp:attachment":[{"href":"https:\/\/www.factorenergia.com\/es\/wp-json\/wp\/v2\/media?parent=3019"}],"curies":[{"name":"wp","href":"https:\/\/api.w.org\/{rel}","templated":true}]}}