{"id":2608,"date":"2016-10-26T11:10:53","date_gmt":"2016-10-26T09:10:53","guid":{"rendered":"https:\/\/www.factorenergia.com\/es\/?post_type=noticias-factorenerg&#038;p=2608"},"modified":"2016-10-26T11:11:14","modified_gmt":"2016-10-26T09:11:14","slug":"factorenergia-se-suma-al-rosa","status":"publish","type":"noticias-factorenerg","link":"https:\/\/www.factorenergia.com\/es\/noticias\/factorenergia-se-suma-al-rosa\/","title":{"rendered":"Factorenergia se suma al rosa"},"content":{"rendered":"<p><span style=\"color: #000000;\">Esta vez, la noticia es de lo m\u00e1s solidaria. Nos encanta notificar que el Director General de Factorenergia, <strong>Emilio Rousad,\u00a0forma parte de los embajadores<\/strong> de mamapop, un concierto ben\u00e9fico por la lucha contra el c\u00e1ncer.<\/span><\/p>\n<p><span style=\"color: #000000;\">El c\u00e1ncer de mama es un tema muy serio del que afortunadamente cada vez sabemos m\u00e1s. Pero no es suficiente, y desde <span style=\"color: #ff99cc;\"><strong><a href=\"http:\/\/mamapop.cat\/\" target=\"_blank\" style=\"color: #ff99cc;\"><u>mamapop<\/u> <\/a><\/strong><\/span>le dan forma de concierto desde 2014 para reunir dinero para la investigaci\u00f3n de este mal que afecta cada d\u00eda a m\u00e1s mujeres; por las que lucharon, por las que luchan actualmente, y por las que luchar\u00e1n y lo conseguir\u00e1n.<\/span><\/p>\n<p><span style=\"color: #000000;\">Con el fin de sensibilizar, emocionar y pasar un buen rato mientras contribuimos a una muy buena causa, el <strong>s\u00e1bado 26 de noviembre, a las 19h de la tarde<\/strong> en Lleida se llevar\u00e1 a cabo un espect\u00e1culo en el que se interpretar\u00e1n cl\u00e1sicos del Pop Rock internacional con acompa\u00f1amientos de orquesta sinf\u00f3nica.<\/span><\/p>\n<p><span style=\"color: #000000;\">En Factorenergia ya tenemos nuestra entrada, hazte con la tuya y ayuda a esta recaudaci\u00f3n de fondos. Estamos muy contentos de poder formar parte de las empresas solidarias colaboradoras y embajadores junto a personalidades como los periodistas Luis del Olmo y Carles Capdevila. Desde aqu\u00ed, le deseamos la mayor de las suertes a la organizaci\u00f3n y much\u00edsimas fuerza a todas las luchadoras.<\/span><\/p>\n<p><span style=\"color: #ff99cc;\"><strong><a href=\"https:\/\/www.facebook.com\/factorenergiacom\/\" target=\"_blank\" style=\"color: #ff99cc;\"><u>S\u00famate al rosa y a la energ\u00eda positiva.<\/u> <\/a><\/strong><\/span><\/p>\n","protected":false},"excerpt":{"rendered":"<p>Emilio Rousaud, como embajador, y Factorenergia como empresa solidaria, se suman al rosa en la lucha contra el c\u00e1ncer de mama.<\/p>\n","protected":false},"featured_media":0,"parent":0,"template":"","acf":{"fecha_de_la_entrada":null,"imagen_portada":2609,"categoria_blog":null,"tipo_de_distribuidora":null,"tiempo_lectura":"","banner_bool":false,"titulo_banner":"","texto_banner":"","texto_boton_banner":"","url_boton_banner":"","post_relacionados":null},"yoast_head":"<!-- This site is optimized with the Yoast SEO plugin v22.2 - https:\/\/yoast.com\/wordpress\/plugins\/seo\/ -->\n<title>S\u00famate al rosa con Mamapop en la lucha contra el c\u00e1ncer | Factorenergia<\/title>\n<meta name=\"description\" content=\"Emilio Rousaud, como embajador y Factorenergia como empresa solidaria, se suman al rosa en la lucha contra el c\u00e1ncer de mama.\" \/>\n<meta name=\"robots\" content=\"index, follow, max-snippet:-1, max-image-preview:large, max-video-preview:-1\" \/>\n<link rel=\"canonical\" href=\"https:\/\/www.factorenergia.com\/es\/blog\/noticias\/factorenergia-se-suma-al-rosa\/\" \/>\n<meta name=\"twitter:card\" content=\"summary_large_image\" \/>\n<meta name=\"twitter:title\" content=\"S\u00famate al rosa con Mamapop en la lucha contra el c\u00e1ncer | Factorenergia\" \/>\n<meta name=\"twitter:description\" content=\"Emilio Rousaud, como embajador y Factorenergia como empresa solidaria, se suman al rosa en la lucha contra el c\u00e1ncer de mama.\" \/>\n<meta name=\"twitter:site\" content=\"@factorenergia\" \/>\n<meta name=\"twitter:label1\" content=\"Tiempo de lectura\" \/>\n\t<meta name=\"twitter:data1\" content=\"1 minuto\" \/>\n<script type=\"application\/ld+json\" class=\"yoast-schema-graph\">{\"@context\":\"https:\/\/schema.org\",\"@graph\":[{\"@type\":\"WebPage\",\"@id\":\"https:\/\/www.factorenergia.com\/es\/blog\/noticias\/factorenergia-se-suma-al-rosa\/\",\"url\":\"https:\/\/www.factorenergia.com\/es\/blog\/noticias\/factorenergia-se-suma-al-rosa\/\",\"name\":\"S\u00famate al rosa con Mamapop en la lucha contra el c\u00e1ncer | Factorenergia\",\"isPartOf\":{\"@id\":\"https:\/\/www.factorenergia.com\/es\/#website\"},\"datePublished\":\"2016-10-26T09:10:53+00:00\",\"dateModified\":\"2016-10-26T09:11:14+00:00\",\"description\":\"Emilio Rousaud, como embajador y Factorenergia como empresa solidaria, se suman al rosa en la lucha contra el c\u00e1ncer de mama.\",\"breadcrumb\":{\"@id\":\"https:\/\/www.factorenergia.com\/es\/blog\/noticias\/factorenergia-se-suma-al-rosa\/#breadcrumb\"},\"inLanguage\":\"es\",\"potentialAction\":[{\"@type\":\"ReadAction\",\"target\":[\"https:\/\/www.factorenergia.com\/es\/blog\/noticias\/factorenergia-se-suma-al-rosa\/\"]}]},{\"@type\":\"BreadcrumbList\",\"@id\":\"https:\/\/www.factorenergia.com\/es\/blog\/noticias\/factorenergia-se-suma-al-rosa\/#breadcrumb\",\"itemListElement\":[{\"@type\":\"ListItem\",\"position\":1,\"name\":\"Portada\",\"item\":\"https:\/\/www.factorenergia.com\/es\/\"},{\"@type\":\"ListItem\",\"position\":2,\"name\":\"Factorenergia se suma al rosa\"}]},{\"@type\":\"WebSite\",\"@id\":\"https:\/\/www.factorenergia.com\/es\/#website\",\"url\":\"https:\/\/www.factorenergia.com\/es\/\",\"name\":\"factorenergia\",\"description\":\"Factor Energ\u00eda\",\"potentialAction\":[{\"@type\":\"SearchAction\",\"target\":{\"@type\":\"EntryPoint\",\"urlTemplate\":\"https:\/\/www.factorenergia.com\/es\/?s={search_term_string}\"},\"query-input\":\"required name=search_term_string\"}],\"inLanguage\":\"es\"}]}<\/script>\n<!-- \/ Yoast SEO plugin. -->","yoast_head_json":{"title":"S\u00famate al rosa con Mamapop en la lucha contra el c\u00e1ncer | Factorenergia","description":"Emilio Rousaud, como embajador y Factorenergia como empresa solidaria, se suman al rosa en la lucha contra el c\u00e1ncer de mama.","robots":{"index":"index","follow":"follow","max-snippet":"max-snippet:-1","max-image-preview":"max-image-preview:large","max-video-preview":"max-video-preview:-1"},"canonical":"https:\/\/www.factorenergia.com\/es\/blog\/noticias\/factorenergia-se-suma-al-rosa\/","twitter_card":"summary_large_image","twitter_title":"S\u00famate al rosa con Mamapop en la lucha contra el c\u00e1ncer | Factorenergia","twitter_description":"Emilio Rousaud, como embajador y Factorenergia como empresa solidaria, se suman al rosa en la lucha contra el c\u00e1ncer de mama.","twitter_site":"@factorenergia","twitter_misc":{"Tiempo de lectura":"1 minuto"},"schema":{"@context":"https:\/\/schema.org","@graph":[{"@type":"WebPage","@id":"https:\/\/www.factorenergia.com\/es\/blog\/noticias\/factorenergia-se-suma-al-rosa\/","url":"https:\/\/www.factorenergia.com\/es\/blog\/noticias\/factorenergia-se-suma-al-rosa\/","name":"S\u00famate al rosa con Mamapop en la lucha contra el c\u00e1ncer | Factorenergia","isPartOf":{"@id":"https:\/\/www.factorenergia.com\/es\/#website"},"datePublished":"2016-10-26T09:10:53+00:00","dateModified":"2016-10-26T09:11:14+00:00","description":"Emilio Rousaud, como embajador y Factorenergia como empresa solidaria, se suman al rosa en la lucha contra el c\u00e1ncer de mama.","breadcrumb":{"@id":"https:\/\/www.factorenergia.com\/es\/blog\/noticias\/factorenergia-se-suma-al-rosa\/#breadcrumb"},"inLanguage":"es","potentialAction":[{"@type":"ReadAction","target":["https:\/\/www.factorenergia.com\/es\/blog\/noticias\/factorenergia-se-suma-al-rosa\/"]}]},{"@type":"BreadcrumbList","@id":"https:\/\/www.factorenergia.com\/es\/blog\/noticias\/factorenergia-se-suma-al-rosa\/#breadcrumb","itemListElement":[{"@type":"ListItem","position":1,"name":"Portada","item":"https:\/\/www.factorenergia.com\/es\/"},{"@type":"ListItem","position":2,"name":"Factorenergia se suma al rosa"}]},{"@type":"WebSite","@id":"https:\/\/www.factorenergia.com\/es\/#website","url":"https:\/\/www.factorenergia.com\/es\/","name":"factorenergia","description":"Factor Energ\u00eda","potentialAction":[{"@type":"SearchAction","target":{"@type":"EntryPoint","urlTemplate":"https:\/\/www.factorenergia.com\/es\/?s={search_term_string}"},"query-input":"required name=search_term_string"}],"inLanguage":"es"}]}},"_links":{"self":[{"href":"https:\/\/www.factorenergia.com\/es\/wp-json\/wp\/v2\/noticias-factorenerg\/2608"}],"collection":[{"href":"https:\/\/www.factorenergia.com\/es\/wp-json\/wp\/v2\/noticias-factorenerg"}],"about":[{"href":"https:\/\/www.factorenergia.com\/es\/wp-json\/wp\/v2\/types\/noticias-factorenerg"}],"wp:attachment":[{"href":"https:\/\/www.factorenergia.com\/es\/wp-json\/wp\/v2\/media?parent=2608"}],"curies":[{"name":"wp","href":"https:\/\/api.w.org\/{rel}","templated":true}]}}