{"id":2184,"date":"2016-03-30T10:46:27","date_gmt":"2016-03-30T08:46:27","guid":{"rendered":"https:\/\/www.factorenergia.com\/es\/?post_type=noticias-factorenerg&#038;p=2184"},"modified":"2016-09-01T17:36:01","modified_gmt":"2016-09-01T15:36:01","slug":"emilio-rousaud-figueres-talent","status":"publish","type":"noticias-factorenerg","link":"https:\/\/www.factorenergia.com\/es\/noticias\/emilio-rousaud-figueres-talent\/","title":{"rendered":"Nos vemos en Figueres: Ponencia de Emilio Rousaud"},"content":{"rendered":"<p><span style=\"color: #000000;\">El pr\u00f3ximo jueves 14 de abril, en la segunda edici\u00f3n del <strong>Figueres Talent<\/strong>, tendremos a nuestro Director General, Emilio Rousaud, hablando como ponente y en nombre de Factorenergia sobre innovaci\u00f3n en el sector el\u00e9ctrico.<\/span><\/p>\n<p><span style=\"color: #000000;\">La iniciativa, que en su segundo a\u00f1o de vida ha incrementado su n\u00famero de inscripciones, <em>nace de la necesidad de crear un evento innovador y de referencia en la ciudad donde poder potenciar espacios de encuentro e intercambio de ideas, conocimientos, tendencias e inquietudes en esta nueva era m\u00f3vil, hiperconectada, proactiva y veloz<\/em>.<\/span><\/p>\n<p><span style=\"color: #000000;\">As\u00ed pues, te esperamos el jueves 14 a las 19:35h en el Figueres Talent. La ponencia del fundador de Factor Energ\u00eda tendr\u00e1 lugar hasta las 19:55h aproximadamente, pero el evento dura dos d\u00edas, con lo que tienes hasta el viernes para aprender y conocer las novedades de este mundo conectado en el que vivimos y a sus referentes nacionales.<\/span><\/p>\n<p><span style=\"color: #000000;\">\u00a1<a href=\"http:\/\/www.figuerestalent2016.cat\/figueres-talent#descrip2\" target=\"_blank\">Adjuntamos el horario<\/a> para que no te lo pierdas!<\/span><\/p>\n","protected":false},"excerpt":{"rendered":"<p>El pr\u00f3ximo 14 de abril tienes una cita en el Figueres Talent; un espacio de encuentro, aprendizaje y networking<\/p>\n","protected":false},"featured_media":0,"parent":0,"template":"","acf":{"fecha_de_la_entrada":null,"imagen_portada":2227,"categoria_blog":null,"tipo_de_distribuidora":null,"tiempo_lectura":"","banner_bool":false,"titulo_banner":"","texto_banner":"","texto_boton_banner":"","url_boton_banner":"","post_relacionados":null},"yoast_head":"<!-- This site is optimized with the Yoast SEO plugin v22.2 - https:\/\/yoast.com\/wordpress\/plugins\/seo\/ -->\n<title>Nos vemos en Figueres Talent<\/title>\n<meta name=\"description\" content=\"Emilio Rousaud ofrecer\u00e1 una conferencia en Figueres Talent el pr\u00f3ximo 14 de abril\" \/>\n<meta name=\"robots\" content=\"index, follow, max-snippet:-1, max-image-preview:large, max-video-preview:-1\" \/>\n<link rel=\"canonical\" href=\"https:\/\/www.factorenergia.com\/es\/blog\/noticias\/emilio-rousaud-figueres-talent\/\" \/>\n<meta name=\"twitter:card\" content=\"summary_large_image\" \/>\n<meta name=\"twitter:title\" content=\"Nos vemos en Figueres Talent\" \/>\n<meta name=\"twitter:description\" content=\"Emilio Rousaud ofrecer\u00e1 una conferencia en Figueres Talent el pr\u00f3ximo 14 de abril\" \/>\n<meta name=\"twitter:site\" content=\"@factorenergia\" \/>\n<meta name=\"twitter:label1\" content=\"Tiempo de lectura\" \/>\n\t<meta name=\"twitter:data1\" content=\"1 minuto\" \/>\n<script type=\"application\/ld+json\" class=\"yoast-schema-graph\">{\"@context\":\"https:\/\/schema.org\",\"@graph\":[{\"@type\":\"WebPage\",\"@id\":\"https:\/\/www.factorenergia.com\/es\/blog\/noticias\/emilio-rousaud-figueres-talent\/\",\"url\":\"https:\/\/www.factorenergia.com\/es\/blog\/noticias\/emilio-rousaud-figueres-talent\/\",\"name\":\"Nos vemos en Figueres Talent\",\"isPartOf\":{\"@id\":\"https:\/\/www.factorenergia.com\/es\/#website\"},\"datePublished\":\"2016-03-30T08:46:27+00:00\",\"dateModified\":\"2016-09-01T15:36:01+00:00\",\"description\":\"Emilio Rousaud ofrecer\u00e1 una conferencia en Figueres Talent el pr\u00f3ximo 14 de abril\",\"breadcrumb\":{\"@id\":\"https:\/\/www.factorenergia.com\/es\/blog\/noticias\/emilio-rousaud-figueres-talent\/#breadcrumb\"},\"inLanguage\":\"es\",\"potentialAction\":[{\"@type\":\"ReadAction\",\"target\":[\"https:\/\/www.factorenergia.com\/es\/blog\/noticias\/emilio-rousaud-figueres-talent\/\"]}]},{\"@type\":\"BreadcrumbList\",\"@id\":\"https:\/\/www.factorenergia.com\/es\/blog\/noticias\/emilio-rousaud-figueres-talent\/#breadcrumb\",\"itemListElement\":[{\"@type\":\"ListItem\",\"position\":1,\"name\":\"Portada\",\"item\":\"https:\/\/www.factorenergia.com\/es\/\"},{\"@type\":\"ListItem\",\"position\":2,\"name\":\"Nos vemos en Figueres: Ponencia de Emilio Rousaud\"}]},{\"@type\":\"WebSite\",\"@id\":\"https:\/\/www.factorenergia.com\/es\/#website\",\"url\":\"https:\/\/www.factorenergia.com\/es\/\",\"name\":\"factorenergia\",\"description\":\"Factor Energ\u00eda\",\"potentialAction\":[{\"@type\":\"SearchAction\",\"target\":{\"@type\":\"EntryPoint\",\"urlTemplate\":\"https:\/\/www.factorenergia.com\/es\/?s={search_term_string}\"},\"query-input\":\"required name=search_term_string\"}],\"inLanguage\":\"es\"}]}<\/script>\n<!-- \/ Yoast SEO plugin. -->","yoast_head_json":{"title":"Nos vemos en Figueres Talent","description":"Emilio Rousaud ofrecer\u00e1 una conferencia en Figueres Talent el pr\u00f3ximo 14 de abril","robots":{"index":"index","follow":"follow","max-snippet":"max-snippet:-1","max-image-preview":"max-image-preview:large","max-video-preview":"max-video-preview:-1"},"canonical":"https:\/\/www.factorenergia.com\/es\/blog\/noticias\/emilio-rousaud-figueres-talent\/","twitter_card":"summary_large_image","twitter_title":"Nos vemos en Figueres Talent","twitter_description":"Emilio Rousaud ofrecer\u00e1 una conferencia en Figueres Talent el pr\u00f3ximo 14 de abril","twitter_site":"@factorenergia","twitter_misc":{"Tiempo de lectura":"1 minuto"},"schema":{"@context":"https:\/\/schema.org","@graph":[{"@type":"WebPage","@id":"https:\/\/www.factorenergia.com\/es\/blog\/noticias\/emilio-rousaud-figueres-talent\/","url":"https:\/\/www.factorenergia.com\/es\/blog\/noticias\/emilio-rousaud-figueres-talent\/","name":"Nos vemos en Figueres Talent","isPartOf":{"@id":"https:\/\/www.factorenergia.com\/es\/#website"},"datePublished":"2016-03-30T08:46:27+00:00","dateModified":"2016-09-01T15:36:01+00:00","description":"Emilio Rousaud ofrecer\u00e1 una conferencia en Figueres Talent el pr\u00f3ximo 14 de abril","breadcrumb":{"@id":"https:\/\/www.factorenergia.com\/es\/blog\/noticias\/emilio-rousaud-figueres-talent\/#breadcrumb"},"inLanguage":"es","potentialAction":[{"@type":"ReadAction","target":["https:\/\/www.factorenergia.com\/es\/blog\/noticias\/emilio-rousaud-figueres-talent\/"]}]},{"@type":"BreadcrumbList","@id":"https:\/\/www.factorenergia.com\/es\/blog\/noticias\/emilio-rousaud-figueres-talent\/#breadcrumb","itemListElement":[{"@type":"ListItem","position":1,"name":"Portada","item":"https:\/\/www.factorenergia.com\/es\/"},{"@type":"ListItem","position":2,"name":"Nos vemos en Figueres: Ponencia de Emilio Rousaud"}]},{"@type":"WebSite","@id":"https:\/\/www.factorenergia.com\/es\/#website","url":"https:\/\/www.factorenergia.com\/es\/","name":"factorenergia","description":"Factor Energ\u00eda","potentialAction":[{"@type":"SearchAction","target":{"@type":"EntryPoint","urlTemplate":"https:\/\/www.factorenergia.com\/es\/?s={search_term_string}"},"query-input":"required name=search_term_string"}],"inLanguage":"es"}]}},"_links":{"self":[{"href":"https:\/\/www.factorenergia.com\/es\/wp-json\/wp\/v2\/noticias-factorenerg\/2184"}],"collection":[{"href":"https:\/\/www.factorenergia.com\/es\/wp-json\/wp\/v2\/noticias-factorenerg"}],"about":[{"href":"https:\/\/www.factorenergia.com\/es\/wp-json\/wp\/v2\/types\/noticias-factorenerg"}],"wp:attachment":[{"href":"https:\/\/www.factorenergia.com\/es\/wp-json\/wp\/v2\/media?parent=2184"}],"curies":[{"name":"wp","href":"https:\/\/api.w.org\/{rel}","templated":true}]}}