{"id":2083,"date":"2016-02-01T09:09:33","date_gmt":"2016-02-01T07:09:33","guid":{"rendered":"https:\/\/www.factorenergia.com\/es\/?post_type=noticias-factorenerg&#038;p=2083"},"modified":"2016-09-01T17:20:44","modified_gmt":"2016-09-01T15:20:44","slug":"emilio-rousaud-president-acie","status":"publish","type":"noticias-factorenerg","link":"https:\/\/www.factorenergia.com\/es\/noticias\/emilio-rousaud-president-acie\/","title":{"rendered":"Emilio Rousaud es nombrado presidente de la Asociaci\u00f3n de Comercializadores Independientes de Energ\u00eda"},"content":{"rendered":"<p><span style=\"color: #000000;\">Tal y como comunicaba la agencia EFE el 28 de enero, Emilio Rousaud fue nombrado presidente de la Asociaci\u00f3n de Comercializadores Independientes de Energ\u00eda (ACIE).<\/span><\/p>\n<p><span style=\"color: #000000;\">El Director General de Factorenergia, quien particip\u00f3 en la fundaci\u00f3n y desarrollo de la asociaci\u00f3n, cumplir\u00e1 este a\u00f1o\u00a0la funci\u00f3n de representante de los intereses de todos los comercializadores independientes de energ\u00eda el\u00e9ctrica \u2013 ha dicho en un comunicado.<\/span><\/p>\n<p><span style=\"color: #000000;\">Este se suma al resto de cargos que sustenta, como vicepresidente de la asociaci\u00f3n Grupo de Gestores Energ\u00e9ticos y vicepresidente de la patronal Pimec, cuya edici\u00f3n de 2016 tendr\u00e1 lugar el mes de julio.<\/span><\/p>\n","protected":false},"excerpt":{"rendered":"<p>La finalidad de ACIE (Asociaci\u00f3n de Comercializadores Independientes de Energ\u00eda) es defender y promocionar los intereses de las empresas comercializadoras de energ\u00eda el\u00e9ctrica y gas natural asociadas en el marco de un sistema liberalizado.<\/p>\n","protected":false},"featured_media":0,"parent":0,"template":"","acf":{"fecha_de_la_entrada":null,"imagen_portada":2141,"categoria_blog":null,"tipo_de_distribuidora":null,"tiempo_lectura":"","banner_bool":false,"titulo_banner":"","texto_banner":"","texto_boton_banner":"","url_boton_banner":"","post_relacionados":null},"yoast_head":"<!-- This site is optimized with the Yoast SEO plugin v22.2 - https:\/\/yoast.com\/wordpress\/plugins\/seo\/ -->\n<title>Emilio Rousaud, presidente de la ACIE 2016<\/title>\n<meta name=\"description\" content=\"Emilio Rousaud, de Factorenergia, ha sido nombrado presidente de la Asociaci\u00f3n de Comercializadores Independientes de Energ\u00eda (ACIE)\" \/>\n<meta name=\"robots\" content=\"index, follow, max-snippet:-1, max-image-preview:large, max-video-preview:-1\" \/>\n<link rel=\"canonical\" href=\"https:\/\/www.factorenergia.com\/es\/blog\/noticias\/emilio-rousaud-president-acie\/\" \/>\n<meta name=\"twitter:card\" content=\"summary_large_image\" \/>\n<meta name=\"twitter:title\" content=\"Emilio Rousaud, presidente de la ACIE 2016\" \/>\n<meta name=\"twitter:description\" content=\"Emilio Rousaud, de Factorenergia, ha sido nombrado presidente de la Asociaci\u00f3n de Comercializadores Independientes de Energ\u00eda (ACIE)\" \/>\n<meta name=\"twitter:site\" content=\"@factorenergia\" \/>\n<meta name=\"twitter:label1\" content=\"Tiempo de lectura\" \/>\n\t<meta name=\"twitter:data1\" content=\"1 minuto\" \/>\n<script type=\"application\/ld+json\" class=\"yoast-schema-graph\">{\"@context\":\"https:\/\/schema.org\",\"@graph\":[{\"@type\":\"WebPage\",\"@id\":\"https:\/\/www.factorenergia.com\/es\/blog\/noticias\/emilio-rousaud-president-acie\/\",\"url\":\"https:\/\/www.factorenergia.com\/es\/blog\/noticias\/emilio-rousaud-president-acie\/\",\"name\":\"Emilio Rousaud, presidente de la ACIE 2016\",\"isPartOf\":{\"@id\":\"https:\/\/www.factorenergia.com\/es\/#website\"},\"datePublished\":\"2016-02-01T07:09:33+00:00\",\"dateModified\":\"2016-09-01T15:20:44+00:00\",\"description\":\"Emilio Rousaud, de Factorenergia, ha sido nombrado presidente de la Asociaci\u00f3n de Comercializadores Independientes de Energ\u00eda (ACIE)\",\"breadcrumb\":{\"@id\":\"https:\/\/www.factorenergia.com\/es\/blog\/noticias\/emilio-rousaud-president-acie\/#breadcrumb\"},\"inLanguage\":\"es\",\"potentialAction\":[{\"@type\":\"ReadAction\",\"target\":[\"https:\/\/www.factorenergia.com\/es\/blog\/noticias\/emilio-rousaud-president-acie\/\"]}]},{\"@type\":\"BreadcrumbList\",\"@id\":\"https:\/\/www.factorenergia.com\/es\/blog\/noticias\/emilio-rousaud-president-acie\/#breadcrumb\",\"itemListElement\":[{\"@type\":\"ListItem\",\"position\":1,\"name\":\"Portada\",\"item\":\"https:\/\/www.factorenergia.com\/es\/\"},{\"@type\":\"ListItem\",\"position\":2,\"name\":\"Emilio Rousaud es nombrado presidente de la Asociaci\u00f3n de Comercializadores Independientes de Energ\u00eda\"}]},{\"@type\":\"WebSite\",\"@id\":\"https:\/\/www.factorenergia.com\/es\/#website\",\"url\":\"https:\/\/www.factorenergia.com\/es\/\",\"name\":\"factorenergia\",\"description\":\"Factor Energ\u00eda\",\"potentialAction\":[{\"@type\":\"SearchAction\",\"target\":{\"@type\":\"EntryPoint\",\"urlTemplate\":\"https:\/\/www.factorenergia.com\/es\/?s={search_term_string}\"},\"query-input\":\"required name=search_term_string\"}],\"inLanguage\":\"es\"}]}<\/script>\n<!-- \/ Yoast SEO plugin. -->","yoast_head_json":{"title":"Emilio Rousaud, presidente de la ACIE 2016","description":"Emilio Rousaud, de Factorenergia, ha sido nombrado presidente de la Asociaci\u00f3n de Comercializadores Independientes de Energ\u00eda (ACIE)","robots":{"index":"index","follow":"follow","max-snippet":"max-snippet:-1","max-image-preview":"max-image-preview:large","max-video-preview":"max-video-preview:-1"},"canonical":"https:\/\/www.factorenergia.com\/es\/blog\/noticias\/emilio-rousaud-president-acie\/","twitter_card":"summary_large_image","twitter_title":"Emilio Rousaud, presidente de la ACIE 2016","twitter_description":"Emilio Rousaud, de Factorenergia, ha sido nombrado presidente de la Asociaci\u00f3n de Comercializadores Independientes de Energ\u00eda (ACIE)","twitter_site":"@factorenergia","twitter_misc":{"Tiempo de lectura":"1 minuto"},"schema":{"@context":"https:\/\/schema.org","@graph":[{"@type":"WebPage","@id":"https:\/\/www.factorenergia.com\/es\/blog\/noticias\/emilio-rousaud-president-acie\/","url":"https:\/\/www.factorenergia.com\/es\/blog\/noticias\/emilio-rousaud-president-acie\/","name":"Emilio Rousaud, presidente de la ACIE 2016","isPartOf":{"@id":"https:\/\/www.factorenergia.com\/es\/#website"},"datePublished":"2016-02-01T07:09:33+00:00","dateModified":"2016-09-01T15:20:44+00:00","description":"Emilio Rousaud, de Factorenergia, ha sido nombrado presidente de la Asociaci\u00f3n de Comercializadores Independientes de Energ\u00eda (ACIE)","breadcrumb":{"@id":"https:\/\/www.factorenergia.com\/es\/blog\/noticias\/emilio-rousaud-president-acie\/#breadcrumb"},"inLanguage":"es","potentialAction":[{"@type":"ReadAction","target":["https:\/\/www.factorenergia.com\/es\/blog\/noticias\/emilio-rousaud-president-acie\/"]}]},{"@type":"BreadcrumbList","@id":"https:\/\/www.factorenergia.com\/es\/blog\/noticias\/emilio-rousaud-president-acie\/#breadcrumb","itemListElement":[{"@type":"ListItem","position":1,"name":"Portada","item":"https:\/\/www.factorenergia.com\/es\/"},{"@type":"ListItem","position":2,"name":"Emilio Rousaud es nombrado presidente de la Asociaci\u00f3n de Comercializadores Independientes de Energ\u00eda"}]},{"@type":"WebSite","@id":"https:\/\/www.factorenergia.com\/es\/#website","url":"https:\/\/www.factorenergia.com\/es\/","name":"factorenergia","description":"Factor Energ\u00eda","potentialAction":[{"@type":"SearchAction","target":{"@type":"EntryPoint","urlTemplate":"https:\/\/www.factorenergia.com\/es\/?s={search_term_string}"},"query-input":"required name=search_term_string"}],"inLanguage":"es"}]}},"_links":{"self":[{"href":"https:\/\/www.factorenergia.com\/es\/wp-json\/wp\/v2\/noticias-factorenerg\/2083"}],"collection":[{"href":"https:\/\/www.factorenergia.com\/es\/wp-json\/wp\/v2\/noticias-factorenerg"}],"about":[{"href":"https:\/\/www.factorenergia.com\/es\/wp-json\/wp\/v2\/types\/noticias-factorenerg"}],"wp:attachment":[{"href":"https:\/\/www.factorenergia.com\/es\/wp-json\/wp\/v2\/media?parent=2083"}],"curies":[{"name":"wp","href":"https:\/\/api.w.org\/{rel}","templated":true}]}}