{"id":12210,"date":"2022-01-04T16:34:32","date_gmt":"2022-01-04T14:34:32","guid":{"rendered":"https:\/\/www.factorenergia.com\/es\/?post_type=noticias-factorenerg&#038;p=12210"},"modified":"2025-09-25T12:15:14","modified_gmt":"2025-09-25T10:15:14","slug":"factorenergia-se-abre-paso-en-azerbaiyan","status":"publish","type":"noticias-factorenerg","link":"https:\/\/www.factorenergia.com\/es\/noticias\/factorenergia-se-abre-paso-en-azerbaiyan\/","title":{"rendered":"Factorenergia contin\u00faa su proceso de internacionalizaci\u00f3n y se abre paso en el mercado de Azerbaiy\u00e1n"},"content":{"rendered":"<p style=\"text-align: justify;\"><em>30 de diciembre de 2021.<\/em> &#8211; Factorenergia, siguiendo con su objetivo de expansi\u00f3n internacional, inici\u00f3 los pasados 22 y 23 de diciembre, los contactos con las autoridades de Azerbaiy\u00e1n para <strong>optar a la reconstrucci\u00f3n de infraestructuras energ\u00e9ticas en la regi\u00f3n de Karabaj<\/strong>. Para ello, una delegaci\u00f3n de Factorenergia encabezada por el fundador y CEO de la empresa, Emili Rousaud, se desplaz\u00f3 a Bak\u00fa con el fin de mantener varias reuniones oficiales con las autoridades de Azerbaiy\u00e1n.<\/p>\n<p style=\"text-align: justify;\">La delegaci\u00f3n de Factorenergia desplazada hasta la regi\u00f3n, mantuvo una reuni\u00f3n con el presidente de la Agencia Estatal de la Peque\u00f1a y Mediana Empresa de Azerbaiy\u00e1n, donde <strong>se acord\u00f3 la m\u00e1xima colaboraci\u00f3n por su parte para que Factorenergia pueda emprender en el pa\u00eds<\/strong>. Por otro lado, las autoridades azer\u00edes presentaron un detallado plan para llevar a cabo la m\u00e1s pronta reconstrucci\u00f3n de infraestructuras energ\u00e9ticas en la regi\u00f3n del Karabaj y se incidi\u00f3 en la voluntad de potenciar el uso de energ\u00edas renovables en la zona, un punto en el que Factorenergia puede ser de m\u00e1xima utilidad, dada su probada experiencia en el sector.<\/p>\n<p style=\"text-align: justify;\">El encuentro, que tuvo lugar con las m\u00e1s altas instancias del Ministerio de Econom\u00eda de Azerbaiy\u00e1n, pretende potenciar mecanismos de colaboraci\u00f3n mutua. El gran inter\u00e9s del pa\u00eds azer\u00ed por <strong>intensificar sus relaciones comerciales con Espa\u00f1a<\/strong>, est\u00e1 respaldado tambi\u00e9n por la embajada de Azerbaiy\u00e1n en Madrid, al frente de la cual est\u00e1 su nuevo embajador, Ramiz Hasanov. El fomento de la presencia de empresas espa\u00f1olas en Azerbaiy\u00e1n y la captaci\u00f3n de inversiones que ayuden a la reconstrucci\u00f3n de Karabaj, es sin duda, una de las prioridades de Hasanov.<\/p>\n<p style=\"text-align: justify;\">La posible entrada de Factorenergia en Azerbaiy\u00e1n,<strong> permitir\u00e1 seguir avanzando en el proceso de internacionalizaci\u00f3n<\/strong> de la compa\u00f1\u00eda tras su expansi\u00f3n en M\u00e9xico (2017), en Portugal (2019) y m\u00e1s recientemente, en Bulgaria (2021).<\/p>\n","protected":false},"excerpt":{"rendered":"<p>Emili Rousaud, CEO de la empresa, inicia los contactos con las autoridades de Azerbaiy\u00e1n para optar a la reconstrucci\u00f3n de infraestructuras energ\u00e9ticas en la regi\u00f3n de Karabaj y contin\u00faa as\u00ed, con su estrategia de expansi\u00f3n internacional.  <\/p>\n","protected":false},"featured_media":0,"parent":0,"template":"","acf":{"fecha_de_la_entrada":"20210104","imagen_portada":30098,"categoria_blog":null,"tipo_de_distribuidora":null,"tiempo_lectura":"","banner_bool":false,"titulo_banner":"","texto_banner":"","texto_boton_banner":"","url_boton_banner":"","post_relacionados":""},"yoast_head":"<!-- This site is optimized with the Yoast SEO plugin v22.2 - https:\/\/yoast.com\/wordpress\/plugins\/seo\/ -->\n<title>Factorenergia se abre paso en el mercado de Azerbaiy\u00e1n<\/title>\n<meta name=\"description\" content=\"Factorenergia contin\u00faa su proceso de internacionalizaci\u00f3n y se abre paso en el mercado de Azerbaiy\u00e1n optando a reconstruir infraestructuras energ\u00e9ticas.\" \/>\n<meta name=\"robots\" content=\"index, follow, max-snippet:-1, max-image-preview:large, max-video-preview:-1\" \/>\n<link rel=\"canonical\" href=\"https:\/\/www.factorenergia.com\/es\/noticias\/factorenergia-se-abre-paso-en-azerbaiyan\/\" \/>\n<meta name=\"twitter:card\" content=\"summary_large_image\" \/>\n<meta name=\"twitter:title\" content=\"Factorenergia se abre paso en el mercado de Azerbaiy\u00e1n\" \/>\n<meta name=\"twitter:description\" content=\"Factorenergia contin\u00faa su proceso de internacionalizaci\u00f3n y se abre paso en el mercado de Azerbaiy\u00e1n optando a reconstruir infraestructuras energ\u00e9ticas.\" \/>\n<meta name=\"twitter:site\" content=\"@factorenergia\" \/>\n<meta name=\"twitter:label1\" content=\"Tiempo de lectura\" \/>\n\t<meta name=\"twitter:data1\" content=\"2 minutos\" \/>\n<script type=\"application\/ld+json\" class=\"yoast-schema-graph\">{\"@context\":\"https:\/\/schema.org\",\"@graph\":[{\"@type\":\"WebPage\",\"@id\":\"https:\/\/www.factorenergia.com\/es\/noticias\/factorenergia-se-abre-paso-en-azerbaiyan\/\",\"url\":\"https:\/\/www.factorenergia.com\/es\/noticias\/factorenergia-se-abre-paso-en-azerbaiyan\/\",\"name\":\"Factorenergia se abre paso en el mercado de Azerbaiy\u00e1n\",\"isPartOf\":{\"@id\":\"https:\/\/www.factorenergia.com\/es\/#website\"},\"datePublished\":\"2022-01-04T14:34:32+00:00\",\"dateModified\":\"2025-09-25T10:15:14+00:00\",\"description\":\"Factorenergia contin\u00faa su proceso de internacionalizaci\u00f3n y se abre paso en el mercado de Azerbaiy\u00e1n optando a reconstruir infraestructuras energ\u00e9ticas.\",\"breadcrumb\":{\"@id\":\"https:\/\/www.factorenergia.com\/es\/noticias\/factorenergia-se-abre-paso-en-azerbaiyan\/#breadcrumb\"},\"inLanguage\":\"es\",\"potentialAction\":[{\"@type\":\"ReadAction\",\"target\":[\"https:\/\/www.factorenergia.com\/es\/noticias\/factorenergia-se-abre-paso-en-azerbaiyan\/\"]}]},{\"@type\":\"BreadcrumbList\",\"@id\":\"https:\/\/www.factorenergia.com\/es\/noticias\/factorenergia-se-abre-paso-en-azerbaiyan\/#breadcrumb\",\"itemListElement\":[{\"@type\":\"ListItem\",\"position\":1,\"name\":\"Portada\",\"item\":\"https:\/\/www.factorenergia.com\/es\/\"},{\"@type\":\"ListItem\",\"position\":2,\"name\":\"Factorenergia contin\u00faa su proceso de internacionalizaci\u00f3n y se abre paso en el mercado de Azerbaiy\u00e1n\"}]},{\"@type\":\"WebSite\",\"@id\":\"https:\/\/www.factorenergia.com\/es\/#website\",\"url\":\"https:\/\/www.factorenergia.com\/es\/\",\"name\":\"factorenergia\",\"description\":\"Factor Energ\u00eda\",\"potentialAction\":[{\"@type\":\"SearchAction\",\"target\":{\"@type\":\"EntryPoint\",\"urlTemplate\":\"https:\/\/www.factorenergia.com\/es\/?s={search_term_string}\"},\"query-input\":\"required name=search_term_string\"}],\"inLanguage\":\"es\"}]}<\/script>\n<!-- \/ Yoast SEO plugin. -->","yoast_head_json":{"title":"Factorenergia se abre paso en el mercado de Azerbaiy\u00e1n","description":"Factorenergia contin\u00faa su proceso de internacionalizaci\u00f3n y se abre paso en el mercado de Azerbaiy\u00e1n optando a reconstruir infraestructuras energ\u00e9ticas.","robots":{"index":"index","follow":"follow","max-snippet":"max-snippet:-1","max-image-preview":"max-image-preview:large","max-video-preview":"max-video-preview:-1"},"canonical":"https:\/\/www.factorenergia.com\/es\/noticias\/factorenergia-se-abre-paso-en-azerbaiyan\/","twitter_card":"summary_large_image","twitter_title":"Factorenergia se abre paso en el mercado de Azerbaiy\u00e1n","twitter_description":"Factorenergia contin\u00faa su proceso de internacionalizaci\u00f3n y se abre paso en el mercado de Azerbaiy\u00e1n optando a reconstruir infraestructuras energ\u00e9ticas.","twitter_site":"@factorenergia","twitter_misc":{"Tiempo de lectura":"2 minutos"},"schema":{"@context":"https:\/\/schema.org","@graph":[{"@type":"WebPage","@id":"https:\/\/www.factorenergia.com\/es\/noticias\/factorenergia-se-abre-paso-en-azerbaiyan\/","url":"https:\/\/www.factorenergia.com\/es\/noticias\/factorenergia-se-abre-paso-en-azerbaiyan\/","name":"Factorenergia se abre paso en el mercado de Azerbaiy\u00e1n","isPartOf":{"@id":"https:\/\/www.factorenergia.com\/es\/#website"},"datePublished":"2022-01-04T14:34:32+00:00","dateModified":"2025-09-25T10:15:14+00:00","description":"Factorenergia contin\u00faa su proceso de internacionalizaci\u00f3n y se abre paso en el mercado de Azerbaiy\u00e1n optando a reconstruir infraestructuras energ\u00e9ticas.","breadcrumb":{"@id":"https:\/\/www.factorenergia.com\/es\/noticias\/factorenergia-se-abre-paso-en-azerbaiyan\/#breadcrumb"},"inLanguage":"es","potentialAction":[{"@type":"ReadAction","target":["https:\/\/www.factorenergia.com\/es\/noticias\/factorenergia-se-abre-paso-en-azerbaiyan\/"]}]},{"@type":"BreadcrumbList","@id":"https:\/\/www.factorenergia.com\/es\/noticias\/factorenergia-se-abre-paso-en-azerbaiyan\/#breadcrumb","itemListElement":[{"@type":"ListItem","position":1,"name":"Portada","item":"https:\/\/www.factorenergia.com\/es\/"},{"@type":"ListItem","position":2,"name":"Factorenergia contin\u00faa su proceso de internacionalizaci\u00f3n y se abre paso en el mercado de Azerbaiy\u00e1n"}]},{"@type":"WebSite","@id":"https:\/\/www.factorenergia.com\/es\/#website","url":"https:\/\/www.factorenergia.com\/es\/","name":"factorenergia","description":"Factor Energ\u00eda","potentialAction":[{"@type":"SearchAction","target":{"@type":"EntryPoint","urlTemplate":"https:\/\/www.factorenergia.com\/es\/?s={search_term_string}"},"query-input":"required name=search_term_string"}],"inLanguage":"es"}]}},"_links":{"self":[{"href":"https:\/\/www.factorenergia.com\/es\/wp-json\/wp\/v2\/noticias-factorenerg\/12210"}],"collection":[{"href":"https:\/\/www.factorenergia.com\/es\/wp-json\/wp\/v2\/noticias-factorenerg"}],"about":[{"href":"https:\/\/www.factorenergia.com\/es\/wp-json\/wp\/v2\/types\/noticias-factorenerg"}],"wp:attachment":[{"href":"https:\/\/www.factorenergia.com\/es\/wp-json\/wp\/v2\/media?parent=12210"}],"curies":[{"name":"wp","href":"https:\/\/api.w.org\/{rel}","templated":true}]}}