{"id":9995,"date":"2021-02-01T13:54:31","date_gmt":"2021-02-01T11:54:31","guid":{"rendered":"https:\/\/www.factorenergia.com\/ca\/?post_type=blog&#038;p=9995"},"modified":"2025-07-02T13:13:02","modified_gmt":"2025-07-02T11:13:02","slug":"per-que-la-pujada-de-la-llum","status":"publish","type":"post","link":"https:\/\/www.factorenergia.com\/ca\/blog\/noticies\/per-que-la-pujada-de-la-llum\/","title":{"rendered":"Per qu\u00e8 ha pujat el preu de la llum? M&#8217;haig de preocupar?"},"content":{"rendered":"<p style=\"text-align: justify;\"><span>\n<script type=\"text\/javascript\" id=\"auto-index\" async defer>\n\n      function indexContent(context){\n\n      var container = document.querySelector(context);\n\n      element = document.getElementById(\"accordion-index\");\n      var titles = Array.from(container.querySelectorAll(\"h2,h3\"));\n\n      for (var i = 0, l = titles.length; i < l; i++) {\n\n\t\tjQuery('#accordionIndex').show();\n\n        var tit = titles[i];\n\t\tvar newTitle = tit.textContent.toLowerCase().replace(\/[^a-zA-Z ]\/g, \"\").replace(\/\\s\/g, '-');\n\t\tvar numTag = Number(tit.tagName.replace(\/[^1-9]\/g, \"\"));\n\t\tvar tagWidth = (numTag*20);\n\n\t\tvar preText = '<span style=\"margin-left:' + tagWidth + 'px\"><\/span>';\n\n        tit.setAttribute(\"id\", newTitle);\n\t\tjQuery(tit).addClass('h-inline');\n\t\t\n\t\tvar toIndex = '<p class=\"h-inline\"><a class=\"blog-toindex\" href=\"#accordionIndex\"><span class=\"glyphicon glyphicon-chevron-up\" aria-hidden=\"true\"><\/span><\/a><\/p>';\n\n\t\tjQuery(toIndex).insertAfter(tit);\n\n        var node = document.createElement(\"LI\");                 \n        var link = document.createElement(\"A\");\n        var textnode = document.createTextNode(tit.textContent);\n\n        link.appendChild(textnode);\n        link.setAttribute(\"href\", '#' + newTitle);\n\t\t\/\/link.setAttribute(\"style\", \"margin-left:\" + tagWidth + \"px\");\n\t\tlink.setAttribute(\"class\", \"acc-h\" + numTag);\n        node.appendChild(link);\n\n        element.appendChild(node);\n\n      }\n    }\n\n    jQuery(document).ready(function(){\t\t\n\t\tindexContent(\".single-post-content\");\n\n\t\tjQuery(\".accordion-toggle\").click(function() {\n\t\t\tjQuery(this).toggleClass(\"open\");\n\t\t\tjQuery(\"#collapseIndex\").slideToggle(\"in\");\n\t\t});\n\t});\n\n\n<\/script>\n\n<style>\n\t.accordion-toggle{\n\t\tcursor:pointer;\n\t}\n\n\t#accordionIndex .panel-heading{\n\t\tmargin-bottom:0px;\n\t}\n\n\t.articulo ul, .articulo ol{\n\t\tmargin-bottom:auto;\n\t}\n\n\t.h-inline{\n\t\tdisplay: inline-flex;\n\t\tflex-wrap: wrap\n\t}\n\t#accordion-index{\n\t\tpadding-left:0px;\n\t}\n\t#accordion-index li a{\n\t\tdisplay:block;\n\t\tpadding-top:5px;\n\t}\n\n\t.acc-h2{\n\t\tmargin-left:0px;\n\t\tposition: relative;\n\t}\n\n\t.acc-h3{\n\t\tmargin-left:25px;\n\t}\n\n\t.acc-h3::before{\n\t\tcontent: \"\";\n\t\tbackground-color:var(--blue-light);\n\t\tmargin-left:-10px;\n\t\twidth: 7px;\n\t\theight: 7px;\n\t\tdisplay: inline-block;\n\t\ttext-align: center;\n\t\tborder-radius: 1000px;\n\t\tmargin-right: 10px;\n    \tmargin-bottom: 2px;\n\t}\n\n\t.acc-h4{\n\t\tmargin-left:40px;\n\t}\n\n\t.acc-h4::before{\n\t\tcontent: \"\";\n\t\tborder: 1px solid var(--blue-light);\n\t\tmargin-left:-5px;\n\t\twidth: 7px;\n\t\theight: 7px;\n\t\tdisplay: inline-block;\n\t\ttext-align: center;\n\t\tborder-radius: 100%;\n\t\tmargin-right: 10px;\n    \tmargin-bottom: 2px;\n\t}\n\n\t.acc-h3:hover::before{\n\t\tbackground-color: var(--blue-darkest);\n\t}\n\n\t.acc-h4:hover::before{\n\t\tborder-color: var(--blue-darkest);\n\t}\n\n\t@media (max-width: 992px){\n\t\t.acc-h2{\n\t\t\tmargin-left:0px;\n\t\t}\n\t\t.acc-h3{\n\t\t\tmargin-left:20px;\n\t\t}\n\t\t.acc-h4{\n\t\t\tmargin-left:40px;\n\t\t}\n\t}\n\n\t\/*\n\th2.h-inline:after,\n\th3.h-inline:after{\n\t\theight: 24px;\n\t\tcontent: \"\";\n\t\tdisplay: table-row;\n\t}*\/\n<\/style>\n\n<div id=\"table-accordion-index\">\n\t<div class=\"panel-group\" id=\"accordionIndex\">\n\t\t<div class=\"panel panel-default\">\n\t\t\t<div class=\"panel-heading\">\n\t\t\t\t<div class=\"panel-title open\"><div class=\"accordion-toggle\" data-toggle=\"collapse\" data-parent=\"#accordion\" aria-expanded=\"true\">\u00edndex<\/div><\/div>\n\t\t\t<\/div>\n\t\t\t<div id=\"collapseIndex\" class=\"panel-collapse collapse in\" aria-expanded=\"true\">\n\t\t\t\t<div class=\"panel-body\">\n\t\t\t\t\t<ul id=\"accordion-index\">\n\t\t\t\t\t<\/ul>\n\t\t\t\t<\/div>\n\t\t\t<\/div>\n\t\t<\/div>\n\t<\/div>\n<\/div><\/span><\/p>\n<p style=\"text-align: justify;\">Les variacions del preu de l&#8217;electricitat sempre donen molt a parlar generant inquietud i desconcert. Per aix\u00f2, et volem ajudar a resoldre els principals dubtes i explicar amb claredat les <strong>causes de la pujada de la llum.<\/strong><\/p>\n<p style=\"text-align: justify;\">Entendre els motius t&#8217;ajudar\u00e0 a prendre <strong>decisions eficients<\/strong> sobre la tarifa que millor s&#8217;adapta al teu consum i, en conseq\u00fc\u00e8ncia, a estalviar.<\/p>\n<h2 style=\"font-size: 20px !important; color: #777777;\"><strong>Els diferents tipus de tarifes el\u00e8ctriques <\/strong><\/h2>\n<p style=\"text-align: justify;\">El primer de tot \u00e9s tenir clar que existeixen diverses opcions de tarifes a contractar. Si la teva <a href=\"https:\/\/www.factorenergia.com\/ca\/preu-fix\/\" title=\"tarifa el\u00e8ctrica\" target=\"_blank\" rel=\"noopener noreferrer\">tarifa de llum \u00e9s a preu fix<\/a>, <strong>una fluctuaci\u00f3 del preu no t&#8217;afectar\u00e0 de la mateixa manera<\/strong> que si tens contractada una <a href=\"\/ca\/llars\/tarifas\/preu-variable\/\" title=\"tarifa variable d'electricitat\" target=\"_blank\" rel=\"noopener noreferrer\">tarifa de preu variable<\/a>. A factorenergia et podem ajudar a triar la modalitat de preu que m\u00e9s s&#8217;adapti a tu.<\/p>\n<p style=\"text-align: justify;\">Tenint clar aquests conceptes, les variacions del <a href=\"https:\/\/www.factorenergia.com\/ca\/llars\/tarifas\/preu-variable\/\"><\/a><a href=\"https:\/\/www.factorenergia.com\/ca\/llars\/tarifas\/preu-variable\/\" target=\"_blank\" rel=\"noopener\">preu de la llum<\/a> <strong>t&#8217;influir\u00e0 solament si la teva tarifa \u00e9s variable<\/strong>, tant si baixa com si puja el preu, fet que significa que tamb\u00e9 et beneficiar\u00e0s de les baixades del mercat.<\/p>\n<p style=\"text-align: justify;\"><span>\r\n<script type=\"text\/javascript\" async defer>\r\n\r\n    jQuery(document).ready(function(){\t\t\r\n\t\t\r\n\t});\r\n<\/script>\r\n\r\n<style>\r\n\t.block-interested_posts{\r\n        margin-top: 10px;\r\n        padding: 20px;\r\n        border: 2px solid #92C200;\r\n    }\r\n    .block-interested_posts ul{\r\n        margin-bottom:0px;\r\n    }\r\n    .block-interested_posts ul li{\r\n        margin-bottom:5px;\r\n    }\r\n    .block-interested_posts ul li a{\r\n        \/*color: #DF981E;*\/\r\n    }\r\n\r\n<\/style>\r\n\r\n<div class=\"block-interested_posts\">\r\n    <p><strong>Post que et poden interessar<\/strong><\/p>\r\n    <ul>\r\n                    <li><a href=\"https:\/\/www.factorenergia.com\/ca\/blog\/apren-a-estalviar\/tarifa_pvpc\/\" title=\"La tarifa PVPC o regulada\">La tarifa PVPC o regulada<\/a><\/li>\r\n                    <li><a href=\"https:\/\/www.factorenergia.com\/ca\/blog\/apren-a-estalviar\/quina-potencia-contractar\/\" title=\"Quina pot\u00e8ncia el\u00e8ctrica he de contractar?\">Quina pot\u00e8ncia el\u00e8ctrica he de contractar?<\/a><\/li>\r\n            <\/ul>\t\r\n<\/div><\/span><\/p>\n<h2 style=\"font-size: 20px !important; color: #777777;\"><strong>A qu\u00e8 es deuen les variacions del preu de la llum? <\/strong><\/h2>\n<p style=\"text-align: justify;\">El preu de l&#8217;electricitat a Espanya est\u00e0 sotm\u00e8s a un mercat competitiu d&#8217;oferta i demanda. En \u00e8poques de temporals, com el que hem viscut aquestes \u00faltimes setmanes, el preu de l&#8217;energia el\u00e8ctrica ha augmentat per diverses raons:<\/p>\n<ul>\n<li style=\"text-align: justify;\">L&#8217;onada de fred i temporal de neu fa que el consum sigui major i que, per tant, hi hagi <strong>m\u00e9s demanda d&#8217;electricitat.<\/strong><\/li>\n<li style=\"text-align: justify;\"><strong>Les energies renovables ajuden a rebaixar el preu de l&#8217;energia el\u00e8ctrica<\/strong> per ser fonts molt m\u00e9s econ\u00f2miques que la resta. La seva producci\u00f3, \u00e9s intermitent, per la qual cosa no sempre est\u00e0 disponible, com ha succe\u00eft en els \u00faltims dies.<\/li>\n<li style=\"text-align: justify;\">Per a cobrir la demanda i garantir el subministrament, <strong>es necessita rec\u00f3rrer a tecnologies cares,<\/strong> com les plantes de cicle combinat que utilitzen gas com a combustible i que, aquests dies tamb\u00e9 t\u00e9 un preu especialment elevat.<\/li>\n<\/ul>\n<div class=\"text-center center blog-cta\"><p>Canvia't a factorenergia i estalvia un 12'5% a la Factura de la Llum ... Per Sempre!<\/p><a class=\"blog-cta primary-btn text-center solicitar-estudio\" target=\"_blank\" title=\"Truca Gratis o Contracta Online en 2 min\" href=\"https:\/\/www.factorenergia.com\/ca\/canvia-de-companyia\/\">Truca Gratis o Contracta Online en 2 min<\/a><p><\/p><div style=\"display:none;\"><p>Canvia't a factorenergia i estalvia un 12'5% a la Factura de la Llum ... Per Sempre!<\/p><\/div>\n\t\t\t<script type='text\/javascript'>\n\t\t\t\tjQuery('.solicitar-estudio').click(function(){\t\t\t\t\t\t\t\t\t\n\t\t\t\t\tdataLayer.push({'language': 'ca'});\n\t\t\t\t\tdataLayer.push({'post_id': '9995'});\n\t\t\t\t\tdataLayer.push({'cat_type': 'luz'});\n\t\t\t\t});\n\t\t\t<\/script>\n\t\t<\/div><br\/>\n<h3 style=\"font-size: 20px !important; color: #777777;\"><strong>Com es tradueix la pujada de la llum a la teva factura? <\/strong><\/h3>\n<p style=\"text-align: justify;\">Front una situaci\u00f3 aix\u00ed, i davant tanta informaci\u00f3 en els mitjans de comunicaci\u00f3, creiem important explicar-te <strong>com aquestes fluctuacions afecten realment en la teva factura de la llum<\/strong>.<\/p>\n<p style=\"text-align: justify;\">\u00c9s molt important destacar que l&#8217;increment del preu de l&#8217;electricitat, <strong>nom\u00e9s s&#8217;arriba a produir si tens contractada una tarifa amb preu variable<\/strong>, i no es tradueix directament en un augment de la factura en el mateix grau.<\/p>\n<p style=\"text-align: justify;\">Aix\u00f2 es deu al fet que les variacions en el preu del consum el\u00e8ctric influeixen en <strong>menys del 20% de l&#8217;import total de la teva factura de la llum.<\/strong> Tal com t&#8217;expliquem en l&#8217;anterior post sobre <a href=\"https:\/\/www.factorenergia.com\/ca\/blog\/apren-a-estalviar\/quina-potencia-contractar\/\" title=\"quina pot\u00e8ncia de llum necessito?\" target=\"_blank\" rel=\"noopener noreferrer\">quina pot\u00e8ncia el\u00e8ctrica contractar<\/a>, la teva factura es divideix en una part fixa (corresponent a la pot\u00e8ncia que tinguis contractada) i una variable referent al teu consum.<\/p>\n<p>&nbsp;<\/p>\n<p style=\"text-align: justify;\">\u00c9s important que s\u00e0pigues que l&#8217;import de la teva factura tamb\u00e9 dep\u00e8n de l&#8217;evoluci\u00f3 del teu consum i efici\u00e8ncia. D&#8217;aquesta manera, les variacions en el preu durant l&#8217;any poden ser diferents\u00a0en\u00a0base base a les variacions en el teu consum.<\/p>\n<h3 style=\"font-size: 20px !important; color: #777777;\"><strong>Factorenergia, la teva comercialitzadora de confian\u00e7a <\/strong><\/h3>\n<p style=\"text-align: justify;\">A factorenergia volem ajudar-te a estalviar <strong>en la teva factura de la llum<\/strong> i, per aix\u00f2, t&#8217;oferim diferents tarifes el\u00e8ctriques perqu\u00e8 tri\u00efs la que millor s&#8217;adapta a les teves necessitats.<\/p>\n<p style=\"text-align: justify;\">Informa&#8217;t de les nostres tarifes fixes i tarifes variables i\u00a0tria la millor per a tu. Pots passar-te a <a href=\"https:\/\/www.factorenergia.com\/ca\/\" title=\"companyia d'electricitat catalana\" target=\"_blank\" rel=\"noopener noreferrer\"><strong>factorenergia<\/strong><\/a> en nom\u00e9s 2 minuts i contractar la llum online al millor preu o trucant-nos al 900 850 000.<\/p>\n<p style=\"text-align: justify;\">I si ja ets client i tens encara algun dubte contacta amb nosaltres en el 900 649 028 i t&#8217;ajudarem!<\/p>\n<p>&nbsp;<\/p>\n","protected":false},"excerpt":{"rendered":"<p>Les variacions en el preu de la llum, sobretot les pujades, sempre generen inquietud i desconcert. Per aquest motiu, avui volem explicar-te les causes de la pujada i com afecta realment en la teva factura.<\/p>\n","protected":false},"author":17,"featured_media":0,"comment_status":"open","ping_status":"closed","sticky":false,"template":"","format":"standard","meta":{"inline_featured_image":false,"footnotes":""},"categories":[61],"tags":[],"acf":{"fecha_de_la_entrada":"20210201","imagen_portada":7018,"categoria_blog":null,"tipo_de_distribuidora":null,"tiempo_lectura":"","banner_bool":false,"titulo_banner":"","texto_banner":"","texto_boton_banner":"","url_boton_banner":"","post_relacionados":""},"yoast_head":"<!-- This site is optimized with the Yoast SEO plugin v22.2 - https:\/\/yoast.com\/wordpress\/plugins\/seo\/ -->\n<title>Per qu\u00e8 la pujada de la llum? Preocupant? - factorenergia<\/title>\n<meta name=\"description\" content=\"La pujada de la llum sempre genera inquietud i desconcert. Per aix\u00f2, t&#039;expliquem les causes i com afecta realment en la teva factura de la llum.\" \/>\n<meta name=\"robots\" content=\"index, follow, max-snippet:-1, max-image-preview:large, max-video-preview:-1\" \/>\n<link rel=\"canonical\" href=\"https:\/\/www.factorenergia.com\/ca\/blog\/noticies\/per-que-la-pujada-de-la-llum\/\" \/>\n<meta name=\"twitter:card\" content=\"summary_large_image\" \/>\n<meta name=\"twitter:title\" content=\"Per qu\u00e8 la pujada de la llum? Preocupant? - factorenergia\" \/>\n<meta name=\"twitter:description\" content=\"La pujada de la llum sempre genera inquietud i desconcert. Per aix\u00f2, t&#039;expliquem les causes i com afecta realment en la teva factura de la llum.\" \/>\n<meta name=\"twitter:creator\" content=\"@factorenergia\" \/>\n<meta name=\"twitter:site\" content=\"@factorenergia\" \/>\n<meta name=\"twitter:label1\" content=\"Written by\" \/>\n\t<meta name=\"twitter:data1\" content=\"Equipo Transici\u00f3n Energ\u00e9tica Factorenergia\" \/>\n\t<meta name=\"twitter:label2\" content=\"Est. reading time\" \/>\n\t<meta name=\"twitter:data2\" content=\"3 minutes\" \/>\n<script type=\"application\/ld+json\" class=\"yoast-schema-graph\">{\"@context\":\"https:\/\/schema.org\",\"@graph\":[{\"@type\":\"WebPage\",\"@id\":\"https:\/\/www.factorenergia.com\/ca\/blog\/noticies\/per-que-la-pujada-de-la-llum\/\",\"url\":\"https:\/\/www.factorenergia.com\/ca\/blog\/noticies\/per-que-la-pujada-de-la-llum\/\",\"name\":\"Per qu\u00e8 la pujada de la llum? Preocupant? - factorenergia\",\"isPartOf\":{\"@id\":\"https:\/\/www.factorenergia.com\/es\/#website\"},\"datePublished\":\"2021-02-01T11:54:31+00:00\",\"dateModified\":\"2025-07-02T11:13:02+00:00\",\"author\":{\"@id\":\"https:\/\/www.factorenergia.com\/es\/#\/schema\/person\/dff9e4b6dc520720e3a37bdaaedc5841\"},\"description\":\"La pujada de la llum sempre genera inquietud i desconcert. Per aix\u00f2, t'expliquem les causes i com afecta realment en la teva factura de la llum.\",\"breadcrumb\":{\"@id\":\"https:\/\/www.factorenergia.com\/ca\/blog\/noticies\/per-que-la-pujada-de-la-llum\/#breadcrumb\"},\"inLanguage\":\"ca\",\"potentialAction\":[{\"@type\":\"ReadAction\",\"target\":[\"https:\/\/www.factorenergia.com\/ca\/blog\/noticies\/per-que-la-pujada-de-la-llum\/\"]}]},{\"@type\":\"BreadcrumbList\",\"@id\":\"https:\/\/www.factorenergia.com\/ca\/blog\/noticies\/per-que-la-pujada-de-la-llum\/#breadcrumb\",\"itemListElement\":[{\"@type\":\"ListItem\",\"position\":1,\"name\":\"Portada\",\"item\":\"https:\/\/www.factorenergia.com\/ca\/\"},{\"@type\":\"ListItem\",\"position\":2,\"name\":\"Per qu\u00e8 ha pujat el preu de la llum? M&#8217;haig de preocupar?\"}]},{\"@type\":\"WebSite\",\"@id\":\"https:\/\/www.factorenergia.com\/es\/#website\",\"url\":\"https:\/\/www.factorenergia.com\/es\/\",\"name\":\"factorenergia\",\"description\":\"factorenergia\",\"potentialAction\":[{\"@type\":\"SearchAction\",\"target\":{\"@type\":\"EntryPoint\",\"urlTemplate\":\"https:\/\/www.factorenergia.com\/es\/?s={search_term_string}\"},\"query-input\":\"required name=search_term_string\"}],\"inLanguage\":\"ca\"},{\"@type\":\"Person\",\"@id\":\"https:\/\/www.factorenergia.com\/es\/#\/schema\/person\/dff9e4b6dc520720e3a37bdaaedc5841\",\"name\":\"Equipo Transici\u00f3n Energ\u00e9tica Factorenergia\",\"image\":{\"@type\":\"ImageObject\",\"inLanguage\":\"ca\",\"@id\":\"https:\/\/www.factorenergia.com\/es\/#\/schema\/person\/image\/\",\"url\":\"https:\/\/secure.gravatar.com\/avatar\/1b7c76bab80ee1c4261b06108874e24b?s=96&d=mm&r=g\",\"contentUrl\":\"https:\/\/secure.gravatar.com\/avatar\/1b7c76bab80ee1c4261b06108874e24b?s=96&d=mm&r=g\",\"caption\":\"Equipo Transici\u00f3n Energ\u00e9tica Factorenergia\"},\"description\":\"El equipo est\u00e1 formado por expertos en materia de Luz, Gas y Eficiencia Energ\u00e9tica, que conocen de primera mano las tendencias del mercado. Su experiencia en el sector les permite ofrecer las mejores soluciones energ\u00e9ticas y resolver las dudas planteadas por los clientes.\",\"sameAs\":[\"https:\/\/www.factorenergia.com\/es\/\",\"https:\/\/www.facebook.com\/factorenergiacom\",\"https:\/\/www.instagram.com\/factorenergia_com\/\",\"https:\/\/es.linkedin.com\/company\/factor-energia\",\"https:\/\/twitter.com\/factorenergia\",\"https:\/\/www.youtube.com\/c\/factorenergiacom\"],\"url\":\"https:\/\/www.factorenergia.com\/ca\/blog\/author\/marketing\/\"}]}<\/script>\n<!-- \/ Yoast SEO plugin. -->","yoast_head_json":{"title":"Per qu\u00e8 la pujada de la llum? Preocupant? - factorenergia","description":"La pujada de la llum sempre genera inquietud i desconcert. Per aix\u00f2, t'expliquem les causes i com afecta realment en la teva factura de la llum.","robots":{"index":"index","follow":"follow","max-snippet":"max-snippet:-1","max-image-preview":"max-image-preview:large","max-video-preview":"max-video-preview:-1"},"canonical":"https:\/\/www.factorenergia.com\/ca\/blog\/noticies\/per-que-la-pujada-de-la-llum\/","twitter_card":"summary_large_image","twitter_title":"Per qu\u00e8 la pujada de la llum? Preocupant? - factorenergia","twitter_description":"La pujada de la llum sempre genera inquietud i desconcert. Per aix\u00f2, t'expliquem les causes i com afecta realment en la teva factura de la llum.","twitter_creator":"@factorenergia","twitter_site":"@factorenergia","twitter_misc":{"Written by":"Equipo Transici\u00f3n Energ\u00e9tica Factorenergia","Est. reading time":"3 minutes"},"schema":{"@context":"https:\/\/schema.org","@graph":[{"@type":"WebPage","@id":"https:\/\/www.factorenergia.com\/ca\/blog\/noticies\/per-que-la-pujada-de-la-llum\/","url":"https:\/\/www.factorenergia.com\/ca\/blog\/noticies\/per-que-la-pujada-de-la-llum\/","name":"Per qu\u00e8 la pujada de la llum? Preocupant? - factorenergia","isPartOf":{"@id":"https:\/\/www.factorenergia.com\/es\/#website"},"datePublished":"2021-02-01T11:54:31+00:00","dateModified":"2025-07-02T11:13:02+00:00","author":{"@id":"https:\/\/www.factorenergia.com\/es\/#\/schema\/person\/dff9e4b6dc520720e3a37bdaaedc5841"},"description":"La pujada de la llum sempre genera inquietud i desconcert. Per aix\u00f2, t'expliquem les causes i com afecta realment en la teva factura de la llum.","breadcrumb":{"@id":"https:\/\/www.factorenergia.com\/ca\/blog\/noticies\/per-que-la-pujada-de-la-llum\/#breadcrumb"},"inLanguage":"ca","potentialAction":[{"@type":"ReadAction","target":["https:\/\/www.factorenergia.com\/ca\/blog\/noticies\/per-que-la-pujada-de-la-llum\/"]}]},{"@type":"BreadcrumbList","@id":"https:\/\/www.factorenergia.com\/ca\/blog\/noticies\/per-que-la-pujada-de-la-llum\/#breadcrumb","itemListElement":[{"@type":"ListItem","position":1,"name":"Portada","item":"https:\/\/www.factorenergia.com\/ca\/"},{"@type":"ListItem","position":2,"name":"Per qu\u00e8 ha pujat el preu de la llum? M&#8217;haig de preocupar?"}]},{"@type":"WebSite","@id":"https:\/\/www.factorenergia.com\/es\/#website","url":"https:\/\/www.factorenergia.com\/es\/","name":"factorenergia","description":"factorenergia","potentialAction":[{"@type":"SearchAction","target":{"@type":"EntryPoint","urlTemplate":"https:\/\/www.factorenergia.com\/es\/?s={search_term_string}"},"query-input":"required name=search_term_string"}],"inLanguage":"ca"},{"@type":"Person","@id":"https:\/\/www.factorenergia.com\/es\/#\/schema\/person\/dff9e4b6dc520720e3a37bdaaedc5841","name":"Equipo Transici\u00f3n Energ\u00e9tica Factorenergia","image":{"@type":"ImageObject","inLanguage":"ca","@id":"https:\/\/www.factorenergia.com\/es\/#\/schema\/person\/image\/","url":"https:\/\/secure.gravatar.com\/avatar\/1b7c76bab80ee1c4261b06108874e24b?s=96&d=mm&r=g","contentUrl":"https:\/\/secure.gravatar.com\/avatar\/1b7c76bab80ee1c4261b06108874e24b?s=96&d=mm&r=g","caption":"Equipo Transici\u00f3n Energ\u00e9tica Factorenergia"},"description":"El equipo est\u00e1 formado por expertos en materia de Luz, Gas y Eficiencia Energ\u00e9tica, que conocen de primera mano las tendencias del mercado. Su experiencia en el sector les permite ofrecer las mejores soluciones energ\u00e9ticas y resolver las dudas planteadas por los clientes.","sameAs":["https:\/\/www.factorenergia.com\/es\/","https:\/\/www.facebook.com\/factorenergiacom","https:\/\/www.instagram.com\/factorenergia_com\/","https:\/\/es.linkedin.com\/company\/factor-energia","https:\/\/twitter.com\/factorenergia","https:\/\/www.youtube.com\/c\/factorenergiacom"],"url":"https:\/\/www.factorenergia.com\/ca\/blog\/author\/marketing\/"}]}},"_links":{"self":[{"href":"https:\/\/www.factorenergia.com\/ca\/wp-json\/wp\/v2\/posts\/9995"}],"collection":[{"href":"https:\/\/www.factorenergia.com\/ca\/wp-json\/wp\/v2\/posts"}],"about":[{"href":"https:\/\/www.factorenergia.com\/ca\/wp-json\/wp\/v2\/types\/post"}],"author":[{"embeddable":true,"href":"https:\/\/www.factorenergia.com\/ca\/wp-json\/wp\/v2\/users\/17"}],"replies":[{"embeddable":true,"href":"https:\/\/www.factorenergia.com\/ca\/wp-json\/wp\/v2\/comments?post=9995"}],"version-history":[{"count":5,"href":"https:\/\/www.factorenergia.com\/ca\/wp-json\/wp\/v2\/posts\/9995\/revisions"}],"predecessor-version":[{"id":28433,"href":"https:\/\/www.factorenergia.com\/ca\/wp-json\/wp\/v2\/posts\/9995\/revisions\/28433"}],"wp:attachment":[{"href":"https:\/\/www.factorenergia.com\/ca\/wp-json\/wp\/v2\/media?parent=9995"}],"wp:term":[{"taxonomy":"category","embeddable":true,"href":"https:\/\/www.factorenergia.com\/ca\/wp-json\/wp\/v2\/categories?post=9995"},{"taxonomy":"post_tag","embeddable":true,"href":"https:\/\/www.factorenergia.com\/ca\/wp-json\/wp\/v2\/tags?post=9995"}],"curies":[{"name":"wp","href":"https:\/\/api.w.org\/{rel}","templated":true}]}}