{"id":9911,"date":"2021-01-20T10:00:54","date_gmt":"2021-01-20T08:00:54","guid":{"rendered":"https:\/\/www.factorenergia.com\/ca\/?post_type=blog&#038;p=9911"},"modified":"2025-08-06T12:18:31","modified_gmt":"2025-08-06T10:18:31","slug":"el-nou-etiquetatge-energetic","status":"publish","type":"post","link":"https:\/\/www.factorenergia.com\/ca\/blog\/eficiencia-energetica\/el-nou-etiquetatge-energetic\/","title":{"rendered":"El nou etiquetatge energ\u00e8tic"},"content":{"rendered":"<p style=\"text-align: justify;\"><span>\n<script type=\"text\/javascript\" id=\"auto-index\" async defer>\n\n      function indexContent(context){\n\n      var container = document.querySelector(context);\n\n      element = document.getElementById(\"accordion-index\");\n      var titles = Array.from(container.querySelectorAll(\"h2,h3\"));\n\n      for (var i = 0, l = titles.length; i < l; i++) {\n\n\t\tjQuery('#accordionIndex').show();\n\n        var tit = titles[i];\n\t\tvar newTitle = tit.textContent.toLowerCase().replace(\/[^a-zA-Z ]\/g, \"\").replace(\/\\s\/g, '-');\n\t\tvar numTag = Number(tit.tagName.replace(\/[^1-9]\/g, \"\"));\n\t\tvar tagWidth = (numTag*20);\n\n\t\tvar preText = '<span style=\"margin-left:' + tagWidth + 'px\"><\/span>';\n\n        tit.setAttribute(\"id\", newTitle);\n\t\tjQuery(tit).addClass('h-inline');\n\t\t\n\t\tvar toIndex = '<p class=\"h-inline\"><a class=\"blog-toindex\" href=\"#accordionIndex\"><span class=\"glyphicon glyphicon-chevron-up\" aria-hidden=\"true\"><\/span><\/a><\/p>';\n\n\t\tjQuery(toIndex).insertAfter(tit);\n\n        var node = document.createElement(\"LI\");                 \n        var link = document.createElement(\"A\");\n        var textnode = document.createTextNode(tit.textContent);\n\n        link.appendChild(textnode);\n        link.setAttribute(\"href\", '#' + newTitle);\n\t\t\/\/link.setAttribute(\"style\", \"margin-left:\" + tagWidth + \"px\");\n\t\tlink.setAttribute(\"class\", \"acc-h\" + numTag);\n        node.appendChild(link);\n\n        element.appendChild(node);\n\n      }\n    }\n\n    jQuery(document).ready(function(){\t\t\n\t\tindexContent(\".single-post-content\");\n\n\t\tjQuery(\".accordion-toggle\").click(function() {\n\t\t\tjQuery(this).toggleClass(\"open\");\n\t\t\tjQuery(\"#collapseIndex\").slideToggle(\"in\");\n\t\t});\n\t});\n\n\n<\/script>\n\n<style>\n\t.accordion-toggle{\n\t\tcursor:pointer;\n\t}\n\n\t#accordionIndex .panel-heading{\n\t\tmargin-bottom:0px;\n\t}\n\n\t.articulo ul, .articulo ol{\n\t\tmargin-bottom:auto;\n\t}\n\n\t.h-inline{\n\t\tdisplay: inline-flex;\n\t\tflex-wrap: wrap\n\t}\n\t#accordion-index{\n\t\tpadding-left:0px;\n\t}\n\t#accordion-index li a{\n\t\tdisplay:block;\n\t\tpadding-top:5px;\n\t}\n\n\t.acc-h2{\n\t\tmargin-left:0px;\n\t\tposition: relative;\n\t}\n\n\t.acc-h3{\n\t\tmargin-left:25px;\n\t}\n\n\t.acc-h3::before{\n\t\tcontent: \"\";\n\t\tbackground-color:var(--blue-light);\n\t\tmargin-left:-10px;\n\t\twidth: 7px;\n\t\theight: 7px;\n\t\tdisplay: inline-block;\n\t\ttext-align: center;\n\t\tborder-radius: 1000px;\n\t\tmargin-right: 10px;\n    \tmargin-bottom: 2px;\n\t}\n\n\t.acc-h4{\n\t\tmargin-left:40px;\n\t}\n\n\t.acc-h4::before{\n\t\tcontent: \"\";\n\t\tborder: 1px solid var(--blue-light);\n\t\tmargin-left:-5px;\n\t\twidth: 7px;\n\t\theight: 7px;\n\t\tdisplay: inline-block;\n\t\ttext-align: center;\n\t\tborder-radius: 100%;\n\t\tmargin-right: 10px;\n    \tmargin-bottom: 2px;\n\t}\n\n\t.acc-h3:hover::before{\n\t\tbackground-color: var(--blue-darkest);\n\t}\n\n\t.acc-h4:hover::before{\n\t\tborder-color: var(--blue-darkest);\n\t}\n\n\t@media (max-width: 992px){\n\t\t.acc-h2{\n\t\t\tmargin-left:0px;\n\t\t}\n\t\t.acc-h3{\n\t\t\tmargin-left:20px;\n\t\t}\n\t\t.acc-h4{\n\t\t\tmargin-left:40px;\n\t\t}\n\t}\n\n\t\/*\n\th2.h-inline:after,\n\th3.h-inline:after{\n\t\theight: 24px;\n\t\tcontent: \"\";\n\t\tdisplay: table-row;\n\t}*\/\n<\/style>\n\n<div id=\"table-accordion-index\">\n\t<div class=\"panel-group\" id=\"accordionIndex\">\n\t\t<div class=\"panel panel-default\">\n\t\t\t<div class=\"panel-heading\">\n\t\t\t\t<div class=\"panel-title open\"><div class=\"accordion-toggle\" data-toggle=\"collapse\" data-parent=\"#accordion\" aria-expanded=\"true\">\u00edndex<\/div><\/div>\n\t\t\t<\/div>\n\t\t\t<div id=\"collapseIndex\" class=\"panel-collapse collapse in\" aria-expanded=\"true\">\n\t\t\t\t<div class=\"panel-body\">\n\t\t\t\t\t<ul id=\"accordion-index\">\n\t\t\t\t\t<\/ul>\n\t\t\t\t<\/div>\n\t\t\t<\/div>\n\t\t<\/div>\n\t<\/div>\n<\/div><\/span><\/p>\n<p style=\"text-align: justify;\">Des de la seva creaci\u00f3, en 1994, l&#8217;etiquetatge energ\u00e8tic ha estat una <strong>pe\u00e7a clau per a impulsar l&#8217;efici\u00e8ncia energ\u00e8tica dels aparells el\u00e8ctrics<\/strong> d&#8217;\u00fas diari. Aquestes etiquetes permeten als usuaris diferenciar els aparells que consumeixen menys energia dels que consumeixen m\u00e9s i incidir en la seva decisi\u00f3 de compra per a ser m\u00e9s eficients.<\/p>\n<p style=\"text-align: justify;\">Amb la finalitat de simplificar <strong>l&#8217;<a href=\"https:\/\/www.factorenergia.com\/ca\/blog\/apren-a-estalviar\/etiqueta-energetica-comprar-electrodomestics\/\" title=\"efici\u00e8ncia energ\u00e8tica dels electrodom\u00e8stics\" target=\"_blank\" rel=\"noopener noreferrer\">etiqueta energ\u00e8tica dels electrodom\u00e8stics<\/a>,<\/strong> en pocs mesos est\u00e0 previst un nou canvi, tornant a l&#8217;escala inicial de la A (m\u00e9s eficient) a la G (menys eficient). L&#8217;1 de mar\u00e7 de 2021 ser\u00e0 quan oficialment s&#8217;introdueixi aquesta escala \u00fanica que reempla\u00e7ar\u00e0 de manera progressiva a l&#8217;actual classificaci\u00f3, que arriba fins A+++.<\/p>\n<p style=\"text-align: justify;\">T&#8217;expliquem en qu\u00e8 consistiran els canvis en les <strong>classes energ\u00e8tiques<\/strong> i com pots entendre el nou etiquetatge energ\u00e8tic:<\/p>\n<h2 style=\"font-size: 20px !important; color: #777777;\"><strong>Com ser\u00e0 el nou etiquetatge energ\u00e8tic<\/strong><\/h2>\n<p style=\"text-align: justify;\">El nou etiquetatge energ\u00e8tic, segons el <a href=\"https:\/\/eur-lex.europa.eu\/legal-content\/ES\/TXT\/PDF\/?uri=CELEX:32017R1369&amp;from=EN\" title=\"Reglament UE 2017\/1369\" target=\"_blank\" rel=\"nofollow noopener noreferrer\">Reglament UE 2017\/1369<\/a>, suposa l&#8217;eliminaci\u00f3 de les subcategories de la classe A; A+, A++ i A+++. D&#8217;aquesta manera,\u00a0aix\u00f2 suposar\u00e0 que <strong>la classificaci\u00f3 es reescali de la A a la G.<\/strong><\/p>\n<p style=\"text-align: justify;\">Malgrat el canvi, s\u00ed que es mantindran les barres horitzontals de colors: l&#8217;A, la m\u00e9s eficient, ser\u00e0 de color verd i la G, la menor, tindr\u00e0 color vermell.<\/p>\n<p style=\"text-align: justify;\">Com a resultat d&#8217;aquest reescalat, els electrodom\u00e8stics m\u00e9s eficients (que abans del canvi pertanyien a la classe A+++) quedaran assignats principalment a la classe B. D&#8217;aquesta manera, es deixa als nous productes un espai de millora <strong>en la seva efici\u00e8ncia energ\u00e8tica<\/strong>, \u00e9s a dir, la classe A que \u00e9s la m\u00e9s eficient, quedar\u00e0 inicialment deserta.<\/p>\n<p style=\"text-align: justify;\">A m\u00e9s, en el nou etiquetatge energ\u00e8tic <strong>no sols s&#8217;informar\u00e0 del consum el\u00e8ctric<\/strong>, sin\u00f3 que <strong>tamb\u00e9 aportar\u00e0 dades <\/strong>sobre l&#8217;aigua utilitzada per cicle de rentada (amb uns criteris novament definits), la capacitat d&#8217;emmagatzematge o el soroll.<\/p>\n<p style=\"text-align: justify;\">Finalment cal destacar que en el nou etiquetatge energ\u00e8tic es comptar\u00e0 amb un <strong>codi QR<\/strong> el qual els usuaris podran escanejar per a obtenir m\u00e9s informaci\u00f3 sobre el producte.<\/p>\n<h3 style=\"font-size: 20px !important; color: #777777;\"><strong>Com interpretar el nou etiquetatge energ\u00e8tic?<\/strong><\/h3>\n<p style=\"text-align: justify;\"><picture><source srcset=\"https:\/\/www.factorenergia.com\/wp-content\/webp-express\/webp-images\/uploads\/2021\/01\/etiqueta-energ\u00e8tica-1024x576.png.webp\" type=\"image\/webp\"><img loading=\"lazy\" decoding=\"async\" src=\"https:\/\/www.factorenergia.com\/wp-content\/uploads\/2021\/01\/etiqueta-energ\u00e8tica-1024x576.png\" alt=\"etiquetatge energ\u00e8tic\" width=\"1024\" height=\"576\" class=\"aligncenter wp-image-9941 size-large webpexpress-processed\" title=\"nou etiquetatge energetic\"><\/picture><\/p>\n<h3 style=\"font-size: 20px !important; color: #777777;\"><strong>Projecte Belt: l&#8217;aposta per l&#8217;efici\u00e8ncia energ\u00e8tica<\/strong><\/h3>\n<p style=\"text-align: justify;\">Davant dels dubtes que pot generar un canvi en l&#8217;etiquetatge, el projecte europeu <a href=\"https:\/\/www.belt-project.eu\/?_ga=2.66432174.1286888157.1610983997-212410054.1604324375\" title=\"Projecte Belt\" target=\"_blank\" rel=\"nofollow noopener noreferrer\">Belt (Boost Energy Label Take Up)<\/a> t\u00e9 com a objectiu facilitar el per\u00edode de transici\u00f3 a la nova etiqueta redissenyada.<\/p>\n<p style=\"text-align: justify;\">Pret\u00e9n tamb\u00e9 evitar els errors d&#8217;interpretaci\u00f3 i ajudar, d&#8217;una banda, als consumidors perqu\u00e8 continu\u00efn triant productes amb major efici\u00e8ncia energ\u00e8tica, i per un altre, als fabricants i investigadors perqu\u00e8 produeixin <strong>electrodom\u00e8stics m\u00e9s eficients<\/strong>.<\/p>\n<p style=\"text-align: justify;\">\r\n<script type=\"text\/javascript\" async defer>\r\n\r\n    jQuery(document).ready(function(){\t\t\r\n\t\t\r\n\t});\r\n<\/script>\r\n\r\n<style>\r\n\t.block-interested_posts{\r\n        margin-top: 10px;\r\n        padding: 20px;\r\n        border: 2px solid #92C200;\r\n    }\r\n    .block-interested_posts ul{\r\n        margin-bottom:0px;\r\n    }\r\n    .block-interested_posts ul li{\r\n        margin-bottom:5px;\r\n    }\r\n    .block-interested_posts ul li a{\r\n        \/*color: #DF981E;*\/\r\n    }\r\n\r\n<\/style>\r\n\r\n<div class=\"block-interested_posts\">\r\n    <p><strong>Post que et poden interessar<\/strong><\/p>\r\n    <ul>\r\n                    <li><a href=\"https:\/\/www.factorenergia.com\/ca\/blog\/eficiencia-energetica\/que-es-leficiencia-energetica\/\" title=\"Qu\u00e8 \u00e9s l\u2019efici\u00e8ncia energ\u00e8tica?\">Qu\u00e8 \u00e9s l\u2019efici\u00e8ncia energ\u00e8tica?<\/a><\/li>\r\n                    <li><a href=\"https:\/\/www.factorenergia.com\/ca\/blog\/eficiencia-energetica\/canviar-de-tarifes-electricas-eficient\/\" title=\"Canviar la tarifa el\u00e8ctrica com a mesura d\u2019efici\u00e8ncia\">Canviar la tarifa el\u00e8ctrica com a mesura d\u2019efici\u00e8ncia<\/a><\/li>\r\n            <\/ul>\t\r\n<\/div><\/p>\n<h2 style=\"font-size: 20px !important; color: #777777;\"><strong>Aposta per l&#8217;efici\u00e8ncia energ\u00e8tica amb factorenergia<\/strong><\/h2>\n<p style=\"text-align: justify;\">Si a m\u00e9s de canviar els teus electrodom\u00e8stics antics per uns amb el nou etiquetatge energ\u00e8tic, i apostar aix\u00ed pels m\u00e9s eficients,\u00a0el que vols realment \u00e9s estalviar en la teva factura de la llum, et recomanem que revisis les <a href=\"\/ca\/llars\/tarifas\/\" title=\"tarifes de llum\" target=\"_blank\" rel=\"noopener noreferrer\">tarifes el\u00e8ctriques<\/a> de <strong>factorenergia<\/strong>.<\/p>\n<p style=\"text-align: justify;\">Comprova tu mateix <strong>quant pots estalviar en contractar la llum<\/strong> amb nosaltres, trucant al tel\u00e8fon 900 850 000, i el nostre equip resoldr\u00e0 tots els teus dubtes. No ho dubtis i passa&#8217;t <a href=\"https:\/\/www.factorenergia.com\/ca\/\" title=\"companyia de llum catalana\" target=\"_blank\" rel=\"noopener noreferrer\">factorenergia<\/a>!<\/p>\n","protected":false},"excerpt":{"rendered":"<p>Sabies que canvien les etiquetes energ\u00e8tiques? En el post d&#8217;avui t&#8217;expliquem l&#8217;objectiu del canvi, per quan est\u00e0 previst, com interpretar-les i m\u00e9s informaci\u00f3 d&#8217;inter\u00e8s sobre aquestes etiquetes d&#8217;efici\u00e8ncia energ\u00e8tica dels electrodom\u00e8stics.<\/p>\n","protected":false},"author":17,"featured_media":0,"comment_status":"open","ping_status":"closed","sticky":false,"template":"","format":"standard","meta":{"inline_featured_image":false,"footnotes":""},"categories":[56],"tags":[],"acf":{"fecha_de_la_entrada":"20210120","imagen_portada":29660,"categoria_blog":null,"tipo_de_distribuidora":null,"tiempo_lectura":"","banner_bool":false,"titulo_banner":"","texto_banner":"","texto_boton_banner":"","url_boton_banner":"","post_relacionados":""},"yoast_head":"<!-- This site is optimized with the Yoast SEO plugin v22.2 - https:\/\/yoast.com\/wordpress\/plugins\/seo\/ -->\n<title>El nou etiquetatge energ\u00e8tic: coses a saber - factorenergia<\/title>\n<meta name=\"description\" content=\"El nou etiquetatge energ\u00e8tic ser\u00e0 en breu una realitat. En aquest post t&#039;expliquem l&#039;objectiu del canvi i en qu\u00e8 consistir\u00e0. Pren nota!\" \/>\n<meta name=\"robots\" content=\"index, follow, max-snippet:-1, max-image-preview:large, max-video-preview:-1\" \/>\n<link rel=\"canonical\" href=\"https:\/\/www.factorenergia.com\/ca\/blog\/eficiencia-energetica\/el-nou-etiquetatge-energetic\/\" \/>\n<meta name=\"twitter:card\" content=\"summary_large_image\" \/>\n<meta name=\"twitter:title\" content=\"El nou etiquetatge energ\u00e8tic: coses a saber - factorenergia\" \/>\n<meta name=\"twitter:description\" content=\"El nou etiquetatge energ\u00e8tic ser\u00e0 en breu una realitat. En aquest post t&#039;expliquem l&#039;objectiu del canvi i en qu\u00e8 consistir\u00e0. Pren nota!\" \/>\n<meta name=\"twitter:creator\" content=\"@factorenergia\" \/>\n<meta name=\"twitter:site\" content=\"@factorenergia\" \/>\n<meta name=\"twitter:label1\" content=\"Written by\" \/>\n\t<meta name=\"twitter:data1\" content=\"Equipo Transici\u00f3n Energ\u00e9tica Factorenergia\" \/>\n\t<meta name=\"twitter:label2\" content=\"Est. reading time\" \/>\n\t<meta name=\"twitter:data2\" content=\"3 minutes\" \/>\n<script type=\"application\/ld+json\" class=\"yoast-schema-graph\">{\"@context\":\"https:\/\/schema.org\",\"@graph\":[{\"@type\":\"WebPage\",\"@id\":\"https:\/\/www.factorenergia.com\/ca\/blog\/eficiencia-energetica\/el-nou-etiquetatge-energetic\/\",\"url\":\"https:\/\/www.factorenergia.com\/ca\/blog\/eficiencia-energetica\/el-nou-etiquetatge-energetic\/\",\"name\":\"El nou etiquetatge energ\u00e8tic: coses a saber - factorenergia\",\"isPartOf\":{\"@id\":\"https:\/\/www.factorenergia.com\/es\/#website\"},\"datePublished\":\"2021-01-20T08:00:54+00:00\",\"dateModified\":\"2025-08-06T10:18:31+00:00\",\"author\":{\"@id\":\"https:\/\/www.factorenergia.com\/es\/#\/schema\/person\/dff9e4b6dc520720e3a37bdaaedc5841\"},\"description\":\"El nou etiquetatge energ\u00e8tic ser\u00e0 en breu una realitat. En aquest post t'expliquem l'objectiu del canvi i en qu\u00e8 consistir\u00e0. Pren nota!\",\"breadcrumb\":{\"@id\":\"https:\/\/www.factorenergia.com\/ca\/blog\/eficiencia-energetica\/el-nou-etiquetatge-energetic\/#breadcrumb\"},\"inLanguage\":\"ca\",\"potentialAction\":[{\"@type\":\"ReadAction\",\"target\":[\"https:\/\/www.factorenergia.com\/ca\/blog\/eficiencia-energetica\/el-nou-etiquetatge-energetic\/\"]}]},{\"@type\":\"BreadcrumbList\",\"@id\":\"https:\/\/www.factorenergia.com\/ca\/blog\/eficiencia-energetica\/el-nou-etiquetatge-energetic\/#breadcrumb\",\"itemListElement\":[{\"@type\":\"ListItem\",\"position\":1,\"name\":\"Portada\",\"item\":\"https:\/\/www.factorenergia.com\/ca\/\"},{\"@type\":\"ListItem\",\"position\":2,\"name\":\"El nou etiquetatge energ\u00e8tic\"}]},{\"@type\":\"WebSite\",\"@id\":\"https:\/\/www.factorenergia.com\/es\/#website\",\"url\":\"https:\/\/www.factorenergia.com\/es\/\",\"name\":\"factorenergia\",\"description\":\"factorenergia\",\"potentialAction\":[{\"@type\":\"SearchAction\",\"target\":{\"@type\":\"EntryPoint\",\"urlTemplate\":\"https:\/\/www.factorenergia.com\/es\/?s={search_term_string}\"},\"query-input\":\"required name=search_term_string\"}],\"inLanguage\":\"ca\"},{\"@type\":\"Person\",\"@id\":\"https:\/\/www.factorenergia.com\/es\/#\/schema\/person\/dff9e4b6dc520720e3a37bdaaedc5841\",\"name\":\"Equipo Transici\u00f3n Energ\u00e9tica Factorenergia\",\"image\":{\"@type\":\"ImageObject\",\"inLanguage\":\"ca\",\"@id\":\"https:\/\/www.factorenergia.com\/es\/#\/schema\/person\/image\/\",\"url\":\"https:\/\/secure.gravatar.com\/avatar\/1b7c76bab80ee1c4261b06108874e24b?s=96&d=mm&r=g\",\"contentUrl\":\"https:\/\/secure.gravatar.com\/avatar\/1b7c76bab80ee1c4261b06108874e24b?s=96&d=mm&r=g\",\"caption\":\"Equipo Transici\u00f3n Energ\u00e9tica Factorenergia\"},\"description\":\"El equipo est\u00e1 formado por expertos en materia de Luz, Gas y Eficiencia Energ\u00e9tica, que conocen de primera mano las tendencias del mercado. Su experiencia en el sector les permite ofrecer las mejores soluciones energ\u00e9ticas y resolver las dudas planteadas por los clientes.\",\"sameAs\":[\"https:\/\/www.factorenergia.com\/es\/\",\"https:\/\/www.facebook.com\/factorenergiacom\",\"https:\/\/www.instagram.com\/factorenergia_com\/\",\"https:\/\/es.linkedin.com\/company\/factor-energia\",\"https:\/\/twitter.com\/factorenergia\",\"https:\/\/www.youtube.com\/c\/factorenergiacom\"],\"url\":\"https:\/\/www.factorenergia.com\/ca\/blog\/author\/marketing\/\"}]}<\/script>\n<!-- \/ Yoast SEO plugin. -->","yoast_head_json":{"title":"El nou etiquetatge energ\u00e8tic: coses a saber - factorenergia","description":"El nou etiquetatge energ\u00e8tic ser\u00e0 en breu una realitat. En aquest post t'expliquem l'objectiu del canvi i en qu\u00e8 consistir\u00e0. Pren nota!","robots":{"index":"index","follow":"follow","max-snippet":"max-snippet:-1","max-image-preview":"max-image-preview:large","max-video-preview":"max-video-preview:-1"},"canonical":"https:\/\/www.factorenergia.com\/ca\/blog\/eficiencia-energetica\/el-nou-etiquetatge-energetic\/","twitter_card":"summary_large_image","twitter_title":"El nou etiquetatge energ\u00e8tic: coses a saber - factorenergia","twitter_description":"El nou etiquetatge energ\u00e8tic ser\u00e0 en breu una realitat. En aquest post t'expliquem l'objectiu del canvi i en qu\u00e8 consistir\u00e0. Pren nota!","twitter_creator":"@factorenergia","twitter_site":"@factorenergia","twitter_misc":{"Written by":"Equipo Transici\u00f3n Energ\u00e9tica Factorenergia","Est. reading time":"3 minutes"},"schema":{"@context":"https:\/\/schema.org","@graph":[{"@type":"WebPage","@id":"https:\/\/www.factorenergia.com\/ca\/blog\/eficiencia-energetica\/el-nou-etiquetatge-energetic\/","url":"https:\/\/www.factorenergia.com\/ca\/blog\/eficiencia-energetica\/el-nou-etiquetatge-energetic\/","name":"El nou etiquetatge energ\u00e8tic: coses a saber - factorenergia","isPartOf":{"@id":"https:\/\/www.factorenergia.com\/es\/#website"},"datePublished":"2021-01-20T08:00:54+00:00","dateModified":"2025-08-06T10:18:31+00:00","author":{"@id":"https:\/\/www.factorenergia.com\/es\/#\/schema\/person\/dff9e4b6dc520720e3a37bdaaedc5841"},"description":"El nou etiquetatge energ\u00e8tic ser\u00e0 en breu una realitat. En aquest post t'expliquem l'objectiu del canvi i en qu\u00e8 consistir\u00e0. Pren nota!","breadcrumb":{"@id":"https:\/\/www.factorenergia.com\/ca\/blog\/eficiencia-energetica\/el-nou-etiquetatge-energetic\/#breadcrumb"},"inLanguage":"ca","potentialAction":[{"@type":"ReadAction","target":["https:\/\/www.factorenergia.com\/ca\/blog\/eficiencia-energetica\/el-nou-etiquetatge-energetic\/"]}]},{"@type":"BreadcrumbList","@id":"https:\/\/www.factorenergia.com\/ca\/blog\/eficiencia-energetica\/el-nou-etiquetatge-energetic\/#breadcrumb","itemListElement":[{"@type":"ListItem","position":1,"name":"Portada","item":"https:\/\/www.factorenergia.com\/ca\/"},{"@type":"ListItem","position":2,"name":"El nou etiquetatge energ\u00e8tic"}]},{"@type":"WebSite","@id":"https:\/\/www.factorenergia.com\/es\/#website","url":"https:\/\/www.factorenergia.com\/es\/","name":"factorenergia","description":"factorenergia","potentialAction":[{"@type":"SearchAction","target":{"@type":"EntryPoint","urlTemplate":"https:\/\/www.factorenergia.com\/es\/?s={search_term_string}"},"query-input":"required name=search_term_string"}],"inLanguage":"ca"},{"@type":"Person","@id":"https:\/\/www.factorenergia.com\/es\/#\/schema\/person\/dff9e4b6dc520720e3a37bdaaedc5841","name":"Equipo Transici\u00f3n Energ\u00e9tica Factorenergia","image":{"@type":"ImageObject","inLanguage":"ca","@id":"https:\/\/www.factorenergia.com\/es\/#\/schema\/person\/image\/","url":"https:\/\/secure.gravatar.com\/avatar\/1b7c76bab80ee1c4261b06108874e24b?s=96&d=mm&r=g","contentUrl":"https:\/\/secure.gravatar.com\/avatar\/1b7c76bab80ee1c4261b06108874e24b?s=96&d=mm&r=g","caption":"Equipo Transici\u00f3n Energ\u00e9tica Factorenergia"},"description":"El equipo est\u00e1 formado por expertos en materia de Luz, Gas y Eficiencia Energ\u00e9tica, que conocen de primera mano las tendencias del mercado. Su experiencia en el sector les permite ofrecer las mejores soluciones energ\u00e9ticas y resolver las dudas planteadas por los clientes.","sameAs":["https:\/\/www.factorenergia.com\/es\/","https:\/\/www.facebook.com\/factorenergiacom","https:\/\/www.instagram.com\/factorenergia_com\/","https:\/\/es.linkedin.com\/company\/factor-energia","https:\/\/twitter.com\/factorenergia","https:\/\/www.youtube.com\/c\/factorenergiacom"],"url":"https:\/\/www.factorenergia.com\/ca\/blog\/author\/marketing\/"}]}},"_links":{"self":[{"href":"https:\/\/www.factorenergia.com\/ca\/wp-json\/wp\/v2\/posts\/9911"}],"collection":[{"href":"https:\/\/www.factorenergia.com\/ca\/wp-json\/wp\/v2\/posts"}],"about":[{"href":"https:\/\/www.factorenergia.com\/ca\/wp-json\/wp\/v2\/types\/post"}],"author":[{"embeddable":true,"href":"https:\/\/www.factorenergia.com\/ca\/wp-json\/wp\/v2\/users\/17"}],"replies":[{"embeddable":true,"href":"https:\/\/www.factorenergia.com\/ca\/wp-json\/wp\/v2\/comments?post=9911"}],"version-history":[{"count":3,"href":"https:\/\/www.factorenergia.com\/ca\/wp-json\/wp\/v2\/posts\/9911\/revisions"}],"predecessor-version":[{"id":29662,"href":"https:\/\/www.factorenergia.com\/ca\/wp-json\/wp\/v2\/posts\/9911\/revisions\/29662"}],"wp:attachment":[{"href":"https:\/\/www.factorenergia.com\/ca\/wp-json\/wp\/v2\/media?parent=9911"}],"wp:term":[{"taxonomy":"category","embeddable":true,"href":"https:\/\/www.factorenergia.com\/ca\/wp-json\/wp\/v2\/categories?post=9911"},{"taxonomy":"post_tag","embeddable":true,"href":"https:\/\/www.factorenergia.com\/ca\/wp-json\/wp\/v2\/tags?post=9911"}],"curies":[{"name":"wp","href":"https:\/\/api.w.org\/{rel}","templated":true}]}}