{"id":9909,"date":"2021-01-15T10:00:21","date_gmt":"2021-01-15T08:00:21","guid":{"rendered":"https:\/\/www.factorenergia.com\/ca\/?post_type=blog&#038;p=9909"},"modified":"2025-07-02T12:50:45","modified_gmt":"2025-07-02T10:50:45","slug":"que-es-el-butlleti-electric-o-cie","status":"publish","type":"post","link":"https:\/\/www.factorenergia.com\/ca\/blog\/enten-la-factura-de-la-llum\/que-es-el-butlleti-electric-o-cie\/","title":{"rendered":"Qu\u00e8 \u00e9s el Butllet\u00ed El\u00e8ctric o CIE?"},"content":{"rendered":"<p style=\"text-align: justify;\"><span>\n<script type=\"text\/javascript\" id=\"auto-index\" async defer>\n\n      function indexContent(context){\n\n      var container = document.querySelector(context);\n\n      element = document.getElementById(\"accordion-index\");\n      var titles = Array.from(container.querySelectorAll(\"h2,h3\"));\n\n      for (var i = 0, l = titles.length; i < l; i++) {\n\n\t\tjQuery('#accordionIndex').show();\n\n        var tit = titles[i];\n\t\tvar newTitle = tit.textContent.toLowerCase().replace(\/[^a-zA-Z ]\/g, \"\").replace(\/\\s\/g, '-');\n\t\tvar numTag = Number(tit.tagName.replace(\/[^1-9]\/g, \"\"));\n\t\tvar tagWidth = (numTag*20);\n\n\t\tvar preText = '<span style=\"margin-left:' + tagWidth + 'px\"><\/span>';\n\n        tit.setAttribute(\"id\", newTitle);\n\t\tjQuery(tit).addClass('h-inline');\n\t\t\n\t\tvar toIndex = '<p class=\"h-inline\"><a class=\"blog-toindex\" href=\"#accordionIndex\"><span class=\"glyphicon glyphicon-chevron-up\" aria-hidden=\"true\"><\/span><\/a><\/p>';\n\n\t\tjQuery(toIndex).insertAfter(tit);\n\n        var node = document.createElement(\"LI\");                 \n        var link = document.createElement(\"A\");\n        var textnode = document.createTextNode(tit.textContent);\n\n        link.appendChild(textnode);\n        link.setAttribute(\"href\", '#' + newTitle);\n\t\t\/\/link.setAttribute(\"style\", \"margin-left:\" + tagWidth + \"px\");\n\t\tlink.setAttribute(\"class\", \"acc-h\" + numTag);\n        node.appendChild(link);\n\n        element.appendChild(node);\n\n      }\n    }\n\n    jQuery(document).ready(function(){\t\t\n\t\tindexContent(\".single-post-content\");\n\n\t\tjQuery(\".accordion-toggle\").click(function() {\n\t\t\tjQuery(this).toggleClass(\"open\");\n\t\t\tjQuery(\"#collapseIndex\").slideToggle(\"in\");\n\t\t});\n\t});\n\n\n<\/script>\n\n<style>\n\t.accordion-toggle{\n\t\tcursor:pointer;\n\t}\n\n\t#accordionIndex .panel-heading{\n\t\tmargin-bottom:0px;\n\t}\n\n\t.articulo ul, .articulo ol{\n\t\tmargin-bottom:auto;\n\t}\n\n\t.h-inline{\n\t\tdisplay: inline-flex;\n\t\tflex-wrap: wrap\n\t}\n\t#accordion-index{\n\t\tpadding-left:0px;\n\t}\n\t#accordion-index li a{\n\t\tdisplay:block;\n\t\tpadding-top:5px;\n\t}\n\n\t.acc-h2{\n\t\tmargin-left:0px;\n\t\tposition: relative;\n\t}\n\n\t.acc-h3{\n\t\tmargin-left:25px;\n\t}\n\n\t.acc-h3::before{\n\t\tcontent: \"\";\n\t\tbackground-color:var(--blue-light);\n\t\tmargin-left:-10px;\n\t\twidth: 7px;\n\t\theight: 7px;\n\t\tdisplay: inline-block;\n\t\ttext-align: center;\n\t\tborder-radius: 1000px;\n\t\tmargin-right: 10px;\n    \tmargin-bottom: 2px;\n\t}\n\n\t.acc-h4{\n\t\tmargin-left:40px;\n\t}\n\n\t.acc-h4::before{\n\t\tcontent: \"\";\n\t\tborder: 1px solid var(--blue-light);\n\t\tmargin-left:-5px;\n\t\twidth: 7px;\n\t\theight: 7px;\n\t\tdisplay: inline-block;\n\t\ttext-align: center;\n\t\tborder-radius: 100%;\n\t\tmargin-right: 10px;\n    \tmargin-bottom: 2px;\n\t}\n\n\t.acc-h3:hover::before{\n\t\tbackground-color: var(--blue-darkest);\n\t}\n\n\t.acc-h4:hover::before{\n\t\tborder-color: var(--blue-darkest);\n\t}\n\n\t@media (max-width: 992px){\n\t\t.acc-h2{\n\t\t\tmargin-left:0px;\n\t\t}\n\t\t.acc-h3{\n\t\t\tmargin-left:20px;\n\t\t}\n\t\t.acc-h4{\n\t\t\tmargin-left:40px;\n\t\t}\n\t}\n\n\t\/*\n\th2.h-inline:after,\n\th3.h-inline:after{\n\t\theight: 24px;\n\t\tcontent: \"\";\n\t\tdisplay: table-row;\n\t}*\/\n<\/style>\n\n<div id=\"table-accordion-index\">\n\t<div class=\"panel-group\" id=\"accordionIndex\">\n\t\t<div class=\"panel panel-default\">\n\t\t\t<div class=\"panel-heading\">\n\t\t\t\t<div class=\"panel-title open\"><div class=\"accordion-toggle\" data-toggle=\"collapse\" data-parent=\"#accordion\" aria-expanded=\"true\">\u00edndex<\/div><\/div>\n\t\t\t<\/div>\n\t\t\t<div id=\"collapseIndex\" class=\"panel-collapse collapse in\" aria-expanded=\"true\">\n\t\t\t\t<div class=\"panel-body\">\n\t\t\t\t\t<ul id=\"accordion-index\">\n\t\t\t\t\t<\/ul>\n\t\t\t\t<\/div>\n\t\t\t<\/div>\n\t\t<\/div>\n\t<\/div>\n<\/div><\/span><\/p>\n<p style=\"text-align: justify;\">El Butllet\u00ed El\u00e8ctric o Certificat d&#8217;Instal\u00b7lacions El\u00e8ctriques (CIE) \u00e9s el document oficial que certifica que una instal\u00b7laci\u00f3 el\u00e8ctrica compleix tots els requisits per al subministrament el\u00e8ctric. T\u00e9 una <strong>vig\u00e8ncia de 20 anys<\/strong>, i una vegada passat aquest temps ha de renovar-se.<\/p>\n<p style=\"text-align: justify;\">Resolem algunes de les preguntes m\u00e9s freq\u00fcents:<\/p>\n<h2 style=\"font-size: 20px !important; color: #777777;\"><strong>Quan necessites el Butllet\u00ed El\u00e8ctric?<\/strong><\/h2>\n<p style=\"text-align: justify;\">El Butllet\u00ed El\u00e8ctric, \u00e9s obligatori, i podr\u00e0 ser sol\u00b7licitat en les seg\u00fcents situacions:<\/p>\n<ul>\n<li style=\"text-align: justify;\"><strong>Quan vulguis donar d&#8217;alta la llum per primera vegada.<\/strong> En habitatges on mai hi ha hagut llum, necessitarem aportar el butllet\u00ed a la nostra distribu\u00efdora per a poder gestionar l&#8217;<a href=\"https:\/\/www.factorenergia.com\/ca\/blog\/apren-a-estalviar\/quant-temps-triga-donar-dalta-llum\/\" title=\"dubtes al donar d'alta la llum\" target=\"_blank\" rel=\"noopener noreferrer\">alta de la llum<\/a>.<\/li>\n<li style=\"text-align: justify;\"><strong>Per a augmentar la pot\u00e8ncia el\u00e8ctrica contractada.<\/strong> Si el que vols \u00e9s realitzar un <a href=\"https:\/\/www.factorenergia.com\/ca\/blog\/apren-a-estalviar\/quina-potencia-contractar\/\" title=\"quina pot\u00e8ncia de llum necessito?\" target=\"_blank\" rel=\"noopener noreferrer\">canvi de pot\u00e8ncia el\u00e8ctrica<\/a>, i aquesta superi el m\u00e0xim que figura en el teu butllet\u00ed el\u00e8ctric actual, necessitar\u00e0s un nou que certifiqui que \u00e9s segur per al teu habitatge la pujada.<\/li>\n<li style=\"text-align: justify;\"><strong>Canvi de la instal\u00b7laci\u00f3:<\/strong> De monof\u00e0sica a trif\u00e0sica, o viceversa. En aquest cas necessitar\u00e0s un nou butllet\u00ed que acrediti la instal\u00b7laci\u00f3.<\/li>\n<li style=\"text-align: justify;\"><strong>Si el teu butllet\u00ed va ser em\u00e8s fa m\u00e9s de 20 anys i necessites fer un canvi en el teu contracte.<\/strong> En aquest cas ser\u00e0 necessari un nou Butllet\u00ed El\u00e8ctric per a certificar l&#8217;estat de la instal\u00b7laci\u00f3 el\u00e8ctrica.<\/li>\n<\/ul>\n<div class=\"text-center center blog-cta\"><p>Canvia't a factorenergia i estalvia un 12'5% a la Factura de la Llum ... Per Sempre!<\/p><a class=\"blog-cta primary-btn text-center solicitar-estudio\" target=\"_blank\" title=\"Truca Gratis o Contracta Online en 2 min\" href=\"https:\/\/www.factorenergia.com\/ca\/canvia-de-companyia\/\">Truca Gratis o Contracta Online en 2 min<\/a><p><\/p><div style=\"display:none;\"><p>Canvia't a factorenergia i estalvia un 12'5% a la Factura de la Llum ... Per Sempre!<\/p><\/div>\n\t\t\t<script type='text\/javascript'>\n\t\t\t\tjQuery('.solicitar-estudio').click(function(){\t\t\t\t\t\t\t\t\t\n\t\t\t\t\tdataLayer.push({'language': 'ca'});\n\t\t\t\t\tdataLayer.push({'post_id': '9909'});\n\t\t\t\t\tdataLayer.push({'cat_type': 'luz'});\n\t\t\t\t});\n\t\t\t<\/script>\n\t\t<\/div><br\/>\n\r\n<script type=\"text\/javascript\" async defer>\r\n\r\n    jQuery(document).ready(function(){\t\t\r\n\t\t\r\n\t});\r\n<\/script>\r\n\r\n<style>\r\n\t.block-interested_posts{\r\n        margin-top: 10px;\r\n        padding: 20px;\r\n        border: 2px solid #92C200;\r\n    }\r\n    .block-interested_posts ul{\r\n        margin-bottom:0px;\r\n    }\r\n    .block-interested_posts ul li{\r\n        margin-bottom:5px;\r\n    }\r\n    .block-interested_posts ul li a{\r\n        \/*color: #DF981E;*\/\r\n    }\r\n\r\n<\/style>\r\n\r\n<div class=\"block-interested_posts\">\r\n    <p><strong>Post que et poden interessar<\/strong><\/p>\r\n    <ul>\r\n                    <li><a href=\"https:\/\/www.factorenergia.com\/ca\/blog\/enten-la-factura-de-la-llum\/que-es-potencia\/\" title=\"Qu\u00e8 \u00e9s la pot\u00e8ncia?\">Qu\u00e8 \u00e9s la pot\u00e8ncia?<\/a><\/li>\r\n                    <li><a href=\"https:\/\/www.factorenergia.com\/ca\/blog\/apren-a-estalviar\/quant-temps-triga-donar-dalta-llum\/\" title=\"Donar d&#8217;alta la llum: resolem els principals dubtes\">Donar d&#8217;alta la llum: resolem els principals dubtes<\/a><\/li>\r\n            <\/ul>\t\r\n<\/div>\n<h3 style=\"font-size: 20px !important; color: #777777;\"><strong>Qui emet el certificat energ\u00e8tic?<\/strong><\/h3>\n<p style=\"text-align: justify;\">El CIE <strong>ha de ser em\u00e8s per un instal\u00b7lador electricista autoritzat,<\/strong> que certificar\u00e0 que la instal\u00b7laci\u00f3 compleix tots els requisits per al subministrament el\u00e8ctric. <span>El temps estimat a obtenir-lo varia segons l&#8217;entitat amb la qual el gestionis, per\u00f2 generalment, s\u00f3n uns 7 dies.<\/span><\/p>\n<p><a href=\"https:\/\/www.factorenergia.com\/wp-content\/uploads\/2025\/06\/ahorrar_factura_luz.jpg\"><picture><source srcset=\"https:\/\/www.factorenergia.com\/wp-content\/webp-express\/webp-images\/uploads\/2025\/06\/ahorrar_factura_luz-300x169.jpg.webp 300w, https:\/\/www.factorenergia.com\/wp-content\/webp-express\/webp-images\/uploads\/2025\/06\/ahorrar_factura_luz-1024x576.jpg.webp 1024w, https:\/\/www.factorenergia.com\/wp-content\/webp-express\/webp-images\/uploads\/2025\/06\/ahorrar_factura_luz-768x432.jpg.webp 768w, https:\/\/www.factorenergia.com\/wp-content\/webp-express\/webp-images\/uploads\/2025\/06\/ahorrar_factura_luz-1536x864.jpg.webp 1536w, https:\/\/www.factorenergia.com\/wp-content\/webp-express\/webp-images\/uploads\/2025\/06\/ahorrar_factura_luz-2048x1152.jpg.webp 2048w, https:\/\/www.factorenergia.com\/wp-content\/webp-express\/webp-images\/uploads\/2025\/06\/ahorrar_factura_luz-306x172.jpg.webp 306w, https:\/\/www.factorenergia.com\/wp-content\/webp-express\/webp-images\/uploads\/2025\/06\/ahorrar_factura_luz-90x51.jpg.webp 90w, https:\/\/www.factorenergia.com\/wp-content\/webp-express\/webp-images\/uploads\/2025\/06\/ahorrar_factura_luz-170x96.jpg.webp 170w, https:\/\/www.factorenergia.com\/wp-content\/webp-express\/webp-images\/uploads\/2025\/06\/ahorrar_factura_luz-640x360.jpg.webp 640w, https:\/\/www.factorenergia.com\/wp-content\/webp-express\/webp-images\/uploads\/2025\/06\/ahorrar_factura_luz-500x281.jpg.webp 500w\" sizes=\"(max-width: 847px) 100vw, 847px\" type=\"image\/webp\"><img loading=\"lazy\" decoding=\"async\" src=\"https:\/\/www.factorenergia.com\/wp-content\/uploads\/2025\/06\/ahorrar_factura_luz-300x169.jpg\" alt=\"\" width=\"847\" height=\"477\" class=\"alignnone  wp-image-28257 webpexpress-processed\" srcset=\"https:\/\/www.factorenergia.com\/wp-content\/uploads\/2025\/06\/ahorrar_factura_luz-300x169.jpg 300w, https:\/\/www.factorenergia.com\/wp-content\/uploads\/2025\/06\/ahorrar_factura_luz-1024x576.jpg 1024w, https:\/\/www.factorenergia.com\/wp-content\/uploads\/2025\/06\/ahorrar_factura_luz-768x432.jpg 768w, https:\/\/www.factorenergia.com\/wp-content\/uploads\/2025\/06\/ahorrar_factura_luz-1536x864.jpg 1536w, https:\/\/www.factorenergia.com\/wp-content\/uploads\/2025\/06\/ahorrar_factura_luz-2048x1152.jpg 2048w, https:\/\/www.factorenergia.com\/wp-content\/uploads\/2025\/06\/ahorrar_factura_luz-306x172.jpg 306w, https:\/\/www.factorenergia.com\/wp-content\/uploads\/2025\/06\/ahorrar_factura_luz-90x51.jpg 90w, https:\/\/www.factorenergia.com\/wp-content\/uploads\/2025\/06\/ahorrar_factura_luz-170x96.jpg 170w, https:\/\/www.factorenergia.com\/wp-content\/uploads\/2025\/06\/ahorrar_factura_luz-640x360.jpg 640w, https:\/\/www.factorenergia.com\/wp-content\/uploads\/2025\/06\/ahorrar_factura_luz-500x281.jpg 500w\" sizes=\"(max-width: 847px) 100vw, 847px\"><\/picture><\/a><\/p>\n<h3 style=\"font-size: 20px !important; color: #777777;\"><strong>Quines dades inclou el Butllet\u00ed El\u00e8ctric?<\/strong><\/h3>\n<p style=\"text-align: justify;\">Perqu\u00e8 el teu Butllet\u00ed El\u00e8ctric\/Certificat d&#8217;Instal\u00b7laci\u00f3 El\u00e8ctrica sigui v\u00e0lid ha d&#8217;incloure:<\/p>\n<ul>\n<li style=\"text-align: justify;\"><strong>Dades del titular.<\/strong><\/li>\n<li style=\"text-align: justify;\"><strong>Direcci\u00f3 f\u00edsica<\/strong> d&#8217;on es troba l&#8217;habitatge.<\/li>\n<li style=\"text-align: justify;\"><strong>Caracter\u00edstiques de la instal\u00b7laci\u00f3:<\/strong> \u00fas (dom\u00e8stica, oficina, hotel\u2026), superf\u00edcie, pot\u00e8ncia m\u00e0xima admissible, aforament, tensi\u00f3, dades de la L\u00ednia General d&#8217;Alimentaci\u00f3 (LGA), dades de la derivaci\u00f3 individual, comptadors i dades de les proteccions.<\/li>\n<li style=\"text-align: justify;\"><strong>Empresa distribu\u00efdora a la qual pertany el client.<\/strong><\/li>\n<li style=\"text-align: justify;\"><strong>Empresa instal\u00b7ladora autoritzada.<\/strong><\/li>\n<li style=\"text-align: justify;\"><strong>Mesuraments de comprovaci\u00f3.<\/strong><\/li>\n<\/ul>\n<p style=\"text-align: justify;\">De totes aquestes dades, una dels m\u00e9s importants \u00e9s la <strong>pot\u00e8ncia m\u00e0xima admissible<\/strong>, ja que el subministrament que contractis no podr\u00e0 superar aquesta pot\u00e8ncia.<\/p>\n<h3 style=\"font-size: 20px !important; color: #777777;\"><strong>Quant costa el Butllet\u00ed El\u00e8ctric o CIE?<\/strong><\/h3>\n<p style=\"text-align: justify;\">No hi ha un preu est\u00e0ndard, no est\u00e0 regulat i dep\u00e8n de diversos factors com la tarifa de l&#8217;instal\u00b7lador el\u00e8ctric que tri\u00efs, les dimensions de l&#8217;habitatge o les taxes que imposa cada Comunitat Aut\u00f2noma.<\/p>\n<h3 style=\"font-size: 20px !important; color: #777777;\"><strong>El BRIE o butllet\u00ed blau<\/strong><\/h3>\n<p style=\"text-align: justify;\">El butllet\u00ed blau o Butllet\u00ed de Reconeixement d&#8217;Instal\u00b7lacions El\u00e8ctriques (BRIE), \u00e9s el document complementari al Butllet\u00ed El\u00e8ctric <strong>sol exigit a Catalunya<\/strong>. El butllet\u00ed blau ser\u00e0 necessari i est\u00e0 destinat a recolzar modificacions senzilles en la instal\u00b7laci\u00f3 el\u00e8ctrica.<\/p>\n<p style=\"text-align: justify;\">A difer\u00e8ncia del CIE, el BRIE <strong>t\u00e9 una vig\u00e8ncia de 6 mesos <\/strong>i el seu preu \u00e9s m\u00e9s econ\u00f2mic.<\/p>\n<h2 style=\"font-size: 20px !important; color: #777777;\"><strong>La teva electricitat sempre al millor preu amb factorenergia<\/strong><\/h2>\n<p style=\"text-align: justify;\">Si tens alguna pregunta sobre el Butllet\u00ed El\u00e8ctric, pots posar-te en contacte amb <strong>factorenergia<\/strong> en el 900 649 028. El nostre equip estar\u00e0 encantat de resoldre els teus dubtes.<\/p>\n<p style=\"text-align: justify;\">I si encara no formes part de la nostra companyia, no esperis m\u00e9s i contracta la teva <a href=\"\/ca\/llars\/tarifas\/\" title=\"tarifes d'electricitat\" target=\"_blank\" rel=\"noopener noreferrer\">tarifa de llum<\/a> al millor preu! Entra a la nostra p\u00e0gina web o, si ho prefereixes, truca&#8217;ns al 900 850 000. Solament necessites dos minuts.<\/p>\n<p>&nbsp;<\/p>\n","protected":false},"excerpt":{"rendered":"<p>El Butllet\u00ed El\u00e8ctric o Certificat d&#8217;Instal\u00b7lacions El\u00e8ctriques certifica que una instal\u00b7laci\u00f3 \u00e9s apta per al subministrament. T&#8217;expliquem quan ho necessitar\u00e0s, com aconseguir-ho i altres aspectes d&#8217;inter\u00e8s.<\/p>\n","protected":false},"author":17,"featured_media":0,"comment_status":"open","ping_status":"closed","sticky":false,"template":"","format":"standard","meta":{"inline_featured_image":false,"footnotes":""},"categories":[57],"tags":[],"acf":{"fecha_de_la_entrada":"20210115","imagen_portada":28286,"categoria_blog":null,"tipo_de_distribuidora":null,"tiempo_lectura":"","banner_bool":false,"titulo_banner":"","texto_banner":"","texto_boton_banner":"","url_boton_banner":"","post_relacionados":""},"yoast_head":"<!-- This site is optimized with the Yoast SEO plugin v22.2 - https:\/\/yoast.com\/wordpress\/plugins\/seo\/ -->\n<title>Qu\u00e8 \u00e9s el butllet\u00ed el\u00e8ctric o el CIE? - factorenergia<\/title>\n<meta name=\"description\" content=\"El butllet\u00ed el\u00e8ctric certifica que una instal\u00b7laci\u00f3 compleix tots els requisits per al subministrament el\u00e8ctric. T&#039;expliquem el que necessites saber.\" \/>\n<meta name=\"robots\" content=\"index, follow, max-snippet:-1, max-image-preview:large, max-video-preview:-1\" \/>\n<link rel=\"canonical\" href=\"https:\/\/www.factorenergia.com\/ca\/blog\/enten-la-factura-de-la-llum\/que-es-el-butlleti-electric-o-cie\/\" \/>\n<meta name=\"twitter:card\" content=\"summary_large_image\" \/>\n<meta name=\"twitter:title\" content=\"Qu\u00e8 \u00e9s el butllet\u00ed el\u00e8ctric o el CIE? - factorenergia\" \/>\n<meta name=\"twitter:description\" content=\"El butllet\u00ed el\u00e8ctric certifica que una instal\u00b7laci\u00f3 compleix tots els requisits per al subministrament el\u00e8ctric. T&#039;expliquem el que necessites saber.\" \/>\n<meta name=\"twitter:image\" content=\"https:\/\/www.factorenergia.com\/wp-content\/uploads\/2025\/06\/ahorrar_factura_luz-300x169.jpg\" \/>\n<meta name=\"twitter:creator\" content=\"@factorenergia\" \/>\n<meta name=\"twitter:site\" content=\"@factorenergia\" \/>\n<meta name=\"twitter:label1\" content=\"Written by\" \/>\n\t<meta name=\"twitter:data1\" content=\"Equipo Transici\u00f3n Energ\u00e9tica Factorenergia\" \/>\n\t<meta name=\"twitter:label2\" content=\"Est. reading time\" \/>\n\t<meta name=\"twitter:data2\" content=\"3 minutes\" \/>\n<script type=\"application\/ld+json\" class=\"yoast-schema-graph\">{\"@context\":\"https:\/\/schema.org\",\"@graph\":[{\"@type\":\"WebPage\",\"@id\":\"https:\/\/www.factorenergia.com\/ca\/blog\/enten-la-factura-de-la-llum\/que-es-el-butlleti-electric-o-cie\/\",\"url\":\"https:\/\/www.factorenergia.com\/ca\/blog\/enten-la-factura-de-la-llum\/que-es-el-butlleti-electric-o-cie\/\",\"name\":\"Qu\u00e8 \u00e9s el butllet\u00ed el\u00e8ctric o el CIE? - factorenergia\",\"isPartOf\":{\"@id\":\"https:\/\/www.factorenergia.com\/es\/#website\"},\"primaryImageOfPage\":{\"@id\":\"https:\/\/www.factorenergia.com\/ca\/blog\/enten-la-factura-de-la-llum\/que-es-el-butlleti-electric-o-cie\/#primaryimage\"},\"image\":{\"@id\":\"https:\/\/www.factorenergia.com\/ca\/blog\/enten-la-factura-de-la-llum\/que-es-el-butlleti-electric-o-cie\/#primaryimage\"},\"thumbnailUrl\":\"https:\/\/www.factorenergia.com\/wp-content\/uploads\/2025\/06\/ahorrar_factura_luz-300x169.jpg\",\"datePublished\":\"2021-01-15T08:00:21+00:00\",\"dateModified\":\"2025-07-02T10:50:45+00:00\",\"author\":{\"@id\":\"https:\/\/www.factorenergia.com\/es\/#\/schema\/person\/dff9e4b6dc520720e3a37bdaaedc5841\"},\"description\":\"El butllet\u00ed el\u00e8ctric certifica que una instal\u00b7laci\u00f3 compleix tots els requisits per al subministrament el\u00e8ctric. T'expliquem el que necessites saber.\",\"breadcrumb\":{\"@id\":\"https:\/\/www.factorenergia.com\/ca\/blog\/enten-la-factura-de-la-llum\/que-es-el-butlleti-electric-o-cie\/#breadcrumb\"},\"inLanguage\":\"ca\",\"potentialAction\":[{\"@type\":\"ReadAction\",\"target\":[\"https:\/\/www.factorenergia.com\/ca\/blog\/enten-la-factura-de-la-llum\/que-es-el-butlleti-electric-o-cie\/\"]}]},{\"@type\":\"ImageObject\",\"inLanguage\":\"ca\",\"@id\":\"https:\/\/www.factorenergia.com\/ca\/blog\/enten-la-factura-de-la-llum\/que-es-el-butlleti-electric-o-cie\/#primaryimage\",\"url\":\"https:\/\/www.factorenergia.com\/wp-content\/uploads\/2025\/06\/ahorrar_factura_luz-300x169.jpg\",\"contentUrl\":\"https:\/\/www.factorenergia.com\/wp-content\/uploads\/2025\/06\/ahorrar_factura_luz-300x169.jpg\"},{\"@type\":\"BreadcrumbList\",\"@id\":\"https:\/\/www.factorenergia.com\/ca\/blog\/enten-la-factura-de-la-llum\/que-es-el-butlleti-electric-o-cie\/#breadcrumb\",\"itemListElement\":[{\"@type\":\"ListItem\",\"position\":1,\"name\":\"Portada\",\"item\":\"https:\/\/www.factorenergia.com\/ca\/\"},{\"@type\":\"ListItem\",\"position\":2,\"name\":\"Qu\u00e8 \u00e9s el Butllet\u00ed El\u00e8ctric o CIE?\"}]},{\"@type\":\"WebSite\",\"@id\":\"https:\/\/www.factorenergia.com\/es\/#website\",\"url\":\"https:\/\/www.factorenergia.com\/es\/\",\"name\":\"factorenergia\",\"description\":\"factorenergia\",\"potentialAction\":[{\"@type\":\"SearchAction\",\"target\":{\"@type\":\"EntryPoint\",\"urlTemplate\":\"https:\/\/www.factorenergia.com\/es\/?s={search_term_string}\"},\"query-input\":\"required name=search_term_string\"}],\"inLanguage\":\"ca\"},{\"@type\":\"Person\",\"@id\":\"https:\/\/www.factorenergia.com\/es\/#\/schema\/person\/dff9e4b6dc520720e3a37bdaaedc5841\",\"name\":\"Equipo Transici\u00f3n Energ\u00e9tica Factorenergia\",\"image\":{\"@type\":\"ImageObject\",\"inLanguage\":\"ca\",\"@id\":\"https:\/\/www.factorenergia.com\/es\/#\/schema\/person\/image\/\",\"url\":\"https:\/\/secure.gravatar.com\/avatar\/1b7c76bab80ee1c4261b06108874e24b?s=96&d=mm&r=g\",\"contentUrl\":\"https:\/\/secure.gravatar.com\/avatar\/1b7c76bab80ee1c4261b06108874e24b?s=96&d=mm&r=g\",\"caption\":\"Equipo Transici\u00f3n Energ\u00e9tica Factorenergia\"},\"description\":\"El equipo est\u00e1 formado por expertos en materia de Luz, Gas y Eficiencia Energ\u00e9tica, que conocen de primera mano las tendencias del mercado. Su experiencia en el sector les permite ofrecer las mejores soluciones energ\u00e9ticas y resolver las dudas planteadas por los clientes.\",\"sameAs\":[\"https:\/\/www.factorenergia.com\/es\/\",\"https:\/\/www.facebook.com\/factorenergiacom\",\"https:\/\/www.instagram.com\/factorenergia_com\/\",\"https:\/\/es.linkedin.com\/company\/factor-energia\",\"https:\/\/twitter.com\/factorenergia\",\"https:\/\/www.youtube.com\/c\/factorenergiacom\"],\"url\":\"https:\/\/www.factorenergia.com\/ca\/blog\/author\/marketing\/\"}]}<\/script>\n<!-- \/ Yoast SEO plugin. -->","yoast_head_json":{"title":"Qu\u00e8 \u00e9s el butllet\u00ed el\u00e8ctric o el CIE? - factorenergia","description":"El butllet\u00ed el\u00e8ctric certifica que una instal\u00b7laci\u00f3 compleix tots els requisits per al subministrament el\u00e8ctric. T'expliquem el que necessites saber.","robots":{"index":"index","follow":"follow","max-snippet":"max-snippet:-1","max-image-preview":"max-image-preview:large","max-video-preview":"max-video-preview:-1"},"canonical":"https:\/\/www.factorenergia.com\/ca\/blog\/enten-la-factura-de-la-llum\/que-es-el-butlleti-electric-o-cie\/","twitter_card":"summary_large_image","twitter_title":"Qu\u00e8 \u00e9s el butllet\u00ed el\u00e8ctric o el CIE? - factorenergia","twitter_description":"El butllet\u00ed el\u00e8ctric certifica que una instal\u00b7laci\u00f3 compleix tots els requisits per al subministrament el\u00e8ctric. T'expliquem el que necessites saber.","twitter_image":"https:\/\/www.factorenergia.com\/wp-content\/uploads\/2025\/06\/ahorrar_factura_luz-300x169.jpg","twitter_creator":"@factorenergia","twitter_site":"@factorenergia","twitter_misc":{"Written by":"Equipo Transici\u00f3n Energ\u00e9tica Factorenergia","Est. reading time":"3 minutes"},"schema":{"@context":"https:\/\/schema.org","@graph":[{"@type":"WebPage","@id":"https:\/\/www.factorenergia.com\/ca\/blog\/enten-la-factura-de-la-llum\/que-es-el-butlleti-electric-o-cie\/","url":"https:\/\/www.factorenergia.com\/ca\/blog\/enten-la-factura-de-la-llum\/que-es-el-butlleti-electric-o-cie\/","name":"Qu\u00e8 \u00e9s el butllet\u00ed el\u00e8ctric o el CIE? - factorenergia","isPartOf":{"@id":"https:\/\/www.factorenergia.com\/es\/#website"},"primaryImageOfPage":{"@id":"https:\/\/www.factorenergia.com\/ca\/blog\/enten-la-factura-de-la-llum\/que-es-el-butlleti-electric-o-cie\/#primaryimage"},"image":{"@id":"https:\/\/www.factorenergia.com\/ca\/blog\/enten-la-factura-de-la-llum\/que-es-el-butlleti-electric-o-cie\/#primaryimage"},"thumbnailUrl":"https:\/\/www.factorenergia.com\/wp-content\/uploads\/2025\/06\/ahorrar_factura_luz-300x169.jpg","datePublished":"2021-01-15T08:00:21+00:00","dateModified":"2025-07-02T10:50:45+00:00","author":{"@id":"https:\/\/www.factorenergia.com\/es\/#\/schema\/person\/dff9e4b6dc520720e3a37bdaaedc5841"},"description":"El butllet\u00ed el\u00e8ctric certifica que una instal\u00b7laci\u00f3 compleix tots els requisits per al subministrament el\u00e8ctric. T'expliquem el que necessites saber.","breadcrumb":{"@id":"https:\/\/www.factorenergia.com\/ca\/blog\/enten-la-factura-de-la-llum\/que-es-el-butlleti-electric-o-cie\/#breadcrumb"},"inLanguage":"ca","potentialAction":[{"@type":"ReadAction","target":["https:\/\/www.factorenergia.com\/ca\/blog\/enten-la-factura-de-la-llum\/que-es-el-butlleti-electric-o-cie\/"]}]},{"@type":"ImageObject","inLanguage":"ca","@id":"https:\/\/www.factorenergia.com\/ca\/blog\/enten-la-factura-de-la-llum\/que-es-el-butlleti-electric-o-cie\/#primaryimage","url":"https:\/\/www.factorenergia.com\/wp-content\/uploads\/2025\/06\/ahorrar_factura_luz-300x169.jpg","contentUrl":"https:\/\/www.factorenergia.com\/wp-content\/uploads\/2025\/06\/ahorrar_factura_luz-300x169.jpg"},{"@type":"BreadcrumbList","@id":"https:\/\/www.factorenergia.com\/ca\/blog\/enten-la-factura-de-la-llum\/que-es-el-butlleti-electric-o-cie\/#breadcrumb","itemListElement":[{"@type":"ListItem","position":1,"name":"Portada","item":"https:\/\/www.factorenergia.com\/ca\/"},{"@type":"ListItem","position":2,"name":"Qu\u00e8 \u00e9s el Butllet\u00ed El\u00e8ctric o CIE?"}]},{"@type":"WebSite","@id":"https:\/\/www.factorenergia.com\/es\/#website","url":"https:\/\/www.factorenergia.com\/es\/","name":"factorenergia","description":"factorenergia","potentialAction":[{"@type":"SearchAction","target":{"@type":"EntryPoint","urlTemplate":"https:\/\/www.factorenergia.com\/es\/?s={search_term_string}"},"query-input":"required name=search_term_string"}],"inLanguage":"ca"},{"@type":"Person","@id":"https:\/\/www.factorenergia.com\/es\/#\/schema\/person\/dff9e4b6dc520720e3a37bdaaedc5841","name":"Equipo Transici\u00f3n Energ\u00e9tica Factorenergia","image":{"@type":"ImageObject","inLanguage":"ca","@id":"https:\/\/www.factorenergia.com\/es\/#\/schema\/person\/image\/","url":"https:\/\/secure.gravatar.com\/avatar\/1b7c76bab80ee1c4261b06108874e24b?s=96&d=mm&r=g","contentUrl":"https:\/\/secure.gravatar.com\/avatar\/1b7c76bab80ee1c4261b06108874e24b?s=96&d=mm&r=g","caption":"Equipo Transici\u00f3n Energ\u00e9tica Factorenergia"},"description":"El equipo est\u00e1 formado por expertos en materia de Luz, Gas y Eficiencia Energ\u00e9tica, que conocen de primera mano las tendencias del mercado. Su experiencia en el sector les permite ofrecer las mejores soluciones energ\u00e9ticas y resolver las dudas planteadas por los clientes.","sameAs":["https:\/\/www.factorenergia.com\/es\/","https:\/\/www.facebook.com\/factorenergiacom","https:\/\/www.instagram.com\/factorenergia_com\/","https:\/\/es.linkedin.com\/company\/factor-energia","https:\/\/twitter.com\/factorenergia","https:\/\/www.youtube.com\/c\/factorenergiacom"],"url":"https:\/\/www.factorenergia.com\/ca\/blog\/author\/marketing\/"}]}},"_links":{"self":[{"href":"https:\/\/www.factorenergia.com\/ca\/wp-json\/wp\/v2\/posts\/9909"}],"collection":[{"href":"https:\/\/www.factorenergia.com\/ca\/wp-json\/wp\/v2\/posts"}],"about":[{"href":"https:\/\/www.factorenergia.com\/ca\/wp-json\/wp\/v2\/types\/post"}],"author":[{"embeddable":true,"href":"https:\/\/www.factorenergia.com\/ca\/wp-json\/wp\/v2\/users\/17"}],"replies":[{"embeddable":true,"href":"https:\/\/www.factorenergia.com\/ca\/wp-json\/wp\/v2\/comments?post=9909"}],"version-history":[{"count":3,"href":"https:\/\/www.factorenergia.com\/ca\/wp-json\/wp\/v2\/posts\/9909\/revisions"}],"predecessor-version":[{"id":28394,"href":"https:\/\/www.factorenergia.com\/ca\/wp-json\/wp\/v2\/posts\/9909\/revisions\/28394"}],"wp:attachment":[{"href":"https:\/\/www.factorenergia.com\/ca\/wp-json\/wp\/v2\/media?parent=9909"}],"wp:term":[{"taxonomy":"category","embeddable":true,"href":"https:\/\/www.factorenergia.com\/ca\/wp-json\/wp\/v2\/categories?post=9909"},{"taxonomy":"post_tag","embeddable":true,"href":"https:\/\/www.factorenergia.com\/ca\/wp-json\/wp\/v2\/tags?post=9909"}],"curies":[{"name":"wp","href":"https:\/\/api.w.org\/{rel}","templated":true}]}}