{"id":9756,"date":"2021-01-08T09:38:21","date_gmt":"2021-01-08T07:38:21","guid":{"rendered":"https:\/\/www.factorenergia.com\/ca\/?post_type=blog&#038;p=9756"},"modified":"2025-07-30T15:46:28","modified_gmt":"2025-07-30T13:46:28","slug":"tarifa_pvpc","status":"publish","type":"post","link":"https:\/\/www.factorenergia.com\/ca\/blog\/apren-a-estalviar\/tarifa_pvpc\/","title":{"rendered":"La tarifa PVPC o regulada"},"content":{"rendered":"<p style=\"text-align: justify;\"><span>\n<script type=\"text\/javascript\" id=\"auto-index\" async defer>\n\n      function indexContent(context){\n\n      var container = document.querySelector(context);\n\n      element = document.getElementById(\"accordion-index\");\n      var titles = Array.from(container.querySelectorAll(\"h2,h3\"));\n\n      for (var i = 0, l = titles.length; i < l; i++) {\n\n\t\tjQuery('#accordionIndex').show();\n\n        var tit = titles[i];\n\t\tvar newTitle = tit.textContent.toLowerCase().replace(\/[^a-zA-Z ]\/g, \"\").replace(\/\\s\/g, '-');\n\t\tvar numTag = Number(tit.tagName.replace(\/[^1-9]\/g, \"\"));\n\t\tvar tagWidth = (numTag*20);\n\n\t\tvar preText = '<span style=\"margin-left:' + tagWidth + 'px\"><\/span>';\n\n        tit.setAttribute(\"id\", newTitle);\n\t\tjQuery(tit).addClass('h-inline');\n\t\t\n\t\tvar toIndex = '<p class=\"h-inline\"><a class=\"blog-toindex\" href=\"#accordionIndex\"><span class=\"glyphicon glyphicon-chevron-up\" aria-hidden=\"true\"><\/span><\/a><\/p>';\n\n\t\tjQuery(toIndex).insertAfter(tit);\n\n        var node = document.createElement(\"LI\");                 \n        var link = document.createElement(\"A\");\n        var textnode = document.createTextNode(tit.textContent);\n\n        link.appendChild(textnode);\n        link.setAttribute(\"href\", '#' + newTitle);\n\t\t\/\/link.setAttribute(\"style\", \"margin-left:\" + tagWidth + \"px\");\n\t\tlink.setAttribute(\"class\", \"acc-h\" + numTag);\n        node.appendChild(link);\n\n        element.appendChild(node);\n\n      }\n    }\n\n    jQuery(document).ready(function(){\t\t\n\t\tindexContent(\".single-post-content\");\n\n\t\tjQuery(\".accordion-toggle\").click(function() {\n\t\t\tjQuery(this).toggleClass(\"open\");\n\t\t\tjQuery(\"#collapseIndex\").slideToggle(\"in\");\n\t\t});\n\t});\n\n\n<\/script>\n\n<style>\n\t.accordion-toggle{\n\t\tcursor:pointer;\n\t}\n\n\t#accordionIndex .panel-heading{\n\t\tmargin-bottom:0px;\n\t}\n\n\t.articulo ul, .articulo ol{\n\t\tmargin-bottom:auto;\n\t}\n\n\t.h-inline{\n\t\tdisplay: inline-flex;\n\t\tflex-wrap: wrap\n\t}\n\t#accordion-index{\n\t\tpadding-left:0px;\n\t}\n\t#accordion-index li a{\n\t\tdisplay:block;\n\t\tpadding-top:5px;\n\t}\n\n\t.acc-h2{\n\t\tmargin-left:0px;\n\t\tposition: relative;\n\t}\n\n\t.acc-h3{\n\t\tmargin-left:25px;\n\t}\n\n\t.acc-h3::before{\n\t\tcontent: \"\";\n\t\tbackground-color:var(--blue-light);\n\t\tmargin-left:-10px;\n\t\twidth: 7px;\n\t\theight: 7px;\n\t\tdisplay: inline-block;\n\t\ttext-align: center;\n\t\tborder-radius: 1000px;\n\t\tmargin-right: 10px;\n    \tmargin-bottom: 2px;\n\t}\n\n\t.acc-h4{\n\t\tmargin-left:40px;\n\t}\n\n\t.acc-h4::before{\n\t\tcontent: \"\";\n\t\tborder: 1px solid var(--blue-light);\n\t\tmargin-left:-5px;\n\t\twidth: 7px;\n\t\theight: 7px;\n\t\tdisplay: inline-block;\n\t\ttext-align: center;\n\t\tborder-radius: 100%;\n\t\tmargin-right: 10px;\n    \tmargin-bottom: 2px;\n\t}\n\n\t.acc-h3:hover::before{\n\t\tbackground-color: var(--blue-darkest);\n\t}\n\n\t.acc-h4:hover::before{\n\t\tborder-color: var(--blue-darkest);\n\t}\n\n\t@media (max-width: 992px){\n\t\t.acc-h2{\n\t\t\tmargin-left:0px;\n\t\t}\n\t\t.acc-h3{\n\t\t\tmargin-left:20px;\n\t\t}\n\t\t.acc-h4{\n\t\t\tmargin-left:40px;\n\t\t}\n\t}\n\n\t\/*\n\th2.h-inline:after,\n\th3.h-inline:after{\n\t\theight: 24px;\n\t\tcontent: \"\";\n\t\tdisplay: table-row;\n\t}*\/\n<\/style>\n\n<div id=\"table-accordion-index\">\n\t<div class=\"panel-group\" id=\"accordionIndex\">\n\t\t<div class=\"panel panel-default\">\n\t\t\t<div class=\"panel-heading\">\n\t\t\t\t<div class=\"panel-title open\"><div class=\"accordion-toggle\" data-toggle=\"collapse\" data-parent=\"#accordion\" aria-expanded=\"true\">\u00edndex<\/div><\/div>\n\t\t\t<\/div>\n\t\t\t<div id=\"collapseIndex\" class=\"panel-collapse collapse in\" aria-expanded=\"true\">\n\t\t\t\t<div class=\"panel-body\">\n\t\t\t\t\t<ul id=\"accordion-index\">\n\t\t\t\t\t<\/ul>\n\t\t\t\t<\/div>\n\t\t\t<\/div>\n\t\t<\/div>\n\t<\/div>\n<\/div><\/span><\/p>\n<p style=\"text-align: justify;\">En el mercat el\u00e8ctric existeixen dues modalitats de subministrament: una regulada, tamb\u00e9 anomenada tarifa PVPC, i una altra a preu lliure. Cada modalitat t\u00e9 els seus pros i contres, per aix\u00f2, t&#8217;expliquem de manera f\u00e0cil en qu\u00e8 consisteixen perqu\u00e8 tri\u00efs la que millor s&#8217;adapti a les teves necessitats.<\/p>\n<h2 style=\"font-size: 20px !important; color: #777777;\"><strong>Qu\u00e8 \u00e9s el PVPC?<\/strong><\/h2>\n<p style=\"text-align: justify;\">El Preu Voluntari per al Petit Consumidor (PVPC) \u00e9s la tarifa del mercat regulat d&#8217;electricitat que factura sobre la base del preu de la llum per hores. T\u00e9 un <strong>preu d&#8217;energia variable<\/strong>; el preu es regula hora a hora durant tots els dies de l&#8217;any, en funci\u00f3 de l&#8217;oferta i demanda di\u00e0ria d&#8217;electricitat.<\/p>\n<p style=\"text-align: justify;\">La tarifa PVPC poden sol\u00b7licitar-la tots els consumidors amb una pot\u00e8ncia contractada <strong>que no superi els 10 kW<\/strong>, per\u00f2 \u00fanicament es pot optar a aquesta tarifa el\u00e8ctrica contractant amb una de les <a href=\"https:\/\/www.factorenergia.com\/ca\/\" target=\"_blank\" rel=\"nofollow noopener noreferrer\">companyies el\u00e8ctriques de refer\u00e8ncia<\/a> (les de tota la vida) en el mercat regulat.<\/p>\n<h2 style=\"font-size: 20px !important; color: #777777;\"><strong>Tarifa PVPC vs tarifa de mercat lliure<\/strong><\/h2>\n<p style=\"text-align: justify;\">La tarifa PVPC es caracteritza per tenir unes condicions regulades; no hi ha cl\u00e0usules especials ni serveis addicionals, la factura \u00e9s m\u00e9s senzilla. Trobar\u00e0s la part variable (energia) i la fixa (pot\u00e8ncia). El preu de l&#8217;energia est\u00e0 marcat pel Ministeri d&#8217;Ind\u00fastria, Comer\u00e7 i Turisme i, en determinar-se hora a hora, ho fa ser inestable.<\/p>\n<p style=\"text-align: justify;\">Que aquest tipus de tarifa et permeti estalviar dependr\u00e0 dels teus horaris i h\u00e0bits de consum, ja que haur\u00e0s d&#8217;estar atent <strong>a quina hora \u00e9s m\u00e9s barata el <a href=\"https:\/\/www.factorenergia.com\/ca\/llars\/tarifas\/preu-variable\/\" target=\"_blank\" rel=\"noopener\">preu de la llum<\/a><\/strong>.<\/p>\n<p style=\"text-align: justify;\">Si aquesta opci\u00f3 no va amb tu, tens altres alternatives. Despr\u00e9s de la liberalitzaci\u00f3 del mercat existeixen <strong>companyies en el mercat lliure<\/strong>, com l&#8217;<a href=\"https:\/\/www.factorenergia.com\/ca\/\" target=\"_blank\" rel=\"noopener\">empresa energ\u00e8tica<\/a> factorenergia, que t&#8217;ofereixen l&#8217;estabilitat d&#8217;un preu fix i que, a m\u00e9s, t&#8217;ajuden a estalviar amb els millors preus.<\/p>\n<p style=\"text-align: justify;\"><div class=\"text-center center blog-cta\"><p>Canvia't a factorenergia i estalvia un 12'5% a la Factura de la Llum ... Per Sempre!<\/p><a class=\"blog-cta primary-btn text-center solicitar-estudio\" target=\"_blank\" title=\"Truca Gratis o Contracta Online en 2 min\" href=\"https:\/\/www.factorenergia.com\/ca\/canvia-de-companyia\/\">Truca Gratis o Contracta Online en 2 min<\/a><p><\/p><div style=\"display:none;\"><p>Canvia't a factorenergia i estalvia un 12'5% a la Factura de la Llum ... Per Sempre!<\/p><\/div>\n\t\t\t<script type='text\/javascript'>\n\t\t\t\tjQuery('.solicitar-estudio').click(function(){\t\t\t\t\t\t\t\t\t\n\t\t\t\t\tdataLayer.push({'language': 'ca'});\n\t\t\t\t\tdataLayer.push({'post_id': '9756'});\n\t\t\t\t\tdataLayer.push({'cat_type': 'luz'});\n\t\t\t\t});\n\t\t\t<\/script>\n\t\t<\/div><br\/><\/p>\n<p style=\"text-align: justify;\">\u00c9s important tenir en compte que la tarifa regulada no ofereix ofertes ni descomptes, mentre que la de mercat lliure s\u00ed.<\/p>\n<p style=\"text-align: justify;\">\r\n<script type=\"text\/javascript\" async defer>\r\n\r\n    jQuery(document).ready(function(){\t\t\r\n\t\t\r\n\t});\r\n<\/script>\r\n\r\n<style>\r\n\t.block-interested_posts{\r\n        margin-top: 10px;\r\n        padding: 20px;\r\n        border: 2px solid #92C200;\r\n    }\r\n    .block-interested_posts ul{\r\n        margin-bottom:0px;\r\n    }\r\n    .block-interested_posts ul li{\r\n        margin-bottom:5px;\r\n    }\r\n    .block-interested_posts ul li a{\r\n        \/*color: #DF981E;*\/\r\n    }\r\n\r\n<\/style>\r\n\r\n<div class=\"block-interested_posts\">\r\n    <p><strong>Post que et poden interessar<\/strong><\/p>\r\n    <ul>\r\n                    <li><a href=\"https:\/\/www.factorenergia.com\/ca\/blog\/apren-a-estalviar\/quina-potencia-contractar\/\" title=\"Quina pot\u00e8ncia el\u00e8ctrica he de contractar?\">Quina pot\u00e8ncia el\u00e8ctrica he de contractar?<\/a><\/li>\r\n                    <li><a href=\"https:\/\/www.factorenergia.com\/ca\/blog\/enten-la-factura-de-la-llum\/quants-kwh-consumeix-una-casa-al-mes\/\" title=\"Quants kWh consumeix una casa al mes?\">Quants kWh consumeix una casa al mes?<\/a><\/li>\r\n            <\/ul>\t\r\n<\/div><\/p>\n<p style=\"text-align: justify;\"><picture><source srcset=\"https:\/\/www.factorenergia.com\/wp-content\/webp-express\/webp-images\/uploads\/2021\/01\/energia-eolica.jpg.webp 799w, https:\/\/www.factorenergia.com\/wp-content\/webp-express\/webp-images\/uploads\/2021\/01\/energia-eolica-300x221.jpg.webp 300w, https:\/\/www.factorenergia.com\/wp-content\/webp-express\/webp-images\/uploads\/2021\/01\/energia-eolica-768x566.jpg.webp 768w, https:\/\/www.factorenergia.com\/wp-content\/webp-express\/webp-images\/uploads\/2021\/01\/energia-eolica-240x177.jpg.webp 240w, https:\/\/www.factorenergia.com\/wp-content\/webp-express\/webp-images\/uploads\/2021\/01\/energia-eolica-90x66.jpg.webp 90w, https:\/\/www.factorenergia.com\/wp-content\/webp-express\/webp-images\/uploads\/2021\/01\/energia-eolica-170x125.jpg.webp 170w, https:\/\/www.factorenergia.com\/wp-content\/webp-express\/webp-images\/uploads\/2021\/01\/energia-eolica-488x360.jpg.webp 488w, https:\/\/www.factorenergia.com\/wp-content\/webp-express\/webp-images\/uploads\/2021\/01\/energia-eolica-407x300.jpg.webp 407w\" sizes=\"(max-width: 799px) 100vw, 799px\" type=\"image\/webp\"><img loading=\"lazy\" decoding=\"async\" src=\"https:\/\/www.factorenergia.com\/wp-content\/uploads\/2021\/01\/energia-eolica.jpg\" alt=\"tarifa pvpc\" width=\"799\" height=\"589\" class=\"alignnone wp-image-10379 size-full webpexpress-processed\" title=\"tarifa regulada pvpc\" srcset=\"https:\/\/www.factorenergia.com\/wp-content\/uploads\/2021\/01\/energia-eolica.jpg 799w, https:\/\/www.factorenergia.com\/wp-content\/uploads\/2021\/01\/energia-eolica-300x221.jpg 300w, https:\/\/www.factorenergia.com\/wp-content\/uploads\/2021\/01\/energia-eolica-768x566.jpg 768w, https:\/\/www.factorenergia.com\/wp-content\/uploads\/2021\/01\/energia-eolica-240x177.jpg 240w, https:\/\/www.factorenergia.com\/wp-content\/uploads\/2021\/01\/energia-eolica-90x66.jpg 90w, https:\/\/www.factorenergia.com\/wp-content\/uploads\/2021\/01\/energia-eolica-170x125.jpg 170w, https:\/\/www.factorenergia.com\/wp-content\/uploads\/2021\/01\/energia-eolica-488x360.jpg 488w, https:\/\/www.factorenergia.com\/wp-content\/uploads\/2021\/01\/energia-eolica-407x300.jpg 407w\" sizes=\"(max-width: 799px) 100vw, 799px\"><\/picture><\/p>\n<h2 style=\"font-size: 20px !important; color: #777777;\"><strong>Tria b\u00e9 la teva companyia el\u00e8ctrica <\/strong><\/h2>\n<p style=\"text-align: justify;\">Recorda que tens l&#8217;opci\u00f3 de <a href=\"https:\/\/www.factorenergia.com\/ca\/llum\/canvia-de-companyia\/\" title=\"companyia de llum catalana\" target=\"_blank\" rel=\"noopener noreferrer\">canviar de companyia de llum<\/a> i\/o de tarifa per una que s&#8217;adapti millor a les teves necessitats, ja sigui regulada o de mercat lliure.<\/p>\n<p style=\"text-align: justify;\">Triar una comercialitzadora del mercat lliure \u00e9s una bona opci\u00f3, quant a preu i servei, per a aquells consumidors que vulguin allunyar-se de \u201cles de sempre\u201d i triar lliurement qui els subministra energia, a quin preu i amb quina modalitat tarif\u00e0ria.<\/p>\n<p style=\"text-align: justify;\">Encara que totes les comercialitzadores tenim components dels nostres preus (b\u00e0sicament peatges) que s\u00ed que v\u00e9nen regulats, les comercialitzadores de mercat lliure posem <strong>els nostres propis preus<\/strong> i oferim diferents tarifes per a adequar-nos a cada usuari, instal\u00b7laci\u00f3 i h\u00e0bits de consum. Aix\u00f2 permete als nostres clients <strong>estalviar llum<\/strong>.<\/p>\n<p style=\"text-align: justify;\">Si encara no formes part de <strong>factorenergia<\/strong>, no esperis m\u00e9s i contracta la teva <a href=\"\/ca\/llars\/tarifas\/\" title=\"preu electricitat\" target=\"_blank\" rel=\"noopener noreferrer\">tarifa de llum<\/a> al millor preu, a trav\u00e9s de la nostra p\u00e0gina web o trucant-nos al 900 850 000. Nom\u00e9s necessites 2 minuts!<\/p>\n<p>&nbsp;<\/p>\n","protected":false},"excerpt":{"rendered":"<p>Saps qu\u00e8 \u00e9s la tarifa PVPC? Preu Voluntari per al Petit Consumidor, el nou nom de la tarifa regulada, \u00e9s un sistema de fixaci\u00f3 del preu de la llum. En aquest post t&#8217;expliquem tot el que necessites saber per a triar la que millor et conv\u00e9.<\/p>\n","protected":false},"author":17,"featured_media":0,"comment_status":"open","ping_status":"closed","sticky":false,"template":"","format":"standard","meta":{"inline_featured_image":false,"footnotes":""},"categories":[55],"tags":[],"acf":{"fecha_de_la_entrada":"20210108","imagen_portada":28921,"categoria_blog":null,"tipo_de_distribuidora":null,"tiempo_lectura":"","banner_bool":false,"titulo_banner":"","texto_banner":"","texto_boton_banner":"","url_boton_banner":"","post_relacionados":""},"yoast_head":"<!-- This site is optimized with the Yoast SEO plugin v22.2 - https:\/\/yoast.com\/wordpress\/plugins\/seo\/ -->\n<title>En qu\u00e8 consisteix la tarifa PVPC o regulada? - factorenergia<\/title>\n<meta name=\"description\" content=\"Saps qu\u00e8 \u00e9s la tarifa PVPC? T&#039;expliquem en qu\u00e8 es diferencia d&#039;una tarifa a preu lliure, perqu\u00e8 tri\u00efs la que millor s&#039;adapti a tu.\" \/>\n<meta name=\"robots\" content=\"index, follow, max-snippet:-1, max-image-preview:large, max-video-preview:-1\" \/>\n<link rel=\"canonical\" href=\"https:\/\/www.factorenergia.com\/ca\/blog\/apren-a-estalviar\/tarifa_pvpc\/\" \/>\n<meta name=\"twitter:card\" content=\"summary_large_image\" \/>\n<meta name=\"twitter:title\" content=\"En qu\u00e8 consisteix la tarifa PVPC o regulada? - factorenergia\" \/>\n<meta name=\"twitter:description\" content=\"Saps qu\u00e8 \u00e9s la tarifa PVPC? T&#039;expliquem en qu\u00e8 es diferencia d&#039;una tarifa a preu lliure, perqu\u00e8 tri\u00efs la que millor s&#039;adapti a tu.\" \/>\n<meta name=\"twitter:image\" content=\"https:\/\/www.factorenergia.com\/wp-content\/uploads\/2021\/01\/energia-eolica.jpg\" \/>\n<meta name=\"twitter:creator\" content=\"@factorenergia\" \/>\n<meta name=\"twitter:site\" content=\"@factorenergia\" \/>\n<meta name=\"twitter:label1\" content=\"Written by\" \/>\n\t<meta name=\"twitter:data1\" content=\"Equipo Transici\u00f3n Energ\u00e9tica Factorenergia\" \/>\n\t<meta name=\"twitter:label2\" content=\"Est. reading time\" \/>\n\t<meta name=\"twitter:data2\" content=\"3 minutes\" \/>\n<script type=\"application\/ld+json\" class=\"yoast-schema-graph\">{\"@context\":\"https:\/\/schema.org\",\"@graph\":[{\"@type\":\"WebPage\",\"@id\":\"https:\/\/www.factorenergia.com\/ca\/blog\/apren-a-estalviar\/tarifa_pvpc\/\",\"url\":\"https:\/\/www.factorenergia.com\/ca\/blog\/apren-a-estalviar\/tarifa_pvpc\/\",\"name\":\"En qu\u00e8 consisteix la tarifa PVPC o regulada? - factorenergia\",\"isPartOf\":{\"@id\":\"https:\/\/www.factorenergia.com\/es\/#website\"},\"primaryImageOfPage\":{\"@id\":\"https:\/\/www.factorenergia.com\/ca\/blog\/apren-a-estalviar\/tarifa_pvpc\/#primaryimage\"},\"image\":{\"@id\":\"https:\/\/www.factorenergia.com\/ca\/blog\/apren-a-estalviar\/tarifa_pvpc\/#primaryimage\"},\"thumbnailUrl\":\"https:\/\/www.factorenergia.com\/wp-content\/uploads\/2021\/01\/energia-eolica.jpg\",\"datePublished\":\"2021-01-08T07:38:21+00:00\",\"dateModified\":\"2025-07-30T13:46:28+00:00\",\"author\":{\"@id\":\"https:\/\/www.factorenergia.com\/es\/#\/schema\/person\/dff9e4b6dc520720e3a37bdaaedc5841\"},\"description\":\"Saps qu\u00e8 \u00e9s la tarifa PVPC? T'expliquem en qu\u00e8 es diferencia d'una tarifa a preu lliure, perqu\u00e8 tri\u00efs la que millor s'adapti a tu.\",\"breadcrumb\":{\"@id\":\"https:\/\/www.factorenergia.com\/ca\/blog\/apren-a-estalviar\/tarifa_pvpc\/#breadcrumb\"},\"inLanguage\":\"ca\",\"potentialAction\":[{\"@type\":\"ReadAction\",\"target\":[\"https:\/\/www.factorenergia.com\/ca\/blog\/apren-a-estalviar\/tarifa_pvpc\/\"]}]},{\"@type\":\"ImageObject\",\"inLanguage\":\"ca\",\"@id\":\"https:\/\/www.factorenergia.com\/ca\/blog\/apren-a-estalviar\/tarifa_pvpc\/#primaryimage\",\"url\":\"https:\/\/www.factorenergia.com\/wp-content\/uploads\/2021\/01\/energia-eolica.jpg\",\"contentUrl\":\"https:\/\/www.factorenergia.com\/wp-content\/uploads\/2021\/01\/energia-eolica.jpg\"},{\"@type\":\"BreadcrumbList\",\"@id\":\"https:\/\/www.factorenergia.com\/ca\/blog\/apren-a-estalviar\/tarifa_pvpc\/#breadcrumb\",\"itemListElement\":[{\"@type\":\"ListItem\",\"position\":1,\"name\":\"Portada\",\"item\":\"https:\/\/www.factorenergia.com\/ca\/\"},{\"@type\":\"ListItem\",\"position\":2,\"name\":\"La tarifa PVPC o regulada\"}]},{\"@type\":\"WebSite\",\"@id\":\"https:\/\/www.factorenergia.com\/es\/#website\",\"url\":\"https:\/\/www.factorenergia.com\/es\/\",\"name\":\"factorenergia\",\"description\":\"factorenergia\",\"potentialAction\":[{\"@type\":\"SearchAction\",\"target\":{\"@type\":\"EntryPoint\",\"urlTemplate\":\"https:\/\/www.factorenergia.com\/es\/?s={search_term_string}\"},\"query-input\":\"required name=search_term_string\"}],\"inLanguage\":\"ca\"},{\"@type\":\"Person\",\"@id\":\"https:\/\/www.factorenergia.com\/es\/#\/schema\/person\/dff9e4b6dc520720e3a37bdaaedc5841\",\"name\":\"Equipo Transici\u00f3n Energ\u00e9tica Factorenergia\",\"image\":{\"@type\":\"ImageObject\",\"inLanguage\":\"ca\",\"@id\":\"https:\/\/www.factorenergia.com\/es\/#\/schema\/person\/image\/\",\"url\":\"https:\/\/secure.gravatar.com\/avatar\/1b7c76bab80ee1c4261b06108874e24b?s=96&d=mm&r=g\",\"contentUrl\":\"https:\/\/secure.gravatar.com\/avatar\/1b7c76bab80ee1c4261b06108874e24b?s=96&d=mm&r=g\",\"caption\":\"Equipo Transici\u00f3n Energ\u00e9tica Factorenergia\"},\"description\":\"El equipo est\u00e1 formado por expertos en materia de Luz, Gas y Eficiencia Energ\u00e9tica, que conocen de primera mano las tendencias del mercado. Su experiencia en el sector les permite ofrecer las mejores soluciones energ\u00e9ticas y resolver las dudas planteadas por los clientes.\",\"sameAs\":[\"https:\/\/www.factorenergia.com\/es\/\",\"https:\/\/www.facebook.com\/factorenergiacom\",\"https:\/\/www.instagram.com\/factorenergia_com\/\",\"https:\/\/es.linkedin.com\/company\/factor-energia\",\"https:\/\/twitter.com\/factorenergia\",\"https:\/\/www.youtube.com\/c\/factorenergiacom\"],\"url\":\"https:\/\/www.factorenergia.com\/ca\/blog\/author\/marketing\/\"}]}<\/script>\n<!-- \/ Yoast SEO plugin. -->","yoast_head_json":{"title":"En qu\u00e8 consisteix la tarifa PVPC o regulada? - factorenergia","description":"Saps qu\u00e8 \u00e9s la tarifa PVPC? T'expliquem en qu\u00e8 es diferencia d'una tarifa a preu lliure, perqu\u00e8 tri\u00efs la que millor s'adapti a tu.","robots":{"index":"index","follow":"follow","max-snippet":"max-snippet:-1","max-image-preview":"max-image-preview:large","max-video-preview":"max-video-preview:-1"},"canonical":"https:\/\/www.factorenergia.com\/ca\/blog\/apren-a-estalviar\/tarifa_pvpc\/","twitter_card":"summary_large_image","twitter_title":"En qu\u00e8 consisteix la tarifa PVPC o regulada? - factorenergia","twitter_description":"Saps qu\u00e8 \u00e9s la tarifa PVPC? T'expliquem en qu\u00e8 es diferencia d'una tarifa a preu lliure, perqu\u00e8 tri\u00efs la que millor s'adapti a tu.","twitter_image":"https:\/\/www.factorenergia.com\/wp-content\/uploads\/2021\/01\/energia-eolica.jpg","twitter_creator":"@factorenergia","twitter_site":"@factorenergia","twitter_misc":{"Written by":"Equipo Transici\u00f3n Energ\u00e9tica Factorenergia","Est. reading time":"3 minutes"},"schema":{"@context":"https:\/\/schema.org","@graph":[{"@type":"WebPage","@id":"https:\/\/www.factorenergia.com\/ca\/blog\/apren-a-estalviar\/tarifa_pvpc\/","url":"https:\/\/www.factorenergia.com\/ca\/blog\/apren-a-estalviar\/tarifa_pvpc\/","name":"En qu\u00e8 consisteix la tarifa PVPC o regulada? - factorenergia","isPartOf":{"@id":"https:\/\/www.factorenergia.com\/es\/#website"},"primaryImageOfPage":{"@id":"https:\/\/www.factorenergia.com\/ca\/blog\/apren-a-estalviar\/tarifa_pvpc\/#primaryimage"},"image":{"@id":"https:\/\/www.factorenergia.com\/ca\/blog\/apren-a-estalviar\/tarifa_pvpc\/#primaryimage"},"thumbnailUrl":"https:\/\/www.factorenergia.com\/wp-content\/uploads\/2021\/01\/energia-eolica.jpg","datePublished":"2021-01-08T07:38:21+00:00","dateModified":"2025-07-30T13:46:28+00:00","author":{"@id":"https:\/\/www.factorenergia.com\/es\/#\/schema\/person\/dff9e4b6dc520720e3a37bdaaedc5841"},"description":"Saps qu\u00e8 \u00e9s la tarifa PVPC? T'expliquem en qu\u00e8 es diferencia d'una tarifa a preu lliure, perqu\u00e8 tri\u00efs la que millor s'adapti a tu.","breadcrumb":{"@id":"https:\/\/www.factorenergia.com\/ca\/blog\/apren-a-estalviar\/tarifa_pvpc\/#breadcrumb"},"inLanguage":"ca","potentialAction":[{"@type":"ReadAction","target":["https:\/\/www.factorenergia.com\/ca\/blog\/apren-a-estalviar\/tarifa_pvpc\/"]}]},{"@type":"ImageObject","inLanguage":"ca","@id":"https:\/\/www.factorenergia.com\/ca\/blog\/apren-a-estalviar\/tarifa_pvpc\/#primaryimage","url":"https:\/\/www.factorenergia.com\/wp-content\/uploads\/2021\/01\/energia-eolica.jpg","contentUrl":"https:\/\/www.factorenergia.com\/wp-content\/uploads\/2021\/01\/energia-eolica.jpg"},{"@type":"BreadcrumbList","@id":"https:\/\/www.factorenergia.com\/ca\/blog\/apren-a-estalviar\/tarifa_pvpc\/#breadcrumb","itemListElement":[{"@type":"ListItem","position":1,"name":"Portada","item":"https:\/\/www.factorenergia.com\/ca\/"},{"@type":"ListItem","position":2,"name":"La tarifa PVPC o regulada"}]},{"@type":"WebSite","@id":"https:\/\/www.factorenergia.com\/es\/#website","url":"https:\/\/www.factorenergia.com\/es\/","name":"factorenergia","description":"factorenergia","potentialAction":[{"@type":"SearchAction","target":{"@type":"EntryPoint","urlTemplate":"https:\/\/www.factorenergia.com\/es\/?s={search_term_string}"},"query-input":"required name=search_term_string"}],"inLanguage":"ca"},{"@type":"Person","@id":"https:\/\/www.factorenergia.com\/es\/#\/schema\/person\/dff9e4b6dc520720e3a37bdaaedc5841","name":"Equipo Transici\u00f3n Energ\u00e9tica Factorenergia","image":{"@type":"ImageObject","inLanguage":"ca","@id":"https:\/\/www.factorenergia.com\/es\/#\/schema\/person\/image\/","url":"https:\/\/secure.gravatar.com\/avatar\/1b7c76bab80ee1c4261b06108874e24b?s=96&d=mm&r=g","contentUrl":"https:\/\/secure.gravatar.com\/avatar\/1b7c76bab80ee1c4261b06108874e24b?s=96&d=mm&r=g","caption":"Equipo Transici\u00f3n Energ\u00e9tica Factorenergia"},"description":"El equipo est\u00e1 formado por expertos en materia de Luz, Gas y Eficiencia Energ\u00e9tica, que conocen de primera mano las tendencias del mercado. Su experiencia en el sector les permite ofrecer las mejores soluciones energ\u00e9ticas y resolver las dudas planteadas por los clientes.","sameAs":["https:\/\/www.factorenergia.com\/es\/","https:\/\/www.facebook.com\/factorenergiacom","https:\/\/www.instagram.com\/factorenergia_com\/","https:\/\/es.linkedin.com\/company\/factor-energia","https:\/\/twitter.com\/factorenergia","https:\/\/www.youtube.com\/c\/factorenergiacom"],"url":"https:\/\/www.factorenergia.com\/ca\/blog\/author\/marketing\/"}]}},"_links":{"self":[{"href":"https:\/\/www.factorenergia.com\/ca\/wp-json\/wp\/v2\/posts\/9756"}],"collection":[{"href":"https:\/\/www.factorenergia.com\/ca\/wp-json\/wp\/v2\/posts"}],"about":[{"href":"https:\/\/www.factorenergia.com\/ca\/wp-json\/wp\/v2\/types\/post"}],"author":[{"embeddable":true,"href":"https:\/\/www.factorenergia.com\/ca\/wp-json\/wp\/v2\/users\/17"}],"replies":[{"embeddable":true,"href":"https:\/\/www.factorenergia.com\/ca\/wp-json\/wp\/v2\/comments?post=9756"}],"version-history":[{"count":10,"href":"https:\/\/www.factorenergia.com\/ca\/wp-json\/wp\/v2\/posts\/9756\/revisions"}],"predecessor-version":[{"id":28924,"href":"https:\/\/www.factorenergia.com\/ca\/wp-json\/wp\/v2\/posts\/9756\/revisions\/28924"}],"wp:attachment":[{"href":"https:\/\/www.factorenergia.com\/ca\/wp-json\/wp\/v2\/media?parent=9756"}],"wp:term":[{"taxonomy":"category","embeddable":true,"href":"https:\/\/www.factorenergia.com\/ca\/wp-json\/wp\/v2\/categories?post=9756"},{"taxonomy":"post_tag","embeddable":true,"href":"https:\/\/www.factorenergia.com\/ca\/wp-json\/wp\/v2\/tags?post=9756"}],"curies":[{"name":"wp","href":"https:\/\/api.w.org\/{rel}","templated":true}]}}