{"id":9576,"date":"2020-12-02T16:25:52","date_gmt":"2020-12-02T14:25:52","guid":{"rendered":"https:\/\/www.factorenergia.com\/ca\/?post_type=blog&#038;p=9576"},"modified":"2025-07-30T10:05:39","modified_gmt":"2025-07-30T08:05:39","slug":"autoconsum-fotovoltaic-2-casos-dexit","status":"publish","type":"post","link":"https:\/\/www.factorenergia.com\/ca\/blog\/autoconsum-electric\/autoconsum-fotovoltaic-2-casos-dexit\/","title":{"rendered":"Autoconsum fotovoltaic: 2 casos d&#8217;\u00e8xit"},"content":{"rendered":"<p style=\"text-align: justify;\">L&#8217;autoconsum fotovoltaic \u00e9s una realitat que consisteix\u00a0en <strong>produir la teva pr\u00f2pia electricitat<\/strong> i consumir l&#8217;energia que tu mateix generes, en aquest cas, amb l&#8217;ajuda del sol, gr\u00e0cies a plaques solars fotovoltaiques.\u00a0A factorenergia estem conven\u00e7uts que l&#8217;autoconsum \u00e9s el futur energ\u00e8tic\u00a0i, per aquest motiu, apostem per ell, dia rere dia, oferint als nostres clients la millor instal\u00b7laci\u00f3.<\/p>\n<p style=\"text-align: justify;\">Sabem que sumar-te a l&#8217;autoconsum \u00e9s una decisi\u00f3 important i que pot generar dubtes. Per aquest motiu i perqu\u00e8 no t&#8217;hagis de preocupar de res, ens encarreguem de tot el proc\u00e9s. Des de l&#8217;estudi concret de la teva casa fins als tr\u00e0mits per a gestionar la venda d&#8217;excedents que generis.<\/p>\n<p style=\"text-align: justify;\">A continuaci\u00f3, t&#8217;expliquem <strong>2 casos d&#8217;\u00e8xit<\/strong> de clients als quals hem instal\u00b7lat plaques solars i els avantatges de l&#8217;autoconsum.<\/p>\n<h2 style=\"font-size: 20px !important; color: #777777;\"><strong>Instal.laci\u00f3 a La Palma de Cervell\u00f3<\/strong><\/h2>\n<p><a href=\"https:\/\/www.factorenergia.com\/wp-content\/uploads\/2020\/12\/palma.jpg\"><picture><source srcset=\"https:\/\/www.factorenergia.com\/wp-content\/webp-express\/webp-images\/uploads\/2020\/12\/palma-300x208.jpg.webp 300w, https:\/\/www.factorenergia.com\/wp-content\/webp-express\/webp-images\/uploads\/2020\/12\/palma-768x532.jpg.webp 768w, https:\/\/www.factorenergia.com\/wp-content\/webp-express\/webp-images\/uploads\/2020\/12\/palma-256x177.jpg.webp 256w, https:\/\/www.factorenergia.com\/wp-content\/webp-express\/webp-images\/uploads\/2020\/12\/palma-90x62.jpg.webp 90w, https:\/\/www.factorenergia.com\/wp-content\/webp-express\/webp-images\/uploads\/2020\/12\/palma-170x118.jpg.webp 170w, https:\/\/www.factorenergia.com\/wp-content\/webp-express\/webp-images\/uploads\/2020\/12\/palma-520x360.jpg.webp 520w, https:\/\/www.factorenergia.com\/wp-content\/webp-express\/webp-images\/uploads\/2020\/12\/palma-433x300.jpg.webp 433w, https:\/\/www.factorenergia.com\/wp-content\/webp-express\/webp-images\/uploads\/2020\/12\/palma-500x346.jpg.webp 500w, https:\/\/www.factorenergia.com\/wp-content\/webp-express\/webp-images\/uploads\/2020\/12\/palma.jpg.webp 916w\" sizes=\"(max-width: 741px) 100vw, 741px\" type=\"image\/webp\"><img loading=\"lazy\" decoding=\"async\" src=\"https:\/\/www.factorenergia.com\/wp-content\/uploads\/2020\/12\/palma-300x208.jpg\" alt=\"\" width=\"741\" height=\"514\" class=\"alignnone wp-image-28363 webpexpress-processed\" srcset=\"https:\/\/www.factorenergia.com\/wp-content\/uploads\/2020\/12\/palma-300x208.jpg 300w, https:\/\/www.factorenergia.com\/wp-content\/uploads\/2020\/12\/palma-768x532.jpg 768w, https:\/\/www.factorenergia.com\/wp-content\/uploads\/2020\/12\/palma-256x177.jpg 256w, https:\/\/www.factorenergia.com\/wp-content\/uploads\/2020\/12\/palma-90x62.jpg 90w, https:\/\/www.factorenergia.com\/wp-content\/uploads\/2020\/12\/palma-170x118.jpg 170w, https:\/\/www.factorenergia.com\/wp-content\/uploads\/2020\/12\/palma-520x360.jpg 520w, https:\/\/www.factorenergia.com\/wp-content\/uploads\/2020\/12\/palma-433x300.jpg 433w, https:\/\/www.factorenergia.com\/wp-content\/uploads\/2020\/12\/palma-500x346.jpg 500w, https:\/\/www.factorenergia.com\/wp-content\/uploads\/2020\/12\/palma.jpg 916w\" sizes=\"(max-width: 741px) 100vw, 741px\"><\/picture><\/a><\/p>\n<p style=\"text-align: justify;\">Aquest \u00e9s el resultat de la instal\u00b7laci\u00f3 realitzada al nostre client a la Palma de Cervell\u00f3. Repassem algunes de les <strong>caracter\u00edstiques t\u00e8cniques<\/strong> d&#8217;aquesta:<\/p>\n<ul>\n<li style=\"text-align: justify;\">Instal\u00b7laci\u00f3 de 10 panells fotovoltaics amb una pot\u00e8ncia pic total de 4,10 kWp.<\/li>\n<li style=\"text-align: justify;\">Consum anual: 5.000 kWh a l&#8217;any.<\/li>\n<li style=\"text-align: justify;\">% Energia autoconsumida: 53%<\/li>\n<\/ul>\n<p style=\"text-align: justify;\">I el m\u00e9s important per a nosaltres, l&#8217;<strong>opini\u00f3 del nostre client<\/strong> despr\u00e9s de la i<span>nstal\u00b7laci\u00f3<\/span>:<\/p>\n<p style=\"text-align: justify;\"><em>&#8220;Molt contents amb el treball fet. La instal\u00b7laci\u00f3 ha estat impecable. L&#8217;aplicaci\u00f3 web \u00e9s genial, permet fer un seguiment exhaustiu de la producci\u00f3 i consum a cada moment del dia, amb estad\u00edstiques di\u00e0ries, setmanals, mensuals i anuals. Encantats de poder contribuir amb el nostre granet de sorra a disminuir l&#8217;escalfament global. Totalment aconsellable&#8221;.<\/em><\/p>\n<h2 style=\"font-size: 20px !important; color: #777777;\"><strong>Instal\u00b7laci\u00f3 a Sant Quirze del Vall\u00e8s<\/strong><\/h2>\n<ul>\n<li style=\"text-align: justify;\">Instal\u00b7laci\u00f3 de 10 panells fotovoltaics amb una pot\u00e8ncia pic total de 4,10 kWp.<\/li>\n<li style=\"text-align: justify;\">Consum anual: 5.052 kWh l&#8217;any.<\/li>\n<li style=\"text-align: justify;\">% Energia autoconsumida: 52%.<\/li>\n<\/ul>\n<p style=\"text-align: justify;\">I la <strong>valoraci\u00f3 final del client<\/strong>: <em>&#8220;Hem instal\u00b7lat energia solar a casa per a un consum energ\u00e8tic m\u00e9s sostenible. D\u00f3na gust treballar amb bons professionals!&#8221;.<\/em><\/p>\n<h2 style=\"font-size: 20px !important; color: #777777;\"><strong>Produeix la teva pr\u00f2pia energia amb factorenergia<\/strong><\/h2>\n<p style=\"text-align: justify;\">A <strong>factorenergia<\/strong> disposem de solucions per a qualsevol tipus\u00a0d&#8217;instal\u00b7laci\u00f3. El nostre comprom\u00eds \u00e9s que la teva instal\u00b7laci\u00f3 sigui el m\u00e9s eficient possible, tant per al teu estalvi econ\u00f2mic com per al medi ambient. Recorda que tamb\u00e9 podem encarregar-nos de la gesti\u00f3 de compensaci\u00f3 d&#8217;excedents.<\/p>\n<p style=\"text-align: justify;\"><span>Si est\u00e0s interessat a saber m\u00e9s sobre <a href=\"https:\/\/www.factorenergia.com\/ca\/blog\/autoconsum-electric\/avantatges-de-lautoconsum\/\">qu\u00e8 \u00e9s l&#8217;autoconsum<\/a>? i <\/span>passar-te a l&#8217;<a href=\"https:\/\/www.factorenergia.com\/ca\/llars\/plaques-solars\/\" target=\"_blank\" rel=\"noopener\">autoconsum fotovoltaic<\/a>, emplena el nostre formulari web i t&#8217;enviarem una oferta personalitzada sobre quant podr\u00e0s <a href=\"\/ca\/llars\/autoconsum\/\" target=\"_blank\" rel=\"noopener noreferrer\">estalviar a la teva factura de la llum<\/a>. O si ho prefereixes, telefona&#8217;ns al 93 120 51 94 o escriu un correu a solar@factorenergia.com. Resoldrem els teus dubtes sense cap comprom\u00eds i estudiarem el teu cas en concret per a fer-te un pressupost.<\/p>\n<p style=\"text-align: justify;\"><strong>Comen\u00e7a a autoproduir i consumir la teva pr\u00f2pia energia 100% verd amb factorenergia!<\/strong><\/p>\n<p>&nbsp;<\/p>\n","protected":false},"excerpt":{"rendered":"<p>El nostre objectiu principal \u00e9s poder oferir a tots els nostres clients la possibilitat de generar la seva pr\u00f2pia energia verda. En aquest article t&#8217;expliquem 2 de les nostres recents instal\u00b7lacions.<\/p>\n","protected":false},"author":17,"featured_media":0,"comment_status":"open","ping_status":"closed","sticky":false,"template":"","format":"standard","meta":{"inline_featured_image":false,"footnotes":""},"categories":[66],"tags":[],"acf":{"fecha_de_la_entrada":"20201202","imagen_portada":28359,"categoria_blog":null,"tipo_de_distribuidora":null,"tiempo_lectura":"","banner_bool":false,"titulo_banner":"","texto_banner":"","texto_boton_banner":"","url_boton_banner":"","post_relacionados":""},"yoast_head":"<!-- This site is optimized with the Yoast SEO plugin v22.2 - https:\/\/yoast.com\/wordpress\/plugins\/seo\/ -->\n<title>Autoconsum fotovoltaic: 2 casos d&#039;\u00e8xit - factorenergia<\/title>\n<meta name=\"description\" content=\"L&#039;autoconsum \u00e9s el futur energ\u00e8tic, i per aix\u00f2, des de factorenergia apostem per ell. T&#039;expliquem 2 casos d&#039;\u00e8xit d&#039;autoconsum fotovoltaic.\" \/>\n<meta name=\"robots\" content=\"index, follow, max-snippet:-1, max-image-preview:large, max-video-preview:-1\" \/>\n<link rel=\"canonical\" href=\"https:\/\/www.factorenergia.com\/ca\/blog\/autoconsum-electric\/autoconsum-fotovoltaic-2-casos-dexit\/\" \/>\n<meta name=\"twitter:card\" content=\"summary_large_image\" \/>\n<meta name=\"twitter:title\" content=\"Autoconsum fotovoltaic: 2 casos d&#039;\u00e8xit - factorenergia\" \/>\n<meta name=\"twitter:description\" content=\"L&#039;autoconsum \u00e9s el futur energ\u00e8tic, i per aix\u00f2, des de factorenergia apostem per ell. T&#039;expliquem 2 casos d&#039;\u00e8xit d&#039;autoconsum fotovoltaic.\" \/>\n<meta name=\"twitter:image\" content=\"https:\/\/www.factorenergia.com\/wp-content\/uploads\/2020\/12\/palma-300x208.jpg\" \/>\n<meta name=\"twitter:creator\" content=\"@factorenergia\" \/>\n<meta name=\"twitter:site\" content=\"@factorenergia\" \/>\n<meta name=\"twitter:label1\" content=\"Written by\" \/>\n\t<meta name=\"twitter:data1\" content=\"Equipo Transici\u00f3n Energ\u00e9tica Factorenergia\" \/>\n\t<meta name=\"twitter:label2\" content=\"Est. reading time\" \/>\n\t<meta name=\"twitter:data2\" content=\"3 minutes\" \/>\n<script type=\"application\/ld+json\" class=\"yoast-schema-graph\">{\"@context\":\"https:\/\/schema.org\",\"@graph\":[{\"@type\":\"WebPage\",\"@id\":\"https:\/\/www.factorenergia.com\/ca\/blog\/autoconsum-electric\/autoconsum-fotovoltaic-2-casos-dexit\/\",\"url\":\"https:\/\/www.factorenergia.com\/ca\/blog\/autoconsum-electric\/autoconsum-fotovoltaic-2-casos-dexit\/\",\"name\":\"Autoconsum fotovoltaic: 2 casos d'\u00e8xit - factorenergia\",\"isPartOf\":{\"@id\":\"https:\/\/www.factorenergia.com\/es\/#website\"},\"primaryImageOfPage\":{\"@id\":\"https:\/\/www.factorenergia.com\/ca\/blog\/autoconsum-electric\/autoconsum-fotovoltaic-2-casos-dexit\/#primaryimage\"},\"image\":{\"@id\":\"https:\/\/www.factorenergia.com\/ca\/blog\/autoconsum-electric\/autoconsum-fotovoltaic-2-casos-dexit\/#primaryimage\"},\"thumbnailUrl\":\"https:\/\/www.factorenergia.com\/wp-content\/uploads\/2020\/12\/palma-300x208.jpg\",\"datePublished\":\"2020-12-02T14:25:52+00:00\",\"dateModified\":\"2025-07-30T08:05:39+00:00\",\"author\":{\"@id\":\"https:\/\/www.factorenergia.com\/es\/#\/schema\/person\/dff9e4b6dc520720e3a37bdaaedc5841\"},\"description\":\"L'autoconsum \u00e9s el futur energ\u00e8tic, i per aix\u00f2, des de factorenergia apostem per ell. T'expliquem 2 casos d'\u00e8xit d'autoconsum fotovoltaic.\",\"breadcrumb\":{\"@id\":\"https:\/\/www.factorenergia.com\/ca\/blog\/autoconsum-electric\/autoconsum-fotovoltaic-2-casos-dexit\/#breadcrumb\"},\"inLanguage\":\"ca\",\"potentialAction\":[{\"@type\":\"ReadAction\",\"target\":[\"https:\/\/www.factorenergia.com\/ca\/blog\/autoconsum-electric\/autoconsum-fotovoltaic-2-casos-dexit\/\"]}]},{\"@type\":\"ImageObject\",\"inLanguage\":\"ca\",\"@id\":\"https:\/\/www.factorenergia.com\/ca\/blog\/autoconsum-electric\/autoconsum-fotovoltaic-2-casos-dexit\/#primaryimage\",\"url\":\"https:\/\/www.factorenergia.com\/wp-content\/uploads\/2020\/12\/palma-300x208.jpg\",\"contentUrl\":\"https:\/\/www.factorenergia.com\/wp-content\/uploads\/2020\/12\/palma-300x208.jpg\"},{\"@type\":\"BreadcrumbList\",\"@id\":\"https:\/\/www.factorenergia.com\/ca\/blog\/autoconsum-electric\/autoconsum-fotovoltaic-2-casos-dexit\/#breadcrumb\",\"itemListElement\":[{\"@type\":\"ListItem\",\"position\":1,\"name\":\"Portada\",\"item\":\"https:\/\/www.factorenergia.com\/ca\/\"},{\"@type\":\"ListItem\",\"position\":2,\"name\":\"Autoconsum fotovoltaic: 2 casos d&#8217;\u00e8xit\"}]},{\"@type\":\"WebSite\",\"@id\":\"https:\/\/www.factorenergia.com\/es\/#website\",\"url\":\"https:\/\/www.factorenergia.com\/es\/\",\"name\":\"factorenergia\",\"description\":\"factorenergia\",\"potentialAction\":[{\"@type\":\"SearchAction\",\"target\":{\"@type\":\"EntryPoint\",\"urlTemplate\":\"https:\/\/www.factorenergia.com\/es\/?s={search_term_string}\"},\"query-input\":\"required name=search_term_string\"}],\"inLanguage\":\"ca\"},{\"@type\":\"Person\",\"@id\":\"https:\/\/www.factorenergia.com\/es\/#\/schema\/person\/dff9e4b6dc520720e3a37bdaaedc5841\",\"name\":\"Equipo Transici\u00f3n Energ\u00e9tica Factorenergia\",\"image\":{\"@type\":\"ImageObject\",\"inLanguage\":\"ca\",\"@id\":\"https:\/\/www.factorenergia.com\/es\/#\/schema\/person\/image\/\",\"url\":\"https:\/\/secure.gravatar.com\/avatar\/1b7c76bab80ee1c4261b06108874e24b?s=96&d=mm&r=g\",\"contentUrl\":\"https:\/\/secure.gravatar.com\/avatar\/1b7c76bab80ee1c4261b06108874e24b?s=96&d=mm&r=g\",\"caption\":\"Equipo Transici\u00f3n Energ\u00e9tica Factorenergia\"},\"description\":\"El equipo est\u00e1 formado por expertos en materia de Luz, Gas y Eficiencia Energ\u00e9tica, que conocen de primera mano las tendencias del mercado. Su experiencia en el sector les permite ofrecer las mejores soluciones energ\u00e9ticas y resolver las dudas planteadas por los clientes.\",\"sameAs\":[\"https:\/\/www.factorenergia.com\/es\/\",\"https:\/\/www.facebook.com\/factorenergiacom\",\"https:\/\/www.instagram.com\/factorenergia_com\/\",\"https:\/\/es.linkedin.com\/company\/factor-energia\",\"https:\/\/twitter.com\/factorenergia\",\"https:\/\/www.youtube.com\/c\/factorenergiacom\"],\"url\":\"https:\/\/www.factorenergia.com\/ca\/blog\/author\/marketing\/\"}]}<\/script>\n<!-- \/ Yoast SEO plugin. -->","yoast_head_json":{"title":"Autoconsum fotovoltaic: 2 casos d'\u00e8xit - factorenergia","description":"L'autoconsum \u00e9s el futur energ\u00e8tic, i per aix\u00f2, des de factorenergia apostem per ell. T'expliquem 2 casos d'\u00e8xit d'autoconsum fotovoltaic.","robots":{"index":"index","follow":"follow","max-snippet":"max-snippet:-1","max-image-preview":"max-image-preview:large","max-video-preview":"max-video-preview:-1"},"canonical":"https:\/\/www.factorenergia.com\/ca\/blog\/autoconsum-electric\/autoconsum-fotovoltaic-2-casos-dexit\/","twitter_card":"summary_large_image","twitter_title":"Autoconsum fotovoltaic: 2 casos d'\u00e8xit - factorenergia","twitter_description":"L'autoconsum \u00e9s el futur energ\u00e8tic, i per aix\u00f2, des de factorenergia apostem per ell. T'expliquem 2 casos d'\u00e8xit d'autoconsum fotovoltaic.","twitter_image":"https:\/\/www.factorenergia.com\/wp-content\/uploads\/2020\/12\/palma-300x208.jpg","twitter_creator":"@factorenergia","twitter_site":"@factorenergia","twitter_misc":{"Written by":"Equipo Transici\u00f3n Energ\u00e9tica Factorenergia","Est. reading time":"3 minutes"},"schema":{"@context":"https:\/\/schema.org","@graph":[{"@type":"WebPage","@id":"https:\/\/www.factorenergia.com\/ca\/blog\/autoconsum-electric\/autoconsum-fotovoltaic-2-casos-dexit\/","url":"https:\/\/www.factorenergia.com\/ca\/blog\/autoconsum-electric\/autoconsum-fotovoltaic-2-casos-dexit\/","name":"Autoconsum fotovoltaic: 2 casos d'\u00e8xit - factorenergia","isPartOf":{"@id":"https:\/\/www.factorenergia.com\/es\/#website"},"primaryImageOfPage":{"@id":"https:\/\/www.factorenergia.com\/ca\/blog\/autoconsum-electric\/autoconsum-fotovoltaic-2-casos-dexit\/#primaryimage"},"image":{"@id":"https:\/\/www.factorenergia.com\/ca\/blog\/autoconsum-electric\/autoconsum-fotovoltaic-2-casos-dexit\/#primaryimage"},"thumbnailUrl":"https:\/\/www.factorenergia.com\/wp-content\/uploads\/2020\/12\/palma-300x208.jpg","datePublished":"2020-12-02T14:25:52+00:00","dateModified":"2025-07-30T08:05:39+00:00","author":{"@id":"https:\/\/www.factorenergia.com\/es\/#\/schema\/person\/dff9e4b6dc520720e3a37bdaaedc5841"},"description":"L'autoconsum \u00e9s el futur energ\u00e8tic, i per aix\u00f2, des de factorenergia apostem per ell. T'expliquem 2 casos d'\u00e8xit d'autoconsum fotovoltaic.","breadcrumb":{"@id":"https:\/\/www.factorenergia.com\/ca\/blog\/autoconsum-electric\/autoconsum-fotovoltaic-2-casos-dexit\/#breadcrumb"},"inLanguage":"ca","potentialAction":[{"@type":"ReadAction","target":["https:\/\/www.factorenergia.com\/ca\/blog\/autoconsum-electric\/autoconsum-fotovoltaic-2-casos-dexit\/"]}]},{"@type":"ImageObject","inLanguage":"ca","@id":"https:\/\/www.factorenergia.com\/ca\/blog\/autoconsum-electric\/autoconsum-fotovoltaic-2-casos-dexit\/#primaryimage","url":"https:\/\/www.factorenergia.com\/wp-content\/uploads\/2020\/12\/palma-300x208.jpg","contentUrl":"https:\/\/www.factorenergia.com\/wp-content\/uploads\/2020\/12\/palma-300x208.jpg"},{"@type":"BreadcrumbList","@id":"https:\/\/www.factorenergia.com\/ca\/blog\/autoconsum-electric\/autoconsum-fotovoltaic-2-casos-dexit\/#breadcrumb","itemListElement":[{"@type":"ListItem","position":1,"name":"Portada","item":"https:\/\/www.factorenergia.com\/ca\/"},{"@type":"ListItem","position":2,"name":"Autoconsum fotovoltaic: 2 casos d&#8217;\u00e8xit"}]},{"@type":"WebSite","@id":"https:\/\/www.factorenergia.com\/es\/#website","url":"https:\/\/www.factorenergia.com\/es\/","name":"factorenergia","description":"factorenergia","potentialAction":[{"@type":"SearchAction","target":{"@type":"EntryPoint","urlTemplate":"https:\/\/www.factorenergia.com\/es\/?s={search_term_string}"},"query-input":"required name=search_term_string"}],"inLanguage":"ca"},{"@type":"Person","@id":"https:\/\/www.factorenergia.com\/es\/#\/schema\/person\/dff9e4b6dc520720e3a37bdaaedc5841","name":"Equipo Transici\u00f3n Energ\u00e9tica Factorenergia","image":{"@type":"ImageObject","inLanguage":"ca","@id":"https:\/\/www.factorenergia.com\/es\/#\/schema\/person\/image\/","url":"https:\/\/secure.gravatar.com\/avatar\/1b7c76bab80ee1c4261b06108874e24b?s=96&d=mm&r=g","contentUrl":"https:\/\/secure.gravatar.com\/avatar\/1b7c76bab80ee1c4261b06108874e24b?s=96&d=mm&r=g","caption":"Equipo Transici\u00f3n Energ\u00e9tica Factorenergia"},"description":"El equipo est\u00e1 formado por expertos en materia de Luz, Gas y Eficiencia Energ\u00e9tica, que conocen de primera mano las tendencias del mercado. Su experiencia en el sector les permite ofrecer las mejores soluciones energ\u00e9ticas y resolver las dudas planteadas por los clientes.","sameAs":["https:\/\/www.factorenergia.com\/es\/","https:\/\/www.facebook.com\/factorenergiacom","https:\/\/www.instagram.com\/factorenergia_com\/","https:\/\/es.linkedin.com\/company\/factor-energia","https:\/\/twitter.com\/factorenergia","https:\/\/www.youtube.com\/c\/factorenergiacom"],"url":"https:\/\/www.factorenergia.com\/ca\/blog\/author\/marketing\/"}]}},"_links":{"self":[{"href":"https:\/\/www.factorenergia.com\/ca\/wp-json\/wp\/v2\/posts\/9576"}],"collection":[{"href":"https:\/\/www.factorenergia.com\/ca\/wp-json\/wp\/v2\/posts"}],"about":[{"href":"https:\/\/www.factorenergia.com\/ca\/wp-json\/wp\/v2\/types\/post"}],"author":[{"embeddable":true,"href":"https:\/\/www.factorenergia.com\/ca\/wp-json\/wp\/v2\/users\/17"}],"replies":[{"embeddable":true,"href":"https:\/\/www.factorenergia.com\/ca\/wp-json\/wp\/v2\/comments?post=9576"}],"version-history":[{"count":13,"href":"https:\/\/www.factorenergia.com\/ca\/wp-json\/wp\/v2\/posts\/9576\/revisions"}],"predecessor-version":[{"id":28897,"href":"https:\/\/www.factorenergia.com\/ca\/wp-json\/wp\/v2\/posts\/9576\/revisions\/28897"}],"wp:attachment":[{"href":"https:\/\/www.factorenergia.com\/ca\/wp-json\/wp\/v2\/media?parent=9576"}],"wp:term":[{"taxonomy":"category","embeddable":true,"href":"https:\/\/www.factorenergia.com\/ca\/wp-json\/wp\/v2\/categories?post=9576"},{"taxonomy":"post_tag","embeddable":true,"href":"https:\/\/www.factorenergia.com\/ca\/wp-json\/wp\/v2\/tags?post=9576"}],"curies":[{"name":"wp","href":"https:\/\/api.w.org\/{rel}","templated":true}]}}