{"id":9291,"date":"2018-06-06T12:00:04","date_gmt":"2018-06-06T10:00:04","guid":{"rendered":"https:\/\/www.factorenergia.com\/ca\/blog\/%tiposdeblog%\/aumento-del-consumo-energia-verde\/"},"modified":"2025-07-28T17:56:54","modified_gmt":"2025-07-28T15:56:54","slug":"augment-del-consum-energia-verda","status":"publish","type":"post","link":"https:\/\/www.factorenergia.com\/ca\/blog\/noticies\/augment-del-consum-energia-verda\/","title":{"rendered":"Augment del consum d&#8217;energia verda a les llars"},"content":{"rendered":"<p><span>\n<script type=\"text\/javascript\" id=\"auto-index\" async defer>\n\n      function indexContent(context){\n\n      var container = document.querySelector(context);\n\n      element = document.getElementById(\"accordion-index\");\n      var titles = Array.from(container.querySelectorAll(\"h2,h3\"));\n\n      for (var i = 0, l = titles.length; i < l; i++) {\n\n\t\tjQuery('#accordionIndex').show();\n\n        var tit = titles[i];\n\t\tvar newTitle = tit.textContent.toLowerCase().replace(\/[^a-zA-Z ]\/g, \"\").replace(\/\\s\/g, '-');\n\t\tvar numTag = Number(tit.tagName.replace(\/[^1-9]\/g, \"\"));\n\t\tvar tagWidth = (numTag*20);\n\n\t\tvar preText = '<span style=\"margin-left:' + tagWidth + 'px\"><\/span>';\n\n        tit.setAttribute(\"id\", newTitle);\n\t\tjQuery(tit).addClass('h-inline');\n\t\t\n\t\tvar toIndex = '<p class=\"h-inline\"><a class=\"blog-toindex\" href=\"#accordionIndex\"><span class=\"glyphicon glyphicon-chevron-up\" aria-hidden=\"true\"><\/span><\/a><\/p>';\n\n\t\tjQuery(toIndex).insertAfter(tit);\n\n        var node = document.createElement(\"LI\");                 \n        var link = document.createElement(\"A\");\n        var textnode = document.createTextNode(tit.textContent);\n\n        link.appendChild(textnode);\n        link.setAttribute(\"href\", '#' + newTitle);\n\t\t\/\/link.setAttribute(\"style\", \"margin-left:\" + tagWidth + \"px\");\n\t\tlink.setAttribute(\"class\", \"acc-h\" + numTag);\n        node.appendChild(link);\n\n        element.appendChild(node);\n\n      }\n    }\n\n    jQuery(document).ready(function(){\t\t\n\t\tindexContent(\".single-post-content\");\n\n\t\tjQuery(\".accordion-toggle\").click(function() {\n\t\t\tjQuery(this).toggleClass(\"open\");\n\t\t\tjQuery(\"#collapseIndex\").slideToggle(\"in\");\n\t\t});\n\t});\n\n\n<\/script>\n\n<style>\n\t.accordion-toggle{\n\t\tcursor:pointer;\n\t}\n\n\t#accordionIndex .panel-heading{\n\t\tmargin-bottom:0px;\n\t}\n\n\t.articulo ul, .articulo ol{\n\t\tmargin-bottom:auto;\n\t}\n\n\t.h-inline{\n\t\tdisplay: inline-flex;\n\t\tflex-wrap: wrap\n\t}\n\t#accordion-index{\n\t\tpadding-left:0px;\n\t}\n\t#accordion-index li a{\n\t\tdisplay:block;\n\t\tpadding-top:5px;\n\t}\n\n\t.acc-h2{\n\t\tmargin-left:0px;\n\t\tposition: relative;\n\t}\n\n\t.acc-h3{\n\t\tmargin-left:25px;\n\t}\n\n\t.acc-h3::before{\n\t\tcontent: \"\";\n\t\tbackground-color:var(--blue-light);\n\t\tmargin-left:-10px;\n\t\twidth: 7px;\n\t\theight: 7px;\n\t\tdisplay: inline-block;\n\t\ttext-align: center;\n\t\tborder-radius: 1000px;\n\t\tmargin-right: 10px;\n    \tmargin-bottom: 2px;\n\t}\n\n\t.acc-h4{\n\t\tmargin-left:40px;\n\t}\n\n\t.acc-h4::before{\n\t\tcontent: \"\";\n\t\tborder: 1px solid var(--blue-light);\n\t\tmargin-left:-5px;\n\t\twidth: 7px;\n\t\theight: 7px;\n\t\tdisplay: inline-block;\n\t\ttext-align: center;\n\t\tborder-radius: 100%;\n\t\tmargin-right: 10px;\n    \tmargin-bottom: 2px;\n\t}\n\n\t.acc-h3:hover::before{\n\t\tbackground-color: var(--blue-darkest);\n\t}\n\n\t.acc-h4:hover::before{\n\t\tborder-color: var(--blue-darkest);\n\t}\n\n\t@media (max-width: 992px){\n\t\t.acc-h2{\n\t\t\tmargin-left:0px;\n\t\t}\n\t\t.acc-h3{\n\t\t\tmargin-left:20px;\n\t\t}\n\t\t.acc-h4{\n\t\t\tmargin-left:40px;\n\t\t}\n\t}\n\n\t\/*\n\th2.h-inline:after,\n\th3.h-inline:after{\n\t\theight: 24px;\n\t\tcontent: \"\";\n\t\tdisplay: table-row;\n\t}*\/\n<\/style>\n\n<div id=\"table-accordion-index\">\n\t<div class=\"panel-group\" id=\"accordionIndex\">\n\t\t<div class=\"panel panel-default\">\n\t\t\t<div class=\"panel-heading\">\n\t\t\t\t<div class=\"panel-title open\"><div class=\"accordion-toggle\" data-toggle=\"collapse\" data-parent=\"#accordion\" aria-expanded=\"true\">\u00edndex<\/div><\/div>\n\t\t\t<\/div>\n\t\t\t<div id=\"collapseIndex\" class=\"panel-collapse collapse in\" aria-expanded=\"true\">\n\t\t\t\t<div class=\"panel-body\">\n\t\t\t\t\t<ul id=\"accordion-index\">\n\t\t\t\t\t<\/ul>\n\t\t\t\t<\/div>\n\t\t\t<\/div>\n\t\t<\/div>\n\t<\/div>\n<\/div><\/span><\/p>\n<p>En aquest post t&#8217;explicarem els motius de l&#8217;augment de l&#8217;consum de l&#8217;<strong>energia verda<\/strong> a les llars.<\/p>\n<p>Cada dia som m\u00e9s conscients de la relaci\u00f3 entre l&#8217;emissi\u00f3 de gasos d&#8217;efecte hivernacle i el canvi clim\u00e0tic. Aquesta major consci\u00e8ncia s&#8217;ha tradu\u00eft en l&#8217;augment de la demanda d&#8217;el consum d&#8217;energies verdes en tots els \u00e0mbits: dom\u00e8stic, industrial&#8230;<\/p>\n<p>Per aquest motiu, les <strong>comercialitzadores el\u00e8ctriques<\/strong> estan realitzant un gran esfor\u00e7 per oferir electricitat procedent de l&#8217;100% de fonts renovables, per\u00f2 hem de saber que no dep\u00e8n d&#8217;elles mateixes, sin\u00f3 que depenen per exemple del temps: vent, pluja, sol, etc.<\/p>\n<h2>Qu\u00e8 \u00e9s l&#8217;energia verda?<\/h2>\n<p>Comencem\u00a0pel principi, l&#8217;<strong>energia verda<\/strong> o <strong>energia renovable<\/strong> \u00e9s la que s&#8217;obt\u00e9 de fonts naturals i en principi inesgotables. Hi ha diversos tipus: energia e\u00f2lica, geot\u00e8rmica, hidroel\u00e8ctrica, mareomotriu, solar, etc.<\/p>\n<h3>Quins tipus d&#8217;energies verdes existeixen?<\/h3>\n<h4><strong>Solar<\/strong><\/h4>\n<p>Recull la radiaci\u00f3 solar a trav\u00e9s de panells fotovoltaics o col\u00b7lectors solars, i es transforma en altres formes d&#8217;energia com electricitat o energia t\u00e8rmica.<\/p>\n<h4><strong>E\u00f2lica<\/strong><\/h4>\n<p>\u00c9s l&#8217;energia obtinguda a partir de la for\u00e7a de vent, i mitjan\u00e7ant l&#8217;energia cin\u00e8tica generada per l&#8217;efecte dels corrents d&#8217;aire es converteix en altres firmes \u00fatils d&#8217;energia.<\/p>\n<h4><strong>Hidr\u00e0ulica<\/strong><\/h4>\n<p>S&#8217;obt\u00e9 a partir de la pot\u00e8ncia acumulada dels salts d&#8217;aigua amb turbines que mouen un generador el\u00e8ctric.<\/p>\n<h4><strong>Biomassa<\/strong><\/h4>\n<p>S&#8217;obt\u00e9 de la combusti\u00f3, fermentaci\u00f3, pir\u00f2lisi o gasificaci\u00f3 de fustes, plantes de creixement r\u00e0pid, restes d&#8217;animals o algues conreades.<\/p>\n<h4><strong>Mareomotriu<\/strong><\/h4>\n<p>A trav\u00e9s de les marees es transforma l&#8217;energia de el moviment de les ones en energia el\u00e8ctrica amb l&#8217;ajuda d&#8217;un alternador.<\/p>\n<h4><strong>Geot\u00e8rmica<\/strong><\/h4>\n<p>S&#8217;obt\u00e9 mitjan\u00e7ant l&#8217;aprofitament de la calor natural de l&#8217;interior de la terra que es transmet a trav\u00e9s dels cossos de roca calenta, on se susciten processos d&#8217;interacci\u00f3 de fluids i roques, donant origen als sistemes geot\u00e8rmics.<\/p>\n<p><div class=\"widget-form\">\r\n    \n<div class=\"wpcf7 no-js\" id=\"wpcf7-f21837-o1\" lang=\"es-ES\" dir=\"ltr\">\n<div class=\"screen-reader-response\"><p role=\"status\" aria-live=\"polite\" aria-atomic=\"true\"><\/p> <ul><\/ul><\/div>\n<form action=\"\/ca\/wp-json\/wp\/v2\/posts\/9291#wpcf7-f21837-o1\" method=\"post\" class=\"wpcf7-form init\" aria-label=\"Contact form\" novalidate=\"novalidate\" data-status=\"init\">\n<div style=\"display: none;\">\n<input type=\"hidden\" name=\"_wpcf7\" value=\"21837\" \/>\n<input type=\"hidden\" name=\"_wpcf7_version\" value=\"5.9\" \/>\n<input type=\"hidden\" name=\"_wpcf7_locale\" value=\"es_ES\" \/>\n<input type=\"hidden\" name=\"_wpcf7_unit_tag\" value=\"wpcf7-f21837-o1\" \/>\n<input type=\"hidden\" name=\"_wpcf7_container_post\" value=\"0\" \/>\n<input type=\"hidden\" name=\"_wpcf7_posted_data_hash\" value=\"\" \/>\n<input type=\"hidden\" name=\"_wpcf7_recaptcha_response\" value=\"\" \/>\n<\/div>\n<div class=\"widget-simple-form-ac\">\n\t<div class=\"header-ac\">\n\t\t<p>Aconsegueix el teu estudi gratu\u00eft\n\t\t<\/p>\n\t\t<div class=\"close-form\">\n\t\t\t<p>X\n\t\t\t<\/p>\n\t\t<\/div>\n\t<\/div>\n\t<div class=\"widget-form-ac-container\">\n\t\t<p class=\"subtitle-ac-form\">Amb les nostres Plaques Solars + Bateria Virtual, <span class=\"blue\">redueix a 0\u20ac el consum de la teva factura de la llum.<\/span> No et quedis sense el teu estudi gratis!\n\t\t<\/p>\n\t\t<div class=\"inputs-container\">\n\t\t\t<div class=\"input\">\n\t\t\t\t<p><span class=\"wpcf7-form-control-wrap\" data-name=\"name1\"><input size=\"40\" class=\"wpcf7-form-control wpcf7-text wpcf7-validates-as-required\" id=\"name\" aria-required=\"true\" aria-invalid=\"false\" placeholder=\"Nom\" value=\"\" type=\"text\" name=\"name1\" \/><\/span>\n\t\t\t\t<\/p>\n\t\t\t\t<div class=\"error\">\n\t\t\t\t\t<p><span role='alert' class='wpcf7-not-valid-tip'><\/span>\n\t\t\t\t\t<\/p>\n\t\t\t\t<\/div>\n\t\t\t<\/div>\n\t\t\t<div class=\"input\">\n\t\t\t\t<p><span class=\"wpcf7-form-control-wrap\" data-name=\"lastname\"><input size=\"40\" class=\"wpcf7-form-control wpcf7-text wpcf7-validates-as-required\" id=\"lastname\" aria-required=\"true\" aria-invalid=\"false\" placeholder=\"Cognom\" value=\"\" type=\"text\" name=\"lastname\" \/><\/span>\n\t\t\t\t<\/p>\n\t\t\t\t<div class=\"error\">\n\t\t\t\t\t<p><span role='alert' class='wpcf7-not-valid-tip'><\/span>\n\t\t\t\t\t<\/p>\n\t\t\t\t<\/div>\n\t\t\t<\/div>\n\t\t<\/div>\n\t\t<div class=\"inputs-container\">\n\t\t\t<div class=\"input\">\n\t\t\t\t<p><span class=\"wpcf7-form-control-wrap\" data-name=\"email\"><input size=\"40\" class=\"wpcf7-form-control wpcf7-email wpcf7-validates-as-required wpcf7-text wpcf7-validates-as-email\" aria-required=\"true\" aria-invalid=\"false\" placeholder=\"Email\" value=\"\" type=\"email\" name=\"email\" \/><\/span>\n\t\t\t\t<\/p>\n\t\t\t\t<div class=\"error\">\n\t\t\t\t\t<p><span role='alert' class='wpcf7-not-valid-tip'><\/span>\n\t\t\t\t\t<\/p>\n\t\t\t\t<\/div>\n\t\t\t<\/div>\n\t\t\t<div class=\"input\">\n\t\t\t\t<p><span class=\"wpcf7-form-control-wrap\" data-name=\"tel\"><input size=\"40\" class=\"wpcf7-form-control wpcf7-tel wpcf7-validates-as-required wpcf7-text wpcf7-validates-as-tel\" aria-required=\"true\" aria-invalid=\"false\" placeholder=\"Tel\u00e8fon\" value=\"\" type=\"tel\" name=\"tel\" \/><\/span>\n\t\t\t\t<\/p>\n\t\t\t\t<div class=\"error\">\n\t\t\t\t\t<p><span role='alert' class='wpcf7-not-valid-tip'><\/span>\n\t\t\t\t\t<\/p>\n\t\t\t\t<\/div>\n\t\t\t<\/div>\n\t\t<\/div>\n\t\t<p class=\"legal-text\">En enviar aquest formulari consent que les seves dades siguin tractades per FACTORENERGIA S.A., com a corresponsables, per a remetre-li ofertes i informaci\u00f3 comercial. Pot exercitar els seus drets conforme a l'indicat en la nostra <a href=\"\/ca\/privacidad\/\">Pol\u00edtica de privacitat.<\/a>\n\t\t<\/p>\n\t\t<div class=\"inputs-container\">\n\t\t\t<div class=\"button-submit\">\n\t\t\t\t<p><input class=\"wpcf7-form-control wpcf7-submit has-spinner primary-btn green-btn btn-submit\" type=\"submit\" value=\"Demana el teu estudi gratis\" \/>\n\t\t\t\t<\/p>\n\t\t\t<\/div>\n\t\t<\/div>\n\t<\/div>\n<\/div><div class=\"wpcf7-response-output\" aria-hidden=\"true\"><\/div>\n<\/form>\n<\/div>\n<\/div>\r\n\r\n<div class=\"widget-form-sended\" style=\"display: none\">\r\n    <h4><b>Ben fet!<\/b> Aquest \u00e9s el teu primer pas cap a la independ\u00e8ncia energ\u00e8tica.<\/h4>\r\n    <p>En un m\u00e0xim de 48 hores, un especialista es posar\u00e0 en contacte amb tu per a estudiar el teu cas, assessorar-te i oferir-te la millor soluci\u00f3 energ\u00e8tica.<\/p>\r\n    <div class=\"inputs-container\">\r\n        <div class=\"button-submit\">\r\n            <a class=\"primary-btn center otro-estudio green-btn\">\r\n                Demanar un altre estudi gratis            <\/a>\r\n        <\/div>\r\n        <div class=\"trustpilot-widget trust-widget-form-ac\" data-locale=\"es-ES\" data-template-id=\"5419b732fbfb950b10de65e5\" data-businessunit-id=\"5fd8ae6f2ead35000193bbae\" data-style-height=\"24px\" data-style-width=\"100%\" data-theme=\"light\" style=\"position: relative;\"><iframe title=\"Customer reviews powered by Trustpilot\" loading=\"auto\" src=\"https:\/\/widget.trustpilot.com\/trustboxes\/5419b732fbfb950b10de65e5\/index.html?templateId=5419b732fbfb950b10de65e5&amp;businessunitId=5fd8ae6f2ead35000193bbae#locale=es-ES&amp;styleHeight=24px&amp;styleWidth=100%25&amp;theme=light\" style=\"position: relative; height: 24px; width: 100%; border-style: none; display: block; overflow: hidden;\"><\/iframe><\/div>\r\n    <\/div>\r\n<\/div>\r\n<br \/>\n\r\n<script type=\"text\/javascript\" async defer>\r\n\r\n    jQuery(document).ready(function(){\t\t\r\n\t\t\r\n\t});\r\n<\/script>\r\n\r\n<style>\r\n\t.block-interested_posts{\r\n        margin-top: 10px;\r\n        padding: 20px;\r\n        border: 2px solid #92C200;\r\n    }\r\n    .block-interested_posts ul{\r\n        margin-bottom:0px;\r\n    }\r\n    .block-interested_posts ul li{\r\n        margin-bottom:5px;\r\n    }\r\n    .block-interested_posts ul li a{\r\n        \/*color: #DF981E;*\/\r\n    }\r\n\r\n<\/style>\r\n\r\n<div class=\"block-interested_posts\">\r\n    <p><strong>Post que et poden interessar<\/strong><\/p>\r\n    <ul>\r\n                    <li><a href=\"https:\/\/www.factorenergia.com\/ca\/blog\/eficiencia-energetica\/energia-eolica-com-funciona-i-avantatges-i-desavantatges\/\" title=\"Energia e\u00f2lica. Qu\u00e8 \u00e9s, com funciona, avantatges i desavantatges\">Energia e\u00f2lica. Qu\u00e8 \u00e9s, com funciona, avantatges i desavantatges<\/a><\/li>\r\n                    <li><a href=\"https:\/\/www.factorenergia.com\/ca\/blog\/autoconsum-electric\/energia-solar-tot-el-que-has-de-saber\/\" title=\"Energia solar: tot el que has de saber\">Energia solar: tot el que has de saber<\/a><\/li>\r\n            <\/ul>\t\r\n<\/div><\/p>\n<h3>Per qu\u00e8 utilitzar energia verda a la llar?<\/h3>\n<p>\u00c9s molt senzill, perqu\u00e8 s\u00f3n fonts inesgotables d&#8217;energia, perqu\u00e8 lluites contra el canvi clim\u00e0tic, perqu\u00e8 l&#8217;energia verda no emet gasos contaminants, ni residus radioactius. Triant l&#8217;energia verda redueixes la petjada mediambiental i les emissions de CO2 a l&#8217;atmosfera.<\/p>\n<p>A m\u00e9s, hi ha moltes formes d&#8217;aconseguir energia verda i aquestes permeten dur-les a llocs a\u00efllats, pel fet que \u00e9s m\u00e9s f\u00e0cil instal\u00b7lar plaques solars, per exemple, que una central nuclear. Com veus tot s\u00f3n avantatges.<\/p>\n<p>&nbsp;<\/p>\n<h3>Com saber si et subministren electricitat 100% verda?<\/h3>\n<p>Actualment, les comercialitzadores el\u00e8ctriques poden vendre energia d&#8217;origen renovable adquirint paquets certificats d&#8217;aquesta producci\u00f3 que despr\u00e9s ens ofereixen als consumidors. El que li d\u00f3na la garantia 100% a el consumidor \u00e9s que la comercialitzadora el\u00e8ctrica tingui el certificat de la CNMC.<\/p>\n<p>&nbsp;<\/p>\n<h3>Certificat de la CNMC<\/h3>\n<p>A\u00a0Factorenergia si ens demanes energia verda, a m\u00e9s de convertir-te en un contribuent a un m\u00f3n net, rebr\u00e0s un certificat de la CNMC (Comissi\u00f3 Nacional de l&#8217;Mercat i la Compet\u00e8ncia) acreditant l&#8217;origen renovable de l&#8217;energia que consumeixis. Ens comprometem a que el 100% de l&#8217;energia que has consumit sigui d&#8217;origen renovable.<\/p>\n<p>&nbsp;<\/p>\n<h3>\u00c9s possible nom\u00e9s consumir 100% energia verda?<\/h3>\n<p>Si les comercialitzadores el\u00e8ctriques adquireixen la quantitat d&#8217;energia renovable equivalent a l&#8217;total del que demanden els seus consumidors, poden dir, d&#8217;acord a aquesta certificaci\u00f3, que ofereixen energia 100% renovable.<\/p>\n<p>Per\u00f2 el que passa a Espanya \u00e9s que tota l&#8217;electricitat, renovable i no renovable, es bolca en la mateixa xarxa el\u00e8ctrica. Per tant, no existeix una l\u00ednia de subministrament exclusiva per a l&#8217;energia d&#8217;origen renovable (o d&#8217;un altre tipus). Amb la qual cosa l&#8217;energia que rebem i consumim \u00e9s un mix.<\/p>\n<p>&nbsp;<\/p>\n<h3>Com funciona el mix el\u00e8ctric?<\/h3>\n<p>L&#8217;electricitat es negocia al OMIE, que \u00e9s l&#8217;Operador de Mercat d&#8217;electricitat a la pen\u00ednsula Ib\u00e8rica. All\u00e0, els venedors (generadors) i els compradors (comercialitzadors, consumidors directes&#8230;) presenten les seves ofertes de venda i de compra respectivament. A partir d&#8217;aqu\u00ed, hora per hora, OMIE ordena les ofertes de venda dels productors de menor a major preu. D&#8217;aquesta manera, la tecnologia de menor preu entrar\u00e0 primer, tot seguit la segona, i aix\u00ed successivament, \u00e9s a dir, la llum generada en aquest temps ser\u00e0 mixta, procedent de diferents fonts de generaci\u00f3, verds i no verds.<\/p>\n<p>&nbsp;<\/p>\n<h2>L&#8217;energia verda a Espanya<\/h2>\n<p>Segons les dades de\u00a0Red El\u00e9ctrica, el mes de mar\u00e7 de l&#8217;any 2018 ha estat el mes en qu\u00e8 Espanya ha produ\u00eft m\u00e9s electricitat amb fonts d&#8217;energies renovables o energies verdes. S&#8217;ha produ\u00eft 11.924 GWh amb les diferents tecnologies renovables d&#8217;sistema el\u00e8ctric, i la seva quota de demanda ha estat de l&#8217;56,6%.<\/p>\n<p>De totes les energies renovables, l&#8217;e\u00f2lica \u00e9s la gran vencedora que arriba als 6.937 GWh, un 62,7% superior a la de el mateix per\u00edode del l&#8217;any passat, i suposa el 32,9% de la producci\u00f3 total. La mitjana di\u00e0ria gaireb\u00e9 arriba als 250 GWh que \u00e9s molt\u00edssim i un gran triomf de l&#8217;energia e\u00f2lica al nostre pa\u00eds.<\/p>\n<p>Tamb\u00e9, les dades de l&#8217;oficina d&#8217;estad\u00edstica europea afirmen que Espanya est\u00e0 fent b\u00e9 els deures i que anem pel bon cam\u00ed. L&#8217;energia procedent de fonts renovables s&#8217;ha incrementat des del 8,3% registrat el 2004 fins al 17,3% de 2016. Aquesta dada \u00e9s m\u00e9s d&#8217;un punt superior a l&#8217;de 2015, quan la proporci\u00f3 d&#8217;energies renovables va ser de l&#8217;16,2 %.<\/p>\n<p>&nbsp;<\/p>\n<h3>Convertir casa meva en una llar amb l&#8217;energia verda<\/h3>\n<p>Un dels primers passos per lluitar contra el canvi clim\u00e0tic \u00e9s comen\u00e7ar per la nostra pr\u00f2pia vida quotidiana i per la nostra casa. Per convertir la teva llar en un espai totalment ecol\u00f2gic i 100% verd\u00a0atent als\u00a0seg\u00fcents consells: utilitza plaques solars, instal\u00b7la un mesurador el\u00e8ctric intel\u00b7ligent, posa els teus aparells el\u00e8ctrics en standby i podr\u00e0s estalviar fins a un 15% d&#8217;energia.<\/p>\n<p>Per\u00f2 si vols saber m\u00e9s, et proposem que llegeixis el nostre post <a href=\"https:\/\/www.factorenergia.com\/ca\/blog\/apren-a-estalviar\/consells-per-estalviar-energia-casa\/\" title=\"com estalviar energia el\u00e8ctrica a casa\" target=\"_blank\" rel=\"noopener noreferrer\">12 trucs per estalviar electricitat a casa<\/a> amb diversos consells per estalviar energia a casa.<\/p>\n<p>&nbsp;<\/p>\n<h3>Factorenergia aposta per l&#8217;\u00fas de l&#8217;energia verda<\/h3>\n<p>A\u00a0Factorenergia apostem per l&#8217;energia verda. Si tu tamb\u00e9 vols comprometre&#8217;t, pots demanar-nos energia verda des de\u00a0la teva <a href=\"https:\/\/www.factorenergia.com\/ca\/blog\/enten-la-factura-de-la-llum\/les-meves-factures\/\" title=\"com veure les meves factures de factorenergia\" target=\"_blank\" rel=\"noopener noreferrer\">\u00e0rea clients<\/a> o per tel\u00e8fon. I si encara no ets client, podr\u00e0s demanar-la durant el proc\u00e9s de <a href=\"https:\/\/www.factorenergia.com\/ca\/tarifas-de-llum\/\" title=\"canviar de companyia de llum\" target=\"_blank\" rel=\"noopener noreferrer\">contractaci\u00f3 en l\u00ednia<\/a> o telef\u00f2nic.<\/p>\n<p>Segons <a href=\"https:\/\/www.factorenergia.com\/ca\/blog\/emili-rousaud\/\" title=\"Emili Rousaud\" target=\"_blank\" rel=\"noopener noreferrer\">Emili Rousaud<\/a> en unes declaracions recents a El Pais en l&#8217;article &#8220;Llum verda a casa, realitat o m\u00e0rqueting?&#8221;, afirma que &#8220;aconseguir que el p\u00fablic manifesti la seva prefer\u00e8ncia per les energies renovables, fa que aix\u00f2 impulsi la inversi\u00f3 en\u00a0les mateixes&#8221;.<\/p>\n<p>Per aquest motiu, a Factorenergia estem segurs que la utilitzaci\u00f3 de l&#8217;energia verda \u00e9s l&#8217;\u00fanica opci\u00f3 i aposta de futur.<\/p>\n<p>&nbsp;<\/p>\n","protected":false},"excerpt":{"rendered":"<p>Per qu\u00e8 ha augmentat l&#8217;\u00fas d&#8217;energia verda a les llars? Per qu\u00e8 hauries d&#8217;utilitzar energies renovables a casa teva? Per m\u00faltiples raons, per\u00f2 b\u00e0sicament perqu\u00e8 \u00e9s m\u00e9s barata, sostenible i ajuda a combatre el canvi clim\u00e0tic. Si vols saber m\u00e9s continua llegint.<\/p>\n","protected":false},"author":17,"featured_media":0,"comment_status":"open","ping_status":"closed","sticky":false,"template":"","format":"standard","meta":{"inline_featured_image":false,"footnotes":""},"categories":[66,61],"tags":[],"acf":{"fecha_de_la_entrada":"20180604","imagen_portada":6500,"categoria_blog":null,"tipo_de_distribuidora":null,"tiempo_lectura":"","banner_bool":false,"titulo_banner":"","texto_banner":"","texto_boton_banner":"","url_boton_banner":"","post_relacionados":""},"yoast_head":"<!-- This site is optimized with the Yoast SEO plugin v22.2 - https:\/\/yoast.com\/wordpress\/plugins\/seo\/ -->\n<title>Energia verda i consum responsable | factorenergia<\/title>\n<meta name=\"description\" content=\"Qu\u00e8 \u00e9s l&#039;energia verda i per qu\u00e8 cada vegada m\u00e9s llars a Espanya fan un consum responsable amb el medi ambient? Suma&#039;t a l&#039;Energia verda!\" \/>\n<meta name=\"robots\" content=\"index, follow, max-snippet:-1, max-image-preview:large, max-video-preview:-1\" \/>\n<link rel=\"canonical\" href=\"https:\/\/www.factorenergia.com\/ca\/blog\/noticies\/augment-del-consum-energia-verda\/\" \/>\n<meta name=\"twitter:card\" content=\"summary_large_image\" \/>\n<meta name=\"twitter:title\" content=\"Energia verda i consum responsable | factorenergia\" \/>\n<meta name=\"twitter:description\" content=\"Qu\u00e8 \u00e9s l&#039;energia verda i per qu\u00e8 cada vegada m\u00e9s llars a Espanya fan un consum responsable amb el medi ambient? Suma&#039;t a l&#039;Energia verda!\" \/>\n<meta name=\"twitter:creator\" content=\"@factorenergia\" \/>\n<meta name=\"twitter:site\" content=\"@factorenergia\" \/>\n<meta name=\"twitter:label1\" content=\"Written by\" \/>\n\t<meta name=\"twitter:data1\" content=\"Equipo Transici\u00f3n Energ\u00e9tica Factorenergia\" \/>\n\t<meta name=\"twitter:label2\" content=\"Est. reading time\" \/>\n\t<meta name=\"twitter:data2\" content=\"5 minutes\" \/>\n<script type=\"application\/ld+json\" class=\"yoast-schema-graph\">{\"@context\":\"https:\/\/schema.org\",\"@graph\":[{\"@type\":\"WebPage\",\"@id\":\"https:\/\/www.factorenergia.com\/ca\/blog\/noticies\/augment-del-consum-energia-verda\/\",\"url\":\"https:\/\/www.factorenergia.com\/ca\/blog\/noticies\/augment-del-consum-energia-verda\/\",\"name\":\"Energia verda i consum responsable | factorenergia\",\"isPartOf\":{\"@id\":\"https:\/\/www.factorenergia.com\/es\/#website\"},\"datePublished\":\"2018-06-06T10:00:04+00:00\",\"dateModified\":\"2025-07-28T15:56:54+00:00\",\"author\":{\"@id\":\"https:\/\/www.factorenergia.com\/es\/#\/schema\/person\/dff9e4b6dc520720e3a37bdaaedc5841\"},\"description\":\"Qu\u00e8 \u00e9s l'energia verda i per qu\u00e8 cada vegada m\u00e9s llars a Espanya fan un consum responsable amb el medi ambient? Suma't a l'Energia verda!\",\"breadcrumb\":{\"@id\":\"https:\/\/www.factorenergia.com\/ca\/blog\/noticies\/augment-del-consum-energia-verda\/#breadcrumb\"},\"inLanguage\":\"ca\",\"potentialAction\":[{\"@type\":\"ReadAction\",\"target\":[\"https:\/\/www.factorenergia.com\/ca\/blog\/noticies\/augment-del-consum-energia-verda\/\"]}]},{\"@type\":\"BreadcrumbList\",\"@id\":\"https:\/\/www.factorenergia.com\/ca\/blog\/noticies\/augment-del-consum-energia-verda\/#breadcrumb\",\"itemListElement\":[{\"@type\":\"ListItem\",\"position\":1,\"name\":\"Portada\",\"item\":\"https:\/\/www.factorenergia.com\/ca\/\"},{\"@type\":\"ListItem\",\"position\":2,\"name\":\"Augment del consum d&#8217;energia verda a les llars\"}]},{\"@type\":\"WebSite\",\"@id\":\"https:\/\/www.factorenergia.com\/es\/#website\",\"url\":\"https:\/\/www.factorenergia.com\/es\/\",\"name\":\"factorenergia\",\"description\":\"factorenergia\",\"potentialAction\":[{\"@type\":\"SearchAction\",\"target\":{\"@type\":\"EntryPoint\",\"urlTemplate\":\"https:\/\/www.factorenergia.com\/es\/?s={search_term_string}\"},\"query-input\":\"required name=search_term_string\"}],\"inLanguage\":\"ca\"},{\"@type\":\"Person\",\"@id\":\"https:\/\/www.factorenergia.com\/es\/#\/schema\/person\/dff9e4b6dc520720e3a37bdaaedc5841\",\"name\":\"Equipo Transici\u00f3n Energ\u00e9tica Factorenergia\",\"image\":{\"@type\":\"ImageObject\",\"inLanguage\":\"ca\",\"@id\":\"https:\/\/www.factorenergia.com\/es\/#\/schema\/person\/image\/\",\"url\":\"https:\/\/secure.gravatar.com\/avatar\/1b7c76bab80ee1c4261b06108874e24b?s=96&d=mm&r=g\",\"contentUrl\":\"https:\/\/secure.gravatar.com\/avatar\/1b7c76bab80ee1c4261b06108874e24b?s=96&d=mm&r=g\",\"caption\":\"Equipo Transici\u00f3n Energ\u00e9tica Factorenergia\"},\"description\":\"El equipo est\u00e1 formado por expertos en materia de Luz, Gas y Eficiencia Energ\u00e9tica, que conocen de primera mano las tendencias del mercado. Su experiencia en el sector les permite ofrecer las mejores soluciones energ\u00e9ticas y resolver las dudas planteadas por los clientes.\",\"sameAs\":[\"https:\/\/www.factorenergia.com\/es\/\",\"https:\/\/www.facebook.com\/factorenergiacom\",\"https:\/\/www.instagram.com\/factorenergia_com\/\",\"https:\/\/es.linkedin.com\/company\/factor-energia\",\"https:\/\/twitter.com\/factorenergia\",\"https:\/\/www.youtube.com\/c\/factorenergiacom\"],\"url\":\"https:\/\/www.factorenergia.com\/ca\/blog\/author\/marketing\/\"}]}<\/script>\n<!-- \/ Yoast SEO plugin. -->","yoast_head_json":{"title":"Energia verda i consum responsable | factorenergia","description":"Qu\u00e8 \u00e9s l'energia verda i per qu\u00e8 cada vegada m\u00e9s llars a Espanya fan un consum responsable amb el medi ambient? Suma't a l'Energia verda!","robots":{"index":"index","follow":"follow","max-snippet":"max-snippet:-1","max-image-preview":"max-image-preview:large","max-video-preview":"max-video-preview:-1"},"canonical":"https:\/\/www.factorenergia.com\/ca\/blog\/noticies\/augment-del-consum-energia-verda\/","twitter_card":"summary_large_image","twitter_title":"Energia verda i consum responsable | factorenergia","twitter_description":"Qu\u00e8 \u00e9s l'energia verda i per qu\u00e8 cada vegada m\u00e9s llars a Espanya fan un consum responsable amb el medi ambient? Suma't a l'Energia verda!","twitter_creator":"@factorenergia","twitter_site":"@factorenergia","twitter_misc":{"Written by":"Equipo Transici\u00f3n Energ\u00e9tica Factorenergia","Est. reading time":"5 minutes"},"schema":{"@context":"https:\/\/schema.org","@graph":[{"@type":"WebPage","@id":"https:\/\/www.factorenergia.com\/ca\/blog\/noticies\/augment-del-consum-energia-verda\/","url":"https:\/\/www.factorenergia.com\/ca\/blog\/noticies\/augment-del-consum-energia-verda\/","name":"Energia verda i consum responsable | factorenergia","isPartOf":{"@id":"https:\/\/www.factorenergia.com\/es\/#website"},"datePublished":"2018-06-06T10:00:04+00:00","dateModified":"2025-07-28T15:56:54+00:00","author":{"@id":"https:\/\/www.factorenergia.com\/es\/#\/schema\/person\/dff9e4b6dc520720e3a37bdaaedc5841"},"description":"Qu\u00e8 \u00e9s l'energia verda i per qu\u00e8 cada vegada m\u00e9s llars a Espanya fan un consum responsable amb el medi ambient? Suma't a l'Energia verda!","breadcrumb":{"@id":"https:\/\/www.factorenergia.com\/ca\/blog\/noticies\/augment-del-consum-energia-verda\/#breadcrumb"},"inLanguage":"ca","potentialAction":[{"@type":"ReadAction","target":["https:\/\/www.factorenergia.com\/ca\/blog\/noticies\/augment-del-consum-energia-verda\/"]}]},{"@type":"BreadcrumbList","@id":"https:\/\/www.factorenergia.com\/ca\/blog\/noticies\/augment-del-consum-energia-verda\/#breadcrumb","itemListElement":[{"@type":"ListItem","position":1,"name":"Portada","item":"https:\/\/www.factorenergia.com\/ca\/"},{"@type":"ListItem","position":2,"name":"Augment del consum d&#8217;energia verda a les llars"}]},{"@type":"WebSite","@id":"https:\/\/www.factorenergia.com\/es\/#website","url":"https:\/\/www.factorenergia.com\/es\/","name":"factorenergia","description":"factorenergia","potentialAction":[{"@type":"SearchAction","target":{"@type":"EntryPoint","urlTemplate":"https:\/\/www.factorenergia.com\/es\/?s={search_term_string}"},"query-input":"required name=search_term_string"}],"inLanguage":"ca"},{"@type":"Person","@id":"https:\/\/www.factorenergia.com\/es\/#\/schema\/person\/dff9e4b6dc520720e3a37bdaaedc5841","name":"Equipo Transici\u00f3n Energ\u00e9tica Factorenergia","image":{"@type":"ImageObject","inLanguage":"ca","@id":"https:\/\/www.factorenergia.com\/es\/#\/schema\/person\/image\/","url":"https:\/\/secure.gravatar.com\/avatar\/1b7c76bab80ee1c4261b06108874e24b?s=96&d=mm&r=g","contentUrl":"https:\/\/secure.gravatar.com\/avatar\/1b7c76bab80ee1c4261b06108874e24b?s=96&d=mm&r=g","caption":"Equipo Transici\u00f3n Energ\u00e9tica Factorenergia"},"description":"El equipo est\u00e1 formado por expertos en materia de Luz, Gas y Eficiencia Energ\u00e9tica, que conocen de primera mano las tendencias del mercado. Su experiencia en el sector les permite ofrecer las mejores soluciones energ\u00e9ticas y resolver las dudas planteadas por los clientes.","sameAs":["https:\/\/www.factorenergia.com\/es\/","https:\/\/www.facebook.com\/factorenergiacom","https:\/\/www.instagram.com\/factorenergia_com\/","https:\/\/es.linkedin.com\/company\/factor-energia","https:\/\/twitter.com\/factorenergia","https:\/\/www.youtube.com\/c\/factorenergiacom"],"url":"https:\/\/www.factorenergia.com\/ca\/blog\/author\/marketing\/"}]}},"_links":{"self":[{"href":"https:\/\/www.factorenergia.com\/ca\/wp-json\/wp\/v2\/posts\/9291"}],"collection":[{"href":"https:\/\/www.factorenergia.com\/ca\/wp-json\/wp\/v2\/posts"}],"about":[{"href":"https:\/\/www.factorenergia.com\/ca\/wp-json\/wp\/v2\/types\/post"}],"author":[{"embeddable":true,"href":"https:\/\/www.factorenergia.com\/ca\/wp-json\/wp\/v2\/users\/17"}],"replies":[{"embeddable":true,"href":"https:\/\/www.factorenergia.com\/ca\/wp-json\/wp\/v2\/comments?post=9291"}],"version-history":[{"count":4,"href":"https:\/\/www.factorenergia.com\/ca\/wp-json\/wp\/v2\/posts\/9291\/revisions"}],"predecessor-version":[{"id":28777,"href":"https:\/\/www.factorenergia.com\/ca\/wp-json\/wp\/v2\/posts\/9291\/revisions\/28777"}],"wp:attachment":[{"href":"https:\/\/www.factorenergia.com\/ca\/wp-json\/wp\/v2\/media?parent=9291"}],"wp:term":[{"taxonomy":"category","embeddable":true,"href":"https:\/\/www.factorenergia.com\/ca\/wp-json\/wp\/v2\/categories?post=9291"},{"taxonomy":"post_tag","embeddable":true,"href":"https:\/\/www.factorenergia.com\/ca\/wp-json\/wp\/v2\/tags?post=9291"}],"curies":[{"name":"wp","href":"https:\/\/api.w.org\/{rel}","templated":true}]}}