{"id":9038,"date":"2020-06-08T17:15:11","date_gmt":"2020-06-08T15:15:11","guid":{"rendered":"https:\/\/www.factorenergia.com\/ca\/?post_type=blog&#038;p=9038"},"modified":"2021-03-12T13:18:46","modified_gmt":"2021-03-12T11:18:46","slug":"remuntarem-des-les-pimes","status":"publish","type":"post","link":"https:\/\/www.factorenergia.com\/ca\/blog\/emili-rousaud\/remuntarem-des-les-pimes\/","title":{"rendered":"Remuntarem des de les pimes"},"content":{"rendered":"<p>Tamb\u00e9 ha impactat en les nostres professions i negocis, molts dels quals ara travessen situacions molt dif\u00edcils. No ens hem de rendir. D\u2019altres vegades al llarg de la nostra hist\u00f2ria, hem passat per situacions molt dif\u00edcils i sempre hem ressorgit com a comunitat, fins i tot amb m\u00e9s for\u00e7a.<br \/>\nCatalunya, com Espanya, \u00e9s un pa\u00eds de pimes, i en una situaci\u00f3 com aquesta \u00e9s bo recordar que nom\u00e9s des de les pimes remuntarem i trobarem sortides. No pot ser de cap altra manera. El nostre teixit empresarial \u00e9s majorit\u00e0riament de pimes, moltes de car\u00e0cter familiar, i generen a prop d\u2019un 65% dels llocs de treball, per la qual cosa s\u00f3n imprescindibles.<\/p>\n<p>Restaurants, cafeteries, comer\u00e7os de tot tipus ocupen i donen color als nostres carrers. Hotels, perruqueries, cinemes i teatres i, en definitiva, els negocis m\u00e9s perjudicats per aquesta crisi necessiten suport per rec\u00f3rrer de manera segura el cam\u00ed de la recuperaci\u00f3. Tampoc no em vull oblidar de la ind\u00fastria, molt present al nostre pa\u00eds i que tamb\u00e9 est\u00e0 patint.El rescat de l\u2019economia, que implicar\u00e0 facilitar liquiditat i protegir la tresoreria de les empreses, cal ferlo immediatament. La demora suposar\u00e0 la defunci\u00f3 de negocis iempreses. No ho podem permetre si pretenemuna recuperaci\u00f3 s\u00f2lida i r\u00e0pida \u2013la famosa V\u2013; per aix\u00f2 hem demanat des de Pimec que l\u2019Administraci\u00f3 destini bona part dels ajuts europeus a liquidar factures, subvencions i devolucions tribut\u00e0ries a pimes.<br \/>\nTamb\u00e9 apostem per subvencions directes per a aquells sectors especialment afectats,com el turisme, la restauraci\u00f3, la cultura o l\u2019esport, entre d\u2019altres. Igualment, considerem que serien molt positius les desgravacions i ajuts p\u00fablics per a la compra de material de protecci\u00f3 i desinfecci\u00f3 di\u00e0ria de les instal\u2219lacions productives.Am\u00e9s, tamb\u00e9 creiem que seria molt positiu oferir incentius fiscals per recuperar la demanda, com bons per al consum subvencionats o desgravacions en l\u2019IRPF.<br \/>\n\u00c9s innegable que aquestes mesures incrementaran el d\u00e8ficit p\u00fablic, tot i aix\u00f2, no \u00e9s moment de preocuparse pel d\u00e8ficit; salvar la nostra economia de l\u2019enfonsament \u00e9s l\u2019\u00fanica via factible per afrontar el pagament del d\u00e8ficit p\u00fablic, sense el nostre teixit productiu generant riquesa no ser\u00e0 possible repagar cap deute. \u00c9s responsabilitat de tots evitar la desaparici\u00f3 dr\u00e0stica de pimes. Ens hi juguem molt en aix\u00f2. Ens juguem el nostre benestar social i econ\u00f2mic, i fins i tot la nostra idiosincr\u00e0sia com a pa\u00eds.<\/p>\n","protected":false},"excerpt":{"rendered":"<p>Avui dia ja ning\u00fa dubta que ens trobem en un moment transcendental per a aquest pa\u00eds. La\u00a0pand\u00e8mia que ens ha castigat ens ha arrabassat molts familiars i amics i ha canviat la manera com vivim i ens relacionem.<\/p>\n","protected":false},"author":17,"featured_media":0,"comment_status":"closed","ping_status":"closed","sticky":false,"template":"","format":"standard","meta":{"inline_featured_image":false,"footnotes":""},"categories":[59],"tags":[],"acf":{"fecha_de_la_entrada":"20200608","imagen_portada":9040,"categoria_blog":59,"tipo_de_distribuidora":null,"tiempo_lectura":"","banner_bool":false,"titulo_banner":"","texto_banner":"","texto_boton_banner":"","url_boton_banner":"","post_relacionados":null},"yoast_head":"<!-- This site is optimized with the Yoast SEO plugin v22.2 - https:\/\/yoast.com\/wordpress\/plugins\/seo\/ -->\n<title>Remuntarem des de les pimes | factorenergia<\/title>\n<meta name=\"description\" content=\"Factorenergia estem amb les pimes, el veritable motor de l&#039;economia catalana. Us transmetem el nostre suport amb aquest missatge.\" \/>\n<meta name=\"robots\" content=\"index, follow, max-snippet:-1, max-image-preview:large, max-video-preview:-1\" \/>\n<link rel=\"canonical\" href=\"https:\/\/www.factorenergia.com\/ca\/blog\/emili-rousaud\/remuntarem-des-les-pimes\/\" \/>\n<meta name=\"twitter:card\" content=\"summary_large_image\" \/>\n<meta name=\"twitter:title\" content=\"Remuntarem des de les pimes | factorenergia\" \/>\n<meta name=\"twitter:description\" content=\"Factorenergia estem amb les pimes, el veritable motor de l&#039;economia catalana. Us transmetem el nostre suport amb aquest missatge.\" \/>\n<meta name=\"twitter:creator\" content=\"@factorenergia\" \/>\n<meta name=\"twitter:site\" content=\"@factorenergia\" \/>\n<meta name=\"twitter:label1\" content=\"Written by\" \/>\n\t<meta name=\"twitter:data1\" content=\"Equipo Transici\u00f3n Energ\u00e9tica Factorenergia\" \/>\n\t<meta name=\"twitter:label2\" content=\"Est. reading time\" \/>\n\t<meta name=\"twitter:data2\" content=\"2 minutes\" \/>\n<script type=\"application\/ld+json\" class=\"yoast-schema-graph\">{\"@context\":\"https:\/\/schema.org\",\"@graph\":[{\"@type\":\"WebPage\",\"@id\":\"https:\/\/www.factorenergia.com\/ca\/blog\/emili-rousaud\/remuntarem-des-les-pimes\/\",\"url\":\"https:\/\/www.factorenergia.com\/ca\/blog\/emili-rousaud\/remuntarem-des-les-pimes\/\",\"name\":\"Remuntarem des de les pimes | factorenergia\",\"isPartOf\":{\"@id\":\"https:\/\/www.factorenergia.com\/es\/#website\"},\"datePublished\":\"2020-06-08T15:15:11+00:00\",\"dateModified\":\"2021-03-12T11:18:46+00:00\",\"author\":{\"@id\":\"https:\/\/www.factorenergia.com\/es\/#\/schema\/person\/dff9e4b6dc520720e3a37bdaaedc5841\"},\"description\":\"Factorenergia estem amb les pimes, el veritable motor de l'economia catalana. Us transmetem el nostre suport amb aquest missatge.\",\"breadcrumb\":{\"@id\":\"https:\/\/www.factorenergia.com\/ca\/blog\/emili-rousaud\/remuntarem-des-les-pimes\/#breadcrumb\"},\"inLanguage\":\"ca\",\"potentialAction\":[{\"@type\":\"ReadAction\",\"target\":[\"https:\/\/www.factorenergia.com\/ca\/blog\/emili-rousaud\/remuntarem-des-les-pimes\/\"]}]},{\"@type\":\"BreadcrumbList\",\"@id\":\"https:\/\/www.factorenergia.com\/ca\/blog\/emili-rousaud\/remuntarem-des-les-pimes\/#breadcrumb\",\"itemListElement\":[{\"@type\":\"ListItem\",\"position\":1,\"name\":\"Portada\",\"item\":\"https:\/\/www.factorenergia.com\/ca\/\"},{\"@type\":\"ListItem\",\"position\":2,\"name\":\"Remuntarem des de les pimes\"}]},{\"@type\":\"WebSite\",\"@id\":\"https:\/\/www.factorenergia.com\/es\/#website\",\"url\":\"https:\/\/www.factorenergia.com\/es\/\",\"name\":\"factorenergia\",\"description\":\"factorenergia\",\"potentialAction\":[{\"@type\":\"SearchAction\",\"target\":{\"@type\":\"EntryPoint\",\"urlTemplate\":\"https:\/\/www.factorenergia.com\/es\/?s={search_term_string}\"},\"query-input\":\"required name=search_term_string\"}],\"inLanguage\":\"ca\"},{\"@type\":\"Person\",\"@id\":\"https:\/\/www.factorenergia.com\/es\/#\/schema\/person\/dff9e4b6dc520720e3a37bdaaedc5841\",\"name\":\"Equipo Transici\u00f3n Energ\u00e9tica Factorenergia\",\"image\":{\"@type\":\"ImageObject\",\"inLanguage\":\"ca\",\"@id\":\"https:\/\/www.factorenergia.com\/es\/#\/schema\/person\/image\/\",\"url\":\"https:\/\/secure.gravatar.com\/avatar\/1b7c76bab80ee1c4261b06108874e24b?s=96&d=mm&r=g\",\"contentUrl\":\"https:\/\/secure.gravatar.com\/avatar\/1b7c76bab80ee1c4261b06108874e24b?s=96&d=mm&r=g\",\"caption\":\"Equipo Transici\u00f3n Energ\u00e9tica Factorenergia\"},\"description\":\"El equipo est\u00e1 formado por expertos en materia de Luz, Gas y Eficiencia Energ\u00e9tica, que conocen de primera mano las tendencias del mercado. Su experiencia en el sector les permite ofrecer las mejores soluciones energ\u00e9ticas y resolver las dudas planteadas por los clientes.\",\"sameAs\":[\"https:\/\/www.factorenergia.com\/es\/\",\"https:\/\/www.facebook.com\/factorenergiacom\",\"https:\/\/www.instagram.com\/factorenergia_com\/\",\"https:\/\/es.linkedin.com\/company\/factor-energia\",\"https:\/\/twitter.com\/factorenergia\",\"https:\/\/www.youtube.com\/c\/factorenergiacom\"],\"url\":\"https:\/\/www.factorenergia.com\/ca\/blog\/author\/marketing\/\"}]}<\/script>\n<!-- \/ Yoast SEO plugin. -->","yoast_head_json":{"title":"Remuntarem des de les pimes | factorenergia","description":"Factorenergia estem amb les pimes, el veritable motor de l'economia catalana. Us transmetem el nostre suport amb aquest missatge.","robots":{"index":"index","follow":"follow","max-snippet":"max-snippet:-1","max-image-preview":"max-image-preview:large","max-video-preview":"max-video-preview:-1"},"canonical":"https:\/\/www.factorenergia.com\/ca\/blog\/emili-rousaud\/remuntarem-des-les-pimes\/","twitter_card":"summary_large_image","twitter_title":"Remuntarem des de les pimes | factorenergia","twitter_description":"Factorenergia estem amb les pimes, el veritable motor de l'economia catalana. Us transmetem el nostre suport amb aquest missatge.","twitter_creator":"@factorenergia","twitter_site":"@factorenergia","twitter_misc":{"Written by":"Equipo Transici\u00f3n Energ\u00e9tica Factorenergia","Est. reading time":"2 minutes"},"schema":{"@context":"https:\/\/schema.org","@graph":[{"@type":"WebPage","@id":"https:\/\/www.factorenergia.com\/ca\/blog\/emili-rousaud\/remuntarem-des-les-pimes\/","url":"https:\/\/www.factorenergia.com\/ca\/blog\/emili-rousaud\/remuntarem-des-les-pimes\/","name":"Remuntarem des de les pimes | factorenergia","isPartOf":{"@id":"https:\/\/www.factorenergia.com\/es\/#website"},"datePublished":"2020-06-08T15:15:11+00:00","dateModified":"2021-03-12T11:18:46+00:00","author":{"@id":"https:\/\/www.factorenergia.com\/es\/#\/schema\/person\/dff9e4b6dc520720e3a37bdaaedc5841"},"description":"Factorenergia estem amb les pimes, el veritable motor de l'economia catalana. Us transmetem el nostre suport amb aquest missatge.","breadcrumb":{"@id":"https:\/\/www.factorenergia.com\/ca\/blog\/emili-rousaud\/remuntarem-des-les-pimes\/#breadcrumb"},"inLanguage":"ca","potentialAction":[{"@type":"ReadAction","target":["https:\/\/www.factorenergia.com\/ca\/blog\/emili-rousaud\/remuntarem-des-les-pimes\/"]}]},{"@type":"BreadcrumbList","@id":"https:\/\/www.factorenergia.com\/ca\/blog\/emili-rousaud\/remuntarem-des-les-pimes\/#breadcrumb","itemListElement":[{"@type":"ListItem","position":1,"name":"Portada","item":"https:\/\/www.factorenergia.com\/ca\/"},{"@type":"ListItem","position":2,"name":"Remuntarem des de les pimes"}]},{"@type":"WebSite","@id":"https:\/\/www.factorenergia.com\/es\/#website","url":"https:\/\/www.factorenergia.com\/es\/","name":"factorenergia","description":"factorenergia","potentialAction":[{"@type":"SearchAction","target":{"@type":"EntryPoint","urlTemplate":"https:\/\/www.factorenergia.com\/es\/?s={search_term_string}"},"query-input":"required name=search_term_string"}],"inLanguage":"ca"},{"@type":"Person","@id":"https:\/\/www.factorenergia.com\/es\/#\/schema\/person\/dff9e4b6dc520720e3a37bdaaedc5841","name":"Equipo Transici\u00f3n Energ\u00e9tica Factorenergia","image":{"@type":"ImageObject","inLanguage":"ca","@id":"https:\/\/www.factorenergia.com\/es\/#\/schema\/person\/image\/","url":"https:\/\/secure.gravatar.com\/avatar\/1b7c76bab80ee1c4261b06108874e24b?s=96&d=mm&r=g","contentUrl":"https:\/\/secure.gravatar.com\/avatar\/1b7c76bab80ee1c4261b06108874e24b?s=96&d=mm&r=g","caption":"Equipo Transici\u00f3n Energ\u00e9tica Factorenergia"},"description":"El equipo est\u00e1 formado por expertos en materia de Luz, Gas y Eficiencia Energ\u00e9tica, que conocen de primera mano las tendencias del mercado. Su experiencia en el sector les permite ofrecer las mejores soluciones energ\u00e9ticas y resolver las dudas planteadas por los clientes.","sameAs":["https:\/\/www.factorenergia.com\/es\/","https:\/\/www.facebook.com\/factorenergiacom","https:\/\/www.instagram.com\/factorenergia_com\/","https:\/\/es.linkedin.com\/company\/factor-energia","https:\/\/twitter.com\/factorenergia","https:\/\/www.youtube.com\/c\/factorenergiacom"],"url":"https:\/\/www.factorenergia.com\/ca\/blog\/author\/marketing\/"}]}},"_links":{"self":[{"href":"https:\/\/www.factorenergia.com\/ca\/wp-json\/wp\/v2\/posts\/9038"}],"collection":[{"href":"https:\/\/www.factorenergia.com\/ca\/wp-json\/wp\/v2\/posts"}],"about":[{"href":"https:\/\/www.factorenergia.com\/ca\/wp-json\/wp\/v2\/types\/post"}],"author":[{"embeddable":true,"href":"https:\/\/www.factorenergia.com\/ca\/wp-json\/wp\/v2\/users\/17"}],"replies":[{"embeddable":true,"href":"https:\/\/www.factorenergia.com\/ca\/wp-json\/wp\/v2\/comments?post=9038"}],"version-history":[{"count":2,"href":"https:\/\/www.factorenergia.com\/ca\/wp-json\/wp\/v2\/posts\/9038\/revisions"}],"predecessor-version":[{"id":10239,"href":"https:\/\/www.factorenergia.com\/ca\/wp-json\/wp\/v2\/posts\/9038\/revisions\/10239"}],"acf:term":[{"embeddable":true,"taxonomy":"category","href":"https:\/\/www.factorenergia.com\/ca\/wp-json\/wp\/v2\/categories\/59"}],"wp:attachment":[{"href":"https:\/\/www.factorenergia.com\/ca\/wp-json\/wp\/v2\/media?parent=9038"}],"wp:term":[{"taxonomy":"category","embeddable":true,"href":"https:\/\/www.factorenergia.com\/ca\/wp-json\/wp\/v2\/categories?post=9038"},{"taxonomy":"post_tag","embeddable":true,"href":"https:\/\/www.factorenergia.com\/ca\/wp-json\/wp\/v2\/tags?post=9038"}],"curies":[{"name":"wp","href":"https:\/\/api.w.org\/{rel}","templated":true}]}}