{"id":8731,"date":"2021-02-19T11:34:13","date_gmt":"2021-02-19T09:34:13","guid":{"rendered":"https:\/\/www.factorenergia.com\/ca\/?post_type=blog&#038;p=8731"},"modified":"2025-08-06T11:35:09","modified_gmt":"2025-08-06T09:35:09","slug":"compensacio-dexcedents-dautoconsum","status":"publish","type":"post","link":"https:\/\/www.factorenergia.com\/ca\/blog\/autoconsum-electric\/compensacio-dexcedents-dautoconsum\/","title":{"rendered":"Compensaci\u00f3 d&#8217;excedents d&#8217;autoconsum"},"content":{"rendered":"<p style=\"text-align: justify;\">\n<script type=\"text\/javascript\" id=\"auto-index\" async defer>\n\n      function indexContent(context){\n\n      var container = document.querySelector(context);\n\n      element = document.getElementById(\"accordion-index\");\n      var titles = Array.from(container.querySelectorAll(\"h2,h3\"));\n\n      for (var i = 0, l = titles.length; i < l; i++) {\n\n\t\tjQuery('#accordionIndex').show();\n\n        var tit = titles[i];\n\t\tvar newTitle = tit.textContent.toLowerCase().replace(\/[^a-zA-Z ]\/g, \"\").replace(\/\\s\/g, '-');\n\t\tvar numTag = Number(tit.tagName.replace(\/[^1-9]\/g, \"\"));\n\t\tvar tagWidth = (numTag*20);\n\n\t\tvar preText = '<span style=\"margin-left:' + tagWidth + 'px\"><\/span>';\n\n        tit.setAttribute(\"id\", newTitle);\n\t\tjQuery(tit).addClass('h-inline');\n\t\t\n\t\tvar toIndex = '<p class=\"h-inline\"><a class=\"blog-toindex\" href=\"#accordionIndex\"><span class=\"glyphicon glyphicon-chevron-up\" aria-hidden=\"true\"><\/span><\/a><\/p>';\n\n\t\tjQuery(toIndex).insertAfter(tit);\n\n        var node = document.createElement(\"LI\");                 \n        var link = document.createElement(\"A\");\n        var textnode = document.createTextNode(tit.textContent);\n\n        link.appendChild(textnode);\n        link.setAttribute(\"href\", '#' + newTitle);\n\t\t\/\/link.setAttribute(\"style\", \"margin-left:\" + tagWidth + \"px\");\n\t\tlink.setAttribute(\"class\", \"acc-h\" + numTag);\n        node.appendChild(link);\n\n        element.appendChild(node);\n\n      }\n    }\n\n    jQuery(document).ready(function(){\t\t\n\t\tindexContent(\".single-post-content\");\n\n\t\tjQuery(\".accordion-toggle\").click(function() {\n\t\t\tjQuery(this).toggleClass(\"open\");\n\t\t\tjQuery(\"#collapseIndex\").slideToggle(\"in\");\n\t\t});\n\t});\n\n\n<\/script>\n\n<style>\n\t.accordion-toggle{\n\t\tcursor:pointer;\n\t}\n\n\t#accordionIndex .panel-heading{\n\t\tmargin-bottom:0px;\n\t}\n\n\t.articulo ul, .articulo ol{\n\t\tmargin-bottom:auto;\n\t}\n\n\t.h-inline{\n\t\tdisplay: inline-flex;\n\t\tflex-wrap: wrap\n\t}\n\t#accordion-index{\n\t\tpadding-left:0px;\n\t}\n\t#accordion-index li a{\n\t\tdisplay:block;\n\t\tpadding-top:5px;\n\t}\n\n\t.acc-h2{\n\t\tmargin-left:0px;\n\t\tposition: relative;\n\t}\n\n\t.acc-h3{\n\t\tmargin-left:25px;\n\t}\n\n\t.acc-h3::before{\n\t\tcontent: \"\";\n\t\tbackground-color:var(--blue-light);\n\t\tmargin-left:-10px;\n\t\twidth: 7px;\n\t\theight: 7px;\n\t\tdisplay: inline-block;\n\t\ttext-align: center;\n\t\tborder-radius: 1000px;\n\t\tmargin-right: 10px;\n    \tmargin-bottom: 2px;\n\t}\n\n\t.acc-h4{\n\t\tmargin-left:40px;\n\t}\n\n\t.acc-h4::before{\n\t\tcontent: \"\";\n\t\tborder: 1px solid var(--blue-light);\n\t\tmargin-left:-5px;\n\t\twidth: 7px;\n\t\theight: 7px;\n\t\tdisplay: inline-block;\n\t\ttext-align: center;\n\t\tborder-radius: 100%;\n\t\tmargin-right: 10px;\n    \tmargin-bottom: 2px;\n\t}\n\n\t.acc-h3:hover::before{\n\t\tbackground-color: var(--blue-darkest);\n\t}\n\n\t.acc-h4:hover::before{\n\t\tborder-color: var(--blue-darkest);\n\t}\n\n\t@media (max-width: 992px){\n\t\t.acc-h2{\n\t\t\tmargin-left:0px;\n\t\t}\n\t\t.acc-h3{\n\t\t\tmargin-left:20px;\n\t\t}\n\t\t.acc-h4{\n\t\t\tmargin-left:40px;\n\t\t}\n\t}\n\n\t\/*\n\th2.h-inline:after,\n\th3.h-inline:after{\n\t\theight: 24px;\n\t\tcontent: \"\";\n\t\tdisplay: table-row;\n\t}*\/\n<\/style>\n\n<div id=\"table-accordion-index\">\n\t<div class=\"panel-group\" id=\"accordionIndex\">\n\t\t<div class=\"panel panel-default\">\n\t\t\t<div class=\"panel-heading\">\n\t\t\t\t<div class=\"panel-title open\"><div class=\"accordion-toggle\" data-toggle=\"collapse\" data-parent=\"#accordion\" aria-expanded=\"true\">\u00edndex<\/div><\/div>\n\t\t\t<\/div>\n\t\t\t<div id=\"collapseIndex\" class=\"panel-collapse collapse in\" aria-expanded=\"true\">\n\t\t\t\t<div class=\"panel-body\">\n\t\t\t\t\t<ul id=\"accordion-index\">\n\t\t\t\t\t<\/ul>\n\t\t\t\t<\/div>\n\t\t\t<\/div>\n\t\t<\/div>\n\t<\/div>\n<\/div><\/p>\n<p style=\"text-align: justify;\">Actualment factorenergia est\u00e0 gestionant l&#8217;activaci\u00f3 de la compensaci\u00f3 d&#8217;excedents de les instal\u00b7lacions d&#8217;autoconsum, tant de particulars com d&#8217;empreses.<\/p>\n<p style=\"text-align: justify;\">D&#8217;aquesta manera, tots els nostres clients que tinguin registrades les seves instal\u00b7lacions d&#8217;<strong>autoconsum<\/strong> de manera correcta en la corresponent Conselleria d&#8217;Ind\u00fastria, ja poden <a href=\"https:\/\/www.factorenergia.com\/ca\/plaques-solars\/excedents-autoconsum\/\" title=\"vendre electricitat a la red el\u00e8ctrica\" target=\"_blank\" rel=\"noopener\">vendre electricitat a la red al 2021<\/a> i<strong>\u00a0rebre compensaci\u00f3 econ\u00f2mica pels seus excedents<\/strong> d&#8217;una forma absolutament transparent i senzilla.<\/p>\n<p style=\"text-align: justify;\">Aquesta gesti\u00f3 \u00e9s possible gr\u00e0cies al <a href=\"https:\/\/www.boe.es\/buscar\/doc.php?id=BOE-A-2019-5089#:~:text=Real%20Decreto%20244%2F2019%2C%20de,Ver%20texto%20consolidado&amp;text=83%2C%20de%206%20de%20abril,a%2035719%20(46%20p%C3%A1gs.%20)\" title=\"Reial Decret 244\/2019\" target=\"_blank\" rel=\"nofollow noopener noreferrer\">Reial Decret 244\/2019<\/a>, que ha perm\u00e8s que els excedents generats per l&#8217;energia solar, poguessin abocar-se a la xarxa i obtenir a canvi una compensaci\u00f3 econ\u00f2mica per part de les comercialitzadores.<\/p>\n<p style=\"text-align: justify;\">\r\n<script type=\"text\/javascript\" async defer>\r\n\r\n    jQuery(document).ready(function(){\t\t\r\n\t\t\r\n\t});\r\n<\/script>\r\n\r\n<style>\r\n\t.block-interested_posts{\r\n        margin-top: 10px;\r\n        padding: 20px;\r\n        border: 2px solid #92C200;\r\n    }\r\n    .block-interested_posts ul{\r\n        margin-bottom:0px;\r\n    }\r\n    .block-interested_posts ul li{\r\n        margin-bottom:5px;\r\n    }\r\n    .block-interested_posts ul li a{\r\n        \/*color: #DF981E;*\/\r\n    }\r\n\r\n<\/style>\r\n\r\n<div class=\"block-interested_posts\">\r\n    <p><strong>Post que et poden interessar<\/strong><\/p>\r\n    <ul>\r\n                    <li><a href=\"https:\/\/www.factorenergia.com\/ca\/blog\/autoconsum-electric\/energia-solar-tot-el-que-has-de-saber\/\" title=\"Energia solar: tot el que has de saber\">Energia solar: tot el que has de saber<\/a><\/li>\r\n                    <li><a href=\"https:\/\/www.factorenergia.com\/ca\/blog\/noticies\/energies-renovables-caracteristiques-tipus-i-nous-reptes\/\" title=\"Energies renovables: caracter\u00edstiques, tipus i nous reptes\">Energies renovables: caracter\u00edstiques, tipus i nous reptes<\/a><\/li>\r\n                    <li><a href=\"https:\/\/www.factorenergia.com\/ca\/blog\/autoconsum-electric\/5-dubtes-compensacio-excedents\/\" title=\"Els 5 dubtes m\u00e9s freq\u00fcents sobre la compensaci\u00f3 d&#8217;excedents\">Els 5 dubtes m\u00e9s freq\u00fcents sobre la compensaci\u00f3 d&#8217;excedents<\/a><\/li>\r\n            <\/ul>\t\r\n<\/div><\/p>\n<h2 style=\"font-size: 20px !important; color: #777777;\"><strong>Com \u00e9s el proc\u00e9s per a reclamar la compensaci\u00f3 d&#8217;excedents?<\/strong><\/h2>\n<p style=\"text-align: justify;\">Per a registrar aquest tipus d&#8217;instal\u00b7lacions, els clients o en defecte d&#8217;aix\u00f2 els seus instal\u00b7ladors, hauran de realitzar el tr\u00e0mit davant de la Conselleria d&#8217;Ind\u00fastria de la seva Comunitat Aut\u00f2noma. Una vegada registrada i acceptada la sol\u00b7licitud, l&#8217;administraci\u00f3 auton\u00f2mica ho comunicar\u00e0 a la distribu\u00efdora el\u00e8ctrica de la zona per a donar a con\u00e8ixer de l&#8217;exist\u00e8ncia d&#8217;aquest\u00a0tipus d&#8217;instal\u00b7laci\u00f3 en el punt de subministrament relacionat.<\/p>\n<p style=\"text-align: justify;\">Una vegada completat aquest pas, la distribu\u00efdora tindr\u00e0 l&#8217;obligaci\u00f3 d&#8217;informar a l&#8217;empresa comercialitzadora (en aquest cas a <a href=\"https:\/\/www.factorenergia.com\/es\/\" title=\"companyia el\u00e8ctrica catalana\" target=\"_blank\" rel=\"noopener noreferrer\">factorenergia<\/a>) de l&#8217;exist\u00e8ncia d&#8217;aquesta sol\u00b7licitud per part del seu client. En aquest punt ens posarem en contacte amb tu per a establir un<strong> contracte de compensaci\u00f3 d&#8217;excedents<\/strong> i sol\u00b7licitar-te la documentaci\u00f3 necess\u00e0ria a presentar davant de la distribu\u00efdora per a finalitzar l&#8217;activaci\u00f3 del producte.<\/p>\n<p style=\"text-align: justify;\">Finalitzat el tr\u00e0mit i, amb car\u00e0cter mensual, la distribu\u00efdora ens facilitar\u00e0 les lectures d&#8217;energia excedent\u00e0ria que ens permetr\u00e0 poder compensar-te-la dins de la factura de llum i <strong>abonar-te el teu excedent en forma d&#8217;estalvi.<\/strong><\/p>\n<p style=\"text-align: justify;\"><picture><source srcset=\"https:\/\/www.factorenergia.com\/wp-content\/webp-express\/webp-images\/uploads\/2021\/02\/excedentes-autoconsumo.jpg.webp 800w, https:\/\/www.factorenergia.com\/wp-content\/webp-express\/webp-images\/uploads\/2021\/02\/excedentes-autoconsumo-300x225.jpg.webp 300w, https:\/\/www.factorenergia.com\/wp-content\/webp-express\/webp-images\/uploads\/2021\/02\/excedentes-autoconsumo-768x576.jpg.webp 768w, https:\/\/www.factorenergia.com\/wp-content\/webp-express\/webp-images\/uploads\/2021\/02\/excedentes-autoconsumo-236x177.jpg.webp 236w, https:\/\/www.factorenergia.com\/wp-content\/webp-express\/webp-images\/uploads\/2021\/02\/excedentes-autoconsumo-90x68.jpg.webp 90w, https:\/\/www.factorenergia.com\/wp-content\/webp-express\/webp-images\/uploads\/2021\/02\/excedentes-autoconsumo-170x128.jpg.webp 170w, https:\/\/www.factorenergia.com\/wp-content\/webp-express\/webp-images\/uploads\/2021\/02\/excedentes-autoconsumo-480x360.jpg.webp 480w, https:\/\/www.factorenergia.com\/wp-content\/webp-express\/webp-images\/uploads\/2021\/02\/excedentes-autoconsumo-400x300.jpg.webp 400w\" sizes=\"(max-width: 800px) 100vw, 800px\" type=\"image\/webp\"><img loading=\"lazy\" decoding=\"async\" src=\"https:\/\/www.factorenergia.com\/wp-content\/uploads\/2021\/02\/excedentes-autoconsumo.jpg\" alt=\"excedents autoconsum\" width=\"800\" height=\"600\" class=\"alignnone wp-image-10398 size-full webpexpress-processed\" title=\"excedents d'autooconsum fotovoltaic\" srcset=\"https:\/\/www.factorenergia.com\/wp-content\/uploads\/2021\/02\/excedentes-autoconsumo.jpg 800w, https:\/\/www.factorenergia.com\/wp-content\/uploads\/2021\/02\/excedentes-autoconsumo-300x225.jpg 300w, https:\/\/www.factorenergia.com\/wp-content\/uploads\/2021\/02\/excedentes-autoconsumo-768x576.jpg 768w, https:\/\/www.factorenergia.com\/wp-content\/uploads\/2021\/02\/excedentes-autoconsumo-236x177.jpg 236w, https:\/\/www.factorenergia.com\/wp-content\/uploads\/2021\/02\/excedentes-autoconsumo-90x68.jpg 90w, https:\/\/www.factorenergia.com\/wp-content\/uploads\/2021\/02\/excedentes-autoconsumo-170x128.jpg 170w, https:\/\/www.factorenergia.com\/wp-content\/uploads\/2021\/02\/excedentes-autoconsumo-480x360.jpg 480w, https:\/\/www.factorenergia.com\/wp-content\/uploads\/2021\/02\/excedentes-autoconsumo-400x300.jpg 400w\" sizes=\"(max-width: 800px) 100vw, 800px\"><\/picture><\/p>\n<p style=\"font-size: 20px !important; color: #777777;\"><strong>Pas a pas de la gesti\u00f3 de compensaci\u00f3 d&#8217;excedents<\/strong><\/p>\n<p style=\"text-align: justify;\">A continuaci\u00f3, et detallem pas a pas les gestions necess\u00e0ries per a tramitar la compensaci\u00f3 d&#8217;excedents de la teva instal\u00b7laci\u00f3 d&#8217;autoconsum:<\/p>\n<h3 style=\"font-size: 16px !important; color: #777777;\"><strong>1. Es registra la instal\u00b7laci\u00f3 d&#8217;autoconsum en la CC.AA<\/strong><\/h3>\n<p style=\"text-align: justify;\">Si realitzes la instal\u00b7laci\u00f3 amb factorenergia, nosaltres ens encarreguem de registrar-la en la Comunitat Aut\u00f2noma en la qual se situa la teva <a href=\"https:\/\/www.factorenergia.com\/ca\/llars\/plaques-solars\/\"><\/a><a href=\"https:\/\/www.factorenergia.com\/ca\/llars\/plaques-solars\/\" target=\"_blank\" rel=\"noopener\">instal\u00b7laci\u00f3 fotovoltaica d&#8217;autoconsum.<\/a> Si no has realitzat la instal\u00b7laci\u00f3 amb nosaltres, haur\u00e0s d&#8217;acudir al teu instal\u00b7lador i sol\u00b7licitar-li que realitzi el tr\u00e0mit si encara no ho ha fet.<\/p>\n<p><span><div class=\"widget-form\">\r\n    \n<div class=\"wpcf7 no-js\" id=\"wpcf7-f21837-o1\" lang=\"es-ES\" dir=\"ltr\">\n<div class=\"screen-reader-response\"><p role=\"status\" aria-live=\"polite\" aria-atomic=\"true\"><\/p> <ul><\/ul><\/div>\n<form action=\"\/ca\/wp-json\/wp\/v2\/posts\/8731#wpcf7-f21837-o1\" method=\"post\" class=\"wpcf7-form init\" aria-label=\"Contact form\" novalidate=\"novalidate\" data-status=\"init\">\n<div style=\"display: none;\">\n<input type=\"hidden\" name=\"_wpcf7\" value=\"21837\" \/>\n<input type=\"hidden\" name=\"_wpcf7_version\" value=\"5.9\" \/>\n<input type=\"hidden\" name=\"_wpcf7_locale\" value=\"es_ES\" \/>\n<input type=\"hidden\" name=\"_wpcf7_unit_tag\" value=\"wpcf7-f21837-o1\" \/>\n<input type=\"hidden\" name=\"_wpcf7_container_post\" value=\"0\" \/>\n<input type=\"hidden\" name=\"_wpcf7_posted_data_hash\" value=\"\" \/>\n<input type=\"hidden\" name=\"_wpcf7_recaptcha_response\" value=\"\" \/>\n<\/div>\n<div class=\"widget-simple-form-ac\">\n\t<div class=\"header-ac\">\n\t\t<p>Aconsegueix el teu estudi gratu\u00eft\n\t\t<\/p>\n\t\t<div class=\"close-form\">\n\t\t\t<p>X\n\t\t\t<\/p>\n\t\t<\/div>\n\t<\/div>\n\t<div class=\"widget-form-ac-container\">\n\t\t<p class=\"subtitle-ac-form\">Amb les nostres Plaques Solars + Bateria Virtual, <span class=\"blue\">redueix a 0\u20ac el consum de la teva factura de la llum.<\/span> No et quedis sense el teu estudi gratis!\n\t\t<\/p>\n\t\t<div class=\"inputs-container\">\n\t\t\t<div class=\"input\">\n\t\t\t\t<p><span class=\"wpcf7-form-control-wrap\" data-name=\"name1\"><input size=\"40\" class=\"wpcf7-form-control wpcf7-text wpcf7-validates-as-required\" id=\"name\" aria-required=\"true\" aria-invalid=\"false\" placeholder=\"Nom\" value=\"\" type=\"text\" name=\"name1\" \/><\/span>\n\t\t\t\t<\/p>\n\t\t\t\t<div class=\"error\">\n\t\t\t\t\t<p><span role='alert' class='wpcf7-not-valid-tip'><\/span>\n\t\t\t\t\t<\/p>\n\t\t\t\t<\/div>\n\t\t\t<\/div>\n\t\t\t<div class=\"input\">\n\t\t\t\t<p><span class=\"wpcf7-form-control-wrap\" data-name=\"lastname\"><input size=\"40\" class=\"wpcf7-form-control wpcf7-text wpcf7-validates-as-required\" id=\"lastname\" aria-required=\"true\" aria-invalid=\"false\" placeholder=\"Cognom\" value=\"\" type=\"text\" name=\"lastname\" \/><\/span>\n\t\t\t\t<\/p>\n\t\t\t\t<div class=\"error\">\n\t\t\t\t\t<p><span role='alert' class='wpcf7-not-valid-tip'><\/span>\n\t\t\t\t\t<\/p>\n\t\t\t\t<\/div>\n\t\t\t<\/div>\n\t\t<\/div>\n\t\t<div class=\"inputs-container\">\n\t\t\t<div class=\"input\">\n\t\t\t\t<p><span class=\"wpcf7-form-control-wrap\" data-name=\"email\"><input size=\"40\" class=\"wpcf7-form-control wpcf7-email wpcf7-validates-as-required wpcf7-text wpcf7-validates-as-email\" aria-required=\"true\" aria-invalid=\"false\" placeholder=\"Email\" value=\"\" type=\"email\" name=\"email\" \/><\/span>\n\t\t\t\t<\/p>\n\t\t\t\t<div class=\"error\">\n\t\t\t\t\t<p><span role='alert' class='wpcf7-not-valid-tip'><\/span>\n\t\t\t\t\t<\/p>\n\t\t\t\t<\/div>\n\t\t\t<\/div>\n\t\t\t<div class=\"input\">\n\t\t\t\t<p><span class=\"wpcf7-form-control-wrap\" data-name=\"tel\"><input size=\"40\" class=\"wpcf7-form-control wpcf7-tel wpcf7-validates-as-required wpcf7-text wpcf7-validates-as-tel\" aria-required=\"true\" aria-invalid=\"false\" placeholder=\"Tel\u00e8fon\" value=\"\" type=\"tel\" name=\"tel\" \/><\/span>\n\t\t\t\t<\/p>\n\t\t\t\t<div class=\"error\">\n\t\t\t\t\t<p><span role='alert' class='wpcf7-not-valid-tip'><\/span>\n\t\t\t\t\t<\/p>\n\t\t\t\t<\/div>\n\t\t\t<\/div>\n\t\t<\/div>\n\t\t<p class=\"legal-text\">En enviar aquest formulari consent que les seves dades siguin tractades per FACTORENERGIA S.A., com a corresponsables, per a remetre-li ofertes i informaci\u00f3 comercial. Pot exercitar els seus drets conforme a l'indicat en la nostra <a href=\"\/ca\/privacidad\/\">Pol\u00edtica de privacitat.<\/a>\n\t\t<\/p>\n\t\t<div class=\"inputs-container\">\n\t\t\t<div class=\"button-submit\">\n\t\t\t\t<p><input class=\"wpcf7-form-control wpcf7-submit has-spinner primary-btn green-btn btn-submit\" type=\"submit\" value=\"Demana el teu estudi gratis\" \/>\n\t\t\t\t<\/p>\n\t\t\t<\/div>\n\t\t<\/div>\n\t<\/div>\n<\/div><div class=\"wpcf7-response-output\" aria-hidden=\"true\"><\/div>\n<\/form>\n<\/div>\n<\/div>\r\n\r\n<div class=\"widget-form-sended\" style=\"display: none\">\r\n    <h4><b>Ben fet!<\/b> Aquest \u00e9s el teu primer pas cap a la independ\u00e8ncia energ\u00e8tica.<\/h4>\r\n    <p>En un m\u00e0xim de 48 hores, un especialista es posar\u00e0 en contacte amb tu per a estudiar el teu cas, assessorar-te i oferir-te la millor soluci\u00f3 energ\u00e8tica.<\/p>\r\n    <div class=\"inputs-container\">\r\n        <div class=\"button-submit\">\r\n            <a class=\"primary-btn center otro-estudio green-btn\">\r\n                Demanar un altre estudi gratis            <\/a>\r\n        <\/div>\r\n        <div class=\"trustpilot-widget trust-widget-form-ac\" data-locale=\"es-ES\" data-template-id=\"5419b732fbfb950b10de65e5\" data-businessunit-id=\"5fd8ae6f2ead35000193bbae\" data-style-height=\"24px\" data-style-width=\"100%\" data-theme=\"light\" style=\"position: relative;\"><iframe title=\"Customer reviews powered by Trustpilot\" loading=\"auto\" src=\"https:\/\/widget.trustpilot.com\/trustboxes\/5419b732fbfb950b10de65e5\/index.html?templateId=5419b732fbfb950b10de65e5&amp;businessunitId=5fd8ae6f2ead35000193bbae#locale=es-ES&amp;styleHeight=24px&amp;styleWidth=100%25&amp;theme=light\" style=\"position: relative; height: 24px; width: 100%; border-style: none; display: block; overflow: hidden;\"><\/iframe><\/div>\r\n    <\/div>\r\n<\/div>\r\n<\/span><\/p>\n<h3 style=\"font-size: 16px !important; color: #777777;\"><strong>2. La CC.AA. avisa a la distribu\u00efdora del registre<\/strong><\/h3>\n<p style=\"text-align: justify;\">Una vegada s&#8217;ha registrat correctament, la Comunitat Aut\u00f2noma comunica el registre de la teva instal\u00b7laci\u00f3 d&#8217;autoconsum a la distribu\u00efdora, ja que \u00e9s la propiet\u00e0ria del comptador i aquesta ens avisar\u00e0 a nosaltres.<\/p>\n<h3 style=\"font-size: 16px !important; color: #777777;\"><strong>3. T&#8217;informem en tot moment de com evolucionen les teves gestions<\/strong><\/h3>\n<p style=\"text-align: justify;\">En el moment que la distribu\u00efdora ens avisi, contactarem personalment amb tu per a procedir a la signatura de l&#8217;annex al contracte de subministrament corresponent a la compensaci\u00f3 d&#8217;excedents.<\/p>\n<p style=\"text-align: justify;\">Per als clients que no hagin realitzat la <a href=\"https:\/\/www.factorenergia.com\/ca\/llars\/plaques-solars\/\" title=\"panells fotovoltaics\" target=\"_blank\" rel=\"noopener\">instal\u00b7laci\u00f3 fotovoltaica d&#8217;autoconsum.<\/a> amb factorenergia, detallem tots els documents que necessitarem rebre per part vostra, per a poder realitzar aquest \u00faltim tr\u00e0mit davant de distribu\u00efdora. Haur\u00e0 de ser el vostre instal\u00b7lador qui us gestioni i faciliti aquesta documentaci\u00f3:<\/p>\n<ul>\n<li style=\"text-align: justify;\"><strong>Certificat d&#8217;Instal\u00b7laci\u00f3 El\u00e8ctrica de baixa tensi\u00f3 (CIE).<\/strong><\/li>\n<li style=\"text-align: justify;\"><strong>Document acreditatiu del Registre d&#8217;Instal\u00b7lacions T\u00e8cniques de Seguretat Industrial de la seva CCAA d&#8217;una instal\u00b7laci\u00f3 de baixa tensi\u00f3.<\/strong><\/li>\n<li style=\"text-align: justify;\"><strong>Document acreditatiu del procediment administratiu i inscripci\u00f3 en el registre de la Comunitat Aut\u00f2noma indicant la modalitat de compensaci\u00f3 d&#8217;excedents.<\/strong><\/li>\n<\/ul>\n<p style=\"text-align: justify;\">Una vegada tinguem la teva conformitat i s&#8217;hagi validat tota la documentaci\u00f3 requerida, iniciarem els tr\u00e0mits necessaris perqu\u00e8 la distribu\u00efdora faci el canvi de modalitat en el teu contracte i et pugui activar de manera telem\u00e0tica el teu comptador per a comen\u00e7ar a realitzar lectures de l&#8217;energia excedent\u00e0ria. A partir de llavors, ells com a encarregats de la lectura, ens comen\u00e7aran a enviar les mesures d&#8217;aquesta energia i aix\u00ed nosaltres, com la teva comercialitzadora, comen\u00e7arem a abonar-te l&#8217;excedent en\u00a0la teva\u00a0<a href=\"\/es\/hogares\/tarifas\/\" title=\"preu de la llum\" target=\"_blank\" rel=\"noopener noreferrer\">factura de la llum<\/a>.<\/p>\n<h3 style=\"font-size: 16px !important; color: #777777;\"><strong>4. Com es compensa els excedents d&#8217;autoconsum?<\/strong><\/h3>\n<p style=\"text-align: justify;\">La compensaci\u00f3 d&#8217;excedents es veur\u00e0 reflectida mensualment en la teva factura, per\u00f2 recorda que <strong>mai es compensar\u00e0 m\u00e9s del que es consumeix<\/strong>.<\/p>\n<p style=\"text-align: justify;\"><picture><source srcset=\"https:\/\/www.factorenergia.com\/wp-content\/webp-express\/webp-images\/uploads\/2021\/02\/excedentes-autoconsumo-electrico.jpg.webp 800w, https:\/\/www.factorenergia.com\/wp-content\/webp-express\/webp-images\/uploads\/2021\/02\/excedentes-autoconsumo-electrico-300x226.jpg.webp 300w, https:\/\/www.factorenergia.com\/wp-content\/webp-express\/webp-images\/uploads\/2021\/02\/excedentes-autoconsumo-electrico-768x578.jpg.webp 768w, https:\/\/www.factorenergia.com\/wp-content\/webp-express\/webp-images\/uploads\/2021\/02\/excedentes-autoconsumo-electrico-235x177.jpg.webp 235w, https:\/\/www.factorenergia.com\/wp-content\/webp-express\/webp-images\/uploads\/2021\/02\/excedentes-autoconsumo-electrico-90x68.jpg.webp 90w, https:\/\/www.factorenergia.com\/wp-content\/webp-express\/webp-images\/uploads\/2021\/02\/excedentes-autoconsumo-electrico-170x128.jpg.webp 170w, https:\/\/www.factorenergia.com\/wp-content\/webp-express\/webp-images\/uploads\/2021\/02\/excedentes-autoconsumo-electrico-478x360.jpg.webp 478w, https:\/\/www.factorenergia.com\/wp-content\/webp-express\/webp-images\/uploads\/2021\/02\/excedentes-autoconsumo-electrico-399x300.jpg.webp 399w\" sizes=\"(max-width: 800px) 100vw, 800px\" type=\"image\/webp\"><img loading=\"lazy\" decoding=\"async\" src=\"https:\/\/www.factorenergia.com\/wp-content\/uploads\/2021\/02\/excedentes-autoconsumo-electrico.jpg\" alt=\"excedents autoconsum electric\" width=\"800\" height=\"602\" class=\"alignnone wp-image-10400 size-full webpexpress-processed\" title=\"excedents d'autoconsum plaques solars\" srcset=\"https:\/\/www.factorenergia.com\/wp-content\/uploads\/2021\/02\/excedentes-autoconsumo-electrico.jpg 800w, https:\/\/www.factorenergia.com\/wp-content\/uploads\/2021\/02\/excedentes-autoconsumo-electrico-300x226.jpg 300w, https:\/\/www.factorenergia.com\/wp-content\/uploads\/2021\/02\/excedentes-autoconsumo-electrico-768x578.jpg 768w, https:\/\/www.factorenergia.com\/wp-content\/uploads\/2021\/02\/excedentes-autoconsumo-electrico-235x177.jpg 235w, https:\/\/www.factorenergia.com\/wp-content\/uploads\/2021\/02\/excedentes-autoconsumo-electrico-90x68.jpg 90w, https:\/\/www.factorenergia.com\/wp-content\/uploads\/2021\/02\/excedentes-autoconsumo-electrico-170x128.jpg 170w, https:\/\/www.factorenergia.com\/wp-content\/uploads\/2021\/02\/excedentes-autoconsumo-electrico-478x360.jpg 478w, https:\/\/www.factorenergia.com\/wp-content\/uploads\/2021\/02\/excedentes-autoconsumo-electrico-399x300.jpg 399w\" sizes=\"(max-width: 800px) 100vw, 800px\"><\/picture><\/p>\n<h3 style=\"font-size: 20px !important; color: #777777;\"><strong>Produeix la teva pr\u00f2pia energia amb factorenergia<\/strong><\/h3>\n<p style=\"text-align: justify;\">A factorenergia apostem per l&#8217;autoconsum, ja que d\u00f3na un gran empoderament al ciutad\u00e0 convertint-lo alhora en productor i consumidor.<\/p>\n<p style=\"text-align: justify;\">D&#8217;aquesta manera, disposem de solucions per a qualsevol\u00a0tipus d&#8217;instal\u00b7laci\u00f3. El nostre comprom\u00eds \u00e9s que la teva instal\u00b7laci\u00f3 sigui el m\u00e9s eficient possible, tant per al teu estalvi econ\u00f2mic com per a al medi ambient.<\/p>\n<p style=\"text-align: justify;\">Si est\u00e0s interessat a passar-te a l&#8217;autoconsum fotovoltaic, <a href=\"\/es\/hogares\/autoconsumo\/\" title=\"instal\u00b7lacions fotovoltaiques\" target=\"_blank\" rel=\"noopener noreferrer\">emplena el nostre formulari web<\/a> i t&#8217;enviarem una oferta personalitzada sobre <strong>quant podr\u00e0s estalviar en la teva factura de la llum.<\/strong> O si ho prefereixes, truca&#8217;ns al 93 120 51 94 o escriu un correu a solar@factorenergia.com. A m\u00e9s, financem tots els nostres productes d&#8217;efici\u00e8ncia energ\u00e8tica en c\u00f2modes quotes. Ja no hi ha excuses per a no passar-te a l&#8217;autoconsum!<\/p>\n<p style=\"text-align: justify;\"><strong>Comen\u00e7a a autoproduir i consumir la teva pr\u00f2pia energia 100% verda amb factorenergia!<\/strong><\/p>\n<p>&nbsp;<\/p>\n","protected":false},"excerpt":{"rendered":"<p>A factorenergia apliquem la compensaci\u00f3 d&#8217;excedents d&#8217;autoconsum, tant de les instal\u00b7lacions residencials com de pymes amb pot\u00e8ncia instal\u00b7lada menor a 100 kW. Gestionem tots els tr\u00e0mits perqu\u00e8 no t&#8217;hagis de preocupar de res. Aposta per l&#8217;autoconsum!<\/p>\n","protected":false},"author":17,"featured_media":0,"comment_status":"open","ping_status":"closed","sticky":false,"template":"","format":"standard","meta":{"inline_featured_image":false,"footnotes":""},"categories":[66],"tags":[],"acf":{"fecha_de_la_entrada":"20200220","imagen_portada":29632,"categoria_blog":null,"tipo_de_distribuidora":null,"tiempo_lectura":"","banner_bool":false,"titulo_banner":"","texto_banner":"","texto_boton_banner":"","url_boton_banner":"","post_relacionados":""},"yoast_head":"<!-- This site is optimized with the Yoast SEO plugin v22.2 - https:\/\/yoast.com\/wordpress\/plugins\/seo\/ -->\n<title>Compensaci\u00f3 d&#039;excedents d&#039;autoconsum - Factorenergia<\/title>\n<meta name=\"description\" content=\"A factorenergia apliquem la compensaci\u00f3 d&#039;excedents d&#039;autoconsum en la teva factura de la llum. T&#039;expliquem el que necessites saber en aquest post.\" \/>\n<meta name=\"robots\" content=\"index, follow, max-snippet:-1, max-image-preview:large, max-video-preview:-1\" \/>\n<link rel=\"canonical\" href=\"https:\/\/www.factorenergia.com\/ca\/blog\/autoconsum-electric\/compensacio-dexcedents-dautoconsum\/\" \/>\n<meta name=\"twitter:card\" content=\"summary_large_image\" \/>\n<meta name=\"twitter:title\" content=\"Compensaci\u00f3 d&#039;excedents d&#039;autoconsum - Factorenergia\" \/>\n<meta name=\"twitter:description\" content=\"A factorenergia apliquem la compensaci\u00f3 d&#039;excedents d&#039;autoconsum en la teva factura de la llum. T&#039;expliquem el que necessites saber en aquest post.\" \/>\n<meta name=\"twitter:image\" content=\"https:\/\/www.factorenergia.com\/wp-content\/uploads\/2021\/02\/excedentes-autoconsumo.jpg\" \/>\n<meta name=\"twitter:creator\" content=\"@factorenergia\" \/>\n<meta name=\"twitter:site\" content=\"@factorenergia\" \/>\n<meta name=\"twitter:label1\" content=\"Written by\" \/>\n\t<meta name=\"twitter:data1\" content=\"Equipo Transici\u00f3n Energ\u00e9tica Factorenergia\" \/>\n\t<meta name=\"twitter:label2\" content=\"Est. reading time\" \/>\n\t<meta name=\"twitter:data2\" content=\"5 minutes\" \/>\n<script type=\"application\/ld+json\" class=\"yoast-schema-graph\">{\"@context\":\"https:\/\/schema.org\",\"@graph\":[{\"@type\":\"WebPage\",\"@id\":\"https:\/\/www.factorenergia.com\/ca\/blog\/autoconsum-electric\/compensacio-dexcedents-dautoconsum\/\",\"url\":\"https:\/\/www.factorenergia.com\/ca\/blog\/autoconsum-electric\/compensacio-dexcedents-dautoconsum\/\",\"name\":\"Compensaci\u00f3 d'excedents d'autoconsum - Factorenergia\",\"isPartOf\":{\"@id\":\"https:\/\/www.factorenergia.com\/es\/#website\"},\"primaryImageOfPage\":{\"@id\":\"https:\/\/www.factorenergia.com\/ca\/blog\/autoconsum-electric\/compensacio-dexcedents-dautoconsum\/#primaryimage\"},\"image\":{\"@id\":\"https:\/\/www.factorenergia.com\/ca\/blog\/autoconsum-electric\/compensacio-dexcedents-dautoconsum\/#primaryimage\"},\"thumbnailUrl\":\"https:\/\/www.factorenergia.com\/wp-content\/uploads\/2021\/02\/excedentes-autoconsumo.jpg\",\"datePublished\":\"2021-02-19T09:34:13+00:00\",\"dateModified\":\"2025-08-06T09:35:09+00:00\",\"author\":{\"@id\":\"https:\/\/www.factorenergia.com\/es\/#\/schema\/person\/dff9e4b6dc520720e3a37bdaaedc5841\"},\"description\":\"A factorenergia apliquem la compensaci\u00f3 d'excedents d'autoconsum en la teva factura de la llum. T'expliquem el que necessites saber en aquest post.\",\"breadcrumb\":{\"@id\":\"https:\/\/www.factorenergia.com\/ca\/blog\/autoconsum-electric\/compensacio-dexcedents-dautoconsum\/#breadcrumb\"},\"inLanguage\":\"ca\",\"potentialAction\":[{\"@type\":\"ReadAction\",\"target\":[\"https:\/\/www.factorenergia.com\/ca\/blog\/autoconsum-electric\/compensacio-dexcedents-dautoconsum\/\"]}]},{\"@type\":\"ImageObject\",\"inLanguage\":\"ca\",\"@id\":\"https:\/\/www.factorenergia.com\/ca\/blog\/autoconsum-electric\/compensacio-dexcedents-dautoconsum\/#primaryimage\",\"url\":\"https:\/\/www.factorenergia.com\/wp-content\/uploads\/2021\/02\/excedentes-autoconsumo.jpg\",\"contentUrl\":\"https:\/\/www.factorenergia.com\/wp-content\/uploads\/2021\/02\/excedentes-autoconsumo.jpg\"},{\"@type\":\"BreadcrumbList\",\"@id\":\"https:\/\/www.factorenergia.com\/ca\/blog\/autoconsum-electric\/compensacio-dexcedents-dautoconsum\/#breadcrumb\",\"itemListElement\":[{\"@type\":\"ListItem\",\"position\":1,\"name\":\"Portada\",\"item\":\"https:\/\/www.factorenergia.com\/ca\/\"},{\"@type\":\"ListItem\",\"position\":2,\"name\":\"Compensaci\u00f3 d&#8217;excedents d&#8217;autoconsum\"}]},{\"@type\":\"WebSite\",\"@id\":\"https:\/\/www.factorenergia.com\/es\/#website\",\"url\":\"https:\/\/www.factorenergia.com\/es\/\",\"name\":\"factorenergia\",\"description\":\"factorenergia\",\"potentialAction\":[{\"@type\":\"SearchAction\",\"target\":{\"@type\":\"EntryPoint\",\"urlTemplate\":\"https:\/\/www.factorenergia.com\/es\/?s={search_term_string}\"},\"query-input\":\"required name=search_term_string\"}],\"inLanguage\":\"ca\"},{\"@type\":\"Person\",\"@id\":\"https:\/\/www.factorenergia.com\/es\/#\/schema\/person\/dff9e4b6dc520720e3a37bdaaedc5841\",\"name\":\"Equipo Transici\u00f3n Energ\u00e9tica Factorenergia\",\"image\":{\"@type\":\"ImageObject\",\"inLanguage\":\"ca\",\"@id\":\"https:\/\/www.factorenergia.com\/es\/#\/schema\/person\/image\/\",\"url\":\"https:\/\/secure.gravatar.com\/avatar\/1b7c76bab80ee1c4261b06108874e24b?s=96&d=mm&r=g\",\"contentUrl\":\"https:\/\/secure.gravatar.com\/avatar\/1b7c76bab80ee1c4261b06108874e24b?s=96&d=mm&r=g\",\"caption\":\"Equipo Transici\u00f3n Energ\u00e9tica Factorenergia\"},\"description\":\"El equipo est\u00e1 formado por expertos en materia de Luz, Gas y Eficiencia Energ\u00e9tica, que conocen de primera mano las tendencias del mercado. Su experiencia en el sector les permite ofrecer las mejores soluciones energ\u00e9ticas y resolver las dudas planteadas por los clientes.\",\"sameAs\":[\"https:\/\/www.factorenergia.com\/es\/\",\"https:\/\/www.facebook.com\/factorenergiacom\",\"https:\/\/www.instagram.com\/factorenergia_com\/\",\"https:\/\/es.linkedin.com\/company\/factor-energia\",\"https:\/\/twitter.com\/factorenergia\",\"https:\/\/www.youtube.com\/c\/factorenergiacom\"],\"url\":\"https:\/\/www.factorenergia.com\/ca\/blog\/author\/marketing\/\"}]}<\/script>\n<!-- \/ Yoast SEO plugin. -->","yoast_head_json":{"title":"Compensaci\u00f3 d'excedents d'autoconsum - Factorenergia","description":"A factorenergia apliquem la compensaci\u00f3 d'excedents d'autoconsum en la teva factura de la llum. T'expliquem el que necessites saber en aquest post.","robots":{"index":"index","follow":"follow","max-snippet":"max-snippet:-1","max-image-preview":"max-image-preview:large","max-video-preview":"max-video-preview:-1"},"canonical":"https:\/\/www.factorenergia.com\/ca\/blog\/autoconsum-electric\/compensacio-dexcedents-dautoconsum\/","twitter_card":"summary_large_image","twitter_title":"Compensaci\u00f3 d'excedents d'autoconsum - Factorenergia","twitter_description":"A factorenergia apliquem la compensaci\u00f3 d'excedents d'autoconsum en la teva factura de la llum. T'expliquem el que necessites saber en aquest post.","twitter_image":"https:\/\/www.factorenergia.com\/wp-content\/uploads\/2021\/02\/excedentes-autoconsumo.jpg","twitter_creator":"@factorenergia","twitter_site":"@factorenergia","twitter_misc":{"Written by":"Equipo Transici\u00f3n Energ\u00e9tica Factorenergia","Est. reading time":"5 minutes"},"schema":{"@context":"https:\/\/schema.org","@graph":[{"@type":"WebPage","@id":"https:\/\/www.factorenergia.com\/ca\/blog\/autoconsum-electric\/compensacio-dexcedents-dautoconsum\/","url":"https:\/\/www.factorenergia.com\/ca\/blog\/autoconsum-electric\/compensacio-dexcedents-dautoconsum\/","name":"Compensaci\u00f3 d'excedents d'autoconsum - Factorenergia","isPartOf":{"@id":"https:\/\/www.factorenergia.com\/es\/#website"},"primaryImageOfPage":{"@id":"https:\/\/www.factorenergia.com\/ca\/blog\/autoconsum-electric\/compensacio-dexcedents-dautoconsum\/#primaryimage"},"image":{"@id":"https:\/\/www.factorenergia.com\/ca\/blog\/autoconsum-electric\/compensacio-dexcedents-dautoconsum\/#primaryimage"},"thumbnailUrl":"https:\/\/www.factorenergia.com\/wp-content\/uploads\/2021\/02\/excedentes-autoconsumo.jpg","datePublished":"2021-02-19T09:34:13+00:00","dateModified":"2025-08-06T09:35:09+00:00","author":{"@id":"https:\/\/www.factorenergia.com\/es\/#\/schema\/person\/dff9e4b6dc520720e3a37bdaaedc5841"},"description":"A factorenergia apliquem la compensaci\u00f3 d'excedents d'autoconsum en la teva factura de la llum. T'expliquem el que necessites saber en aquest post.","breadcrumb":{"@id":"https:\/\/www.factorenergia.com\/ca\/blog\/autoconsum-electric\/compensacio-dexcedents-dautoconsum\/#breadcrumb"},"inLanguage":"ca","potentialAction":[{"@type":"ReadAction","target":["https:\/\/www.factorenergia.com\/ca\/blog\/autoconsum-electric\/compensacio-dexcedents-dautoconsum\/"]}]},{"@type":"ImageObject","inLanguage":"ca","@id":"https:\/\/www.factorenergia.com\/ca\/blog\/autoconsum-electric\/compensacio-dexcedents-dautoconsum\/#primaryimage","url":"https:\/\/www.factorenergia.com\/wp-content\/uploads\/2021\/02\/excedentes-autoconsumo.jpg","contentUrl":"https:\/\/www.factorenergia.com\/wp-content\/uploads\/2021\/02\/excedentes-autoconsumo.jpg"},{"@type":"BreadcrumbList","@id":"https:\/\/www.factorenergia.com\/ca\/blog\/autoconsum-electric\/compensacio-dexcedents-dautoconsum\/#breadcrumb","itemListElement":[{"@type":"ListItem","position":1,"name":"Portada","item":"https:\/\/www.factorenergia.com\/ca\/"},{"@type":"ListItem","position":2,"name":"Compensaci\u00f3 d&#8217;excedents d&#8217;autoconsum"}]},{"@type":"WebSite","@id":"https:\/\/www.factorenergia.com\/es\/#website","url":"https:\/\/www.factorenergia.com\/es\/","name":"factorenergia","description":"factorenergia","potentialAction":[{"@type":"SearchAction","target":{"@type":"EntryPoint","urlTemplate":"https:\/\/www.factorenergia.com\/es\/?s={search_term_string}"},"query-input":"required name=search_term_string"}],"inLanguage":"ca"},{"@type":"Person","@id":"https:\/\/www.factorenergia.com\/es\/#\/schema\/person\/dff9e4b6dc520720e3a37bdaaedc5841","name":"Equipo Transici\u00f3n Energ\u00e9tica Factorenergia","image":{"@type":"ImageObject","inLanguage":"ca","@id":"https:\/\/www.factorenergia.com\/es\/#\/schema\/person\/image\/","url":"https:\/\/secure.gravatar.com\/avatar\/1b7c76bab80ee1c4261b06108874e24b?s=96&d=mm&r=g","contentUrl":"https:\/\/secure.gravatar.com\/avatar\/1b7c76bab80ee1c4261b06108874e24b?s=96&d=mm&r=g","caption":"Equipo Transici\u00f3n Energ\u00e9tica Factorenergia"},"description":"El equipo est\u00e1 formado por expertos en materia de Luz, Gas y Eficiencia Energ\u00e9tica, que conocen de primera mano las tendencias del mercado. Su experiencia en el sector les permite ofrecer las mejores soluciones energ\u00e9ticas y resolver las dudas planteadas por los clientes.","sameAs":["https:\/\/www.factorenergia.com\/es\/","https:\/\/www.facebook.com\/factorenergiacom","https:\/\/www.instagram.com\/factorenergia_com\/","https:\/\/es.linkedin.com\/company\/factor-energia","https:\/\/twitter.com\/factorenergia","https:\/\/www.youtube.com\/c\/factorenergiacom"],"url":"https:\/\/www.factorenergia.com\/ca\/blog\/author\/marketing\/"}]}},"_links":{"self":[{"href":"https:\/\/www.factorenergia.com\/ca\/wp-json\/wp\/v2\/posts\/8731"}],"collection":[{"href":"https:\/\/www.factorenergia.com\/ca\/wp-json\/wp\/v2\/posts"}],"about":[{"href":"https:\/\/www.factorenergia.com\/ca\/wp-json\/wp\/v2\/types\/post"}],"author":[{"embeddable":true,"href":"https:\/\/www.factorenergia.com\/ca\/wp-json\/wp\/v2\/users\/17"}],"replies":[{"embeddable":true,"href":"https:\/\/www.factorenergia.com\/ca\/wp-json\/wp\/v2\/comments?post=8731"}],"version-history":[{"count":5,"href":"https:\/\/www.factorenergia.com\/ca\/wp-json\/wp\/v2\/posts\/8731\/revisions"}],"predecessor-version":[{"id":29634,"href":"https:\/\/www.factorenergia.com\/ca\/wp-json\/wp\/v2\/posts\/8731\/revisions\/29634"}],"wp:attachment":[{"href":"https:\/\/www.factorenergia.com\/ca\/wp-json\/wp\/v2\/media?parent=8731"}],"wp:term":[{"taxonomy":"category","embeddable":true,"href":"https:\/\/www.factorenergia.com\/ca\/wp-json\/wp\/v2\/categories?post=8731"},{"taxonomy":"post_tag","embeddable":true,"href":"https:\/\/www.factorenergia.com\/ca\/wp-json\/wp\/v2\/tags?post=8731"}],"curies":[{"name":"wp","href":"https:\/\/api.w.org\/{rel}","templated":true}]}}