{"id":8118,"date":"2021-06-11T10:00:54","date_gmt":"2021-06-11T08:00:54","guid":{"rendered":"https:\/\/www.factorenergia.com\/ca\/?post_type=blog&#038;p=8118"},"modified":"2025-07-02T11:33:54","modified_gmt":"2025-07-02T09:33:54","slug":"instalacio-de-plaques-solars","status":"publish","type":"post","link":"https:\/\/www.factorenergia.com\/ca\/blog\/autoconsum-electric\/instalacio-de-plaques-solars\/","title":{"rendered":"Tot el qu\u00e8 has de saber sobre la instal\u00b7laci\u00f3 de plaques solars"},"content":{"rendered":"<p><span>\n<script type=\"text\/javascript\" id=\"auto-index\" async defer>\n\n      function indexContent(context){\n\n      var container = document.querySelector(context);\n\n      element = document.getElementById(\"accordion-index\");\n      var titles = Array.from(container.querySelectorAll(\"h2,h3,h4\"));\n\n      for (var i = 0, l = titles.length; i < l; i++) {\n\n\t\tjQuery('#accordionIndex').show();\n\n        var tit = titles[i];\n\t\tvar newTitle = tit.textContent.toLowerCase().replace(\/[^a-zA-Z ]\/g, \"\").replace(\/\\s\/g, '-');\n\t\tvar numTag = Number(tit.tagName.replace(\/[^1-9]\/g, \"\"));\n\t\tvar tagWidth = (numTag*20);\n\n\t\tvar preText = '<span style=\"margin-left:' + tagWidth + 'px\"><\/span>';\n\n        tit.setAttribute(\"id\", newTitle);\n\t\tjQuery(tit).addClass('h-inline');\n\t\t\n\t\tvar toIndex = '<p class=\"h-inline\"><a class=\"blog-toindex\" href=\"#accordionIndex\"><span class=\"glyphicon glyphicon-chevron-up\" aria-hidden=\"true\"><\/span><\/a><\/p>';\n\n\t\tjQuery(toIndex).insertAfter(tit);\n\n        var node = document.createElement(\"LI\");                 \n        var link = document.createElement(\"A\");\n        var textnode = document.createTextNode(tit.textContent);\n\n        link.appendChild(textnode);\n        link.setAttribute(\"href\", '#' + newTitle);\n\t\t\/\/link.setAttribute(\"style\", \"margin-left:\" + tagWidth + \"px\");\n\t\tlink.setAttribute(\"class\", \"acc-h\" + numTag);\n        node.appendChild(link);\n\n        element.appendChild(node);\n\n      }\n    }\n\n    jQuery(document).ready(function(){\t\t\n\t\tindexContent(\".single-post-content\");\n\n\t\tjQuery(\".accordion-toggle\").click(function() {\n\t\t\tjQuery(this).toggleClass(\"open\");\n\t\t\tjQuery(\"#collapseIndex\").slideToggle(\"in\");\n\t\t});\n\t});\n\n\n<\/script>\n\n<style>\n\t.accordion-toggle{\n\t\tcursor:pointer;\n\t}\n\n\t#accordionIndex .panel-heading{\n\t\tmargin-bottom:0px;\n\t}\n\n\t.articulo ul, .articulo ol{\n\t\tmargin-bottom:auto;\n\t}\n\n\t.h-inline{\n\t\tdisplay: inline-flex;\n\t\tflex-wrap: wrap\n\t}\n\t#accordion-index{\n\t\tpadding-left:0px;\n\t}\n\t#accordion-index li a{\n\t\tdisplay:block;\n\t\tpadding-top:5px;\n\t}\n\n\t.acc-h2{\n\t\tmargin-left:0px;\n\t\tposition: relative;\n\t}\n\n\t.acc-h3{\n\t\tmargin-left:25px;\n\t}\n\n\t.acc-h3::before{\n\t\tcontent: \"\";\n\t\tbackground-color:var(--blue-light);\n\t\tmargin-left:-10px;\n\t\twidth: 7px;\n\t\theight: 7px;\n\t\tdisplay: inline-block;\n\t\ttext-align: center;\n\t\tborder-radius: 1000px;\n\t\tmargin-right: 10px;\n    \tmargin-bottom: 2px;\n\t}\n\n\t.acc-h4{\n\t\tmargin-left:40px;\n\t}\n\n\t.acc-h4::before{\n\t\tcontent: \"\";\n\t\tborder: 1px solid var(--blue-light);\n\t\tmargin-left:-5px;\n\t\twidth: 7px;\n\t\theight: 7px;\n\t\tdisplay: inline-block;\n\t\ttext-align: center;\n\t\tborder-radius: 100%;\n\t\tmargin-right: 10px;\n    \tmargin-bottom: 2px;\n\t}\n\n\t.acc-h3:hover::before{\n\t\tbackground-color: var(--blue-darkest);\n\t}\n\n\t.acc-h4:hover::before{\n\t\tborder-color: var(--blue-darkest);\n\t}\n\n\t@media (max-width: 992px){\n\t\t.acc-h2{\n\t\t\tmargin-left:0px;\n\t\t}\n\t\t.acc-h3{\n\t\t\tmargin-left:20px;\n\t\t}\n\t\t.acc-h4{\n\t\t\tmargin-left:40px;\n\t\t}\n\t}\n\n\t\/*\n\th2.h-inline:after,\n\th3.h-inline:after{\n\t\theight: 24px;\n\t\tcontent: \"\";\n\t\tdisplay: table-row;\n\t}*\/\n<\/style>\n\n<div id=\"table-accordion-index\">\n\t<div class=\"panel-group\" id=\"accordionIndex\">\n\t\t<div class=\"panel panel-default\">\n\t\t\t<div class=\"panel-heading\">\n\t\t\t\t<div class=\"panel-title open\"><div class=\"accordion-toggle\" data-toggle=\"collapse\" data-parent=\"#accordion\" aria-expanded=\"true\">\u00edndex<\/div><\/div>\n\t\t\t<\/div>\n\t\t\t<div id=\"collapseIndex\" class=\"panel-collapse collapse in\" aria-expanded=\"true\">\n\t\t\t\t<div class=\"panel-body\">\n\t\t\t\t\t<ul id=\"accordion-index\">\n\t\t\t\t\t<\/ul>\n\t\t\t\t<\/div>\n\t\t\t<\/div>\n\t\t<\/div>\n\t<\/div>\n<\/div><\/span><\/p>\n<p style=\"text-align: justify;\">Instal\u00b7lar panells solars \u00e9s una garantia d&#8217;\u00e8xit en la teva aventura per ser m\u00e9s sostenible. Passar-te a l&#8217;energia solar amb factorenergia et permetr\u00e0 estalviar i ser l&#8217;amo de la teva pr\u00f2pia llum. A quines esperes?<\/p>\n<h2 style=\"font-size: 20px !important; color: #777777;\"><strong>Per qu\u00e8 instal\u00b7lar panells solars amb factorenergia?<\/strong><\/h2>\n<p style=\"text-align: justify;\"><strong>Gesti\u00f3 pr\u00f2pia<\/strong><\/p>\n<p style=\"text-align: justify;\">Generes l&#8217;energia que necessites. Si produeixes de m\u00e9s no et preocupis, factorenergia aplica la <strong>Compensaci\u00f3 Simplificada d&#8217;Excedents<\/strong>, que ofereix la possibilitat als nostres clients de vendre la seva energia sobrant i poder obtenir un estalvi addicional dins de la seva factura de llum. Genial, Veritat?<\/p>\n<p style=\"text-align: justify;\"><strong>Energia verda<\/strong><\/p>\n<p style=\"text-align: justify;\">L&#8217;energia solar fotovoltaica \u00e9s <strong>100% neta i renovable<\/strong>. Es transforma en electricitat en la pr\u00f2pia instal\u00b7laci\u00f3 i aix\u00ed contribuim a ser m\u00e9s respectuosos amb el medi ambient.<\/p>\n<p style=\"text-align: justify;\"><strong>Un gran equip<\/strong><\/p>\n<p style=\"text-align: justify;\">Factorenergia compta amb un equip d&#8217;instal\u00b7ladors i manteniment, sempre disponibles davant qualsevol problema, perqu\u00e8 les teves plaques solars tinguin sempre el millor rendiment.<\/p>\n<h2 style=\"font-size: 20px !important; color: #777777;\"><strong>Com instal\u00b7lar plaques solars?<\/strong><\/h2>\n<p style=\"text-align: justify;\">El proc\u00e9s d&#8217;instal\u00b7laci\u00f3 de les plaques solars \u00e9s molt senzill. Nom\u00e9s has de trucar-nos i nosaltres ens ocupem de la resta.<\/p>\n<p style=\"text-align: justify;\"><strong>1. Pressupost gratu\u00eft.<\/strong><\/p>\n<p>Realitzarem un estudi totalment personalitzat, adaptat a les teves necessitats energ\u00e8tiques i amb l&#8217;objectiu de maximitzar l&#8217;aprofitament de la coberta on s&#8217;instal\u00b7laran les plaques. D&#8217;aquesta manera en 48h t&#8217;enviarem un pressupost sense comprom\u00eds, completament personalitzat al teu habitatge.<\/p>\n<p><strong>2. Disseny de la instal\u00b7laci\u00f3 fotovoltaica.<\/strong><br \/>\nUna vegada acceptada la proposta, es passa a la fase de disseny de la instal\u00b7laci\u00f3 fotovoltaica. Aquesta \u00e9s una fase purament t\u00e8cnica, aix\u00ed que relaxa&#8217;t i deixa que el nostre equip d&#8217;enginyers i instal\u00b7ladors defineixi quina \u00e9s la millor distribuci\u00f3 de les teves plaques.<\/p>\n<p><strong>3. Instal\u00b7laci\u00f3 dels panells solars.<\/strong><br \/>\nEl nostre instal\u00b7lador realitzar\u00e0 la instal\u00b7laci\u00f3 de les plaques solars i les deixar\u00e0 en funcionament perqu\u00e8 comencis a estalviar com m\u00e9s aviat millor!<\/p>\n<p><strong>4. Legalitzaci\u00f3 i gesti\u00f3 d&#8217;excedents.<\/strong><br \/>\nA factorenergia ens encarreguem de fer totes les gestions administratives i tr\u00e0mits per tu, aix\u00ed com la compensaci\u00f3 d&#8217;excedents, que es reflectir\u00e0 en la teva factura de la llum en manera d&#8217;estalvi addicional.<\/p>\n<p><a href=\"https:\/\/www.factorenergia.com\/wp-content\/uploads\/2021\/04\/portada.jpg\"><picture><source srcset=\"https:\/\/www.factorenergia.com\/wp-content\/webp-express\/webp-images\/uploads\/2021\/04\/portada-300x169.jpg.webp 300w, https:\/\/www.factorenergia.com\/wp-content\/webp-express\/webp-images\/uploads\/2021\/04\/portada-1024x576.jpg.webp 1024w, https:\/\/www.factorenergia.com\/wp-content\/webp-express\/webp-images\/uploads\/2021\/04\/portada-768x432.jpg.webp 768w, https:\/\/www.factorenergia.com\/wp-content\/webp-express\/webp-images\/uploads\/2021\/04\/portada-1536x864.jpg.webp 1536w, https:\/\/www.factorenergia.com\/wp-content\/webp-express\/webp-images\/uploads\/2021\/04\/portada-2048x1152.jpg.webp 2048w, https:\/\/www.factorenergia.com\/wp-content\/webp-express\/webp-images\/uploads\/2021\/04\/portada-306x172.jpg.webp 306w, https:\/\/www.factorenergia.com\/wp-content\/webp-express\/webp-images\/uploads\/2021\/04\/portada-90x51.jpg.webp 90w, https:\/\/www.factorenergia.com\/wp-content\/webp-express\/webp-images\/uploads\/2021\/04\/portada-170x96.jpg.webp 170w, https:\/\/www.factorenergia.com\/wp-content\/webp-express\/webp-images\/uploads\/2021\/04\/portada-640x360.jpg.webp 640w, https:\/\/www.factorenergia.com\/wp-content\/webp-express\/webp-images\/uploads\/2021\/04\/portada-500x281.jpg.webp 500w\" sizes=\"(max-width: 671px) 100vw, 671px\" type=\"image\/webp\"><img loading=\"lazy\" decoding=\"async\" src=\"https:\/\/www.factorenergia.com\/wp-content\/uploads\/2021\/04\/portada-300x169.jpg\" alt=\"factorenergia\" width=\"671\" height=\"378\" class=\"alignnone  wp-image-28349 webpexpress-processed\" srcset=\"https:\/\/www.factorenergia.com\/wp-content\/uploads\/2021\/04\/portada-300x169.jpg 300w, https:\/\/www.factorenergia.com\/wp-content\/uploads\/2021\/04\/portada-1024x576.jpg 1024w, https:\/\/www.factorenergia.com\/wp-content\/uploads\/2021\/04\/portada-768x432.jpg 768w, https:\/\/www.factorenergia.com\/wp-content\/uploads\/2021\/04\/portada-1536x864.jpg 1536w, https:\/\/www.factorenergia.com\/wp-content\/uploads\/2021\/04\/portada-2048x1152.jpg 2048w, https:\/\/www.factorenergia.com\/wp-content\/uploads\/2021\/04\/portada-306x172.jpg 306w, https:\/\/www.factorenergia.com\/wp-content\/uploads\/2021\/04\/portada-90x51.jpg 90w, https:\/\/www.factorenergia.com\/wp-content\/uploads\/2021\/04\/portada-170x96.jpg 170w, https:\/\/www.factorenergia.com\/wp-content\/uploads\/2021\/04\/portada-640x360.jpg 640w, https:\/\/www.factorenergia.com\/wp-content\/uploads\/2021\/04\/portada-500x281.jpg 500w\" sizes=\"(max-width: 671px) 100vw, 671px\"><\/picture><\/a><\/p>\n<p>&nbsp;<\/p>\n<p><span>\r\n<script type=\"text\/javascript\" async defer>\r\n\r\n    jQuery(document).ready(function(){\t\t\r\n\t\t\r\n\t});\r\n<\/script>\r\n\r\n<style>\r\n\t.block-interested_posts{\r\n        margin-top: 10px;\r\n        padding: 20px;\r\n        border: 2px solid #92C200;\r\n    }\r\n    .block-interested_posts ul{\r\n        margin-bottom:0px;\r\n    }\r\n    .block-interested_posts ul li{\r\n        margin-bottom:5px;\r\n    }\r\n    .block-interested_posts ul li a{\r\n        \/*color: #DF981E;*\/\r\n    }\r\n\r\n<\/style>\r\n\r\n<div class=\"block-interested_posts\">\r\n    <p><strong>Post que et poden interessar<\/strong><\/p>\r\n    <ul>\r\n                    <li><a href=\"https:\/\/www.factorenergia.com\/ca\/blog\/autoconsum-electric\/manteniment-de-plaques-solars\/\" title=\"Tot sobre el manteniment de plaques solars\">Tot sobre el manteniment de plaques solars<\/a><\/li>\r\n                    <li><a href=\"https:\/\/www.factorenergia.com\/ca\/blog\/autoconsum-electric\/dubtes-frequents-autoconsum-solar\/\" title=\"Els dubtes m\u00e9s freq\u00fcents sobre l&#8217;autoconsum solar\">Els dubtes m\u00e9s freq\u00fcents sobre l&#8217;autoconsum solar<\/a><\/li>\r\n                    <li><a href=\"https:\/\/www.factorenergia.com\/ca\/blog\/autoconsum-electric\/instal%c2%b7lacio-de-plaques-solars-necessites-bateries\/\" title=\"Instal\u00b7laci\u00f3 de plaques solars: necessites bateries?\">Instal\u00b7laci\u00f3 de plaques solars: necessites bateries?<\/a><\/li>\r\n                    <li><a href=\"https:\/\/www.factorenergia.com\/ca\/blog\/autoconsum-electric\/permisos-per-a-instal%c2%b7lar-plaques-solars\/\" title=\"Coneix els permisos per a instal\u00b7lar plaques solars\">Coneix els permisos per a instal\u00b7lar plaques solars<\/a><\/li>\r\n            <\/ul>\t\r\n<\/div><\/span><\/p>\n<h3 style=\"font-size: 20px !important; color: #777777;\"><strong>On es poden instal\u00b7lar plaques solars?<\/strong><\/h3>\n<p style=\"text-align: justify;\">Ens adaptem a qualsevol tipus d&#8217;instal\u00b7laci\u00f3, tant per a cases unifamiliars que busquen una llar m\u00e9s sostenible, a edificis p\u00fablics com a biblioteques, col\u00b7legis o Ajuntaments. D&#8217;aquesta manera, podem destacar 4 tipus d&#8217;instal\u00b7lacions d&#8217;autoconsum que realitzem segons l&#8217;edifici:<\/p>\n<ul>\n<li>\n<h4><strong>Instal\u00b7laci\u00f3 en cases unifamiliars<\/strong><\/h4>\n<\/li>\n<\/ul>\n<p style=\"text-align: justify;\">Pots posar <a href=\"https:\/\/www.factorenergia.com\/ca\/llars\/plaques-solars\/\" target=\"_blank\" rel=\"noopener\">plaques solars<\/a> en la teulada de la teva casa i gaudir dels beneficis de l&#8217;autoconsum durant els 25 anys de vida \u00fatil de la instal\u00b7laci\u00f3.<\/p>\n<ul>\n<li>\n<h4><strong>Instal\u00b7laci\u00f3 en edificis i comunitats de ve\u00efns<\/strong><\/h4>\n<\/li>\n<\/ul>\n<p style=\"text-align: justify;\">En edificis i comunitats de ve\u00efns realitzem instal\u00b7lacions d&#8217;autoconsum col\u00b7lectiu, que permeten subministrar l&#8217;energia per als serveis comuns com: la il\u00b7luminaci\u00f3 de l&#8217;escala, l&#8217;ascensor\u2026 A m\u00e9s, si hi ha espai suficient en la coberta i sobra energia, es podr\u00e0 compartir entre els ve\u00efns de l&#8217;edifici.<\/p>\n<ul>\n<li>\n<h4><strong>Instal\u00b7laci\u00f3 en negocis i empreses<\/strong><\/h4>\n<\/li>\n<\/ul>\n<p style=\"text-align: justify;\">Per a negocis i empreses disposem d&#8217;instal\u00b7lacions d&#8217;autoconsum que s&#8217;adapten completament a les necessitats dels nostres clients.<\/p>\n<ul>\n<li>\n<h4><strong>Instal\u00b7laci\u00f3 en edificis p\u00fablics<\/strong><\/h4>\n<\/li>\n<\/ul>\n<p style=\"text-align: justify;\">En edificis p\u00fablics, les possibilitats d&#8217;instal\u00b7laci\u00f3 de plaques solars s\u00f3n molt importants, ja que solen disposar de grans espais de coberta amb consum di\u00fcrn, que s&#8217;ajusta perfectament a la producci\u00f3 solar.<\/p>\n<p><span><div class=\"widget-form\">\r\n    \n<div class=\"wpcf7 no-js\" id=\"wpcf7-f21837-o1\" lang=\"es-ES\" dir=\"ltr\">\n<div class=\"screen-reader-response\"><p role=\"status\" aria-live=\"polite\" aria-atomic=\"true\"><\/p> <ul><\/ul><\/div>\n<form action=\"\/ca\/wp-json\/wp\/v2\/posts\/8118#wpcf7-f21837-o1\" method=\"post\" class=\"wpcf7-form init\" aria-label=\"Contact form\" novalidate=\"novalidate\" data-status=\"init\">\n<div style=\"display: none;\">\n<input type=\"hidden\" name=\"_wpcf7\" value=\"21837\" \/>\n<input type=\"hidden\" name=\"_wpcf7_version\" value=\"5.9\" \/>\n<input type=\"hidden\" name=\"_wpcf7_locale\" value=\"es_ES\" \/>\n<input type=\"hidden\" name=\"_wpcf7_unit_tag\" value=\"wpcf7-f21837-o1\" \/>\n<input type=\"hidden\" name=\"_wpcf7_container_post\" value=\"0\" \/>\n<input type=\"hidden\" name=\"_wpcf7_posted_data_hash\" value=\"\" \/>\n<input type=\"hidden\" name=\"_wpcf7_recaptcha_response\" value=\"\" \/>\n<\/div>\n<div class=\"widget-simple-form-ac\">\n\t<div class=\"header-ac\">\n\t\t<p>Aconsegueix el teu estudi gratu\u00eft\n\t\t<\/p>\n\t\t<div class=\"close-form\">\n\t\t\t<p>X\n\t\t\t<\/p>\n\t\t<\/div>\n\t<\/div>\n\t<div class=\"widget-form-ac-container\">\n\t\t<p class=\"subtitle-ac-form\">Amb les nostres Plaques Solars + Bateria Virtual, <span class=\"blue\">redueix a 0\u20ac el consum de la teva factura de la llum.<\/span> No et quedis sense el teu estudi gratis!\n\t\t<\/p>\n\t\t<div class=\"inputs-container\">\n\t\t\t<div class=\"input\">\n\t\t\t\t<p><span class=\"wpcf7-form-control-wrap\" data-name=\"name1\"><input size=\"40\" class=\"wpcf7-form-control wpcf7-text wpcf7-validates-as-required\" id=\"name\" aria-required=\"true\" aria-invalid=\"false\" placeholder=\"Nom\" value=\"\" type=\"text\" name=\"name1\" \/><\/span>\n\t\t\t\t<\/p>\n\t\t\t\t<div class=\"error\">\n\t\t\t\t\t<p><span role='alert' class='wpcf7-not-valid-tip'><\/span>\n\t\t\t\t\t<\/p>\n\t\t\t\t<\/div>\n\t\t\t<\/div>\n\t\t\t<div class=\"input\">\n\t\t\t\t<p><span class=\"wpcf7-form-control-wrap\" data-name=\"lastname\"><input size=\"40\" class=\"wpcf7-form-control wpcf7-text wpcf7-validates-as-required\" id=\"lastname\" aria-required=\"true\" aria-invalid=\"false\" placeholder=\"Cognom\" value=\"\" type=\"text\" name=\"lastname\" \/><\/span>\n\t\t\t\t<\/p>\n\t\t\t\t<div class=\"error\">\n\t\t\t\t\t<p><span role='alert' class='wpcf7-not-valid-tip'><\/span>\n\t\t\t\t\t<\/p>\n\t\t\t\t<\/div>\n\t\t\t<\/div>\n\t\t<\/div>\n\t\t<div class=\"inputs-container\">\n\t\t\t<div class=\"input\">\n\t\t\t\t<p><span class=\"wpcf7-form-control-wrap\" data-name=\"email\"><input size=\"40\" class=\"wpcf7-form-control wpcf7-email wpcf7-validates-as-required wpcf7-text wpcf7-validates-as-email\" aria-required=\"true\" aria-invalid=\"false\" placeholder=\"Email\" value=\"\" type=\"email\" name=\"email\" \/><\/span>\n\t\t\t\t<\/p>\n\t\t\t\t<div class=\"error\">\n\t\t\t\t\t<p><span role='alert' class='wpcf7-not-valid-tip'><\/span>\n\t\t\t\t\t<\/p>\n\t\t\t\t<\/div>\n\t\t\t<\/div>\n\t\t\t<div class=\"input\">\n\t\t\t\t<p><span class=\"wpcf7-form-control-wrap\" data-name=\"tel\"><input size=\"40\" class=\"wpcf7-form-control wpcf7-tel wpcf7-validates-as-required wpcf7-text wpcf7-validates-as-tel\" aria-required=\"true\" aria-invalid=\"false\" placeholder=\"Tel\u00e8fon\" value=\"\" type=\"tel\" name=\"tel\" \/><\/span>\n\t\t\t\t<\/p>\n\t\t\t\t<div class=\"error\">\n\t\t\t\t\t<p><span role='alert' class='wpcf7-not-valid-tip'><\/span>\n\t\t\t\t\t<\/p>\n\t\t\t\t<\/div>\n\t\t\t<\/div>\n\t\t<\/div>\n\t\t<p class=\"legal-text\">En enviar aquest formulari consent que les seves dades siguin tractades per FACTORENERGIA S.A., com a corresponsables, per a remetre-li ofertes i informaci\u00f3 comercial. Pot exercitar els seus drets conforme a l'indicat en la nostra <a href=\"\/ca\/privacidad\/\">Pol\u00edtica de privacitat.<\/a>\n\t\t<\/p>\n\t\t<div class=\"inputs-container\">\n\t\t\t<div class=\"button-submit\">\n\t\t\t\t<p><input class=\"wpcf7-form-control wpcf7-submit has-spinner primary-btn green-btn btn-submit\" type=\"submit\" value=\"Demana el teu estudi gratis\" \/>\n\t\t\t\t<\/p>\n\t\t\t<\/div>\n\t\t<\/div>\n\t<\/div>\n<\/div><div class=\"wpcf7-response-output\" aria-hidden=\"true\"><\/div>\n<\/form>\n<\/div>\n<\/div>\r\n\r\n<div class=\"widget-form-sended\" style=\"display: none\">\r\n    <h4><b>Ben fet!<\/b> Aquest \u00e9s el teu primer pas cap a la independ\u00e8ncia energ\u00e8tica.<\/h4>\r\n    <p>En un m\u00e0xim de 48 hores, un especialista es posar\u00e0 en contacte amb tu per a estudiar el teu cas, assessorar-te i oferir-te la millor soluci\u00f3 energ\u00e8tica.<\/p>\r\n    <div class=\"inputs-container\">\r\n        <div class=\"button-submit\">\r\n            <a class=\"primary-btn center otro-estudio green-btn\">\r\n                Demanar un altre estudi gratis            <\/a>\r\n        <\/div>\r\n        <div class=\"trustpilot-widget trust-widget-form-ac\" data-locale=\"es-ES\" data-template-id=\"5419b732fbfb950b10de65e5\" data-businessunit-id=\"5fd8ae6f2ead35000193bbae\" data-style-height=\"24px\" data-style-width=\"100%\" data-theme=\"light\" style=\"position: relative;\"><iframe title=\"Customer reviews powered by Trustpilot\" loading=\"auto\" src=\"https:\/\/widget.trustpilot.com\/trustboxes\/5419b732fbfb950b10de65e5\/index.html?templateId=5419b732fbfb950b10de65e5&amp;businessunitId=5fd8ae6f2ead35000193bbae#locale=es-ES&amp;styleHeight=24px&amp;styleWidth=100%25&amp;theme=light\" style=\"position: relative; height: 24px; width: 100%; border-style: none; display: block; overflow: hidden;\"><\/iframe><\/div>\r\n    <\/div>\r\n<\/div>\r\n<\/span><\/p>\n<h3 style=\"font-size: 20px !important; color: #777777;\"><strong>Quins s\u00f3n els tipus d&#8217;instal\u00b7lacions d&#8217;autoconsum?<\/strong><\/h3>\n<p style=\"text-align: justify;\">Segons les teves necessitats i el definit en l&#8217;estudi t\u00e8cnic, factorenergia apostar\u00e0 per un tipus o un altre d&#8217;instal\u00b7laci\u00f3 d&#8217;autoconsum. A continuaci\u00f3, t&#8217;expliquem els tres tipus principals:<\/p>\n<ul>\n<li style=\"text-align: justify;\">\n<h4><strong>Instal\u00b7lacions solars connectades a la xarxa<br \/>\n<\/strong><\/h4>\n<p>El seu consum es basa en el consum directe de la producci\u00f3 solar, el qual resta directament en consum estalviat de la factura d&#8217;electricitat. I quan no hi ha sol, es continua consumint de la xarxa el\u00e8ctrica. Sens dubte, aquesta \u00e9s la nostra recomanaci\u00f3, ja que aprofita les hores de m\u00e9s sol amb la producci\u00f3 pr\u00f2pia, per\u00f2 segueix connectada a la xarxa el\u00e8ctrica de la distribu\u00efdora en cas de necessitar-ho.<\/li>\n<li style=\"text-align: justify;\">\n<h4><strong>\u00a0Instal\u00b7lacions solars connectades a la xarxa amb sistema d&#8217;emmagatzematge<br \/>\n<\/strong><\/h4>\n<p>S\u00f3n instal\u00b7lacions m\u00e9s enfocades a aquelles llars o empreses que desitgin aprofitar al m\u00e0xim tota l&#8217;energia del sol. Compten amb bateries que permeten emmagatzemar els excessos de producci\u00f3 durant les hores de sol i utilitzar aquesta energia a la nit. Per exemple, els nostres clients que viuen en cases unifamiliars i no estan a casa durant tot el dia, trien aquesta opci\u00f3.<\/li>\n<li style=\"text-align: justify;\">\n<h4><strong>Instal\u00b7lacions solars a\u00efllades<br \/>\n<\/strong><\/h4>\n<p>En aquest tipus d&#8217;instal\u00b7laci\u00f3 l&#8217;electricitat es consumeix en el moment que es genera; no s&#8217;emmagatzema ni es transforma. Com m\u00e9s gran sigui la intensitat del sol, major quantitat d&#8217;energia genera; no obstant aix\u00f2, si no hi ha sol (per exemple, de nit) no hi ha electricitat. \u00c9s una instal\u00b7laci\u00f3 ideal per a consums flexibles que puguin adaptar-se al sol, per exemple, els bombaments, granges, refugis de muntanya o zones de dif\u00edcil acc\u00e9s.<\/li>\n<\/ul>\n<h3 style=\"font-size: 20px !important; color: #777777;\"><strong>Quins s\u00f3n els tipus de plaques solars?<\/strong><\/h3>\n<p style=\"text-align: justify;\">No totes les plaques fotovoltaiques s\u00f3n iguals. Factorenergia t&#8217;ajuda a triar tant el tipus d&#8217;instal\u00b7laci\u00f3 com les grand\u00e0ries de placa que m\u00e9s s&#8217;adeq\u00fcin a les teves necessitats. Per aix\u00f2, t&#8217;expliquem quins s\u00f3n els diferents tipus de panells solars:<\/p>\n<ul>\n<li>\n<h4><strong>Plaques solars fotovoltaiques<\/strong><\/h4>\n<\/li>\n<\/ul>\n<p style=\"text-align: justify;\">Aquest tipus de plaques solars fotovoltaiques estan formades per una s\u00e8rie de c\u00e8l\u00b7lules que s&#8217;encarreguen de transformar els fotons de llum en energia; per tant converteixen l&#8217;energia solar en electricitat.<\/p>\n<ul>\n<li>\n<h4><strong>Plaques solars t\u00e8rmiques<\/strong><\/h4>\n<\/li>\n<\/ul>\n<p style=\"text-align: justify;\">Aquestes plaques solars transformen l&#8217;energia solar en energia t\u00e8rmica. S&#8217;usen sobretot per a cobrir les necessitats d&#8217;aigua calenta de la llar.<\/p>\n<ul>\n<li>\n<h4><strong>Plaques solars h\u00edbrides<\/strong><\/h4>\n<\/li>\n<\/ul>\n<p style=\"text-align: justify;\">Com el seu propi nom indica, combinen tots dos tipus (fotovoltaica i termoel\u00e8ctrica) per a aconseguir electricitat i energia t\u00e8rmica. Aix\u00ed, amb una sola instal\u00b7laci\u00f3, cobrim totes les nostres necessitats energ\u00e8tiques.<\/p>\n<h3 style=\"font-size: 20px !important; color: #777777;\"><strong>Quant costa una instal\u00b7laci\u00f3 de plaques solar<\/strong><\/h3>\n<p style=\"text-align: justify;\">El preu de la instal\u00b7laci\u00f3 de plaques solars per a una fam\u00edlia tipus, pot costar <strong>entre 4.000\u20ac i 6.000\u20ac.<\/strong> <span>En un article trobar\u00e0s tota la informaci\u00f3 sobre <a href=\"https:\/\/www.factorenergia.com\/ca\/blog\/autoconsum-electric\/quant-costa-instal%c2%b7lar-plaques-solars\/\"><\/a><a href=\"https:\/\/www.factorenergia.com\/ca\/blog\/autoconsum-electric\/quant-costa-instal%c2%b7lar-plaques-solars\/\" target=\"_blank\" rel=\"noopener\">quant costa instal\u00b7lar plaques solars<\/a> i en uns simples passos pots fer el <a href=\"https:\/\/www.factorenergia.com\/ca\/plaques-solars-calcula\/\"><\/a><a href=\"https:\/\/www.factorenergia.com\/ca\/plaques-solars-calcula\/\" target=\"_blank\" rel=\"noopener\">c\u00e0lcul de la quantitat de plaques solars<\/a> necess\u00e0ries per a la teva casa.\u00a0<\/span>\u00c9s important que s\u00e0pigues que, amb factorenergia, <strong>pots finan\u00e7ar la teva instal\u00b7laci\u00f3 fins a 120 mesos<\/strong> i pagar-la en c\u00f2modes quotes. Aquestes estaran integrades dins de la teva factura de la llum.<\/p>\n<p style=\"text-align: justify;\">Tenint en compte aix\u00f2, tampoc podem oblidar que, encara que es tracta d&#8217;una inversi\u00f3 inicial elevada, es tracta d&#8217;una inversi\u00f3 a llarg termini. I \u00e9s que, des del moment que comencen a funcionar, ja <strong>comences a estalviar<\/strong>. <span>Si desitges informaci\u00f3, pots llegir el nostre article sobre els <a href=\"https:\/\/www.factorenergia.com\/ca\/blog\/autoconsum-electric\/permisos-per-a-instal%c2%b7lar-plaques-solars\/\"><\/a><a href=\"https:\/\/www.factorenergia.com\/ca\/blog\/autoconsum-electric\/permisos-per-a-instal%c2%b7lar-plaques-solars\/\" target=\"_blank\" rel=\"noopener\">permisos per a posar plaques solars<\/a>.<\/span><\/p>\n<p style=\"text-align: justify;\">Si has arribat fins aqu\u00ed, no ho pensis m\u00e9s i passa&#8217;t a l&#8217;<a href=\"https:\/\/www.factorenergia.com\/ca\/llars\/plaques-solars\/\" title=\"autoconsum amb plaques solars\" target=\"_blank\" rel=\"noopener\">autoconsum amb plaques solars<\/a>. El nostre comprom\u00eds i objectiu \u00e9s que la teva instal\u00b7laci\u00f3 fotovoltaica sigui el m\u00e9s eficient possible, tant per al teu estalvi econ\u00f2mic com per a a el medi ambient.<\/p>\n<p style=\"text-align: justify;\">Aix\u00ed que, si est\u00e0s interessat a tenir les teves pr\u00f2pies plaques fotovoltaiques, pots emplenar el nostre <a href=\"\/es\/hogares\/autoconsumo\/\" title=\"contacta amb factorenergia\" target=\"_blank\" rel=\"noopener noreferrer\">formulari web<\/a>, trucar-nos al 900 377 538 o escriure a solar@factorenergia.com i t&#8217;enviarem una oferta totalment personalitzada. <span>Tingues present que tamb\u00e9 ens podem encarregar dels <a href=\"https:\/\/www.factorenergia.com\/ca\/plaques-solars-permisos\/\"><\/a><a href=\"https:\/\/www.factorenergia.com\/ca\/plaques-solars-permisos\/\" title=\"Permisos per a instal\u00b7lar plaques solars\" target=\"_blank\" rel=\"noopener\">permisos per a instal\u00b7lar plaques solars<\/a>.<\/span><\/p>\n<p><strong>Comen\u00e7a a produir la teva pr\u00f2pia energia 100% verda!<\/strong><br \/>\n<span><div class=\"widget-form\">\r\n    \n<div class=\"wpcf7 no-js\" id=\"wpcf7-f21837-o2\" lang=\"es-ES\" dir=\"ltr\">\n<div class=\"screen-reader-response\"><p role=\"status\" aria-live=\"polite\" aria-atomic=\"true\"><\/p> <ul><\/ul><\/div>\n<form action=\"\/ca\/wp-json\/wp\/v2\/posts\/8118#wpcf7-f21837-o2\" method=\"post\" class=\"wpcf7-form init\" aria-label=\"Contact form\" novalidate=\"novalidate\" data-status=\"init\">\n<div style=\"display: none;\">\n<input type=\"hidden\" name=\"_wpcf7\" value=\"21837\" \/>\n<input type=\"hidden\" name=\"_wpcf7_version\" value=\"5.9\" \/>\n<input type=\"hidden\" name=\"_wpcf7_locale\" value=\"es_ES\" \/>\n<input type=\"hidden\" name=\"_wpcf7_unit_tag\" value=\"wpcf7-f21837-o2\" \/>\n<input type=\"hidden\" name=\"_wpcf7_container_post\" value=\"0\" \/>\n<input type=\"hidden\" name=\"_wpcf7_posted_data_hash\" value=\"\" \/>\n<input type=\"hidden\" name=\"_wpcf7_recaptcha_response\" value=\"\" \/>\n<\/div>\n<div class=\"widget-simple-form-ac\">\n\t<div class=\"header-ac\">\n\t\t<p>Aconsegueix el teu estudi gratu\u00eft\n\t\t<\/p>\n\t\t<div class=\"close-form\">\n\t\t\t<p>X\n\t\t\t<\/p>\n\t\t<\/div>\n\t<\/div>\n\t<div class=\"widget-form-ac-container\">\n\t\t<p class=\"subtitle-ac-form\">Amb les nostres Plaques Solars + Bateria Virtual, <span class=\"blue\">redueix a 0\u20ac el consum de la teva factura de la llum.<\/span> No et quedis sense el teu estudi gratis!\n\t\t<\/p>\n\t\t<div class=\"inputs-container\">\n\t\t\t<div class=\"input\">\n\t\t\t\t<p><span class=\"wpcf7-form-control-wrap\" data-name=\"name1\"><input size=\"40\" class=\"wpcf7-form-control wpcf7-text wpcf7-validates-as-required\" aria-required=\"true\" aria-invalid=\"false\" placeholder=\"Nom\" value=\"\" type=\"text\" name=\"name1\" \/><\/span>\n\t\t\t\t<\/p>\n\t\t\t\t<div class=\"error\">\n\t\t\t\t\t<p><span role='alert' class='wpcf7-not-valid-tip'><\/span>\n\t\t\t\t\t<\/p>\n\t\t\t\t<\/div>\n\t\t\t<\/div>\n\t\t\t<div class=\"input\">\n\t\t\t\t<p><span class=\"wpcf7-form-control-wrap\" data-name=\"lastname\"><input size=\"40\" class=\"wpcf7-form-control wpcf7-text wpcf7-validates-as-required\" aria-required=\"true\" aria-invalid=\"false\" placeholder=\"Cognom\" value=\"\" type=\"text\" name=\"lastname\" \/><\/span>\n\t\t\t\t<\/p>\n\t\t\t\t<div class=\"error\">\n\t\t\t\t\t<p><span role='alert' class='wpcf7-not-valid-tip'><\/span>\n\t\t\t\t\t<\/p>\n\t\t\t\t<\/div>\n\t\t\t<\/div>\n\t\t<\/div>\n\t\t<div class=\"inputs-container\">\n\t\t\t<div class=\"input\">\n\t\t\t\t<p><span class=\"wpcf7-form-control-wrap\" data-name=\"email\"><input size=\"40\" class=\"wpcf7-form-control wpcf7-email wpcf7-validates-as-required wpcf7-text wpcf7-validates-as-email\" aria-required=\"true\" aria-invalid=\"false\" placeholder=\"Email\" value=\"\" type=\"email\" name=\"email\" \/><\/span>\n\t\t\t\t<\/p>\n\t\t\t\t<div class=\"error\">\n\t\t\t\t\t<p><span role='alert' class='wpcf7-not-valid-tip'><\/span>\n\t\t\t\t\t<\/p>\n\t\t\t\t<\/div>\n\t\t\t<\/div>\n\t\t\t<div class=\"input\">\n\t\t\t\t<p><span class=\"wpcf7-form-control-wrap\" data-name=\"tel\"><input size=\"40\" class=\"wpcf7-form-control wpcf7-tel wpcf7-validates-as-required wpcf7-text wpcf7-validates-as-tel\" aria-required=\"true\" aria-invalid=\"false\" placeholder=\"Tel\u00e8fon\" value=\"\" type=\"tel\" name=\"tel\" \/><\/span>\n\t\t\t\t<\/p>\n\t\t\t\t<div class=\"error\">\n\t\t\t\t\t<p><span role='alert' class='wpcf7-not-valid-tip'><\/span>\n\t\t\t\t\t<\/p>\n\t\t\t\t<\/div>\n\t\t\t<\/div>\n\t\t<\/div>\n\t\t<p class=\"legal-text\">En enviar aquest formulari consent que les seves dades siguin tractades per FACTORENERGIA S.A., com a corresponsables, per a remetre-li ofertes i informaci\u00f3 comercial. Pot exercitar els seus drets conforme a l'indicat en la nostra <a href=\"\/ca\/privacidad\/\">Pol\u00edtica de privacitat.<\/a>\n\t\t<\/p>\n\t\t<div class=\"inputs-container\">\n\t\t\t<div class=\"button-submit\">\n\t\t\t\t<p><input class=\"wpcf7-form-control wpcf7-submit has-spinner primary-btn green-btn btn-submit\" type=\"submit\" value=\"Demana el teu estudi gratis\" \/>\n\t\t\t\t<\/p>\n\t\t\t<\/div>\n\t\t<\/div>\n\t<\/div>\n<\/div><div class=\"wpcf7-response-output\" aria-hidden=\"true\"><\/div>\n<\/form>\n<\/div>\n<\/div>\r\n\r\n<div class=\"widget-form-sended\" style=\"display: none\">\r\n    <h4><b>Ben fet!<\/b> Aquest \u00e9s el teu primer pas cap a la independ\u00e8ncia energ\u00e8tica.<\/h4>\r\n    <p>En un m\u00e0xim de 48 hores, un especialista es posar\u00e0 en contacte amb tu per a estudiar el teu cas, assessorar-te i oferir-te la millor soluci\u00f3 energ\u00e8tica.<\/p>\r\n    <div class=\"inputs-container\">\r\n        <div class=\"button-submit\">\r\n            <a class=\"primary-btn center otro-estudio green-btn\">\r\n                Demanar un altre estudi gratis            <\/a>\r\n        <\/div>\r\n        <div class=\"trustpilot-widget trust-widget-form-ac\" data-locale=\"es-ES\" data-template-id=\"5419b732fbfb950b10de65e5\" data-businessunit-id=\"5fd8ae6f2ead35000193bbae\" data-style-height=\"24px\" data-style-width=\"100%\" data-theme=\"light\" style=\"position: relative;\"><iframe title=\"Customer reviews powered by Trustpilot\" loading=\"auto\" src=\"https:\/\/widget.trustpilot.com\/trustboxes\/5419b732fbfb950b10de65e5\/index.html?templateId=5419b732fbfb950b10de65e5&amp;businessunitId=5fd8ae6f2ead35000193bbae#locale=es-ES&amp;styleHeight=24px&amp;styleWidth=100%25&amp;theme=light\" style=\"position: relative; height: 24px; width: 100%; border-style: none; display: block; overflow: hidden;\"><\/iframe><\/div>\r\n    <\/div>\r\n<\/div>\r\n<\/span><\/p>\n","protected":false},"excerpt":{"rendered":"<p>Ha arribat el moment de passar-te a l&#8217;autoconsum i produir la teva pr\u00f2pia electricitat 100% verda. Per a aix\u00f2, ser\u00e0 necessari instal\u00b7lar plaques solars, fet que no ha de preocupar-te, ja que nosaltres ens ocupem de tot. Volem que comencis a estalviar al m\u00e9s aviat possible. T&#8217;animes?<\/p>\n","protected":false},"author":17,"featured_media":0,"comment_status":"open","ping_status":"closed","sticky":false,"template":"","format":"standard","meta":{"inline_featured_image":false,"footnotes":""},"categories":[66],"tags":[],"acf":{"fecha_de_la_entrada":"20210611","imagen_portada":8147,"categoria_blog":null,"tipo_de_distribuidora":null,"tiempo_lectura":"","banner_bool":false,"titulo_banner":"","texto_banner":"","texto_boton_banner":"","url_boton_banner":"","post_relacionados":""},"yoast_head":"<!-- This site is optimized with the Yoast SEO plugin v22.2 - https:\/\/yoast.com\/wordpress\/plugins\/seo\/ -->\n<title>Tot sobre la instal\u00b7laci\u00f3 de plaques solars - factorenergia<\/title>\n<meta name=\"description\" content=\"Descobreix tot sobre la instal\u00b7laci\u00f3 de plaques solars a factorenergia. Passa&#039;t a l&#039;Autoconsum amb panells solars a la teva llar i comen\u00e7a a estalviar!\" \/>\n<meta name=\"robots\" content=\"index, follow, max-snippet:-1, max-image-preview:large, max-video-preview:-1\" \/>\n<link rel=\"canonical\" href=\"https:\/\/www.factorenergia.com\/ca\/blog\/autoconsum-electric\/instalacio-de-plaques-solars\/\" \/>\n<meta name=\"twitter:card\" content=\"summary_large_image\" \/>\n<meta name=\"twitter:title\" content=\"Tot sobre la instal\u00b7laci\u00f3 de plaques solars - factorenergia\" \/>\n<meta name=\"twitter:description\" content=\"Descobreix tot sobre la instal\u00b7laci\u00f3 de plaques solars a factorenergia. Passa&#039;t a l&#039;Autoconsum amb panells solars a la teva llar i comen\u00e7a a estalviar!\" \/>\n<meta name=\"twitter:image\" content=\"https:\/\/www.factorenergia.com\/wp-content\/uploads\/2021\/04\/portada-300x169.jpg\" \/>\n<meta name=\"twitter:creator\" content=\"@factorenergia\" \/>\n<meta name=\"twitter:site\" content=\"@factorenergia\" \/>\n<meta name=\"twitter:label1\" content=\"Written by\" \/>\n\t<meta name=\"twitter:data1\" content=\"Equipo Transici\u00f3n Energ\u00e9tica Factorenergia\" \/>\n\t<meta name=\"twitter:label2\" content=\"Est. reading time\" \/>\n\t<meta name=\"twitter:data2\" content=\"6 minutes\" \/>\n<script type=\"application\/ld+json\" class=\"yoast-schema-graph\">{\"@context\":\"https:\/\/schema.org\",\"@graph\":[{\"@type\":\"WebPage\",\"@id\":\"https:\/\/www.factorenergia.com\/ca\/blog\/autoconsum-electric\/instalacio-de-plaques-solars\/\",\"url\":\"https:\/\/www.factorenergia.com\/ca\/blog\/autoconsum-electric\/instalacio-de-plaques-solars\/\",\"name\":\"Tot sobre la instal\u00b7laci\u00f3 de plaques solars - factorenergia\",\"isPartOf\":{\"@id\":\"https:\/\/www.factorenergia.com\/es\/#website\"},\"primaryImageOfPage\":{\"@id\":\"https:\/\/www.factorenergia.com\/ca\/blog\/autoconsum-electric\/instalacio-de-plaques-solars\/#primaryimage\"},\"image\":{\"@id\":\"https:\/\/www.factorenergia.com\/ca\/blog\/autoconsum-electric\/instalacio-de-plaques-solars\/#primaryimage\"},\"thumbnailUrl\":\"https:\/\/www.factorenergia.com\/wp-content\/uploads\/2021\/04\/portada-300x169.jpg\",\"datePublished\":\"2021-06-11T08:00:54+00:00\",\"dateModified\":\"2025-07-02T09:33:54+00:00\",\"author\":{\"@id\":\"https:\/\/www.factorenergia.com\/es\/#\/schema\/person\/dff9e4b6dc520720e3a37bdaaedc5841\"},\"description\":\"Descobreix tot sobre la instal\u00b7laci\u00f3 de plaques solars a factorenergia. Passa't a l'Autoconsum amb panells solars a la teva llar i comen\u00e7a a estalviar!\",\"breadcrumb\":{\"@id\":\"https:\/\/www.factorenergia.com\/ca\/blog\/autoconsum-electric\/instalacio-de-plaques-solars\/#breadcrumb\"},\"inLanguage\":\"ca\",\"potentialAction\":[{\"@type\":\"ReadAction\",\"target\":[\"https:\/\/www.factorenergia.com\/ca\/blog\/autoconsum-electric\/instalacio-de-plaques-solars\/\"]}]},{\"@type\":\"ImageObject\",\"inLanguage\":\"ca\",\"@id\":\"https:\/\/www.factorenergia.com\/ca\/blog\/autoconsum-electric\/instalacio-de-plaques-solars\/#primaryimage\",\"url\":\"https:\/\/www.factorenergia.com\/wp-content\/uploads\/2021\/04\/portada-300x169.jpg\",\"contentUrl\":\"https:\/\/www.factorenergia.com\/wp-content\/uploads\/2021\/04\/portada-300x169.jpg\"},{\"@type\":\"BreadcrumbList\",\"@id\":\"https:\/\/www.factorenergia.com\/ca\/blog\/autoconsum-electric\/instalacio-de-plaques-solars\/#breadcrumb\",\"itemListElement\":[{\"@type\":\"ListItem\",\"position\":1,\"name\":\"Portada\",\"item\":\"https:\/\/www.factorenergia.com\/ca\/\"},{\"@type\":\"ListItem\",\"position\":2,\"name\":\"Tot el qu\u00e8 has de saber sobre la instal\u00b7laci\u00f3 de plaques solars\"}]},{\"@type\":\"WebSite\",\"@id\":\"https:\/\/www.factorenergia.com\/es\/#website\",\"url\":\"https:\/\/www.factorenergia.com\/es\/\",\"name\":\"factorenergia\",\"description\":\"factorenergia\",\"potentialAction\":[{\"@type\":\"SearchAction\",\"target\":{\"@type\":\"EntryPoint\",\"urlTemplate\":\"https:\/\/www.factorenergia.com\/es\/?s={search_term_string}\"},\"query-input\":\"required name=search_term_string\"}],\"inLanguage\":\"ca\"},{\"@type\":\"Person\",\"@id\":\"https:\/\/www.factorenergia.com\/es\/#\/schema\/person\/dff9e4b6dc520720e3a37bdaaedc5841\",\"name\":\"Equipo Transici\u00f3n Energ\u00e9tica Factorenergia\",\"image\":{\"@type\":\"ImageObject\",\"inLanguage\":\"ca\",\"@id\":\"https:\/\/www.factorenergia.com\/es\/#\/schema\/person\/image\/\",\"url\":\"https:\/\/secure.gravatar.com\/avatar\/1b7c76bab80ee1c4261b06108874e24b?s=96&d=mm&r=g\",\"contentUrl\":\"https:\/\/secure.gravatar.com\/avatar\/1b7c76bab80ee1c4261b06108874e24b?s=96&d=mm&r=g\",\"caption\":\"Equipo Transici\u00f3n Energ\u00e9tica Factorenergia\"},\"description\":\"El equipo est\u00e1 formado por expertos en materia de Luz, Gas y Eficiencia Energ\u00e9tica, que conocen de primera mano las tendencias del mercado. Su experiencia en el sector les permite ofrecer las mejores soluciones energ\u00e9ticas y resolver las dudas planteadas por los clientes.\",\"sameAs\":[\"https:\/\/www.factorenergia.com\/es\/\",\"https:\/\/www.facebook.com\/factorenergiacom\",\"https:\/\/www.instagram.com\/factorenergia_com\/\",\"https:\/\/es.linkedin.com\/company\/factor-energia\",\"https:\/\/twitter.com\/factorenergia\",\"https:\/\/www.youtube.com\/c\/factorenergiacom\"],\"url\":\"https:\/\/www.factorenergia.com\/ca\/blog\/author\/marketing\/\"}]}<\/script>\n<!-- \/ Yoast SEO plugin. -->","yoast_head_json":{"title":"Tot sobre la instal\u00b7laci\u00f3 de plaques solars - factorenergia","description":"Descobreix tot sobre la instal\u00b7laci\u00f3 de plaques solars a factorenergia. Passa't a l'Autoconsum amb panells solars a la teva llar i comen\u00e7a a estalviar!","robots":{"index":"index","follow":"follow","max-snippet":"max-snippet:-1","max-image-preview":"max-image-preview:large","max-video-preview":"max-video-preview:-1"},"canonical":"https:\/\/www.factorenergia.com\/ca\/blog\/autoconsum-electric\/instalacio-de-plaques-solars\/","twitter_card":"summary_large_image","twitter_title":"Tot sobre la instal\u00b7laci\u00f3 de plaques solars - factorenergia","twitter_description":"Descobreix tot sobre la instal\u00b7laci\u00f3 de plaques solars a factorenergia. Passa't a l'Autoconsum amb panells solars a la teva llar i comen\u00e7a a estalviar!","twitter_image":"https:\/\/www.factorenergia.com\/wp-content\/uploads\/2021\/04\/portada-300x169.jpg","twitter_creator":"@factorenergia","twitter_site":"@factorenergia","twitter_misc":{"Written by":"Equipo Transici\u00f3n Energ\u00e9tica Factorenergia","Est. reading time":"6 minutes"},"schema":{"@context":"https:\/\/schema.org","@graph":[{"@type":"WebPage","@id":"https:\/\/www.factorenergia.com\/ca\/blog\/autoconsum-electric\/instalacio-de-plaques-solars\/","url":"https:\/\/www.factorenergia.com\/ca\/blog\/autoconsum-electric\/instalacio-de-plaques-solars\/","name":"Tot sobre la instal\u00b7laci\u00f3 de plaques solars - factorenergia","isPartOf":{"@id":"https:\/\/www.factorenergia.com\/es\/#website"},"primaryImageOfPage":{"@id":"https:\/\/www.factorenergia.com\/ca\/blog\/autoconsum-electric\/instalacio-de-plaques-solars\/#primaryimage"},"image":{"@id":"https:\/\/www.factorenergia.com\/ca\/blog\/autoconsum-electric\/instalacio-de-plaques-solars\/#primaryimage"},"thumbnailUrl":"https:\/\/www.factorenergia.com\/wp-content\/uploads\/2021\/04\/portada-300x169.jpg","datePublished":"2021-06-11T08:00:54+00:00","dateModified":"2025-07-02T09:33:54+00:00","author":{"@id":"https:\/\/www.factorenergia.com\/es\/#\/schema\/person\/dff9e4b6dc520720e3a37bdaaedc5841"},"description":"Descobreix tot sobre la instal\u00b7laci\u00f3 de plaques solars a factorenergia. Passa't a l'Autoconsum amb panells solars a la teva llar i comen\u00e7a a estalviar!","breadcrumb":{"@id":"https:\/\/www.factorenergia.com\/ca\/blog\/autoconsum-electric\/instalacio-de-plaques-solars\/#breadcrumb"},"inLanguage":"ca","potentialAction":[{"@type":"ReadAction","target":["https:\/\/www.factorenergia.com\/ca\/blog\/autoconsum-electric\/instalacio-de-plaques-solars\/"]}]},{"@type":"ImageObject","inLanguage":"ca","@id":"https:\/\/www.factorenergia.com\/ca\/blog\/autoconsum-electric\/instalacio-de-plaques-solars\/#primaryimage","url":"https:\/\/www.factorenergia.com\/wp-content\/uploads\/2021\/04\/portada-300x169.jpg","contentUrl":"https:\/\/www.factorenergia.com\/wp-content\/uploads\/2021\/04\/portada-300x169.jpg"},{"@type":"BreadcrumbList","@id":"https:\/\/www.factorenergia.com\/ca\/blog\/autoconsum-electric\/instalacio-de-plaques-solars\/#breadcrumb","itemListElement":[{"@type":"ListItem","position":1,"name":"Portada","item":"https:\/\/www.factorenergia.com\/ca\/"},{"@type":"ListItem","position":2,"name":"Tot el qu\u00e8 has de saber sobre la instal\u00b7laci\u00f3 de plaques solars"}]},{"@type":"WebSite","@id":"https:\/\/www.factorenergia.com\/es\/#website","url":"https:\/\/www.factorenergia.com\/es\/","name":"factorenergia","description":"factorenergia","potentialAction":[{"@type":"SearchAction","target":{"@type":"EntryPoint","urlTemplate":"https:\/\/www.factorenergia.com\/es\/?s={search_term_string}"},"query-input":"required name=search_term_string"}],"inLanguage":"ca"},{"@type":"Person","@id":"https:\/\/www.factorenergia.com\/es\/#\/schema\/person\/dff9e4b6dc520720e3a37bdaaedc5841","name":"Equipo Transici\u00f3n Energ\u00e9tica Factorenergia","image":{"@type":"ImageObject","inLanguage":"ca","@id":"https:\/\/www.factorenergia.com\/es\/#\/schema\/person\/image\/","url":"https:\/\/secure.gravatar.com\/avatar\/1b7c76bab80ee1c4261b06108874e24b?s=96&d=mm&r=g","contentUrl":"https:\/\/secure.gravatar.com\/avatar\/1b7c76bab80ee1c4261b06108874e24b?s=96&d=mm&r=g","caption":"Equipo Transici\u00f3n Energ\u00e9tica Factorenergia"},"description":"El equipo est\u00e1 formado por expertos en materia de Luz, Gas y Eficiencia Energ\u00e9tica, que conocen de primera mano las tendencias del mercado. Su experiencia en el sector les permite ofrecer las mejores soluciones energ\u00e9ticas y resolver las dudas planteadas por los clientes.","sameAs":["https:\/\/www.factorenergia.com\/es\/","https:\/\/www.facebook.com\/factorenergiacom","https:\/\/www.instagram.com\/factorenergia_com\/","https:\/\/es.linkedin.com\/company\/factor-energia","https:\/\/twitter.com\/factorenergia","https:\/\/www.youtube.com\/c\/factorenergiacom"],"url":"https:\/\/www.factorenergia.com\/ca\/blog\/author\/marketing\/"}]}},"_links":{"self":[{"href":"https:\/\/www.factorenergia.com\/ca\/wp-json\/wp\/v2\/posts\/8118"}],"collection":[{"href":"https:\/\/www.factorenergia.com\/ca\/wp-json\/wp\/v2\/posts"}],"about":[{"href":"https:\/\/www.factorenergia.com\/ca\/wp-json\/wp\/v2\/types\/post"}],"author":[{"embeddable":true,"href":"https:\/\/www.factorenergia.com\/ca\/wp-json\/wp\/v2\/users\/17"}],"replies":[{"embeddable":true,"href":"https:\/\/www.factorenergia.com\/ca\/wp-json\/wp\/v2\/comments?post=8118"}],"version-history":[{"count":10,"href":"https:\/\/www.factorenergia.com\/ca\/wp-json\/wp\/v2\/posts\/8118\/revisions"}],"predecessor-version":[{"id":28377,"href":"https:\/\/www.factorenergia.com\/ca\/wp-json\/wp\/v2\/posts\/8118\/revisions\/28377"}],"wp:attachment":[{"href":"https:\/\/www.factorenergia.com\/ca\/wp-json\/wp\/v2\/media?parent=8118"}],"wp:term":[{"taxonomy":"category","embeddable":true,"href":"https:\/\/www.factorenergia.com\/ca\/wp-json\/wp\/v2\/categories?post=8118"},{"taxonomy":"post_tag","embeddable":true,"href":"https:\/\/www.factorenergia.com\/ca\/wp-json\/wp\/v2\/tags?post=8118"}],"curies":[{"name":"wp","href":"https:\/\/api.w.org\/{rel}","templated":true}]}}