{"id":7724,"date":"2018-07-02T14:06:07","date_gmt":"2018-07-02T12:06:07","guid":{"rendered":"https:\/\/www.factorenergia.com\/ca\/?post_type=blog&#038;p=7724"},"modified":"2023-05-18T08:55:33","modified_gmt":"2023-05-18T06:55:33","slug":"augment-les-electrolineres-i-aposta-definitiva-pel-cotxe-electric","status":"publish","type":"post","link":"https:\/\/www.factorenergia.com\/ca\/blog\/mobilitat-electrica\/augment-les-electrolineres-i-aposta-definitiva-pel-cotxe-electric\/","title":{"rendered":"Les electrolineres: punts de rec\u00e0rrega per al cotxe el\u00e8ctric"},"content":{"rendered":"<p>Saps que \u00e9s una electrolinera? Quant costa recarregar un cotxe el\u00e8ctric? En aquest post,\u00a0et donem la resposta als teus dubtes. Suma&#8217;t a la mobilitat sostenible.<\/p>\n<h2>Qu\u00e8 s\u00f3n les electrolineres?<\/h2>\n<p>Les electrolineres s\u00f3n les gasolineres del futur. S\u00f3n punts de rec\u00e0rrega r\u00e0pida pel cotxe el\u00e8ctric, i el seu desplegament t\u00e9 per objectiu contribuir a que aquest tipus de vehicles siguin una alternativa real de mobilitat creant infraestructures i llocs per repostar. Si s&#8217;amplia i es millora la xarxa de punts de subministrament, aquesta contribuir\u00e0 a que el vehicle el\u00e8ctric guanyi autonomia en els seus despla\u00e7aments.<\/p>\n<h3>Tipus de electrolineres<\/h3>\n<p>Hi han diversos tipus d&#8217;electrolineres: les r\u00e0pides que poden recarregar fins a un 80% la bateria d&#8217;un cotxe el\u00e8ctric\u00a0nom\u00e9s en 20 minuts. I despr\u00e9s,\u00a0existeixen les electrolineres semir\u00e0pides que triguen entre dues o tres hores\u00a0en recarregar la bateria completa d&#8217;aquests vehicles.<\/p>\n<h3>Quants punts de rec\u00e0rrega\u00a0per al\u00a0cotxe el\u00e8ctric hi ha en funcionament?<\/h3>\n<p>Actualment, a Espanya hi ha un parc de cotxes el\u00e8ctrics de 30.000 unitats, i gaireb\u00e9 2.5000 punts de rec\u00e0rrega dels quals 226 s\u00f3n punts r\u00e0pids, segons la Direcci\u00f3 General de Tr\u00e0nsit.<\/p>\n<p>A m\u00e9s a m\u00e9s, un estudi recent\u00a0indica que per complir amb el comprom\u00eds que hi ha signat amb la Uni\u00f3 Europea\u00a0per a\u00a0l&#8217;any 2030, haurien d&#8217;estar instal\u00b7lats m\u00e9s de 50.000 punts de rec\u00e0rrega, i en circulaci\u00f3 entre quatre i sis milions de cotxes el\u00e8ctrics.<\/p>\n<p>Tamb\u00e9,\u00a0cal recordar\u00a0el comprom\u00eds que hi ha vigent amb Brussel\u00b7les de reduir en un 26% l&#8217;emissi\u00f3 de gasos d&#8217;efecte hivernacle\u00a0per a l&#8217;any\u00a02030; i entre un 80% i un 95% abans del 2050. Per aconseguir-ho, es totalment\u00a0necessari augmentar l&#8217;\u00fas dels cotxes el\u00e8ctrics e\u00a0instal\u00b7lar m\u00e9s punts de rec\u00e0rrega que garanteixin la seva autonomia, factor indispensable per complir amb aquest acord.<\/p>\n<p>Davant d&#8217;aquest context, les empreses especialitzades del sector estan obrint els ulls a un nou n\u00ednxol de mercat: instal\u00b7lar punts de rec\u00e0rrega en ciutats i carreteres; per\u00f2 encara no s&#8217;han llan\u00e7at a la piscina per l&#8217;escassetat de les vendes de vehicles el\u00e8ctrics. Com \u00e9s de l\u00f2gica, quan es vegin m\u00e9s punts de rec\u00e0rrega i aquests estiguin en funcionament, les vendes dels vehicles el\u00e8ctrics pujaran com l&#8217;escuma.<\/p>\n<h3>Punt de rec\u00e0rrega privat a casa o p\u00fablic?<\/h3>\n<p>Ara per ara, les empreses del sector estan apostant m\u00e9s pels punts de rec\u00e0rrega a casa que no a la via p\u00fablica. El motiu \u00e9s que \u00e9s m\u00e9s barat carregar el cotxe el\u00e8ctric a casa teva que no a fora,\u00a0que pot arribar a tenir un cost d&#8217;entre 6 \u20ac o 7\u20ac, mentre que a casa com va subjecte al consum el\u00e8ctric nom\u00e9s costaria uns 2\u20ac.<\/p>\n<p><span><div class=\"text-center center blog-cta\"><p>Instal&middot;la un punt de rec&agrave;rrega pel teu cotxe el&egrave;ctric amb factorenergia!<\/p><a class=\"blog-cta primary-btn text-center solicitar-estudio\" target=\"_blank\" title=\"SOL&sdot;LICITA UN ESTUDI GRATU&Iuml;T\" href=\"https:\/\/www.factorenergia.com\/ca\/llars\/punts-recarrega-electrics\/\">SOL&sdot;LICITA UN ESTUDI GRATU&Iuml;T<\/a><p><\/p><div style=\"display:none;\"><p>Instal&middot;la un punt de rec&agrave;rrega pel teu cotxe el&egrave;ctric amb factorenergia!<\/p><\/div>\n\t\t\t<script type='text\/javascript'>\n\t\t\t\tjQuery('.solicitar-estudio').click(function(){\t\t\t\t\t\t\t\t\t\n\t\t\t\t\tdataLayer.push({'language': 'ca'});\n\t\t\t\t\tdataLayer.push({'post_id': '7724'});\n\t\t\t\t\tdataLayer.push({'cat_type': 'ce'});\n\t\t\t\t});\n\t\t\t<\/script>\n\t\t<\/div><br\/><\/span><\/p>\n<h2>Quant costa recarregar la bateria d&#8217;un\u00a0cotxe el\u00e8ctric?<\/h2>\n<p>Davant d&#8217;aquesta pregunta, hi ha molta desinformaci\u00f3 que fa que la majoria de\u00a0persones es tiri enrere a l&#8217;hora de decidir si compra un vehicle el\u00e8ctric o no. La primera cosa que\u00a0t&#8217;has de preguntar, \u00e9s quant et costar\u00e0 recarregar la bateria a casa, en una electrolinera o en un punt de rec\u00e0rrega p\u00fablic.<\/p>\n<p>Depenent del lloc on decideixis carrega el cotxe, tindr\u00e0s diferents preus. Si decideixes recarrega la bateria del cotxe el\u00e8ctric al p\u00e0rquing privat de casa, que sol estar connectat a la presa de corrent de la casa i\u00a0es facturar\u00e0 a trav\u00e9s del propi comptador, ser\u00e0 molt m\u00e9s barat que si decideixes fer-ho en un espai p\u00fablic com una electrolinera.<\/p>\n<p>Si ho fas a casa, pots arribar a tenir dos preus diferenciats dep\u00e8n de quina de les 2 modalitats de tarifa de llum tinguis contractada: tarifa de discriminaci\u00f3 hor\u00e0ria dep\u00e8n de l&#8217;hora que consumeixis llum t\u00e9 un preu o un altre;\u00a0o la tarifa amb PVC on el preu \u00e9s \u00fanic i ve marcat per l&#8217;Estat.<\/p>\n<p>Anem a posar un exemple pr\u00e0ctic, com\u00a0que en\u00a0la majoria dels casos el cotxe el\u00e8ctric es carregar\u00e0 durant la nit; agafarem la modalitat usant la tarifa comuna PVC. Si per a realitzar 100km aquest cotxe necessita 12 kWh, i el preu del kWh hora \u00e9s 0,1295 \u20ac, el cost de rec\u00f3rrer 100Km ser\u00e0 de 1,554 \u20ac. Perqu\u00e8 et facis una idea de l&#8217;estalvi que suposen aquest tipus de vehicle, nom\u00e9s cal dir que un vehicle di\u00e8sel mitj\u00e0, en la mateixa quantitat de quil\u00f2metres, consumeix uns 6.5 litres de di\u00e8sel, que a 1.30 \u20ac el litre ens donaria un cost de 8.45 \u20ac (el que vol dir 5.4 vegades m\u00e9s).<\/p>\n<h3>Recarrega de la bateria d&#8217;un\u00a0cotxe el\u00e8ctric fora de casa<\/h3>\n<p>Com ja saps, recarregar el cotxe el\u00e8ctric fora de casa \u00e9s m\u00e9s car que fer-ho\u00a0a la teva pr\u00f2pia pla\u00e7a de p\u00e0rquing. Tot i que \u00e9s cert que en alguns llocs pots tenir l&#8217;opci\u00f3 de fer-ho de forma gratu\u00efta. Com per exemple, al p\u00e0rquing dels hotels o supermercats que\u00a0tenen instal\u00b7lats uns\u00a0punts de rec\u00e0rrega gratu\u00efts per fomentar el consum als seus locals.<\/p>\n<h3>Utilitza\u00a0les electrolineres per recarregar el cotxe el\u00e8ctric<\/h3>\n<p>Si c\u00e0rregues la bateria en les electrolineres, pot costar-te entre els 0,20 i els 0,55 \u20ac \/ kWh. Possiblement recarregar totalment la bateria costaria uns 12,60 \u20ac. El cost mitj\u00e0 per a una rec\u00e0rrega per a 100 km, uns 4.5 \u20ac (tres vegades m\u00e9s que a casa i la meitat del que ens costaria el di\u00e8sel).<\/p>\n<h3>Quant costa posar en funcionament una electrolinera?<\/h3>\n<p>Ara per ara, \u00e9s molt car i pot arribar a costar al voltant d&#8217;uns 40.000 \u20ac una electrolinera amb la tecnologia de rec\u00e0rrega r\u00e0pida i la m\u00e9s barata uns 3.000\u20ac. Per aquest motiu, les grans empreses no volen fer una inversi\u00f3 tan elevada tot i que estan segures que \u00e9s el futur i que les gasolineres convencionals deixaran d&#8217;existir de la mateixa manera que els cotxes de gasolina o di\u00e8sel.<\/p>\n<p>En definitiva, no es venen m\u00e9s vehicles el\u00e8ctrics per culpa de l&#8217;escassa autonomia de les seves bateries i els pocs punts de rec\u00e0rrega; i no es construeixen m\u00e9s electrolineres perqu\u00e8 no es venen prou cotxes el\u00e8ctrics. En fi \u00e9s el peix que es mossega la cua per\u00f2 sin\u00f3 apostem per aix\u00f2, mai ho aconseguirem.<\/p>\n<p>En Factorenergia ja fa temps que estem apostant per l&#8217;\u00fas del cotxe el\u00e8ctric. Si tens un vehicle el\u00e8ctric i vols que et <a href=\"https:\/\/www.factorenergia.com\/ca\/instalar-punts-recarrega\/\">instal\u00b7lem un punt de rec\u00e0rrega,<\/a> contacta&#8217;ns, t&#8217;oferirem tamb\u00e9 la <a href=\"\/es\/hogares\/tarifas\/\">tarifa el\u00e8ctrica m\u00e9s barata<\/a> i amb discriminaci\u00f3 hor\u00e0ria per als teus c\u00e0rregues nocturnes, o si encara no el tens per\u00f2 tot i aix\u00ed vols estalviar llum, truca&#8217;ns de franc al 900.850.000 o contracta la llum en l\u00ednia en nom\u00e9s 5 minuts. T&#8217;esperem.<\/p>\n","protected":false},"excerpt":{"rendered":"<p>Davant la limitaci\u00f3 existent de la poca autonomia que tenen els cotxes el\u00e8ctrics per fer viatges llargs de m\u00e9s de 200 km, neixen les electrolineres com una soluci\u00f3 al problema i una aposta definitiva al cotxe el\u00e8ctric.<\/p>\n","protected":false},"author":17,"featured_media":0,"comment_status":"open","ping_status":"closed","sticky":false,"template":"","format":"standard","meta":{"inline_featured_image":false,"footnotes":""},"categories":[64],"tags":[],"acf":{"fecha_de_la_entrada":"20180702","imagen_portada":6583,"categoria_blog":64,"tipo_de_distribuidora":null,"tiempo_lectura":"","banner_bool":false,"titulo_banner":"","texto_banner":"","texto_boton_banner":"","url_boton_banner":"","post_relacionados":null},"yoast_head":"<!-- This site is optimized with the Yoast SEO plugin v22.2 - https:\/\/yoast.com\/wordpress\/plugins\/seo\/ -->\n<title>Electrolineres: punts de rec\u00e0rrega per al cotxe el\u00e8ctric | Factorenergia<\/title>\n<meta name=\"description\" content=\"Saps que \u00e9s una electrolinera? Quant costa recarregar un cotxe el\u00e8ctric? En aquest post, et donem la resposta als teus dubtes.\" \/>\n<meta name=\"robots\" content=\"index, follow, max-snippet:-1, max-image-preview:large, max-video-preview:-1\" \/>\n<link rel=\"canonical\" href=\"https:\/\/www.factorenergia.com\/ca\/blog\/mobilitat-electrica\/augment-les-electrolineres-i-aposta-definitiva-pel-cotxe-electric\/\" \/>\n<meta name=\"twitter:card\" content=\"summary_large_image\" \/>\n<meta name=\"twitter:title\" content=\"Electrolineres: punts de rec\u00e0rrega per al cotxe el\u00e8ctric | Factorenergia\" \/>\n<meta name=\"twitter:description\" content=\"Saps que \u00e9s una electrolinera? Quant costa recarregar un cotxe el\u00e8ctric? En aquest post, et donem la resposta als teus dubtes.\" \/>\n<meta name=\"twitter:creator\" content=\"@factorenergia\" \/>\n<meta name=\"twitter:site\" content=\"@factorenergia\" \/>\n<meta name=\"twitter:label1\" content=\"Written by\" \/>\n\t<meta name=\"twitter:data1\" content=\"Equipo Transici\u00f3n Energ\u00e9tica Factorenergia\" \/>\n\t<meta name=\"twitter:label2\" content=\"Est. reading time\" \/>\n\t<meta name=\"twitter:data2\" content=\"6 minutes\" \/>\n<script type=\"application\/ld+json\" class=\"yoast-schema-graph\">{\"@context\":\"https:\/\/schema.org\",\"@graph\":[{\"@type\":\"WebPage\",\"@id\":\"https:\/\/www.factorenergia.com\/ca\/blog\/mobilitat-electrica\/augment-les-electrolineres-i-aposta-definitiva-pel-cotxe-electric\/\",\"url\":\"https:\/\/www.factorenergia.com\/ca\/blog\/mobilitat-electrica\/augment-les-electrolineres-i-aposta-definitiva-pel-cotxe-electric\/\",\"name\":\"Electrolineres: punts de rec\u00e0rrega per al cotxe el\u00e8ctric | Factorenergia\",\"isPartOf\":{\"@id\":\"https:\/\/www.factorenergia.com\/es\/#website\"},\"datePublished\":\"2018-07-02T12:06:07+00:00\",\"dateModified\":\"2023-05-18T06:55:33+00:00\",\"author\":{\"@id\":\"https:\/\/www.factorenergia.com\/es\/#\/schema\/person\/dff9e4b6dc520720e3a37bdaaedc5841\"},\"description\":\"Saps que \u00e9s una electrolinera? Quant costa recarregar un cotxe el\u00e8ctric? En aquest post, et donem la resposta als teus dubtes.\",\"breadcrumb\":{\"@id\":\"https:\/\/www.factorenergia.com\/ca\/blog\/mobilitat-electrica\/augment-les-electrolineres-i-aposta-definitiva-pel-cotxe-electric\/#breadcrumb\"},\"inLanguage\":\"ca\",\"potentialAction\":[{\"@type\":\"ReadAction\",\"target\":[\"https:\/\/www.factorenergia.com\/ca\/blog\/mobilitat-electrica\/augment-les-electrolineres-i-aposta-definitiva-pel-cotxe-electric\/\"]}]},{\"@type\":\"BreadcrumbList\",\"@id\":\"https:\/\/www.factorenergia.com\/ca\/blog\/mobilitat-electrica\/augment-les-electrolineres-i-aposta-definitiva-pel-cotxe-electric\/#breadcrumb\",\"itemListElement\":[{\"@type\":\"ListItem\",\"position\":1,\"name\":\"Portada\",\"item\":\"https:\/\/www.factorenergia.com\/ca\/\"},{\"@type\":\"ListItem\",\"position\":2,\"name\":\"Les electrolineres: punts de rec\u00e0rrega per al cotxe el\u00e8ctric\"}]},{\"@type\":\"WebSite\",\"@id\":\"https:\/\/www.factorenergia.com\/es\/#website\",\"url\":\"https:\/\/www.factorenergia.com\/es\/\",\"name\":\"factorenergia\",\"description\":\"factorenergia\",\"potentialAction\":[{\"@type\":\"SearchAction\",\"target\":{\"@type\":\"EntryPoint\",\"urlTemplate\":\"https:\/\/www.factorenergia.com\/es\/?s={search_term_string}\"},\"query-input\":\"required name=search_term_string\"}],\"inLanguage\":\"ca\"},{\"@type\":\"Person\",\"@id\":\"https:\/\/www.factorenergia.com\/es\/#\/schema\/person\/dff9e4b6dc520720e3a37bdaaedc5841\",\"name\":\"Equipo Transici\u00f3n Energ\u00e9tica Factorenergia\",\"image\":{\"@type\":\"ImageObject\",\"inLanguage\":\"ca\",\"@id\":\"https:\/\/www.factorenergia.com\/es\/#\/schema\/person\/image\/\",\"url\":\"https:\/\/secure.gravatar.com\/avatar\/1b7c76bab80ee1c4261b06108874e24b?s=96&d=mm&r=g\",\"contentUrl\":\"https:\/\/secure.gravatar.com\/avatar\/1b7c76bab80ee1c4261b06108874e24b?s=96&d=mm&r=g\",\"caption\":\"Equipo Transici\u00f3n Energ\u00e9tica Factorenergia\"},\"description\":\"El equipo est\u00e1 formado por expertos en materia de Luz, Gas y Eficiencia Energ\u00e9tica, que conocen de primera mano las tendencias del mercado. Su experiencia en el sector les permite ofrecer las mejores soluciones energ\u00e9ticas y resolver las dudas planteadas por los clientes.\",\"sameAs\":[\"https:\/\/www.factorenergia.com\/es\/\",\"https:\/\/www.facebook.com\/factorenergiacom\",\"https:\/\/www.instagram.com\/factorenergia_com\/\",\"https:\/\/es.linkedin.com\/company\/factor-energia\",\"https:\/\/twitter.com\/factorenergia\",\"https:\/\/www.youtube.com\/c\/factorenergiacom\"],\"url\":\"https:\/\/www.factorenergia.com\/ca\/blog\/author\/marketing\/\"}]}<\/script>\n<!-- \/ Yoast SEO plugin. -->","yoast_head_json":{"title":"Electrolineres: punts de rec\u00e0rrega per al cotxe el\u00e8ctric | Factorenergia","description":"Saps que \u00e9s una electrolinera? Quant costa recarregar un cotxe el\u00e8ctric? En aquest post, et donem la resposta als teus dubtes.","robots":{"index":"index","follow":"follow","max-snippet":"max-snippet:-1","max-image-preview":"max-image-preview:large","max-video-preview":"max-video-preview:-1"},"canonical":"https:\/\/www.factorenergia.com\/ca\/blog\/mobilitat-electrica\/augment-les-electrolineres-i-aposta-definitiva-pel-cotxe-electric\/","twitter_card":"summary_large_image","twitter_title":"Electrolineres: punts de rec\u00e0rrega per al cotxe el\u00e8ctric | Factorenergia","twitter_description":"Saps que \u00e9s una electrolinera? Quant costa recarregar un cotxe el\u00e8ctric? En aquest post, et donem la resposta als teus dubtes.","twitter_creator":"@factorenergia","twitter_site":"@factorenergia","twitter_misc":{"Written by":"Equipo Transici\u00f3n Energ\u00e9tica Factorenergia","Est. reading time":"6 minutes"},"schema":{"@context":"https:\/\/schema.org","@graph":[{"@type":"WebPage","@id":"https:\/\/www.factorenergia.com\/ca\/blog\/mobilitat-electrica\/augment-les-electrolineres-i-aposta-definitiva-pel-cotxe-electric\/","url":"https:\/\/www.factorenergia.com\/ca\/blog\/mobilitat-electrica\/augment-les-electrolineres-i-aposta-definitiva-pel-cotxe-electric\/","name":"Electrolineres: punts de rec\u00e0rrega per al cotxe el\u00e8ctric | Factorenergia","isPartOf":{"@id":"https:\/\/www.factorenergia.com\/es\/#website"},"datePublished":"2018-07-02T12:06:07+00:00","dateModified":"2023-05-18T06:55:33+00:00","author":{"@id":"https:\/\/www.factorenergia.com\/es\/#\/schema\/person\/dff9e4b6dc520720e3a37bdaaedc5841"},"description":"Saps que \u00e9s una electrolinera? Quant costa recarregar un cotxe el\u00e8ctric? En aquest post, et donem la resposta als teus dubtes.","breadcrumb":{"@id":"https:\/\/www.factorenergia.com\/ca\/blog\/mobilitat-electrica\/augment-les-electrolineres-i-aposta-definitiva-pel-cotxe-electric\/#breadcrumb"},"inLanguage":"ca","potentialAction":[{"@type":"ReadAction","target":["https:\/\/www.factorenergia.com\/ca\/blog\/mobilitat-electrica\/augment-les-electrolineres-i-aposta-definitiva-pel-cotxe-electric\/"]}]},{"@type":"BreadcrumbList","@id":"https:\/\/www.factorenergia.com\/ca\/blog\/mobilitat-electrica\/augment-les-electrolineres-i-aposta-definitiva-pel-cotxe-electric\/#breadcrumb","itemListElement":[{"@type":"ListItem","position":1,"name":"Portada","item":"https:\/\/www.factorenergia.com\/ca\/"},{"@type":"ListItem","position":2,"name":"Les electrolineres: punts de rec\u00e0rrega per al cotxe el\u00e8ctric"}]},{"@type":"WebSite","@id":"https:\/\/www.factorenergia.com\/es\/#website","url":"https:\/\/www.factorenergia.com\/es\/","name":"factorenergia","description":"factorenergia","potentialAction":[{"@type":"SearchAction","target":{"@type":"EntryPoint","urlTemplate":"https:\/\/www.factorenergia.com\/es\/?s={search_term_string}"},"query-input":"required name=search_term_string"}],"inLanguage":"ca"},{"@type":"Person","@id":"https:\/\/www.factorenergia.com\/es\/#\/schema\/person\/dff9e4b6dc520720e3a37bdaaedc5841","name":"Equipo Transici\u00f3n Energ\u00e9tica Factorenergia","image":{"@type":"ImageObject","inLanguage":"ca","@id":"https:\/\/www.factorenergia.com\/es\/#\/schema\/person\/image\/","url":"https:\/\/secure.gravatar.com\/avatar\/1b7c76bab80ee1c4261b06108874e24b?s=96&d=mm&r=g","contentUrl":"https:\/\/secure.gravatar.com\/avatar\/1b7c76bab80ee1c4261b06108874e24b?s=96&d=mm&r=g","caption":"Equipo Transici\u00f3n Energ\u00e9tica Factorenergia"},"description":"El equipo est\u00e1 formado por expertos en materia de Luz, Gas y Eficiencia Energ\u00e9tica, que conocen de primera mano las tendencias del mercado. Su experiencia en el sector les permite ofrecer las mejores soluciones energ\u00e9ticas y resolver las dudas planteadas por los clientes.","sameAs":["https:\/\/www.factorenergia.com\/es\/","https:\/\/www.facebook.com\/factorenergiacom","https:\/\/www.instagram.com\/factorenergia_com\/","https:\/\/es.linkedin.com\/company\/factor-energia","https:\/\/twitter.com\/factorenergia","https:\/\/www.youtube.com\/c\/factorenergiacom"],"url":"https:\/\/www.factorenergia.com\/ca\/blog\/author\/marketing\/"}]}},"_links":{"self":[{"href":"https:\/\/www.factorenergia.com\/ca\/wp-json\/wp\/v2\/posts\/7724"}],"collection":[{"href":"https:\/\/www.factorenergia.com\/ca\/wp-json\/wp\/v2\/posts"}],"about":[{"href":"https:\/\/www.factorenergia.com\/ca\/wp-json\/wp\/v2\/types\/post"}],"author":[{"embeddable":true,"href":"https:\/\/www.factorenergia.com\/ca\/wp-json\/wp\/v2\/users\/17"}],"replies":[{"embeddable":true,"href":"https:\/\/www.factorenergia.com\/ca\/wp-json\/wp\/v2\/comments?post=7724"}],"version-history":[{"count":2,"href":"https:\/\/www.factorenergia.com\/ca\/wp-json\/wp\/v2\/posts\/7724\/revisions"}],"predecessor-version":[{"id":21481,"href":"https:\/\/www.factorenergia.com\/ca\/wp-json\/wp\/v2\/posts\/7724\/revisions\/21481"}],"acf:term":[{"embeddable":true,"taxonomy":"category","href":"https:\/\/www.factorenergia.com\/ca\/wp-json\/wp\/v2\/categories\/64"}],"wp:attachment":[{"href":"https:\/\/www.factorenergia.com\/ca\/wp-json\/wp\/v2\/media?parent=7724"}],"wp:term":[{"taxonomy":"category","embeddable":true,"href":"https:\/\/www.factorenergia.com\/ca\/wp-json\/wp\/v2\/categories?post=7724"},{"taxonomy":"post_tag","embeddable":true,"href":"https:\/\/www.factorenergia.com\/ca\/wp-json\/wp\/v2\/tags?post=7724"}],"curies":[{"name":"wp","href":"https:\/\/api.w.org\/{rel}","templated":true}]}}