{"id":7642,"date":"2019-01-17T09:00:24","date_gmt":"2019-01-17T07:00:24","guid":{"rendered":"https:\/\/www.factorenergia.com\/ca\/blog\/%tiposdeblog%\/desertizacion-espana-cambio-climatico\/"},"modified":"2023-06-08T15:33:16","modified_gmt":"2023-06-08T13:33:16","slug":"desertitzacio-espanya-canvi-climatic","status":"publish","type":"post","link":"https:\/\/www.factorenergia.com\/ca\/blog\/noticies\/desertitzacio-espanya-canvi-climatic\/","title":{"rendered":"Salvem el planeta, el 2100 el 75% d&#8217;Espanya pot ser un desert"},"content":{"rendered":"<p>Salvem el planeta \u00e9s el lema m\u00e9s important amb el que hem de complir des del present i fins tot el que resti de futur. Ho \u00e9s perqu\u00e8 en el cas d&#8217;Espanya, el canvi clim\u00e0tic i la desertitzaci\u00f3 li afecten especialment. Volem explicar-te en aquest article algunes claus de per qu\u00e8 aix\u00f2 \u00e9s aix\u00ed i qu\u00e8 podem fer per evitar-ho.<\/p>\n<h2>Dades alarmants sobre la desertitzaci\u00f3 a Espanya<\/h2>\n<p>Segons les pr\u00f2pies dades que maneja el Ministeri de Medi ambient, amb el ritme actual d&#8217;emissions que hi ha al planeta, el nostre pa\u00eds es convertir\u00e0 en un erm similar al desert del S\u00e0hara per abans de 2100. Aquest estudi \u00e9s tan real com alarmant. Concreta que les zones humides del nostre pa\u00eds passaran a ser des\u00e8rtiques per a aquest per\u00edode. No \u00e9s per prendre-s&#8217;ho a poc tenint en compte que ja 2\/3 del nostre territori estan en estat d&#8217;aridesa.<\/p>\n<p>Aquesta desertificaci\u00f3 per al dit per\u00edode afectaria fins al 75% de la superf\u00edcie del nostre pa\u00eds. Naturalment, la pressi\u00f3 sobre els recursos h\u00eddrics aix\u00ed com els efectes del canvi clim\u00e0tic que en el cas d&#8217;Espanya passen per tornar un territori m\u00e9s \u00e0rid fan del nostre pa\u00eds un punt especialment rellevant per prendre totes les mesures necess\u00e0ries en contra d&#8217;aquest problema.<\/p>\n<p>B\u00e0sicament aquesta q\u00fcesti\u00f3 parteix d&#8217;un fet molt simple: es d\u00f3na m\u00e9s evaporaci\u00f3 d&#8217;aigua que la quantitat d&#8217;aigua disponible. Aix\u00f2 es deu a l&#8217;augment global de la temperatura com a conseq\u00fc\u00e8ncia del canvi clim\u00e0tic i, al mateix temps, el descens de les pluges. Aquest balan\u00e7 no resulta molt esperan\u00e7ador tenint en compte que, a m\u00e9s, quan una zona es desertifica \u00e9s impossible revertir la situaci\u00f3.<\/p>\n<p>Aix\u00f2 es deu al fet que la vegetaci\u00f3 es veu minvada com a conseq\u00fc\u00e8ncia d&#8217;estar sotmesa als agents erosius de forma m\u00e9s dura. Alhora, no fixa el s\u00f2l de manera que no es ret\u00e9 humitat i es tanca aix\u00ed un cicle del qual \u00e9s impossible sortir. Menys per al 80% de la superf\u00edcie d&#8217;un pa\u00eds com Espanya.<\/p>\n<h3>Mesures contra la desertitzaci\u00f3<\/h3>\n<p>Com hem dit, la idea de &#8220;salvem el planeta&#8221; hem de tenir molt present. Aqu\u00ed volem presentar-te algunes idees que poden fer que tu mateix col\u00b7laboris en aix\u00f2.<\/p>\n<p>&nbsp;<\/p>\n<h4>1.- Utilitza mitjans de transport alternatius<\/h4>\n<p>L&#8217;\u00fas de vehicles privats \u00e9s un dels problemes m\u00e9s importants. En efecte, si volem participar en el moviment salvem el planeta hem de buscar alternatives. Les ciutats estan sent condicionades per a aix\u00f2. Aprofita i fes servir la bicicleta o un mitj\u00e0 de transport no nociu sempre que sigui possible.<\/p>\n<p>&nbsp;<\/p>\n<h4>2.-\u00a0Estalvia aigua<\/h4>\n<p>Hi ha moltes raons per sumar-se a la iniciativa d&#8217;salvem el planeta. Per fer-ho, tot passa per l&#8217;aigua. \u00c9s un b\u00e9 esc\u00e0s que hem de cuidar per ser el m\u00e9s preuat que existeix. Aix\u00ed, et recomanem que en el consum diari intentis estalviar tot el possible. Aquest aigua de contribuir a mantenir l&#8217;equilibri en el balan\u00e7 h\u00eddric del nostre pa\u00eds.<\/p>\n<h4>3.- Passa&#8217;t al cotxe el\u00e8ctric<\/h4>\n<p>Aquest pas per ajudar a contribuir a la causa de salvem el planeta \u00e9s molt important. L&#8217;alternativa el\u00e8ctrica \u00e9s ja una realitat que no nom\u00e9s afecta els vehicles sin\u00f3 tamb\u00e9 a les formes d&#8217;obtenir energia. En efecte, podem instal\u00b7lar a casa sistemes el\u00e8ctrics en lloc dels que fan servir gasos. Podem canviar el nostre vehicle contaminant per un <a href=\"https:\/\/www.factorenergia.com\/ca\/instalar-punts-recarrega\/\">cotxe el\u00e8ctric<\/a>. Podem donar, en definitiva, benvinguda al segle XXI.<\/p>\n<h4>4.- Aposta per les energies renovables<\/h4>\n<p>Una forma d&#8217;evitar les emissions desmesurades t\u00e9 a veure amb aprofitar-se de energies m\u00e9s netes. La depend\u00e8ncia industrial pot canviar-se en gran part des del consum privat. Aix\u00ed, si les llars prenen partit per aquesta opci\u00f3 tots sortirem beneficiats a la llarga. Esperem que tu tamb\u00e9 et comprometis amb la idea de salvem el m\u00f3n, consulta&#8217;ns i t&#8217;assessorarem per fer el pas cap a l&#8217;<a href=\"https:\/\/www.factorenergia.com\/ca\/llars\/plaques-solars\/\" target=\"_blank\" rel=\"noopener\">autoconsum amb plaques solars<\/a>, no hi ha res m\u00e9s important.<\/p>\n","protected":false},"excerpt":{"rendered":"<p>La desertitzaci\u00f3 de territoris humits \u00e9s una de les conseq\u00fc\u00e8ncies m\u00e9s preocupants del canvi clim\u00e0tic. A Espanya \u00e9s especialment preocupant la situaci\u00f3, per aix\u00f2 t&#8217;oferim uns consells per reduir la petjada ambiental i millorar en sostenibilitat.<\/p>\n","protected":false},"author":17,"featured_media":0,"comment_status":"open","ping_status":"closed","sticky":false,"template":"","format":"standard","meta":{"inline_featured_image":false,"footnotes":""},"categories":[61],"tags":[],"acf":{"fecha_de_la_entrada":"20190117","imagen_portada":7640,"categoria_blog":null,"tipo_de_distribuidora":null,"tiempo_lectura":"","banner_bool":false,"titulo_banner":"","texto_banner":"","texto_boton_banner":"","url_boton_banner":"","post_relacionados":""},"yoast_head":"<!-- This site is optimized with the Yoast SEO plugin v22.2 - https:\/\/yoast.com\/wordpress\/plugins\/seo\/ -->\n<title>Salvem el planeta: consells contra la desertitzaci\u00f3 d&#039;Espanya<\/title>\n<meta name=\"description\" content=\"La desertitzaci\u00f3 d&#039;Espanya \u00e9s una conseq\u00fc\u00e8ncia greu del canvi clim\u00e0tic. T&#039;oferim uns consells perqu\u00e8 t&#039;uneixis a la sostenibilitat.\" \/>\n<meta name=\"robots\" content=\"index, follow, max-snippet:-1, max-image-preview:large, max-video-preview:-1\" \/>\n<link rel=\"canonical\" href=\"https:\/\/www.factorenergia.com\/ca\/blog\/noticies\/desertitzacio-espanya-canvi-climatic\/\" \/>\n<meta name=\"twitter:card\" content=\"summary_large_image\" \/>\n<meta name=\"twitter:title\" content=\"Salvem el planeta: consells contra la desertitzaci\u00f3 d&#039;Espanya\" \/>\n<meta name=\"twitter:description\" content=\"La desertitzaci\u00f3 d&#039;Espanya \u00e9s una conseq\u00fc\u00e8ncia greu del canvi clim\u00e0tic. T&#039;oferim uns consells perqu\u00e8 t&#039;uneixis a la sostenibilitat.\" \/>\n<meta name=\"twitter:creator\" content=\"@factorenergia\" \/>\n<meta name=\"twitter:site\" content=\"@factorenergia\" \/>\n<meta name=\"twitter:label1\" content=\"Written by\" \/>\n\t<meta name=\"twitter:data1\" content=\"Equipo Transici\u00f3n Energ\u00e9tica Factorenergia\" \/>\n\t<meta name=\"twitter:label2\" content=\"Est. reading time\" \/>\n\t<meta name=\"twitter:data2\" content=\"3 minutes\" \/>\n<script type=\"application\/ld+json\" class=\"yoast-schema-graph\">{\"@context\":\"https:\/\/schema.org\",\"@graph\":[{\"@type\":\"WebPage\",\"@id\":\"https:\/\/www.factorenergia.com\/ca\/blog\/noticies\/desertitzacio-espanya-canvi-climatic\/\",\"url\":\"https:\/\/www.factorenergia.com\/ca\/blog\/noticies\/desertitzacio-espanya-canvi-climatic\/\",\"name\":\"Salvem el planeta: consells contra la desertitzaci\u00f3 d'Espanya\",\"isPartOf\":{\"@id\":\"https:\/\/www.factorenergia.com\/es\/#website\"},\"datePublished\":\"2019-01-17T07:00:24+00:00\",\"dateModified\":\"2023-06-08T13:33:16+00:00\",\"author\":{\"@id\":\"https:\/\/www.factorenergia.com\/es\/#\/schema\/person\/dff9e4b6dc520720e3a37bdaaedc5841\"},\"description\":\"La desertitzaci\u00f3 d'Espanya \u00e9s una conseq\u00fc\u00e8ncia greu del canvi clim\u00e0tic. T'oferim uns consells perqu\u00e8 t'uneixis a la sostenibilitat.\",\"breadcrumb\":{\"@id\":\"https:\/\/www.factorenergia.com\/ca\/blog\/noticies\/desertitzacio-espanya-canvi-climatic\/#breadcrumb\"},\"inLanguage\":\"ca\",\"potentialAction\":[{\"@type\":\"ReadAction\",\"target\":[\"https:\/\/www.factorenergia.com\/ca\/blog\/noticies\/desertitzacio-espanya-canvi-climatic\/\"]}]},{\"@type\":\"BreadcrumbList\",\"@id\":\"https:\/\/www.factorenergia.com\/ca\/blog\/noticies\/desertitzacio-espanya-canvi-climatic\/#breadcrumb\",\"itemListElement\":[{\"@type\":\"ListItem\",\"position\":1,\"name\":\"Portada\",\"item\":\"https:\/\/www.factorenergia.com\/ca\/\"},{\"@type\":\"ListItem\",\"position\":2,\"name\":\"Salvem el planeta, el 2100 el 75% d&#8217;Espanya pot ser un desert\"}]},{\"@type\":\"WebSite\",\"@id\":\"https:\/\/www.factorenergia.com\/es\/#website\",\"url\":\"https:\/\/www.factorenergia.com\/es\/\",\"name\":\"factorenergia\",\"description\":\"factorenergia\",\"potentialAction\":[{\"@type\":\"SearchAction\",\"target\":{\"@type\":\"EntryPoint\",\"urlTemplate\":\"https:\/\/www.factorenergia.com\/es\/?s={search_term_string}\"},\"query-input\":\"required name=search_term_string\"}],\"inLanguage\":\"ca\"},{\"@type\":\"Person\",\"@id\":\"https:\/\/www.factorenergia.com\/es\/#\/schema\/person\/dff9e4b6dc520720e3a37bdaaedc5841\",\"name\":\"Equipo Transici\u00f3n Energ\u00e9tica Factorenergia\",\"image\":{\"@type\":\"ImageObject\",\"inLanguage\":\"ca\",\"@id\":\"https:\/\/www.factorenergia.com\/es\/#\/schema\/person\/image\/\",\"url\":\"https:\/\/secure.gravatar.com\/avatar\/1b7c76bab80ee1c4261b06108874e24b?s=96&d=mm&r=g\",\"contentUrl\":\"https:\/\/secure.gravatar.com\/avatar\/1b7c76bab80ee1c4261b06108874e24b?s=96&d=mm&r=g\",\"caption\":\"Equipo Transici\u00f3n Energ\u00e9tica Factorenergia\"},\"description\":\"El equipo est\u00e1 formado por expertos en materia de Luz, Gas y Eficiencia Energ\u00e9tica, que conocen de primera mano las tendencias del mercado. Su experiencia en el sector les permite ofrecer las mejores soluciones energ\u00e9ticas y resolver las dudas planteadas por los clientes.\",\"sameAs\":[\"https:\/\/www.factorenergia.com\/es\/\",\"https:\/\/www.facebook.com\/factorenergiacom\",\"https:\/\/www.instagram.com\/factorenergia_com\/\",\"https:\/\/es.linkedin.com\/company\/factor-energia\",\"https:\/\/twitter.com\/factorenergia\",\"https:\/\/www.youtube.com\/c\/factorenergiacom\"],\"url\":\"https:\/\/www.factorenergia.com\/ca\/blog\/author\/marketing\/\"}]}<\/script>\n<!-- \/ Yoast SEO plugin. -->","yoast_head_json":{"title":"Salvem el planeta: consells contra la desertitzaci\u00f3 d'Espanya","description":"La desertitzaci\u00f3 d'Espanya \u00e9s una conseq\u00fc\u00e8ncia greu del canvi clim\u00e0tic. T'oferim uns consells perqu\u00e8 t'uneixis a la sostenibilitat.","robots":{"index":"index","follow":"follow","max-snippet":"max-snippet:-1","max-image-preview":"max-image-preview:large","max-video-preview":"max-video-preview:-1"},"canonical":"https:\/\/www.factorenergia.com\/ca\/blog\/noticies\/desertitzacio-espanya-canvi-climatic\/","twitter_card":"summary_large_image","twitter_title":"Salvem el planeta: consells contra la desertitzaci\u00f3 d'Espanya","twitter_description":"La desertitzaci\u00f3 d'Espanya \u00e9s una conseq\u00fc\u00e8ncia greu del canvi clim\u00e0tic. T'oferim uns consells perqu\u00e8 t'uneixis a la sostenibilitat.","twitter_creator":"@factorenergia","twitter_site":"@factorenergia","twitter_misc":{"Written by":"Equipo Transici\u00f3n Energ\u00e9tica Factorenergia","Est. reading time":"3 minutes"},"schema":{"@context":"https:\/\/schema.org","@graph":[{"@type":"WebPage","@id":"https:\/\/www.factorenergia.com\/ca\/blog\/noticies\/desertitzacio-espanya-canvi-climatic\/","url":"https:\/\/www.factorenergia.com\/ca\/blog\/noticies\/desertitzacio-espanya-canvi-climatic\/","name":"Salvem el planeta: consells contra la desertitzaci\u00f3 d'Espanya","isPartOf":{"@id":"https:\/\/www.factorenergia.com\/es\/#website"},"datePublished":"2019-01-17T07:00:24+00:00","dateModified":"2023-06-08T13:33:16+00:00","author":{"@id":"https:\/\/www.factorenergia.com\/es\/#\/schema\/person\/dff9e4b6dc520720e3a37bdaaedc5841"},"description":"La desertitzaci\u00f3 d'Espanya \u00e9s una conseq\u00fc\u00e8ncia greu del canvi clim\u00e0tic. T'oferim uns consells perqu\u00e8 t'uneixis a la sostenibilitat.","breadcrumb":{"@id":"https:\/\/www.factorenergia.com\/ca\/blog\/noticies\/desertitzacio-espanya-canvi-climatic\/#breadcrumb"},"inLanguage":"ca","potentialAction":[{"@type":"ReadAction","target":["https:\/\/www.factorenergia.com\/ca\/blog\/noticies\/desertitzacio-espanya-canvi-climatic\/"]}]},{"@type":"BreadcrumbList","@id":"https:\/\/www.factorenergia.com\/ca\/blog\/noticies\/desertitzacio-espanya-canvi-climatic\/#breadcrumb","itemListElement":[{"@type":"ListItem","position":1,"name":"Portada","item":"https:\/\/www.factorenergia.com\/ca\/"},{"@type":"ListItem","position":2,"name":"Salvem el planeta, el 2100 el 75% d&#8217;Espanya pot ser un desert"}]},{"@type":"WebSite","@id":"https:\/\/www.factorenergia.com\/es\/#website","url":"https:\/\/www.factorenergia.com\/es\/","name":"factorenergia","description":"factorenergia","potentialAction":[{"@type":"SearchAction","target":{"@type":"EntryPoint","urlTemplate":"https:\/\/www.factorenergia.com\/es\/?s={search_term_string}"},"query-input":"required name=search_term_string"}],"inLanguage":"ca"},{"@type":"Person","@id":"https:\/\/www.factorenergia.com\/es\/#\/schema\/person\/dff9e4b6dc520720e3a37bdaaedc5841","name":"Equipo Transici\u00f3n Energ\u00e9tica Factorenergia","image":{"@type":"ImageObject","inLanguage":"ca","@id":"https:\/\/www.factorenergia.com\/es\/#\/schema\/person\/image\/","url":"https:\/\/secure.gravatar.com\/avatar\/1b7c76bab80ee1c4261b06108874e24b?s=96&d=mm&r=g","contentUrl":"https:\/\/secure.gravatar.com\/avatar\/1b7c76bab80ee1c4261b06108874e24b?s=96&d=mm&r=g","caption":"Equipo Transici\u00f3n Energ\u00e9tica Factorenergia"},"description":"El equipo est\u00e1 formado por expertos en materia de Luz, Gas y Eficiencia Energ\u00e9tica, que conocen de primera mano las tendencias del mercado. Su experiencia en el sector les permite ofrecer las mejores soluciones energ\u00e9ticas y resolver las dudas planteadas por los clientes.","sameAs":["https:\/\/www.factorenergia.com\/es\/","https:\/\/www.facebook.com\/factorenergiacom","https:\/\/www.instagram.com\/factorenergia_com\/","https:\/\/es.linkedin.com\/company\/factor-energia","https:\/\/twitter.com\/factorenergia","https:\/\/www.youtube.com\/c\/factorenergiacom"],"url":"https:\/\/www.factorenergia.com\/ca\/blog\/author\/marketing\/"}]}},"_links":{"self":[{"href":"https:\/\/www.factorenergia.com\/ca\/wp-json\/wp\/v2\/posts\/7642"}],"collection":[{"href":"https:\/\/www.factorenergia.com\/ca\/wp-json\/wp\/v2\/posts"}],"about":[{"href":"https:\/\/www.factorenergia.com\/ca\/wp-json\/wp\/v2\/types\/post"}],"author":[{"embeddable":true,"href":"https:\/\/www.factorenergia.com\/ca\/wp-json\/wp\/v2\/users\/17"}],"replies":[{"embeddable":true,"href":"https:\/\/www.factorenergia.com\/ca\/wp-json\/wp\/v2\/comments?post=7642"}],"version-history":[{"count":3,"href":"https:\/\/www.factorenergia.com\/ca\/wp-json\/wp\/v2\/posts\/7642\/revisions"}],"predecessor-version":[{"id":21982,"href":"https:\/\/www.factorenergia.com\/ca\/wp-json\/wp\/v2\/posts\/7642\/revisions\/21982"}],"wp:attachment":[{"href":"https:\/\/www.factorenergia.com\/ca\/wp-json\/wp\/v2\/media?parent=7642"}],"wp:term":[{"taxonomy":"category","embeddable":true,"href":"https:\/\/www.factorenergia.com\/ca\/wp-json\/wp\/v2\/categories?post=7642"},{"taxonomy":"post_tag","embeddable":true,"href":"https:\/\/www.factorenergia.com\/ca\/wp-json\/wp\/v2\/tags?post=7642"}],"curies":[{"name":"wp","href":"https:\/\/api.w.org\/{rel}","templated":true}]}}