{"id":7628,"date":"2019-01-14T09:00:34","date_gmt":"2019-01-14T07:00:34","guid":{"rendered":"https:\/\/www.factorenergia.com\/ca\/blog\/%tiposdeblog%\/aprende-calcular-consumo-electrico-casa\/"},"modified":"2025-08-07T08:28:37","modified_gmt":"2025-08-07T06:28:37","slug":"apren-calcular-consum-electric-casa","status":"publish","type":"post","link":"https:\/\/www.factorenergia.com\/ca\/blog\/apren-a-estalviar\/apren-calcular-consum-electric-casa\/","title":{"rendered":"Apr\u00e8n a calcular el consum el\u00e8ctric de casa teva"},"content":{"rendered":"<p><span>\n<script type=\"text\/javascript\" id=\"auto-index\" async defer>\n\n      function indexContent(context){\n\n      var container = document.querySelector(context);\n\n      element = document.getElementById(\"accordion-index\");\n      var titles = Array.from(container.querySelectorAll(\"h2,h3\"));\n\n      for (var i = 0, l = titles.length; i < l; i++) {\n\n\t\tjQuery('#accordionIndex').show();\n\n        var tit = titles[i];\n\t\tvar newTitle = tit.textContent.toLowerCase().replace(\/[^a-zA-Z ]\/g, \"\").replace(\/\\s\/g, '-');\n\t\tvar numTag = Number(tit.tagName.replace(\/[^1-9]\/g, \"\"));\n\t\tvar tagWidth = (numTag*20);\n\n\t\tvar preText = '<span style=\"margin-left:' + tagWidth + 'px\"><\/span>';\n\n        tit.setAttribute(\"id\", newTitle);\n\t\tjQuery(tit).addClass('h-inline');\n\t\t\n\t\tvar toIndex = '<p class=\"h-inline\"><a class=\"blog-toindex\" href=\"#accordionIndex\"><span class=\"glyphicon glyphicon-chevron-up\" aria-hidden=\"true\"><\/span><\/a><\/p>';\n\n\t\tjQuery(toIndex).insertAfter(tit);\n\n        var node = document.createElement(\"LI\");                 \n        var link = document.createElement(\"A\");\n        var textnode = document.createTextNode(tit.textContent);\n\n        link.appendChild(textnode);\n        link.setAttribute(\"href\", '#' + newTitle);\n\t\t\/\/link.setAttribute(\"style\", \"margin-left:\" + tagWidth + \"px\");\n\t\tlink.setAttribute(\"class\", \"acc-h\" + numTag);\n        node.appendChild(link);\n\n        element.appendChild(node);\n\n      }\n    }\n\n    jQuery(document).ready(function(){\t\t\n\t\tindexContent(\".single-post-content\");\n\n\t\tjQuery(\".accordion-toggle\").click(function() {\n\t\t\tjQuery(this).toggleClass(\"open\");\n\t\t\tjQuery(\"#collapseIndex\").slideToggle(\"in\");\n\t\t});\n\t});\n\n\n<\/script>\n\n<style>\n\t.accordion-toggle{\n\t\tcursor:pointer;\n\t}\n\n\t#accordionIndex .panel-heading{\n\t\tmargin-bottom:0px;\n\t}\n\n\t.articulo ul, .articulo ol{\n\t\tmargin-bottom:auto;\n\t}\n\n\t.h-inline{\n\t\tdisplay: inline-flex;\n\t\tflex-wrap: wrap\n\t}\n\t#accordion-index{\n\t\tpadding-left:0px;\n\t}\n\t#accordion-index li a{\n\t\tdisplay:block;\n\t\tpadding-top:5px;\n\t}\n\n\t.acc-h2{\n\t\tmargin-left:0px;\n\t\tposition: relative;\n\t}\n\n\t.acc-h3{\n\t\tmargin-left:25px;\n\t}\n\n\t.acc-h3::before{\n\t\tcontent: \"\";\n\t\tbackground-color:var(--blue-light);\n\t\tmargin-left:-10px;\n\t\twidth: 7px;\n\t\theight: 7px;\n\t\tdisplay: inline-block;\n\t\ttext-align: center;\n\t\tborder-radius: 1000px;\n\t\tmargin-right: 10px;\n    \tmargin-bottom: 2px;\n\t}\n\n\t.acc-h4{\n\t\tmargin-left:40px;\n\t}\n\n\t.acc-h4::before{\n\t\tcontent: \"\";\n\t\tborder: 1px solid var(--blue-light);\n\t\tmargin-left:-5px;\n\t\twidth: 7px;\n\t\theight: 7px;\n\t\tdisplay: inline-block;\n\t\ttext-align: center;\n\t\tborder-radius: 100%;\n\t\tmargin-right: 10px;\n    \tmargin-bottom: 2px;\n\t}\n\n\t.acc-h3:hover::before{\n\t\tbackground-color: var(--blue-darkest);\n\t}\n\n\t.acc-h4:hover::before{\n\t\tborder-color: var(--blue-darkest);\n\t}\n\n\t@media (max-width: 992px){\n\t\t.acc-h2{\n\t\t\tmargin-left:0px;\n\t\t}\n\t\t.acc-h3{\n\t\t\tmargin-left:20px;\n\t\t}\n\t\t.acc-h4{\n\t\t\tmargin-left:40px;\n\t\t}\n\t}\n\n\t\/*\n\th2.h-inline:after,\n\th3.h-inline:after{\n\t\theight: 24px;\n\t\tcontent: \"\";\n\t\tdisplay: table-row;\n\t}*\/\n<\/style>\n\n<div id=\"table-accordion-index\">\n\t<div class=\"panel-group\" id=\"accordionIndex\">\n\t\t<div class=\"panel panel-default\">\n\t\t\t<div class=\"panel-heading\">\n\t\t\t\t<div class=\"panel-title open\"><div class=\"accordion-toggle\" data-toggle=\"collapse\" data-parent=\"#accordion\" aria-expanded=\"true\">\u00edndex<\/div><\/div>\n\t\t\t<\/div>\n\t\t\t<div id=\"collapseIndex\" class=\"panel-collapse collapse in\" aria-expanded=\"true\">\n\t\t\t\t<div class=\"panel-body\">\n\t\t\t\t\t<ul id=\"accordion-index\">\n\t\t\t\t\t<\/ul>\n\t\t\t\t<\/div>\n\t\t\t<\/div>\n\t\t<\/div>\n\t<\/div>\n<\/div><\/span><\/p>\n<p>En aquest article volem donar-te tota la informaci\u00f3 necess\u00e0ria per poder calcular el consum el\u00e8ctric de casa teva. Aix\u00f2 no \u00e9s nom\u00e9s especialment interessant per a fam\u00edlies nombroses sin\u00f3 m\u00e9s encara per a qualsevol consumidor. I \u00e9s que no nom\u00e9s afecta el cost de la nostra factura sin\u00f3 tamb\u00e9 als nostres drets com particulars. Esperem que aquesta informaci\u00f3 et serveixi d&#8217;ajuda.<\/p>\n<h2>Com es calcula el consum el\u00e8ctric d&#8217;una casa?<\/h2>\n<p>En primer lloc cal dir que per calcular el consum el\u00e8ctric de la nostra llar hem de tenir en compte dos punts. El primer \u00e9s el concepte de terme d&#8217;energia i el segon la pot\u00e8ncia contractada.<\/p>\n<p>El terme d&#8217;energia \u00e9s el <a href=\"https:\/\/www.factorenergia.com\/ca\/llum\/tarifa-variable\/\" title=\"tarifa de llum per hores\" target=\"_blank\" rel=\"noopener noreferrer\">preu de la llum<\/a> que es mesura en el preu del kW (quilowatt) per hora. Aquest preu ve donat per una subhasta en qu\u00e8 les companyies compren a les generadores el\u00e8ctriques del pa\u00eds per despr\u00e9s vendre-ho als seus consumidors. Naturalment, aquest preu augmentar\u00e0 conforme augmenti el nostre consum.<\/p>\n<p>\u00c9s per aix\u00f2 molt important tenir en compte el segon aspecte: la <a href=\"https:\/\/www.factorenergia.com\/ca\/blog\/enten-la-factura-de-la-llum\/que-es-potencia\/\" title=\"Qu\u00e8 \u00e9s la pot\u00e8ncia de llum contractada?\" target=\"_blank\" rel=\"noopener noreferrer\">pot\u00e8ncia de llum contractada<\/a>. Existeix, per aix\u00ed dir-ho, una correlaci\u00f3 entre aquesta i el nombre de persones que viuen en una casa.<\/p>\n<p><span><div class=\"text-center center blog-cta\"><p>Canvia't a factorenergia i estalvia un 12'5% a la Factura de la Llum ... Per Sempre!<\/p><a class=\"blog-cta primary-btn text-center solicitar-estudio\" target=\"_blank\" title=\"Truca Gratis o Contracta Online en 2 min\" href=\"https:\/\/www.factorenergia.com\/ca\/canvia-de-companyia\/\">Truca Gratis o Contracta Online en 2 min<\/a><p><\/p><div style=\"display:none;\"><p>Canvia't a factorenergia i estalvia un 12'5% a la Factura de la Llum ... Per Sempre!<\/p><\/div>\n\t\t\t<script type='text\/javascript'>\n\t\t\t\tjQuery('.solicitar-estudio').click(function(){\t\t\t\t\t\t\t\t\t\n\t\t\t\t\tdataLayer.push({'language': 'ca'});\n\t\t\t\t\tdataLayer.push({'post_id': '7628'});\n\t\t\t\t\tdataLayer.push({'cat_type': 'luz'});\n\t\t\t\t});\n\t\t\t<\/script>\n\t\t<\/div><br\/><\/span><\/p>\n<p>En aquest sentit, a l&#8217;hora de <a href=\"https:\/\/alta.factorenergia.com\/ca\/checkout-l\/1\" title=\"Quina tarifa i quina pot\u00e8ncia de llum contractar?\" target=\"_blank\" rel=\"noopener noreferrer\">contractar llum<\/a> hem de tenir en compte la millor tarifa segons les nostres pr\u00f2pies necessitats i, al mateix temps, la diferent ofertes de <a href=\"https:\/\/www.factorenergia.com\/ca\/tarifas-de-llum\/\" title=\"companyia de llum i gas catalana\" target=\"_blank\" rel=\"noopener noreferrer\">companyies de llum<\/a> que existeixen i que poden donar-nos millors preus.<\/p>\n<p>Consum aproximat segons el nombre de membres a la fam\u00edlia:<\/p>\n<ul>\n<li>Una persona: 368kWh en dos mesos (aproximadament 71 euros)<\/li>\n<li>Dues persones: 584kWh en dos mesos (aproximadament 99 euros)<\/li>\n<li>Tres persones: 668kWh (117 euros)<\/li>\n<li>Quatre o m\u00e9s: 750kWh (127-135 euros)<\/li>\n<\/ul>\n\r\n<script type=\"text\/javascript\" async defer>\r\n\r\n    jQuery(document).ready(function(){\t\t\r\n\t\t\r\n\t});\r\n<\/script>\r\n\r\n<style>\r\n\t.block-interested_posts{\r\n        margin-top: 10px;\r\n        padding: 20px;\r\n        border: 2px solid #92C200;\r\n    }\r\n    .block-interested_posts ul{\r\n        margin-bottom:0px;\r\n    }\r\n    .block-interested_posts ul li{\r\n        margin-bottom:5px;\r\n    }\r\n    .block-interested_posts ul li a{\r\n        \/*color: #DF981E;*\/\r\n    }\r\n\r\n<\/style>\r\n\r\n<div class=\"block-interested_posts\">\r\n    <p><strong>Post que et poden interessar<\/strong><\/p>\r\n    <ul>\r\n                    <li><a href=\"https:\/\/www.factorenergia.com\/ca\/blog\/eficiencia-energetica\/etiqueta-eficiencia-energetica\/\" title=\"L&#8217;etiqueta d\u2019efici\u00e8ncia energ\u00e8tica\">L&#8217;etiqueta d\u2019efici\u00e8ncia energ\u00e8tica<\/a><\/li>\r\n                    <li><a href=\"https:\/\/www.factorenergia.com\/ca\/blog\/autoconsum-electric\/alternatives-energetiques-llar\/\" title=\"Alternatives energ\u00e8tiques per a la llar\">Alternatives energ\u00e8tiques per a la llar<\/a><\/li>\r\n                    <li><a href=\"https:\/\/www.factorenergia.com\/ca\/blog\/enten-la-factura-de-la-llum\/quants-kwh-consumeix-una-casa-al-mes\/\" title=\"Quants kWh consumeix una casa al mes?\">Quants kWh consumeix una casa al mes?<\/a><\/li>\r\n            <\/ul>\t\r\n<\/div>\n<h3>Llegir la factura per calcular el consum el\u00e8ctric de casa teva<\/h3>\n<p>T&#8217;oferim alguns detalls dels punts que apareixen en la teva factura i que has de tenir en compte per calcular el cost.<br \/>\n<strong>Terme de pot\u00e8ncia<\/strong>: tal com hem explicat abans, es contracta al principi i hem de ajustar-la a les nostres necessitats. Aquesta part \u00e9s fixa en la nostra factura fins que no modifiquem el contracte.<\/p>\n<p><strong>Terme\u00a0d&#8217;energia:<\/strong> el consum d&#8217;energia que hem tingut durant el per\u00edode de la factura. Aquesta part varia en funci\u00f3 del consum.<\/p>\n<p><strong>Impost sobre l&#8217;electricitat:<\/strong> aquest impost est\u00e0 destinat a ajudar a la mineria de carb\u00f3 i suprimir els rec\u00e0rrecs de la factura el\u00e8ctrica. Es calcula aplicant un 5,11% sobre els termes.<\/p>\n<p><strong>Lloguer d&#8217;equips de mesura:<\/strong> aqu\u00ed es paga el preu del comptador.<\/p>\n<h3>Com\u00a0es mesura\u00a0el consum\u00a0el\u00e8ctric de casa?<\/h3>\n<p>A l&#8217;hora de calcular el consum el\u00e8ctric cal tenir en compte els seg\u00fcents punts:<\/p>\n<ol>\n<li><strong>Energia activa<\/strong>: \u00e9s la quantitat d&#8217;energia consumida.<\/li>\n<li><strong>Energia reactiva:<\/strong> alguns aparells utilitzen bobines que transformen l&#8217;energia en camps electromagn\u00e8tics. Si b\u00e9 aquesta energia no \u00e9s \u00fatil, si t\u00e9 un cost d&#8217;emmagatzematge i per aix\u00f2 apareix posteriorment en la nostra factura.<\/li>\n<li><strong>Consum \/ pot\u00e8ncia:<\/strong> el consum total d&#8217;energia en el per\u00edode. Es fa mitjan\u00e7ant la resta del consum previ i l&#8217;actual per saber quants kW hem consumit.<\/li>\n<\/ol>\n<p>Per tant, per calcular el consum:<\/p>\n<ul>\n<li>Cal multiplicar la quantitat de kWh consumits pel p<a href=\"https:\/\/www.factorenergia.com\/ca\/llars\/tarifas\/preu-variable\/\"><\/a><a href=\"https:\/\/www.factorenergia.com\/ca\/llars\/tarifas\/preu-variable\/\" target=\"_blank\" rel=\"noopener\">reu de la llum<\/a> a qu\u00e8 estan fixats.<\/li>\n<li>L&#8217;impost sobre l&#8217;electricitat ser\u00e0 el 5% de la suma de pot\u00e8ncia i consum.<\/li>\n<li>El lloguer del comptador t\u00e9 un preu diari que hem de multiplicar pel nombre de dies de facturaci\u00f3.<\/li>\n<li>Finalment, el c\u00e0lcul de l&#8217;IVA \u00e9s d&#8217;un 21% del total dels anteriors termes.<\/li>\n<\/ul>\n<p>Esperem haver aclarit els teus dubtes! Si necessites ajuda telef\u00f2nica per a contractar la llum amb Factorenergia, truca al nostre tel\u00e8fon gratu\u00eft d&#8217;Atenci\u00f3 al Client al <strong>900 850 000<\/strong>, estarem encantats d&#8217;atendre&#8217;t.<\/p>\n","protected":false},"excerpt":{"rendered":"<p>Un assessorament energ\u00e8tic inadequat, o heretar contractes d&#8217;antics propietaris de l&#8217;habitatge, pot fer que estiguem pagant de m\u00e9s en la factura de la llum. Et mostrem uns consells per aprendre a calcular el consum el\u00e8ctric de casa teva, con\u00e8ixer les necessitats reals de la teva fam\u00edlia i estalviar en la factura el\u00e8ctrica.<\/p>\n","protected":false},"author":17,"featured_media":0,"comment_status":"open","ping_status":"closed","sticky":false,"template":"","format":"standard","meta":{"inline_featured_image":false,"footnotes":""},"categories":[55],"tags":[],"acf":{"fecha_de_la_entrada":"20190114","imagen_portada":7626,"categoria_blog":null,"tipo_de_distribuidora":null,"tiempo_lectura":"","banner_bool":false,"titulo_banner":"","texto_banner":"","texto_boton_banner":"","url_boton_banner":"","post_relacionados":[7033,8710]},"yoast_head":"<!-- This site is optimized with the Yoast SEO plugin v22.2 - https:\/\/yoast.com\/wordpress\/plugins\/seo\/ -->\n<title>Apr\u00e8n a calcular el consum el\u00e8ctric de casa | Factorenergia<\/title>\n<meta name=\"description\" content=\"T&#039;oferim informaci\u00f3 per aprendre a calcular el consum el\u00e8ctric de casa teva. Tenint aix\u00f2 clar, \u00e9s f\u00e0cil estalviar en la factura de la llum.\" \/>\n<meta name=\"robots\" content=\"index, follow, max-snippet:-1, max-image-preview:large, max-video-preview:-1\" \/>\n<link rel=\"canonical\" href=\"https:\/\/www.factorenergia.com\/ca\/blog\/apren-a-estalviar\/apren-calcular-consum-electric-casa\/\" \/>\n<meta name=\"twitter:card\" content=\"summary_large_image\" \/>\n<meta name=\"twitter:title\" content=\"Apr\u00e8n a calcular el consum el\u00e8ctric de casa | Factorenergia\" \/>\n<meta name=\"twitter:description\" content=\"T&#039;oferim informaci\u00f3 per aprendre a calcular el consum el\u00e8ctric de casa teva. Tenint aix\u00f2 clar, \u00e9s f\u00e0cil estalviar en la factura de la llum.\" \/>\n<meta name=\"twitter:creator\" content=\"@factorenergia\" \/>\n<meta name=\"twitter:site\" content=\"@factorenergia\" \/>\n<meta name=\"twitter:label1\" content=\"Written by\" \/>\n\t<meta name=\"twitter:data1\" content=\"Equipo Transici\u00f3n Energ\u00e9tica Factorenergia\" \/>\n\t<meta name=\"twitter:label2\" content=\"Est. reading time\" \/>\n\t<meta name=\"twitter:data2\" content=\"3 minutes\" \/>\n<script type=\"application\/ld+json\" class=\"yoast-schema-graph\">{\"@context\":\"https:\/\/schema.org\",\"@graph\":[{\"@type\":\"WebPage\",\"@id\":\"https:\/\/www.factorenergia.com\/ca\/blog\/apren-a-estalviar\/apren-calcular-consum-electric-casa\/\",\"url\":\"https:\/\/www.factorenergia.com\/ca\/blog\/apren-a-estalviar\/apren-calcular-consum-electric-casa\/\",\"name\":\"Apr\u00e8n a calcular el consum el\u00e8ctric de casa | Factorenergia\",\"isPartOf\":{\"@id\":\"https:\/\/www.factorenergia.com\/es\/#website\"},\"datePublished\":\"2019-01-14T07:00:34+00:00\",\"dateModified\":\"2025-08-07T06:28:37+00:00\",\"author\":{\"@id\":\"https:\/\/www.factorenergia.com\/es\/#\/schema\/person\/dff9e4b6dc520720e3a37bdaaedc5841\"},\"description\":\"T'oferim informaci\u00f3 per aprendre a calcular el consum el\u00e8ctric de casa teva. Tenint aix\u00f2 clar, \u00e9s f\u00e0cil estalviar en la factura de la llum.\",\"breadcrumb\":{\"@id\":\"https:\/\/www.factorenergia.com\/ca\/blog\/apren-a-estalviar\/apren-calcular-consum-electric-casa\/#breadcrumb\"},\"inLanguage\":\"ca\",\"potentialAction\":[{\"@type\":\"ReadAction\",\"target\":[\"https:\/\/www.factorenergia.com\/ca\/blog\/apren-a-estalviar\/apren-calcular-consum-electric-casa\/\"]}]},{\"@type\":\"BreadcrumbList\",\"@id\":\"https:\/\/www.factorenergia.com\/ca\/blog\/apren-a-estalviar\/apren-calcular-consum-electric-casa\/#breadcrumb\",\"itemListElement\":[{\"@type\":\"ListItem\",\"position\":1,\"name\":\"Portada\",\"item\":\"https:\/\/www.factorenergia.com\/ca\/\"},{\"@type\":\"ListItem\",\"position\":2,\"name\":\"Apr\u00e8n a calcular el consum el\u00e8ctric de casa teva\"}]},{\"@type\":\"WebSite\",\"@id\":\"https:\/\/www.factorenergia.com\/es\/#website\",\"url\":\"https:\/\/www.factorenergia.com\/es\/\",\"name\":\"factorenergia\",\"description\":\"factorenergia\",\"potentialAction\":[{\"@type\":\"SearchAction\",\"target\":{\"@type\":\"EntryPoint\",\"urlTemplate\":\"https:\/\/www.factorenergia.com\/es\/?s={search_term_string}\"},\"query-input\":\"required name=search_term_string\"}],\"inLanguage\":\"ca\"},{\"@type\":\"Person\",\"@id\":\"https:\/\/www.factorenergia.com\/es\/#\/schema\/person\/dff9e4b6dc520720e3a37bdaaedc5841\",\"name\":\"Equipo Transici\u00f3n Energ\u00e9tica Factorenergia\",\"image\":{\"@type\":\"ImageObject\",\"inLanguage\":\"ca\",\"@id\":\"https:\/\/www.factorenergia.com\/es\/#\/schema\/person\/image\/\",\"url\":\"https:\/\/secure.gravatar.com\/avatar\/1b7c76bab80ee1c4261b06108874e24b?s=96&d=mm&r=g\",\"contentUrl\":\"https:\/\/secure.gravatar.com\/avatar\/1b7c76bab80ee1c4261b06108874e24b?s=96&d=mm&r=g\",\"caption\":\"Equipo Transici\u00f3n Energ\u00e9tica Factorenergia\"},\"description\":\"El equipo est\u00e1 formado por expertos en materia de Luz, Gas y Eficiencia Energ\u00e9tica, que conocen de primera mano las tendencias del mercado. Su experiencia en el sector les permite ofrecer las mejores soluciones energ\u00e9ticas y resolver las dudas planteadas por los clientes.\",\"sameAs\":[\"https:\/\/www.factorenergia.com\/es\/\",\"https:\/\/www.facebook.com\/factorenergiacom\",\"https:\/\/www.instagram.com\/factorenergia_com\/\",\"https:\/\/es.linkedin.com\/company\/factor-energia\",\"https:\/\/twitter.com\/factorenergia\",\"https:\/\/www.youtube.com\/c\/factorenergiacom\"],\"url\":\"https:\/\/www.factorenergia.com\/ca\/blog\/author\/marketing\/\"}]}<\/script>\n<!-- \/ Yoast SEO plugin. -->","yoast_head_json":{"title":"Apr\u00e8n a calcular el consum el\u00e8ctric de casa | Factorenergia","description":"T'oferim informaci\u00f3 per aprendre a calcular el consum el\u00e8ctric de casa teva. Tenint aix\u00f2 clar, \u00e9s f\u00e0cil estalviar en la factura de la llum.","robots":{"index":"index","follow":"follow","max-snippet":"max-snippet:-1","max-image-preview":"max-image-preview:large","max-video-preview":"max-video-preview:-1"},"canonical":"https:\/\/www.factorenergia.com\/ca\/blog\/apren-a-estalviar\/apren-calcular-consum-electric-casa\/","twitter_card":"summary_large_image","twitter_title":"Apr\u00e8n a calcular el consum el\u00e8ctric de casa | Factorenergia","twitter_description":"T'oferim informaci\u00f3 per aprendre a calcular el consum el\u00e8ctric de casa teva. Tenint aix\u00f2 clar, \u00e9s f\u00e0cil estalviar en la factura de la llum.","twitter_creator":"@factorenergia","twitter_site":"@factorenergia","twitter_misc":{"Written by":"Equipo Transici\u00f3n Energ\u00e9tica Factorenergia","Est. reading time":"3 minutes"},"schema":{"@context":"https:\/\/schema.org","@graph":[{"@type":"WebPage","@id":"https:\/\/www.factorenergia.com\/ca\/blog\/apren-a-estalviar\/apren-calcular-consum-electric-casa\/","url":"https:\/\/www.factorenergia.com\/ca\/blog\/apren-a-estalviar\/apren-calcular-consum-electric-casa\/","name":"Apr\u00e8n a calcular el consum el\u00e8ctric de casa | Factorenergia","isPartOf":{"@id":"https:\/\/www.factorenergia.com\/es\/#website"},"datePublished":"2019-01-14T07:00:34+00:00","dateModified":"2025-08-07T06:28:37+00:00","author":{"@id":"https:\/\/www.factorenergia.com\/es\/#\/schema\/person\/dff9e4b6dc520720e3a37bdaaedc5841"},"description":"T'oferim informaci\u00f3 per aprendre a calcular el consum el\u00e8ctric de casa teva. Tenint aix\u00f2 clar, \u00e9s f\u00e0cil estalviar en la factura de la llum.","breadcrumb":{"@id":"https:\/\/www.factorenergia.com\/ca\/blog\/apren-a-estalviar\/apren-calcular-consum-electric-casa\/#breadcrumb"},"inLanguage":"ca","potentialAction":[{"@type":"ReadAction","target":["https:\/\/www.factorenergia.com\/ca\/blog\/apren-a-estalviar\/apren-calcular-consum-electric-casa\/"]}]},{"@type":"BreadcrumbList","@id":"https:\/\/www.factorenergia.com\/ca\/blog\/apren-a-estalviar\/apren-calcular-consum-electric-casa\/#breadcrumb","itemListElement":[{"@type":"ListItem","position":1,"name":"Portada","item":"https:\/\/www.factorenergia.com\/ca\/"},{"@type":"ListItem","position":2,"name":"Apr\u00e8n a calcular el consum el\u00e8ctric de casa teva"}]},{"@type":"WebSite","@id":"https:\/\/www.factorenergia.com\/es\/#website","url":"https:\/\/www.factorenergia.com\/es\/","name":"factorenergia","description":"factorenergia","potentialAction":[{"@type":"SearchAction","target":{"@type":"EntryPoint","urlTemplate":"https:\/\/www.factorenergia.com\/es\/?s={search_term_string}"},"query-input":"required name=search_term_string"}],"inLanguage":"ca"},{"@type":"Person","@id":"https:\/\/www.factorenergia.com\/es\/#\/schema\/person\/dff9e4b6dc520720e3a37bdaaedc5841","name":"Equipo Transici\u00f3n Energ\u00e9tica Factorenergia","image":{"@type":"ImageObject","inLanguage":"ca","@id":"https:\/\/www.factorenergia.com\/es\/#\/schema\/person\/image\/","url":"https:\/\/secure.gravatar.com\/avatar\/1b7c76bab80ee1c4261b06108874e24b?s=96&d=mm&r=g","contentUrl":"https:\/\/secure.gravatar.com\/avatar\/1b7c76bab80ee1c4261b06108874e24b?s=96&d=mm&r=g","caption":"Equipo Transici\u00f3n Energ\u00e9tica Factorenergia"},"description":"El equipo est\u00e1 formado por expertos en materia de Luz, Gas y Eficiencia Energ\u00e9tica, que conocen de primera mano las tendencias del mercado. Su experiencia en el sector les permite ofrecer las mejores soluciones energ\u00e9ticas y resolver las dudas planteadas por los clientes.","sameAs":["https:\/\/www.factorenergia.com\/es\/","https:\/\/www.facebook.com\/factorenergiacom","https:\/\/www.instagram.com\/factorenergia_com\/","https:\/\/es.linkedin.com\/company\/factor-energia","https:\/\/twitter.com\/factorenergia","https:\/\/www.youtube.com\/c\/factorenergiacom"],"url":"https:\/\/www.factorenergia.com\/ca\/blog\/author\/marketing\/"}]}},"_links":{"self":[{"href":"https:\/\/www.factorenergia.com\/ca\/wp-json\/wp\/v2\/posts\/7628"}],"collection":[{"href":"https:\/\/www.factorenergia.com\/ca\/wp-json\/wp\/v2\/posts"}],"about":[{"href":"https:\/\/www.factorenergia.com\/ca\/wp-json\/wp\/v2\/types\/post"}],"author":[{"embeddable":true,"href":"https:\/\/www.factorenergia.com\/ca\/wp-json\/wp\/v2\/users\/17"}],"replies":[{"embeddable":true,"href":"https:\/\/www.factorenergia.com\/ca\/wp-json\/wp\/v2\/comments?post=7628"}],"version-history":[{"count":9,"href":"https:\/\/www.factorenergia.com\/ca\/wp-json\/wp\/v2\/posts\/7628\/revisions"}],"predecessor-version":[{"id":29968,"href":"https:\/\/www.factorenergia.com\/ca\/wp-json\/wp\/v2\/posts\/7628\/revisions\/29968"}],"acf:post":[{"embeddable":true,"href":"https:\/\/www.factorenergia.com\/ca\/wp-json\/wp\/v2\/posts\/8710"},{"embeddable":true,"href":"https:\/\/www.factorenergia.com\/ca\/wp-json\/wp\/v2\/posts\/7033"}],"wp:attachment":[{"href":"https:\/\/www.factorenergia.com\/ca\/wp-json\/wp\/v2\/media?parent=7628"}],"wp:term":[{"taxonomy":"category","embeddable":true,"href":"https:\/\/www.factorenergia.com\/ca\/wp-json\/wp\/v2\/categories?post=7628"},{"taxonomy":"post_tag","embeddable":true,"href":"https:\/\/www.factorenergia.com\/ca\/wp-json\/wp\/v2\/tags?post=7628"}],"curies":[{"name":"wp","href":"https:\/\/api.w.org\/{rel}","templated":true}]}}