{"id":7608,"date":"2019-01-07T09:00:58","date_gmt":"2019-01-07T07:00:58","guid":{"rendered":"https:\/\/www.factorenergia.com\/ca\/blog\/%tiposdeblog%\/nuevo-bono-social-electrico-2019\/"},"modified":"2023-05-18T08:55:26","modified_gmt":"2023-05-18T06:55:26","slug":"bo-social-electric-2019","status":"publish","type":"post","link":"https:\/\/www.factorenergia.com\/ca\/blog\/apren-a-estalviar\/bo-social-electric-2019\/","title":{"rendered":"Qu\u00e8 \u00e9s el nou bo social el\u00e8ctric de 2019?"},"content":{"rendered":"<p>En aquest article volem parlar-te del nou bo social el\u00e8ctric que s&#8217;ha implementat a finals del 2018 a Espanya. Et parlarem dels canvis que implica respecte al seu hom\u00f2leg anterior i en quins punts pot beneficiar a moltes fam\u00edlies. Com sempre, estem compromesos amb l&#8217;estalvi energ\u00e8tic: segueix llegint per beneficiar-te d&#8217;ell.<\/p>\n<h2>Nou bo social el\u00e8ctric 2019: qu\u00e8 \u00e9s?<\/h2>\n<p>El nou bo social el\u00e8ctric \u00e9s un suport econ\u00f2mic perqu\u00e8 es pugui afrontar amb majors comoditats la factura de la llum a trav\u00e9s d&#8217;una s\u00e8rie de descomptes. Pot aplicar-se als domicilis habituals la pot\u00e8ncia contractada sigui inferior als 10 kW. Cal dir que, al mateix temps, \u00e9s nom\u00e9s compatible amb la <a href=\"\/ca\/llars\/tarifas\/preu-variable\/\">tarifa PVPC<\/a> (Preu Voluntari al Petit Consumidor).<\/p>\n<h3>Requisits per obtenir el bo social d&#8217;electricitat<\/h3>\n<p>En aquest nou bo social el\u00e8ctric s&#8217;han creat diverses categories possibles per beneficiar-se&#8217;n:<\/p>\n<ul>\n<li><strong>Consumidor vulnerable:<\/strong> s\u00f3n tots aquells llars que es beneficiaran d&#8217;un descompte d&#8217;un 25% de forma fixa.<\/li>\n<li><strong>Consumidor vulnerable sever:<\/strong> naturalment, l&#8217;acc\u00e9s a aquesta categoria \u00e9s m\u00e9s limitat. Els descomptes que se li apliquen s\u00f3n del 40%.<\/li>\n<li><strong>Consumidors vulnerables severs en risc d&#8217;exclusi\u00f3:<\/strong> est\u00e0 reservat per a aquells llars d&#8217;extrema necessitat i risc d&#8217;exclusi\u00f3 social. Els serveis socials intervindran en ells de forma auton\u00f2mica o local i suposen el pagament total de la factura sent l&#8217;administraci\u00f3 qui pagar\u00e0 el 40% de la factura.<\/li>\n<\/ul>\n<p>Hi ha altres casos que comentarem m\u00e9s endavant per dependre exclusivament de la renda familiar. S\u00f3n els seg\u00fcents:<\/p>\n<ul>\n<li>Fam\u00edlies nombroses<\/li>\n<li>Fam\u00edlies monoparentals<\/li>\n<li>Llars amb la totalitat dels seus membres pensionistes i que reben la pensi\u00f3 m\u00ednima<\/li>\n<\/ul>\n<p>&nbsp;<\/p>\n<h3>Rendes a tenir en compte en el nou bo social el\u00e8ctric<\/h3>\n<p>Per a aquest nou bo social el\u00e8ctric es tindr\u00e0 en compte la renda de cada llar com a criteri fonamental. La renda que s&#8217;explica \u00e9s la de l&#8217;\u00faltima declaraci\u00f3 de la renda presentada per tots els membres de la fam\u00edlia si fiscalitzen o pel sol\u00b7licitant. No es tindran en compte fills majors d&#8217;edat, coneguts, amics, etc. en aquest c\u00f2mput.<\/p>\n<p>Per fixar els l\u00edmits es t\u00e9 en compte l&#8217;Indicador P\u00fablic de Renda d&#8217;Efectes M\u00faltiples (IPREM) d&#8217;un total de 14 pagues. El 2018 aquest indicador estava en els 7.519,59 de renda anual. Aix\u00ed doncs, juntament amb aix\u00f2 i les qualitats de la llar seran consumidors vulnerables:<\/p>\n<ul>\n<li>Llars sense menors: una renda de 11.279,38 euros<\/li>\n<li>Amb un menor a la unitat familiar: 15.039,19 euros<\/li>\n<li>Llars amb dos menors a la unitat familiar: 18.798,98 euros<\/li>\n<\/ul>\n<p>La quantia dels l\u00edmits s&#8217;incrementa en 0,5 vegades el valor de l&#8217;IPREM segons els seg\u00fcents criteris per a algun membre de la fam\u00edlia:<\/p>\n<ul>\n<li>Algun membre t\u00e9 una discapacitat reconeguda igual o superior al 33%<\/li>\n<li>Algun dels membres \u00e9s v\u00edctima de terrorisme o v\u00edctima de viol\u00e8ncia de g\u00e8nere<\/li>\n<li>La llar \u00e9s una fam\u00edlia monoparental<\/li>\n<li>Algun membre es troba en situaci\u00f3 de depend\u00e8ncia de grau II o III<\/li>\n<\/ul>\n<p>Ara b\u00e9, en el cas de ser fam\u00edlia nombrosa serem considerats dins el grup de consumidors vulnerables. En aquest cas no es tindr\u00e0 en compte el requisit de renda.<\/p>\n<h3>Difer\u00e8ncies del nou bo social el\u00e8ctric i l&#8217;anterior<\/h3>\n<p>Et parlem, finalment de les difer\u00e8ncies d&#8217;aquest nou bo social el\u00e8ctric amb l&#8217;anterior.<\/p>\n<h4>S&#8217;augmenta el l\u00edmit de consum el\u00e8ctric<\/h4>\n<p>Una de les q\u00fcestions m\u00e9s controvertides de l&#8217;anterior bo social era el l\u00edmit al consum. Com a conseq\u00fc\u00e8ncia dels descomptes s&#8217;assumia que el consum de les fam\u00edlies acollides a ell es dispararia per la qual cosa es van establir l\u00edmits. En el nou bo social el\u00e8ctric aquests l\u00edmits es augmenten un 15% respecte a l&#8217;anterior bo. A m\u00e9s, els kW no consumits s&#8217;acumulen per als seg\u00fcents 12 mesos.<\/p>\n<h4>El bo t\u00e8rmic<\/h4>\n<p>Els beneficiaris del nou bo social el\u00e8ctric tamb\u00e9 poden optar a un bo t\u00e8rmic amb ajuda per a calefacci\u00f3 i aigua calenta. La quantitat sufragada varia segons la renda.<\/p>\n<h4>Es suprimeixen els talls de llum<\/h4>\n<p>Per a fam\u00edlies amb el nou bo social el\u00e8ctric amb menors de 16 anys i \/ o dependents de grau II o III o amb discapacitat del 33% se suprimeixen els talls de llum.<\/p>\n<h4>M\u00e9s control de les companyies el\u00e8ctriques<\/h4>\n<p>D&#8217;una banda s&#8217;obliga a les companyies a informar a la factura als seus clients que s&#8217;han de regular pel PVPC per sol\u00b7licitar el bo. A m\u00e9s, es prohibeix la pr\u00e0ctica de captar clients porta a porta a trav\u00e9s de comercials.<\/p>\n","protected":false},"excerpt":{"rendered":"<p>T&#8217;expliquem els requisits per poder sol\u00b7licitar el bo social d&#8217;electricitat el 2019, aix\u00ed com les principals millores que presenta respecte a l&#8217;anterior bo social. En Factor Energia ens preocupem pel benestar dels nostres clients, si necessites ajuda per pagar la factura de la llum, segueix llegint.<\/p>\n","protected":false},"author":17,"featured_media":0,"comment_status":"open","ping_status":"closed","sticky":false,"template":"","format":"standard","meta":{"inline_featured_image":false,"footnotes":""},"categories":[55],"tags":[],"acf":{"fecha_de_la_entrada":"20190107","imagen_portada":7607,"categoria_blog":55,"tipo_de_distribuidora":null,"tiempo_lectura":"","banner_bool":false,"titulo_banner":"","texto_banner":"","texto_boton_banner":"","url_boton_banner":"","post_relacionados":null},"yoast_head":"<!-- This site is optimized with the Yoast SEO plugin v22.2 - https:\/\/yoast.com\/wordpress\/plugins\/seo\/ -->\n<title>Qu\u00e8 \u00e9s el nou bo social el\u00e8ctric de 2019? | factorenergia<\/title>\n<meta name=\"description\" content=\"T&#039;expliquem qu\u00e8 \u00e9s el bo social el\u00e8ctric i com ser\u00e0 el 2019: requisits per al bo social d&#039;electricitat i avantatges respecte a l&#039;anterior.\" \/>\n<meta name=\"robots\" content=\"index, follow, max-snippet:-1, max-image-preview:large, max-video-preview:-1\" \/>\n<link rel=\"canonical\" href=\"https:\/\/www.factorenergia.com\/ca\/blog\/apren-a-estalviar\/bo-social-electric-2019\/\" \/>\n<meta name=\"twitter:card\" content=\"summary_large_image\" \/>\n<meta name=\"twitter:title\" content=\"Qu\u00e8 \u00e9s el nou bo social el\u00e8ctric de 2019? | factorenergia\" \/>\n<meta name=\"twitter:description\" content=\"T&#039;expliquem qu\u00e8 \u00e9s el bo social el\u00e8ctric i com ser\u00e0 el 2019: requisits per al bo social d&#039;electricitat i avantatges respecte a l&#039;anterior.\" \/>\n<meta name=\"twitter:creator\" content=\"@factorenergia\" \/>\n<meta name=\"twitter:site\" content=\"@factorenergia\" \/>\n<meta name=\"twitter:label1\" content=\"Written by\" \/>\n\t<meta name=\"twitter:data1\" content=\"Equipo Transici\u00f3n Energ\u00e9tica Factorenergia\" \/>\n\t<meta name=\"twitter:label2\" content=\"Est. reading time\" \/>\n\t<meta name=\"twitter:data2\" content=\"4 minutes\" \/>\n<script type=\"application\/ld+json\" class=\"yoast-schema-graph\">{\"@context\":\"https:\/\/schema.org\",\"@graph\":[{\"@type\":\"WebPage\",\"@id\":\"https:\/\/www.factorenergia.com\/ca\/blog\/apren-a-estalviar\/bo-social-electric-2019\/\",\"url\":\"https:\/\/www.factorenergia.com\/ca\/blog\/apren-a-estalviar\/bo-social-electric-2019\/\",\"name\":\"Qu\u00e8 \u00e9s el nou bo social el\u00e8ctric de 2019? | factorenergia\",\"isPartOf\":{\"@id\":\"https:\/\/www.factorenergia.com\/es\/#website\"},\"datePublished\":\"2019-01-07T07:00:58+00:00\",\"dateModified\":\"2023-05-18T06:55:26+00:00\",\"author\":{\"@id\":\"https:\/\/www.factorenergia.com\/es\/#\/schema\/person\/dff9e4b6dc520720e3a37bdaaedc5841\"},\"description\":\"T'expliquem qu\u00e8 \u00e9s el bo social el\u00e8ctric i com ser\u00e0 el 2019: requisits per al bo social d'electricitat i avantatges respecte a l'anterior.\",\"breadcrumb\":{\"@id\":\"https:\/\/www.factorenergia.com\/ca\/blog\/apren-a-estalviar\/bo-social-electric-2019\/#breadcrumb\"},\"inLanguage\":\"ca\",\"potentialAction\":[{\"@type\":\"ReadAction\",\"target\":[\"https:\/\/www.factorenergia.com\/ca\/blog\/apren-a-estalviar\/bo-social-electric-2019\/\"]}]},{\"@type\":\"BreadcrumbList\",\"@id\":\"https:\/\/www.factorenergia.com\/ca\/blog\/apren-a-estalviar\/bo-social-electric-2019\/#breadcrumb\",\"itemListElement\":[{\"@type\":\"ListItem\",\"position\":1,\"name\":\"Portada\",\"item\":\"https:\/\/www.factorenergia.com\/ca\/\"},{\"@type\":\"ListItem\",\"position\":2,\"name\":\"Qu\u00e8 \u00e9s el nou bo social el\u00e8ctric de 2019?\"}]},{\"@type\":\"WebSite\",\"@id\":\"https:\/\/www.factorenergia.com\/es\/#website\",\"url\":\"https:\/\/www.factorenergia.com\/es\/\",\"name\":\"factorenergia\",\"description\":\"factorenergia\",\"potentialAction\":[{\"@type\":\"SearchAction\",\"target\":{\"@type\":\"EntryPoint\",\"urlTemplate\":\"https:\/\/www.factorenergia.com\/es\/?s={search_term_string}\"},\"query-input\":\"required name=search_term_string\"}],\"inLanguage\":\"ca\"},{\"@type\":\"Person\",\"@id\":\"https:\/\/www.factorenergia.com\/es\/#\/schema\/person\/dff9e4b6dc520720e3a37bdaaedc5841\",\"name\":\"Equipo Transici\u00f3n Energ\u00e9tica Factorenergia\",\"image\":{\"@type\":\"ImageObject\",\"inLanguage\":\"ca\",\"@id\":\"https:\/\/www.factorenergia.com\/es\/#\/schema\/person\/image\/\",\"url\":\"https:\/\/secure.gravatar.com\/avatar\/1b7c76bab80ee1c4261b06108874e24b?s=96&d=mm&r=g\",\"contentUrl\":\"https:\/\/secure.gravatar.com\/avatar\/1b7c76bab80ee1c4261b06108874e24b?s=96&d=mm&r=g\",\"caption\":\"Equipo Transici\u00f3n Energ\u00e9tica Factorenergia\"},\"description\":\"El equipo est\u00e1 formado por expertos en materia de Luz, Gas y Eficiencia Energ\u00e9tica, que conocen de primera mano las tendencias del mercado. Su experiencia en el sector les permite ofrecer las mejores soluciones energ\u00e9ticas y resolver las dudas planteadas por los clientes.\",\"sameAs\":[\"https:\/\/www.factorenergia.com\/es\/\",\"https:\/\/www.facebook.com\/factorenergiacom\",\"https:\/\/www.instagram.com\/factorenergia_com\/\",\"https:\/\/es.linkedin.com\/company\/factor-energia\",\"https:\/\/twitter.com\/factorenergia\",\"https:\/\/www.youtube.com\/c\/factorenergiacom\"],\"url\":\"https:\/\/www.factorenergia.com\/ca\/blog\/author\/marketing\/\"}]}<\/script>\n<!-- \/ Yoast SEO plugin. -->","yoast_head_json":{"title":"Qu\u00e8 \u00e9s el nou bo social el\u00e8ctric de 2019? | factorenergia","description":"T'expliquem qu\u00e8 \u00e9s el bo social el\u00e8ctric i com ser\u00e0 el 2019: requisits per al bo social d'electricitat i avantatges respecte a l'anterior.","robots":{"index":"index","follow":"follow","max-snippet":"max-snippet:-1","max-image-preview":"max-image-preview:large","max-video-preview":"max-video-preview:-1"},"canonical":"https:\/\/www.factorenergia.com\/ca\/blog\/apren-a-estalviar\/bo-social-electric-2019\/","twitter_card":"summary_large_image","twitter_title":"Qu\u00e8 \u00e9s el nou bo social el\u00e8ctric de 2019? | factorenergia","twitter_description":"T'expliquem qu\u00e8 \u00e9s el bo social el\u00e8ctric i com ser\u00e0 el 2019: requisits per al bo social d'electricitat i avantatges respecte a l'anterior.","twitter_creator":"@factorenergia","twitter_site":"@factorenergia","twitter_misc":{"Written by":"Equipo Transici\u00f3n Energ\u00e9tica Factorenergia","Est. reading time":"4 minutes"},"schema":{"@context":"https:\/\/schema.org","@graph":[{"@type":"WebPage","@id":"https:\/\/www.factorenergia.com\/ca\/blog\/apren-a-estalviar\/bo-social-electric-2019\/","url":"https:\/\/www.factorenergia.com\/ca\/blog\/apren-a-estalviar\/bo-social-electric-2019\/","name":"Qu\u00e8 \u00e9s el nou bo social el\u00e8ctric de 2019? | factorenergia","isPartOf":{"@id":"https:\/\/www.factorenergia.com\/es\/#website"},"datePublished":"2019-01-07T07:00:58+00:00","dateModified":"2023-05-18T06:55:26+00:00","author":{"@id":"https:\/\/www.factorenergia.com\/es\/#\/schema\/person\/dff9e4b6dc520720e3a37bdaaedc5841"},"description":"T'expliquem qu\u00e8 \u00e9s el bo social el\u00e8ctric i com ser\u00e0 el 2019: requisits per al bo social d'electricitat i avantatges respecte a l'anterior.","breadcrumb":{"@id":"https:\/\/www.factorenergia.com\/ca\/blog\/apren-a-estalviar\/bo-social-electric-2019\/#breadcrumb"},"inLanguage":"ca","potentialAction":[{"@type":"ReadAction","target":["https:\/\/www.factorenergia.com\/ca\/blog\/apren-a-estalviar\/bo-social-electric-2019\/"]}]},{"@type":"BreadcrumbList","@id":"https:\/\/www.factorenergia.com\/ca\/blog\/apren-a-estalviar\/bo-social-electric-2019\/#breadcrumb","itemListElement":[{"@type":"ListItem","position":1,"name":"Portada","item":"https:\/\/www.factorenergia.com\/ca\/"},{"@type":"ListItem","position":2,"name":"Qu\u00e8 \u00e9s el nou bo social el\u00e8ctric de 2019?"}]},{"@type":"WebSite","@id":"https:\/\/www.factorenergia.com\/es\/#website","url":"https:\/\/www.factorenergia.com\/es\/","name":"factorenergia","description":"factorenergia","potentialAction":[{"@type":"SearchAction","target":{"@type":"EntryPoint","urlTemplate":"https:\/\/www.factorenergia.com\/es\/?s={search_term_string}"},"query-input":"required name=search_term_string"}],"inLanguage":"ca"},{"@type":"Person","@id":"https:\/\/www.factorenergia.com\/es\/#\/schema\/person\/dff9e4b6dc520720e3a37bdaaedc5841","name":"Equipo Transici\u00f3n Energ\u00e9tica Factorenergia","image":{"@type":"ImageObject","inLanguage":"ca","@id":"https:\/\/www.factorenergia.com\/es\/#\/schema\/person\/image\/","url":"https:\/\/secure.gravatar.com\/avatar\/1b7c76bab80ee1c4261b06108874e24b?s=96&d=mm&r=g","contentUrl":"https:\/\/secure.gravatar.com\/avatar\/1b7c76bab80ee1c4261b06108874e24b?s=96&d=mm&r=g","caption":"Equipo Transici\u00f3n Energ\u00e9tica Factorenergia"},"description":"El equipo est\u00e1 formado por expertos en materia de Luz, Gas y Eficiencia Energ\u00e9tica, que conocen de primera mano las tendencias del mercado. Su experiencia en el sector les permite ofrecer las mejores soluciones energ\u00e9ticas y resolver las dudas planteadas por los clientes.","sameAs":["https:\/\/www.factorenergia.com\/es\/","https:\/\/www.facebook.com\/factorenergiacom","https:\/\/www.instagram.com\/factorenergia_com\/","https:\/\/es.linkedin.com\/company\/factor-energia","https:\/\/twitter.com\/factorenergia","https:\/\/www.youtube.com\/c\/factorenergiacom"],"url":"https:\/\/www.factorenergia.com\/ca\/blog\/author\/marketing\/"}]}},"_links":{"self":[{"href":"https:\/\/www.factorenergia.com\/ca\/wp-json\/wp\/v2\/posts\/7608"}],"collection":[{"href":"https:\/\/www.factorenergia.com\/ca\/wp-json\/wp\/v2\/posts"}],"about":[{"href":"https:\/\/www.factorenergia.com\/ca\/wp-json\/wp\/v2\/types\/post"}],"author":[{"embeddable":true,"href":"https:\/\/www.factorenergia.com\/ca\/wp-json\/wp\/v2\/users\/17"}],"replies":[{"embeddable":true,"href":"https:\/\/www.factorenergia.com\/ca\/wp-json\/wp\/v2\/comments?post=7608"}],"version-history":[{"count":2,"href":"https:\/\/www.factorenergia.com\/ca\/wp-json\/wp\/v2\/posts\/7608\/revisions"}],"predecessor-version":[{"id":21469,"href":"https:\/\/www.factorenergia.com\/ca\/wp-json\/wp\/v2\/posts\/7608\/revisions\/21469"}],"acf:term":[{"embeddable":true,"taxonomy":"category","href":"https:\/\/www.factorenergia.com\/ca\/wp-json\/wp\/v2\/categories\/55"}],"wp:attachment":[{"href":"https:\/\/www.factorenergia.com\/ca\/wp-json\/wp\/v2\/media?parent=7608"}],"wp:term":[{"taxonomy":"category","embeddable":true,"href":"https:\/\/www.factorenergia.com\/ca\/wp-json\/wp\/v2\/categories?post=7608"},{"taxonomy":"post_tag","embeddable":true,"href":"https:\/\/www.factorenergia.com\/ca\/wp-json\/wp\/v2\/tags?post=7608"}],"curies":[{"name":"wp","href":"https:\/\/api.w.org\/{rel}","templated":true}]}}