{"id":7539,"date":"2018-12-13T09:00:44","date_gmt":"2018-12-13T07:00:44","guid":{"rendered":"https:\/\/www.factorenergia.com\/ca\/blog\/%tiposdeblog%\/solicitar-al-ayuntamiento-puntos-carga-coche-electrico\/"},"modified":"2023-05-18T08:55:29","modified_gmt":"2023-05-18T06:55:29","slug":"solicitar-ajuntament-punts-carrega-cotxe-electric","status":"publish","type":"post","link":"https:\/\/www.factorenergia.com\/ca\/blog\/mobilitat-electrica\/solicitar-ajuntament-punts-carrega-cotxe-electric\/","title":{"rendered":"Sol\u00b7licitar ajudes per a la instal\u00b7laci\u00f3 de punts de c\u00e0rrega de cotxe el\u00e8ctric"},"content":{"rendered":"<p>Avui us parlarem d&#8217;un dels temes m\u00e9s interessants d\u2019entre tot all\u00f2 que t\u00e9 a veure amb l&#8217;estalvi energ\u00e8tic i un \u00fas m\u00e9s eficient dels recursos. Ens referim a la<a href=\"https:\/\/www.factorenergia.com\/ca\/blog\/mobilitat-electrica\/punts-recarrega-cotxes-electrics\/\"> instal\u00b7laci\u00f3 de punts de c\u00e0rrega per a cotxes el\u00e8ctrics<\/a>. En concret, t\u2019explicarem si \u00e9s possible sol\u00b7licitar al teu ajuntament o Comunitat Aut\u00f2noma algun tipus d\u2019ajut per a la instal\u00b7laci\u00f3 d\u2019aquests punts de rec\u00e0rrega. Tamb\u00e9 t\u2019informarem de totes les novetats que hi ha al respecte.<\/p>\n<h2>Subvencions per a punts de c\u00e0rrega per cotxes el\u00e8ctrics: on es poden sol\u00b7licitar?<\/h2>\n<p>Per a tots els que s&#8217;hagin animat a <strong>comprar un cotxe el\u00e8ctric<\/strong>, cal dir que tenim bones not\u00edcies. \u00c9s possible sol\u00b7licitar <strong>ajuts per a la compra de cotxes el\u00e8ctrics<\/strong> i tamb\u00e9 per la <strong>instal\u00b7laci\u00f3 de punts de c\u00e0rrega<\/strong>. En aquests moments, comptes amb un ajut de 5.500 euros per la compra d&#8217;un vehicle 100% el\u00e8ctric. Respecte a la instal\u00b7laci\u00f3 de punts de rec\u00e0rrega, es subvenciona el 40% del cost de la mateixa. Volem recordar-te que, a m\u00e9s, aquestes ajudes s\u00f3n tant per a particulars com per a comunitats de ve\u00efns.<\/p>\n<p>Totes aquestes ajudes es troben recollides en el pla MOVES, i pots obtenir-ne m\u00e9s informaci\u00f3 adre\u00e7ant-te a la teva Comunitat Aut\u00f2noma. Trobar\u00e0s tota la informaci\u00f3 a la p\u00e0gina de IDAE.<\/p>\n<p>Si b\u00e9 dep\u00e8n de la\u00a0regi\u00f3 on\u00a0vivim, en termes generals podem dir que moltes Comunitats Aut\u00f2nomes ja oferien ajudes i subvencions per a la instal\u00b7laci\u00f3 de <strong>punts de c\u00e0rrega per a cotxes el\u00e8ctrics<\/strong>. Per exemple, en el cas de la Comunitat de Madrid, s&#8217;oferia una subvenci\u00f3 per a la preinstal\u00b7laci\u00f3 el\u00e8ctrica d\u2019aquest tipus d\u2019instal\u00b7lacions per a particulars, empreses i municipis. A la Comunitat Foral de Navarra s\u2019ofereixen deduccions fiscals per a la instal\u00b7laci\u00f3 de punts de rec\u00e0rrega particulars. A Catalunya, mitjan\u00e7ant el pla PIRVEC, s\u2019ofereix un ajut per a la instal\u00b7laci\u00f3 de punts de c\u00e0rrega r\u00e0pida per a municipis.<\/p>\n<div class=\"text-center center blog-cta\"><p>Instal&middot;la un punt de rec&agrave;rrega pel teu cotxe el&egrave;ctric amb factorenergia!<\/p><a class=\"blog-cta primary-btn text-center solicitar-estudio\" target=\"_blank\" title=\"SOL&sdot;LICITA UN ESTUDI GRATU&Iuml;T\" href=\"https:\/\/www.factorenergia.com\/ca\/llars\/punts-recarrega-electrics\/\">SOL&sdot;LICITA UN ESTUDI GRATU&Iuml;T<\/a><p><\/p><div style=\"display:none;\"><p>Instal&middot;la un punt de rec&agrave;rrega pel teu cotxe el&egrave;ctric amb factorenergia!<\/p><\/div>\n\t\t\t<script type='text\/javascript'>\n\t\t\t\tjQuery('.solicitar-estudio').click(function(){\t\t\t\t\t\t\t\t\t\n\t\t\t\t\tdataLayer.push({'language': 'ca'});\n\t\t\t\t\tdataLayer.push({'post_id': '7539'});\n\t\t\t\t\tdataLayer.push({'cat_type': 'ce'});\n\t\t\t\t});\n\t\t\t<\/script>\n\t\t<\/div><br\/>\n<h3>Altres ajudes per al cotxe el\u00e8ctric<\/h3>\n<p>Tamb\u00e9 podeu adre\u00e7ar-vos al vostre Ajuntament per saber si s\u2019ofereix algun tipus de <strong>bonificaci\u00f3 fiscal<\/strong>, com ara la reducci\u00f3 de l\u2019Impost sobre vehicles de tracci\u00f3 mec\u00e0nica (IVTM), o b\u00e9 altres ajudes, com la gratu\u00eftat dels aparcaments en les zones d\u2019estacionament regulat (zona blava) o l\u2019acc\u00e9s lliure als centres de les ciutats en episodis d\u2019alta contaminaci\u00f3. A m\u00e9s a m\u00e9s, recordeu que s\u2019ofereixen bonificacions en moltes autopistes de peatge.<\/p>\n<p>&nbsp;<\/p>\n<p>Esperem que aquest article us hagi estat d&#8217;ajuda per iniciar els tr\u00e0mits encaminats a fer-te la vida m\u00e9s f\u00e0cil.\u00a0Des de <strong>factorenergia<\/strong> podem assessorar-te i realitzar el projecte i instal\u00b7laci\u00f3 d&#8217;un punt de rec\u00e0rrega a la teva pla\u00e7a p\u00e0rquing privat o a la de la teva comunitat de ve\u00efns. Suma&#8217;t a la <a href=\"https:\/\/www.factorenergia.com\/ca\/instalar-punts-recarrega\/\">mobilitat el\u00e8ctrica<\/a>!<\/p>\n","protected":false},"excerpt":{"rendered":"<p>Les grans ciutats de tot el m\u00f3n estan realitzant canvis en la mobilitat dels ciutadans. La restricci\u00f3 d&#8217;acc\u00e9s als centres de les ciutats pels autom\u00f2bils m\u00e9s contaminants ja \u00e9s un fet a llocs com Madrid. Per\u00f2 si vull adquirir un cotxe el\u00e8ctric, m&#8217;ofereixen algun tipus d&#8217;ajuda per a la instal\u00b7laci\u00f3 d&#8217;un punt de rec\u00e0rrega? A continuaci\u00f3 t&#8217;ho expliquem.<\/p>\n","protected":false},"author":17,"featured_media":0,"comment_status":"open","ping_status":"closed","sticky":false,"template":"","format":"standard","meta":{"inline_featured_image":false,"footnotes":""},"categories":[64],"tags":[],"acf":{"fecha_de_la_entrada":"20181213","imagen_portada":7537,"categoria_blog":64,"tipo_de_distribuidora":null,"tiempo_lectura":"","banner_bool":false,"titulo_banner":"","texto_banner":"","texto_boton_banner":"","url_boton_banner":"","post_relacionados":null},"yoast_head":"<!-- This site is optimized with the Yoast SEO plugin v22.2 - https:\/\/yoast.com\/wordpress\/plugins\/seo\/ -->\n<title>Ajudes per als punts de c\u00e0rrega de cotxe el\u00e8ctric | FactorEnergia<\/title>\n<meta name=\"description\" content=\"Saps que hi ha ajuntaments que ofereixen ajudes per a la instal\u00b7laci\u00f3 de punts de c\u00e0rrega de cotxe el\u00e8ctric? Suma&#039;t a la mobilitat el\u00e8ctrica, t&#039;ajudem!\" \/>\n<meta name=\"robots\" content=\"index, follow, max-snippet:-1, max-image-preview:large, max-video-preview:-1\" \/>\n<link rel=\"canonical\" href=\"https:\/\/www.factorenergia.com\/ca\/blog\/mobilitat-electrica\/solicitar-ajuntament-punts-carrega-cotxe-electric\/\" \/>\n<meta name=\"twitter:card\" content=\"summary_large_image\" \/>\n<meta name=\"twitter:title\" content=\"Ajudes per als punts de c\u00e0rrega de cotxe el\u00e8ctric | FactorEnergia\" \/>\n<meta name=\"twitter:description\" content=\"Saps que hi ha ajuntaments que ofereixen ajudes per a la instal\u00b7laci\u00f3 de punts de c\u00e0rrega de cotxe el\u00e8ctric? Suma&#039;t a la mobilitat el\u00e8ctrica, t&#039;ajudem!\" \/>\n<meta name=\"twitter:creator\" content=\"@factorenergia\" \/>\n<meta name=\"twitter:site\" content=\"@factorenergia\" \/>\n<meta name=\"twitter:label1\" content=\"Written by\" \/>\n\t<meta name=\"twitter:data1\" content=\"Equipo Transici\u00f3n Energ\u00e9tica Factorenergia\" \/>\n\t<meta name=\"twitter:label2\" content=\"Est. reading time\" \/>\n\t<meta name=\"twitter:data2\" content=\"2 minutes\" \/>\n<script type=\"application\/ld+json\" class=\"yoast-schema-graph\">{\"@context\":\"https:\/\/schema.org\",\"@graph\":[{\"@type\":\"WebPage\",\"@id\":\"https:\/\/www.factorenergia.com\/ca\/blog\/mobilitat-electrica\/solicitar-ajuntament-punts-carrega-cotxe-electric\/\",\"url\":\"https:\/\/www.factorenergia.com\/ca\/blog\/mobilitat-electrica\/solicitar-ajuntament-punts-carrega-cotxe-electric\/\",\"name\":\"Ajudes per als punts de c\u00e0rrega de cotxe el\u00e8ctric | FactorEnergia\",\"isPartOf\":{\"@id\":\"https:\/\/www.factorenergia.com\/es\/#website\"},\"datePublished\":\"2018-12-13T07:00:44+00:00\",\"dateModified\":\"2023-05-18T06:55:29+00:00\",\"author\":{\"@id\":\"https:\/\/www.factorenergia.com\/es\/#\/schema\/person\/dff9e4b6dc520720e3a37bdaaedc5841\"},\"description\":\"Saps que hi ha ajuntaments que ofereixen ajudes per a la instal\u00b7laci\u00f3 de punts de c\u00e0rrega de cotxe el\u00e8ctric? Suma't a la mobilitat el\u00e8ctrica, t'ajudem!\",\"breadcrumb\":{\"@id\":\"https:\/\/www.factorenergia.com\/ca\/blog\/mobilitat-electrica\/solicitar-ajuntament-punts-carrega-cotxe-electric\/#breadcrumb\"},\"inLanguage\":\"ca\",\"potentialAction\":[{\"@type\":\"ReadAction\",\"target\":[\"https:\/\/www.factorenergia.com\/ca\/blog\/mobilitat-electrica\/solicitar-ajuntament-punts-carrega-cotxe-electric\/\"]}]},{\"@type\":\"BreadcrumbList\",\"@id\":\"https:\/\/www.factorenergia.com\/ca\/blog\/mobilitat-electrica\/solicitar-ajuntament-punts-carrega-cotxe-electric\/#breadcrumb\",\"itemListElement\":[{\"@type\":\"ListItem\",\"position\":1,\"name\":\"Portada\",\"item\":\"https:\/\/www.factorenergia.com\/ca\/\"},{\"@type\":\"ListItem\",\"position\":2,\"name\":\"Sol\u00b7licitar ajudes per a la instal\u00b7laci\u00f3 de punts de c\u00e0rrega de cotxe el\u00e8ctric\"}]},{\"@type\":\"WebSite\",\"@id\":\"https:\/\/www.factorenergia.com\/es\/#website\",\"url\":\"https:\/\/www.factorenergia.com\/es\/\",\"name\":\"factorenergia\",\"description\":\"factorenergia\",\"potentialAction\":[{\"@type\":\"SearchAction\",\"target\":{\"@type\":\"EntryPoint\",\"urlTemplate\":\"https:\/\/www.factorenergia.com\/es\/?s={search_term_string}\"},\"query-input\":\"required name=search_term_string\"}],\"inLanguage\":\"ca\"},{\"@type\":\"Person\",\"@id\":\"https:\/\/www.factorenergia.com\/es\/#\/schema\/person\/dff9e4b6dc520720e3a37bdaaedc5841\",\"name\":\"Equipo Transici\u00f3n Energ\u00e9tica Factorenergia\",\"image\":{\"@type\":\"ImageObject\",\"inLanguage\":\"ca\",\"@id\":\"https:\/\/www.factorenergia.com\/es\/#\/schema\/person\/image\/\",\"url\":\"https:\/\/secure.gravatar.com\/avatar\/1b7c76bab80ee1c4261b06108874e24b?s=96&d=mm&r=g\",\"contentUrl\":\"https:\/\/secure.gravatar.com\/avatar\/1b7c76bab80ee1c4261b06108874e24b?s=96&d=mm&r=g\",\"caption\":\"Equipo Transici\u00f3n Energ\u00e9tica Factorenergia\"},\"description\":\"El equipo est\u00e1 formado por expertos en materia de Luz, Gas y Eficiencia Energ\u00e9tica, que conocen de primera mano las tendencias del mercado. Su experiencia en el sector les permite ofrecer las mejores soluciones energ\u00e9ticas y resolver las dudas planteadas por los clientes.\",\"sameAs\":[\"https:\/\/www.factorenergia.com\/es\/\",\"https:\/\/www.facebook.com\/factorenergiacom\",\"https:\/\/www.instagram.com\/factorenergia_com\/\",\"https:\/\/es.linkedin.com\/company\/factor-energia\",\"https:\/\/twitter.com\/factorenergia\",\"https:\/\/www.youtube.com\/c\/factorenergiacom\"],\"url\":\"https:\/\/www.factorenergia.com\/ca\/blog\/author\/marketing\/\"}]}<\/script>\n<!-- \/ Yoast SEO plugin. -->","yoast_head_json":{"title":"Ajudes per als punts de c\u00e0rrega de cotxe el\u00e8ctric | FactorEnergia","description":"Saps que hi ha ajuntaments que ofereixen ajudes per a la instal\u00b7laci\u00f3 de punts de c\u00e0rrega de cotxe el\u00e8ctric? Suma't a la mobilitat el\u00e8ctrica, t'ajudem!","robots":{"index":"index","follow":"follow","max-snippet":"max-snippet:-1","max-image-preview":"max-image-preview:large","max-video-preview":"max-video-preview:-1"},"canonical":"https:\/\/www.factorenergia.com\/ca\/blog\/mobilitat-electrica\/solicitar-ajuntament-punts-carrega-cotxe-electric\/","twitter_card":"summary_large_image","twitter_title":"Ajudes per als punts de c\u00e0rrega de cotxe el\u00e8ctric | FactorEnergia","twitter_description":"Saps que hi ha ajuntaments que ofereixen ajudes per a la instal\u00b7laci\u00f3 de punts de c\u00e0rrega de cotxe el\u00e8ctric? Suma't a la mobilitat el\u00e8ctrica, t'ajudem!","twitter_creator":"@factorenergia","twitter_site":"@factorenergia","twitter_misc":{"Written by":"Equipo Transici\u00f3n Energ\u00e9tica Factorenergia","Est. reading time":"2 minutes"},"schema":{"@context":"https:\/\/schema.org","@graph":[{"@type":"WebPage","@id":"https:\/\/www.factorenergia.com\/ca\/blog\/mobilitat-electrica\/solicitar-ajuntament-punts-carrega-cotxe-electric\/","url":"https:\/\/www.factorenergia.com\/ca\/blog\/mobilitat-electrica\/solicitar-ajuntament-punts-carrega-cotxe-electric\/","name":"Ajudes per als punts de c\u00e0rrega de cotxe el\u00e8ctric | FactorEnergia","isPartOf":{"@id":"https:\/\/www.factorenergia.com\/es\/#website"},"datePublished":"2018-12-13T07:00:44+00:00","dateModified":"2023-05-18T06:55:29+00:00","author":{"@id":"https:\/\/www.factorenergia.com\/es\/#\/schema\/person\/dff9e4b6dc520720e3a37bdaaedc5841"},"description":"Saps que hi ha ajuntaments que ofereixen ajudes per a la instal\u00b7laci\u00f3 de punts de c\u00e0rrega de cotxe el\u00e8ctric? Suma't a la mobilitat el\u00e8ctrica, t'ajudem!","breadcrumb":{"@id":"https:\/\/www.factorenergia.com\/ca\/blog\/mobilitat-electrica\/solicitar-ajuntament-punts-carrega-cotxe-electric\/#breadcrumb"},"inLanguage":"ca","potentialAction":[{"@type":"ReadAction","target":["https:\/\/www.factorenergia.com\/ca\/blog\/mobilitat-electrica\/solicitar-ajuntament-punts-carrega-cotxe-electric\/"]}]},{"@type":"BreadcrumbList","@id":"https:\/\/www.factorenergia.com\/ca\/blog\/mobilitat-electrica\/solicitar-ajuntament-punts-carrega-cotxe-electric\/#breadcrumb","itemListElement":[{"@type":"ListItem","position":1,"name":"Portada","item":"https:\/\/www.factorenergia.com\/ca\/"},{"@type":"ListItem","position":2,"name":"Sol\u00b7licitar ajudes per a la instal\u00b7laci\u00f3 de punts de c\u00e0rrega de cotxe el\u00e8ctric"}]},{"@type":"WebSite","@id":"https:\/\/www.factorenergia.com\/es\/#website","url":"https:\/\/www.factorenergia.com\/es\/","name":"factorenergia","description":"factorenergia","potentialAction":[{"@type":"SearchAction","target":{"@type":"EntryPoint","urlTemplate":"https:\/\/www.factorenergia.com\/es\/?s={search_term_string}"},"query-input":"required name=search_term_string"}],"inLanguage":"ca"},{"@type":"Person","@id":"https:\/\/www.factorenergia.com\/es\/#\/schema\/person\/dff9e4b6dc520720e3a37bdaaedc5841","name":"Equipo Transici\u00f3n Energ\u00e9tica Factorenergia","image":{"@type":"ImageObject","inLanguage":"ca","@id":"https:\/\/www.factorenergia.com\/es\/#\/schema\/person\/image\/","url":"https:\/\/secure.gravatar.com\/avatar\/1b7c76bab80ee1c4261b06108874e24b?s=96&d=mm&r=g","contentUrl":"https:\/\/secure.gravatar.com\/avatar\/1b7c76bab80ee1c4261b06108874e24b?s=96&d=mm&r=g","caption":"Equipo Transici\u00f3n Energ\u00e9tica Factorenergia"},"description":"El equipo est\u00e1 formado por expertos en materia de Luz, Gas y Eficiencia Energ\u00e9tica, que conocen de primera mano las tendencias del mercado. Su experiencia en el sector les permite ofrecer las mejores soluciones energ\u00e9ticas y resolver las dudas planteadas por los clientes.","sameAs":["https:\/\/www.factorenergia.com\/es\/","https:\/\/www.facebook.com\/factorenergiacom","https:\/\/www.instagram.com\/factorenergia_com\/","https:\/\/es.linkedin.com\/company\/factor-energia","https:\/\/twitter.com\/factorenergia","https:\/\/www.youtube.com\/c\/factorenergiacom"],"url":"https:\/\/www.factorenergia.com\/ca\/blog\/author\/marketing\/"}]}},"_links":{"self":[{"href":"https:\/\/www.factorenergia.com\/ca\/wp-json\/wp\/v2\/posts\/7539"}],"collection":[{"href":"https:\/\/www.factorenergia.com\/ca\/wp-json\/wp\/v2\/posts"}],"about":[{"href":"https:\/\/www.factorenergia.com\/ca\/wp-json\/wp\/v2\/types\/post"}],"author":[{"embeddable":true,"href":"https:\/\/www.factorenergia.com\/ca\/wp-json\/wp\/v2\/users\/17"}],"replies":[{"embeddable":true,"href":"https:\/\/www.factorenergia.com\/ca\/wp-json\/wp\/v2\/comments?post=7539"}],"version-history":[{"count":2,"href":"https:\/\/www.factorenergia.com\/ca\/wp-json\/wp\/v2\/posts\/7539\/revisions"}],"predecessor-version":[{"id":21471,"href":"https:\/\/www.factorenergia.com\/ca\/wp-json\/wp\/v2\/posts\/7539\/revisions\/21471"}],"acf:term":[{"embeddable":true,"taxonomy":"category","href":"https:\/\/www.factorenergia.com\/ca\/wp-json\/wp\/v2\/categories\/64"}],"wp:attachment":[{"href":"https:\/\/www.factorenergia.com\/ca\/wp-json\/wp\/v2\/media?parent=7539"}],"wp:term":[{"taxonomy":"category","embeddable":true,"href":"https:\/\/www.factorenergia.com\/ca\/wp-json\/wp\/v2\/categories?post=7539"},{"taxonomy":"post_tag","embeddable":true,"href":"https:\/\/www.factorenergia.com\/ca\/wp-json\/wp\/v2\/tags?post=7539"}],"curies":[{"name":"wp","href":"https:\/\/api.w.org\/{rel}","templated":true}]}}