{"id":7457,"date":"2018-11-19T12:49:53","date_gmt":"2018-11-19T10:49:53","guid":{"rendered":"https:\/\/www.factorenergia.com\/ca\/?post_type=blog&#038;p=7457"},"modified":"2023-06-14T13:27:31","modified_gmt":"2023-06-14T11:27:31","slug":"tarifas-gas-escollir-tarifa","status":"publish","type":"post","link":"https:\/\/www.factorenergia.com\/ca\/blog\/apren-a-estalviar\/tarifas-gas-escollir-tarifa\/","title":{"rendered":"Tarifes de gas: escull la m\u00e9s convenient per a tu"},"content":{"rendered":"<p><span>Estalviar a la factura del gas sempre \u00e9s bo per a l&#8217;economia familiar, per\u00f2 \u00bfsaps quina \u00e9s la millor tarifa per a tu? A continuaci\u00f3 t&#8217;expliquem les diferents tarifes de gas existents, perqu\u00e8 ho tinguis clar. I a m\u00e9s et deixem altres <a href=\"https:\/\/www.factorenergia.com\/ca\/blog\/apren-a-estalviar\/consells-per-estalviar-energia-casa\/\"><\/a><a href=\"https:\/\/www.factorenergia.com\/ca\/blog\/apren-a-estalviar\/consells-per-estalviar-energia-casa\/\" target=\"_blank\" rel=\"noopener\">consells per a estalviar energia a casa<\/a> perqu\u00e8 tamb\u00e9 els tinguis en compte.<\/span><\/p>\n<h2>Tarifa de gas fixa<\/h2>\n<p>La tarifa fixa de gas \u00e9s per a aquelles persones a les quals no els hi agraden les sorpreses &#8230; sobretot si la sorpresa comporta pagar m\u00e9s pel consum de gas. Amb la <a href=\"https:\/\/www.factorenergia.com\/ca\/gas\/tarifa-fixa\/\">tarifa fixa de gas<\/a>, el consumidor sempre paga el gas al mateix preu per kW durant tot un any.<\/p>\n<h2>Tarifa de gas variable<\/h2>\n<p>La tarifa de gas variable est\u00e0 indicada per a aquelles persones que volen pagar el gas al seu preu de mercat, ni m\u00e9s ni menys. Amb aquesta tarifa pagar\u00e0s el gas a preu de mercat i nosaltres \u00fanicament et cobrarem 50 c\u00e8ntims al mes de quota. Si ho compares amb altres comercialitzadores de gas, podr\u00e0s veure que la nostra quota \u00e9s la m\u00e9s econ\u00f2mica, el just per sufragar els costos administratius que comporta el teu subministrament de gas.<\/p>\n<p><span><div class=\"text-center center blog-cta\"><p>Canvia't a factorenergia i estalvia un 20% a la Factura del Gas ... Per Sempre!<\/p><a class=\"blog-cta primary-btn text-center solicitar-estudio\" target=\"_blank\" title=\"Truca Gratis o Contracta Online en 2 min\" href=\"https:\/\/www.factorenergia.com\/ca\/canvia-de-companyia\/\">Truca Gratis o Contracta Online en 2 min<\/a><p><\/p><div style=\"display:none;\"><p>Canvia't a factorenergia i estalvia un 20% a la Factura del Gas ... Per Sempre!<\/p><\/div>\n\t\t\t<script type='text\/javascript'>\n\t\t\t\tjQuery('.solicitar-estudio').click(function(){\t\t\t\t\t\t\t\t\t\n\t\t\t\t\tdataLayer.push({'language': 'ca'});\n\t\t\t\t\tdataLayer.push({'post_id': '7457'});\n\t\t\t\t\tdataLayer.push({'cat_type': 'gas'});\n\t\t\t\t});\n\t\t\t<\/script>\n\t\t<\/div><br\/>\u00a0<\/span><\/p>\n<h3>Avantatges\u00a0de la tarifa de gas variable<\/h3>\n<p>Quan contractes una tarifa fixa de gas, les companyies comercialitzadores procuren ajustar el preu perqu\u00e8 sigui econ\u00f2mic per al consumidor per\u00f2 al seu torn poder guanyar un petit marge. Normalment, per ajustat que sigui el preu fix que es cobra al consumidor, el preu mitj\u00e0 per kWh \u00e9s una mica m\u00e9s car que a la <a href=\"https:\/\/www.factorenergia.com\/ca\/gas\/tarifa-variable\/\">tarifa gas variable<\/a>.<\/p>\n<p>A la tarifa de gas variable, el preu del kWh ve marcat pel mercat energ\u00e8tic. \u00c9s un risc per al consumidor? Nosaltres creiem que \u00e9s un risc m\u00ednim i molt moderat. Hi ha gent que \u00e9s reticent a contractar una tarifa de gas variable, tement que potser en els mesos d&#8217;hivern, quan m\u00e9s consum hi ha, pugi el preu del kWh d&#8217;una manera desmesurada i la factura mensual sigui massa elevada. \u00c9s cert que al novembre, desembre i gener, en ser els mesos m\u00e9s freds de l&#8217;any, el consum energ\u00e8tic \u00e9s m\u00e9s gran i aix\u00f2 fa que pugi el preu per kWh. Tot i aix\u00f2, hi ha hagut anys (com 2016) en qu\u00e8 el preu m\u00e0xim que va aconseguir el kWh \u00e9s menor que el preu que es cobra en la tarifa fixa de gas.<\/p>\n<p>Si es t\u00e9 en compte els altres mesos de l&#8217;any, es pot observar que en els mesos d&#8217;estiu el preu del kWh baixa considerablement, amb la qual cosa en la mitjana anual, la factura mensual amb la tarifa variable ha estat uns 4 \u20ac m\u00e9s econ\u00f2mica que la tarifa fixa.<\/p>\n<p><a href=\"https:\/\/www.factorenergia.com\/wp-content\/uploads\/2018\/11\/tabla-tarifas-gas-2018.png\"><picture><source srcset=\"https:\/\/www.factorenergia.com\/wp-content\/webp-express\/webp-images\/uploads\/2018\/11\/tabla-tarifas-gas-2018.png.webp 563w, https:\/\/www.factorenergia.com\/wp-content\/webp-express\/webp-images\/uploads\/2018\/11\/tabla-tarifas-gas-2018-300x177.png.webp 300w, https:\/\/www.factorenergia.com\/wp-content\/webp-express\/webp-images\/uploads\/2018\/11\/tabla-tarifas-gas-2018-299x177.png.webp 299w, https:\/\/www.factorenergia.com\/wp-content\/webp-express\/webp-images\/uploads\/2018\/11\/tabla-tarifas-gas-2018-90x53.png.webp 90w, https:\/\/www.factorenergia.com\/wp-content\/webp-express\/webp-images\/uploads\/2018\/11\/tabla-tarifas-gas-2018-170x101.png.webp 170w, https:\/\/www.factorenergia.com\/wp-content\/webp-express\/webp-images\/uploads\/2018\/11\/tabla-tarifas-gas-2018-500x296.png.webp 500w\" sizes=\"(max-width: 563px) 100vw, 563px\" type=\"image\/webp\"><img loading=\"lazy\" decoding=\"async\" src=\"https:\/\/www.factorenergia.com\/wp-content\/uploads\/2018\/11\/tabla-tarifas-gas-2018.png\" alt=\"tabla tarifas gas 2018\" width=\"563\" height=\"333\" class=\"wp-image-7453 size-full aligncenter webpexpress-processed\" srcset=\"https:\/\/www.factorenergia.com\/wp-content\/uploads\/2018\/11\/tabla-tarifas-gas-2018.png 563w, https:\/\/www.factorenergia.com\/wp-content\/uploads\/2018\/11\/tabla-tarifas-gas-2018-300x177.png 300w, https:\/\/www.factorenergia.com\/wp-content\/uploads\/2018\/11\/tabla-tarifas-gas-2018-299x177.png 299w, https:\/\/www.factorenergia.com\/wp-content\/uploads\/2018\/11\/tabla-tarifas-gas-2018-90x53.png 90w, https:\/\/www.factorenergia.com\/wp-content\/uploads\/2018\/11\/tabla-tarifas-gas-2018-170x101.png 170w, https:\/\/www.factorenergia.com\/wp-content\/uploads\/2018\/11\/tabla-tarifas-gas-2018-500x296.png 500w\" sizes=\"(max-width: 563px) 100vw, 563px\"><\/picture><\/a><\/p>\n<p>&nbsp;<\/p>\n<p>&nbsp;<\/p>\n<p>&nbsp;<\/p>\n<p>&nbsp;<\/p>\n<p>&nbsp;<\/p>\n<p>&nbsp;<\/p>\n<p>&nbsp;<\/p>\n<p>D&#8217;altra banda, davant la por de molts usuaris a que el kWh es dispari de preu, recorda una cosa: no hi ha perman\u00e8ncia! Si un mes et sembla car el preu de l&#8217;energia segons mercat i no vols arriscar-te a que pugui seguir pujant, et pots canviar a la tarifa fixa i passar a pagar un preu fix pel kWh, sense riscos!<\/p>\n<h2>Tarifa de gas Oferta del mes<\/h2>\n<p>Aquesta \u00e9s la tarifa de gas ideal per a aquelles persones a les que els encanten les <a href=\"https:\/\/www.factorenergia.com\/ca\/gas\/tarifa-oferta-del-mes\/\">ofertes de gas<\/a> mensuals i les promocions. \u00c9s absurd que cada pocs mesos et\u00a0bombardejem amb publicitat per veure si et vols acollir a una nova tarifa o a una promoci\u00f3; amb la tarifa Oferta del mes et proposarem una oferta en el preu del kWh que et sigui beneficiosa i quan acabi el per\u00edode promocional, t&#8217;aplicarem la seg\u00fcent promoci\u00f3, sempre buscant que tinguis un bon preu i com no, un immillorable servei.<\/p>\n<p>Si algun dia et canses de l&#8217;emoci\u00f3 que suposa esperar la propera promoci\u00f3, sempre pots canviar gratu\u00eftament de tarifa, cap a una tarifa fixa o una tarifa variable. Sense complicacions ni penalitzacions &#8230; tan sols perdr\u00e0s en sorpreses!<\/p>\n","protected":false},"excerpt":{"rendered":"<p>FactorEnergia t&#8217;ofereix varies tarifes per al subministrament de gas de la llar &#8230; per\u00f2 realment saps com \u00e9s cadascuna de les tarifes de gas i les seves difer\u00e8ncies? Et mostrem les caracter\u00edstiques de les tarifes de gas perqu\u00e8 puguis triar la que m\u00e9s et conv\u00e9 per a l&#8217;economia de la llar.<\/p>\n","protected":false},"author":17,"featured_media":0,"comment_status":"open","ping_status":"closed","sticky":false,"template":"","format":"standard","meta":{"inline_featured_image":false,"footnotes":""},"categories":[55],"tags":[],"acf":{"fecha_de_la_entrada":"20181119","imagen_portada":7455,"categoria_blog":null,"tipo_de_distribuidora":null,"tiempo_lectura":"","banner_bool":false,"titulo_banner":"","texto_banner":"","texto_boton_banner":"","url_boton_banner":"","post_relacionados":""},"yoast_head":"<!-- This site is optimized with the Yoast SEO plugin v22.2 - https:\/\/yoast.com\/wordpress\/plugins\/seo\/ -->\n<title>Tarifes de gas: escull la m\u00e9s convenient per a tu | factorenergia<\/title>\n<meta name=\"description\" content=\"Saps quina tarifa de gas \u00e9s la que m\u00e9s conv\u00e9 per a l&#039;economia de la teva llar? Et mostrem les difer\u00e8ncies entre la tarifa de gas fixa i la tarifa variable.\" \/>\n<meta name=\"robots\" content=\"index, follow, max-snippet:-1, max-image-preview:large, max-video-preview:-1\" \/>\n<link rel=\"canonical\" href=\"https:\/\/www.factorenergia.com\/ca\/blog\/apren-a-estalviar\/tarifas-gas-escollir-tarifa\/\" \/>\n<meta name=\"twitter:card\" content=\"summary_large_image\" \/>\n<meta name=\"twitter:title\" content=\"Tarifes de gas: escull la m\u00e9s convenient per a tu | factorenergia\" \/>\n<meta name=\"twitter:description\" content=\"Saps quina tarifa de gas \u00e9s la que m\u00e9s conv\u00e9 per a l&#039;economia de la teva llar? Et mostrem les difer\u00e8ncies entre la tarifa de gas fixa i la tarifa variable.\" \/>\n<meta name=\"twitter:image\" content=\"https:\/\/www.factorenergia.com\/wp-content\/uploads\/2018\/11\/tabla-tarifas-gas-2018.png\" \/>\n<meta name=\"twitter:creator\" content=\"@factorenergia\" \/>\n<meta name=\"twitter:site\" content=\"@factorenergia\" \/>\n<meta name=\"twitter:label1\" content=\"Written by\" \/>\n\t<meta name=\"twitter:data1\" content=\"Equipo Transici\u00f3n Energ\u00e9tica Factorenergia\" \/>\n\t<meta name=\"twitter:label2\" content=\"Est. reading time\" \/>\n\t<meta name=\"twitter:data2\" content=\"4 minutes\" \/>\n<script type=\"application\/ld+json\" class=\"yoast-schema-graph\">{\"@context\":\"https:\/\/schema.org\",\"@graph\":[{\"@type\":\"WebPage\",\"@id\":\"https:\/\/www.factorenergia.com\/ca\/blog\/apren-a-estalviar\/tarifas-gas-escollir-tarifa\/\",\"url\":\"https:\/\/www.factorenergia.com\/ca\/blog\/apren-a-estalviar\/tarifas-gas-escollir-tarifa\/\",\"name\":\"Tarifes de gas: escull la m\u00e9s convenient per a tu | factorenergia\",\"isPartOf\":{\"@id\":\"https:\/\/www.factorenergia.com\/es\/#website\"},\"primaryImageOfPage\":{\"@id\":\"https:\/\/www.factorenergia.com\/ca\/blog\/apren-a-estalviar\/tarifas-gas-escollir-tarifa\/#primaryimage\"},\"image\":{\"@id\":\"https:\/\/www.factorenergia.com\/ca\/blog\/apren-a-estalviar\/tarifas-gas-escollir-tarifa\/#primaryimage\"},\"thumbnailUrl\":\"https:\/\/www.factorenergia.com\/wp-content\/uploads\/2018\/11\/tabla-tarifas-gas-2018.png\",\"datePublished\":\"2018-11-19T10:49:53+00:00\",\"dateModified\":\"2023-06-14T11:27:31+00:00\",\"author\":{\"@id\":\"https:\/\/www.factorenergia.com\/es\/#\/schema\/person\/dff9e4b6dc520720e3a37bdaaedc5841\"},\"description\":\"Saps quina tarifa de gas \u00e9s la que m\u00e9s conv\u00e9 per a l'economia de la teva llar? Et mostrem les difer\u00e8ncies entre la tarifa de gas fixa i la tarifa variable.\",\"breadcrumb\":{\"@id\":\"https:\/\/www.factorenergia.com\/ca\/blog\/apren-a-estalviar\/tarifas-gas-escollir-tarifa\/#breadcrumb\"},\"inLanguage\":\"ca\",\"potentialAction\":[{\"@type\":\"ReadAction\",\"target\":[\"https:\/\/www.factorenergia.com\/ca\/blog\/apren-a-estalviar\/tarifas-gas-escollir-tarifa\/\"]}]},{\"@type\":\"ImageObject\",\"inLanguage\":\"ca\",\"@id\":\"https:\/\/www.factorenergia.com\/ca\/blog\/apren-a-estalviar\/tarifas-gas-escollir-tarifa\/#primaryimage\",\"url\":\"https:\/\/www.factorenergia.com\/wp-content\/uploads\/2018\/11\/tabla-tarifas-gas-2018.png\",\"contentUrl\":\"https:\/\/www.factorenergia.com\/wp-content\/uploads\/2018\/11\/tabla-tarifas-gas-2018.png\"},{\"@type\":\"BreadcrumbList\",\"@id\":\"https:\/\/www.factorenergia.com\/ca\/blog\/apren-a-estalviar\/tarifas-gas-escollir-tarifa\/#breadcrumb\",\"itemListElement\":[{\"@type\":\"ListItem\",\"position\":1,\"name\":\"Portada\",\"item\":\"https:\/\/www.factorenergia.com\/ca\/\"},{\"@type\":\"ListItem\",\"position\":2,\"name\":\"Tarifes de gas: escull la m\u00e9s convenient per a tu\"}]},{\"@type\":\"WebSite\",\"@id\":\"https:\/\/www.factorenergia.com\/es\/#website\",\"url\":\"https:\/\/www.factorenergia.com\/es\/\",\"name\":\"factorenergia\",\"description\":\"factorenergia\",\"potentialAction\":[{\"@type\":\"SearchAction\",\"target\":{\"@type\":\"EntryPoint\",\"urlTemplate\":\"https:\/\/www.factorenergia.com\/es\/?s={search_term_string}\"},\"query-input\":\"required name=search_term_string\"}],\"inLanguage\":\"ca\"},{\"@type\":\"Person\",\"@id\":\"https:\/\/www.factorenergia.com\/es\/#\/schema\/person\/dff9e4b6dc520720e3a37bdaaedc5841\",\"name\":\"Equipo Transici\u00f3n Energ\u00e9tica Factorenergia\",\"image\":{\"@type\":\"ImageObject\",\"inLanguage\":\"ca\",\"@id\":\"https:\/\/www.factorenergia.com\/es\/#\/schema\/person\/image\/\",\"url\":\"https:\/\/secure.gravatar.com\/avatar\/1b7c76bab80ee1c4261b06108874e24b?s=96&d=mm&r=g\",\"contentUrl\":\"https:\/\/secure.gravatar.com\/avatar\/1b7c76bab80ee1c4261b06108874e24b?s=96&d=mm&r=g\",\"caption\":\"Equipo Transici\u00f3n Energ\u00e9tica Factorenergia\"},\"description\":\"El equipo est\u00e1 formado por expertos en materia de Luz, Gas y Eficiencia Energ\u00e9tica, que conocen de primera mano las tendencias del mercado. Su experiencia en el sector les permite ofrecer las mejores soluciones energ\u00e9ticas y resolver las dudas planteadas por los clientes.\",\"sameAs\":[\"https:\/\/www.factorenergia.com\/es\/\",\"https:\/\/www.facebook.com\/factorenergiacom\",\"https:\/\/www.instagram.com\/factorenergia_com\/\",\"https:\/\/es.linkedin.com\/company\/factor-energia\",\"https:\/\/twitter.com\/factorenergia\",\"https:\/\/www.youtube.com\/c\/factorenergiacom\"],\"url\":\"https:\/\/www.factorenergia.com\/ca\/blog\/author\/marketing\/\"}]}<\/script>\n<!-- \/ Yoast SEO plugin. -->","yoast_head_json":{"title":"Tarifes de gas: escull la m\u00e9s convenient per a tu | factorenergia","description":"Saps quina tarifa de gas \u00e9s la que m\u00e9s conv\u00e9 per a l'economia de la teva llar? Et mostrem les difer\u00e8ncies entre la tarifa de gas fixa i la tarifa variable.","robots":{"index":"index","follow":"follow","max-snippet":"max-snippet:-1","max-image-preview":"max-image-preview:large","max-video-preview":"max-video-preview:-1"},"canonical":"https:\/\/www.factorenergia.com\/ca\/blog\/apren-a-estalviar\/tarifas-gas-escollir-tarifa\/","twitter_card":"summary_large_image","twitter_title":"Tarifes de gas: escull la m\u00e9s convenient per a tu | factorenergia","twitter_description":"Saps quina tarifa de gas \u00e9s la que m\u00e9s conv\u00e9 per a l'economia de la teva llar? Et mostrem les difer\u00e8ncies entre la tarifa de gas fixa i la tarifa variable.","twitter_image":"https:\/\/www.factorenergia.com\/wp-content\/uploads\/2018\/11\/tabla-tarifas-gas-2018.png","twitter_creator":"@factorenergia","twitter_site":"@factorenergia","twitter_misc":{"Written by":"Equipo Transici\u00f3n Energ\u00e9tica Factorenergia","Est. reading time":"4 minutes"},"schema":{"@context":"https:\/\/schema.org","@graph":[{"@type":"WebPage","@id":"https:\/\/www.factorenergia.com\/ca\/blog\/apren-a-estalviar\/tarifas-gas-escollir-tarifa\/","url":"https:\/\/www.factorenergia.com\/ca\/blog\/apren-a-estalviar\/tarifas-gas-escollir-tarifa\/","name":"Tarifes de gas: escull la m\u00e9s convenient per a tu | factorenergia","isPartOf":{"@id":"https:\/\/www.factorenergia.com\/es\/#website"},"primaryImageOfPage":{"@id":"https:\/\/www.factorenergia.com\/ca\/blog\/apren-a-estalviar\/tarifas-gas-escollir-tarifa\/#primaryimage"},"image":{"@id":"https:\/\/www.factorenergia.com\/ca\/blog\/apren-a-estalviar\/tarifas-gas-escollir-tarifa\/#primaryimage"},"thumbnailUrl":"https:\/\/www.factorenergia.com\/wp-content\/uploads\/2018\/11\/tabla-tarifas-gas-2018.png","datePublished":"2018-11-19T10:49:53+00:00","dateModified":"2023-06-14T11:27:31+00:00","author":{"@id":"https:\/\/www.factorenergia.com\/es\/#\/schema\/person\/dff9e4b6dc520720e3a37bdaaedc5841"},"description":"Saps quina tarifa de gas \u00e9s la que m\u00e9s conv\u00e9 per a l'economia de la teva llar? Et mostrem les difer\u00e8ncies entre la tarifa de gas fixa i la tarifa variable.","breadcrumb":{"@id":"https:\/\/www.factorenergia.com\/ca\/blog\/apren-a-estalviar\/tarifas-gas-escollir-tarifa\/#breadcrumb"},"inLanguage":"ca","potentialAction":[{"@type":"ReadAction","target":["https:\/\/www.factorenergia.com\/ca\/blog\/apren-a-estalviar\/tarifas-gas-escollir-tarifa\/"]}]},{"@type":"ImageObject","inLanguage":"ca","@id":"https:\/\/www.factorenergia.com\/ca\/blog\/apren-a-estalviar\/tarifas-gas-escollir-tarifa\/#primaryimage","url":"https:\/\/www.factorenergia.com\/wp-content\/uploads\/2018\/11\/tabla-tarifas-gas-2018.png","contentUrl":"https:\/\/www.factorenergia.com\/wp-content\/uploads\/2018\/11\/tabla-tarifas-gas-2018.png"},{"@type":"BreadcrumbList","@id":"https:\/\/www.factorenergia.com\/ca\/blog\/apren-a-estalviar\/tarifas-gas-escollir-tarifa\/#breadcrumb","itemListElement":[{"@type":"ListItem","position":1,"name":"Portada","item":"https:\/\/www.factorenergia.com\/ca\/"},{"@type":"ListItem","position":2,"name":"Tarifes de gas: escull la m\u00e9s convenient per a tu"}]},{"@type":"WebSite","@id":"https:\/\/www.factorenergia.com\/es\/#website","url":"https:\/\/www.factorenergia.com\/es\/","name":"factorenergia","description":"factorenergia","potentialAction":[{"@type":"SearchAction","target":{"@type":"EntryPoint","urlTemplate":"https:\/\/www.factorenergia.com\/es\/?s={search_term_string}"},"query-input":"required name=search_term_string"}],"inLanguage":"ca"},{"@type":"Person","@id":"https:\/\/www.factorenergia.com\/es\/#\/schema\/person\/dff9e4b6dc520720e3a37bdaaedc5841","name":"Equipo Transici\u00f3n Energ\u00e9tica Factorenergia","image":{"@type":"ImageObject","inLanguage":"ca","@id":"https:\/\/www.factorenergia.com\/es\/#\/schema\/person\/image\/","url":"https:\/\/secure.gravatar.com\/avatar\/1b7c76bab80ee1c4261b06108874e24b?s=96&d=mm&r=g","contentUrl":"https:\/\/secure.gravatar.com\/avatar\/1b7c76bab80ee1c4261b06108874e24b?s=96&d=mm&r=g","caption":"Equipo Transici\u00f3n Energ\u00e9tica Factorenergia"},"description":"El equipo est\u00e1 formado por expertos en materia de Luz, Gas y Eficiencia Energ\u00e9tica, que conocen de primera mano las tendencias del mercado. Su experiencia en el sector les permite ofrecer las mejores soluciones energ\u00e9ticas y resolver las dudas planteadas por los clientes.","sameAs":["https:\/\/www.factorenergia.com\/es\/","https:\/\/www.facebook.com\/factorenergiacom","https:\/\/www.instagram.com\/factorenergia_com\/","https:\/\/es.linkedin.com\/company\/factor-energia","https:\/\/twitter.com\/factorenergia","https:\/\/www.youtube.com\/c\/factorenergiacom"],"url":"https:\/\/www.factorenergia.com\/ca\/blog\/author\/marketing\/"}]}},"_links":{"self":[{"href":"https:\/\/www.factorenergia.com\/ca\/wp-json\/wp\/v2\/posts\/7457"}],"collection":[{"href":"https:\/\/www.factorenergia.com\/ca\/wp-json\/wp\/v2\/posts"}],"about":[{"href":"https:\/\/www.factorenergia.com\/ca\/wp-json\/wp\/v2\/types\/post"}],"author":[{"embeddable":true,"href":"https:\/\/www.factorenergia.com\/ca\/wp-json\/wp\/v2\/users\/17"}],"replies":[{"embeddable":true,"href":"https:\/\/www.factorenergia.com\/ca\/wp-json\/wp\/v2\/comments?post=7457"}],"version-history":[{"count":2,"href":"https:\/\/www.factorenergia.com\/ca\/wp-json\/wp\/v2\/posts\/7457\/revisions"}],"predecessor-version":[{"id":22411,"href":"https:\/\/www.factorenergia.com\/ca\/wp-json\/wp\/v2\/posts\/7457\/revisions\/22411"}],"wp:attachment":[{"href":"https:\/\/www.factorenergia.com\/ca\/wp-json\/wp\/v2\/media?parent=7457"}],"wp:term":[{"taxonomy":"category","embeddable":true,"href":"https:\/\/www.factorenergia.com\/ca\/wp-json\/wp\/v2\/categories?post=7457"},{"taxonomy":"post_tag","embeddable":true,"href":"https:\/\/www.factorenergia.com\/ca\/wp-json\/wp\/v2\/tags?post=7457"}],"curies":[{"name":"wp","href":"https:\/\/api.w.org\/{rel}","templated":true}]}}