{"id":7397,"date":"2018-11-09T13:24:59","date_gmt":"2018-11-09T11:24:59","guid":{"rendered":"https:\/\/www.factorenergia.com\/ca\/?post_type=blog&#038;p=7397"},"modified":"2025-07-30T13:56:15","modified_gmt":"2025-07-30T11:56:15","slug":"contractar-la-llum","status":"publish","type":"post","link":"https:\/\/www.factorenergia.com\/ca\/blog\/apren-a-estalviar\/contractar-la-llum\/","title":{"rendered":"Contractar la llum al canviar de vivenda"},"content":{"rendered":"<p><span>Entrar a viure en un nou pis, apartament o casa \u00e9s un proc\u00e9s que comporta una c\u00e0rrega de treball, paperassa i tr\u00e0mits administratius considerables per a qualsevol single, parella o fam\u00edlia. Depenent de l&#8217;estat de l&#8217;immoble (habitatge a estrenar, habitatge de lloguer &#8230;), et pots trobar amb dues situacions pel que fa als serveis de la llar: <\/span><\/p>\n<ul>\n<li><span>que els serveis (llum, aigua i gas) estiguin donats d&#8217;alta; <\/span><\/li>\n<li><span>que els serveis de la llar estiguin donats de baixa.<\/span><\/li>\n<\/ul>\n<p>&nbsp;<\/p>\n<h2><span>Contractar llum <\/span><\/h2>\n<p><span>Es parla de contractar llum o electricitat al que comunament es coneix com &#8220;canviar de nom la llum&#8221;. Quan entres a viure en un pis de lloguer \u00e9s freq\u00fcent que l&#8217;electricitat encara estigui a nom de l&#8217;\u00faltim inquil\u00ed, a nom del propietari de l&#8217;habitatge o de la immobili\u00e0ria. \u00c9s una pr\u00e0ctica comuna que es fa tant per evitar les despeses que comporta una alta nova, com per la comoditat que suposa tenir subministrament el\u00e8ctric a la llar durant el per\u00edode que roman buit, per poder mostrar-lo als potencials inquilins.<\/span><\/p>\n<p><span><div class=\"text-center center blog-cta\"><p>Canvia't a factorenergia i estalvia un 12'5% a la Factura de la Llum ... Per Sempre!<\/p><a class=\"blog-cta primary-btn text-center solicitar-estudio\" target=\"_blank\" title=\"Truca Gratis o Contracta Online en 2 min\" href=\"https:\/\/www.factorenergia.com\/ca\/canvia-de-companyia\/\">Truca Gratis o Contracta Online en 2 min<\/a><p><\/p><div style=\"display:none;\"><p>Canvia't a factorenergia i estalvia un 12'5% a la Factura de la Llum ... Per Sempre!<\/p><\/div>\n\t\t\t<script type='text\/javascript'>\n\t\t\t\tjQuery('.solicitar-estudio').click(function(){\t\t\t\t\t\t\t\t\t\n\t\t\t\t\tdataLayer.push({'language': 'ca'});\n\t\t\t\t\tdataLayer.push({'post_id': '7397'});\n\t\t\t\t\tdataLayer.push({'cat_type': 'luz'});\n\t\t\t\t});\n\t\t\t<\/script>\n\t\t<\/div><br\/><\/span><\/p>\n<h3>Canviar de nom la llum en minuts<\/h3>\n<p><span>Si aquest \u00e9s el teu cas, est\u00e0s de sort !, ja que canviar de nom la llum o contractar llum \u00e9s un proc\u00e9s molt senzill que tan sols et portar\u00e0 uns minuts i que pots fer ara mateix online o per tel\u00e8fon trucant al 900.850.000. per canviar de nom el contracte de la llum necessites tenir a m\u00e0: <\/span><\/p>\n<ul>\n<li><span>El nombre CUPS (si no ho saps o no el tens a m\u00e0, amb les teves dades personals podem trobar-lo, no hi ha problema;) <\/span><\/li>\n<li><span>El n\u00famero de compte bancari on domiciliar els rebuts<\/span><\/li>\n<\/ul>\n<p>&nbsp;<\/p>\n<h3>Avantatges de contractar la llum amb Factor Energia<\/h3>\n<p><span>Factor Energia som una empresa compromesa amb els nostres clients i amb l&#8217;equilibri mediambiental. Ser client nostre comporta tenir una s\u00e8rie d&#8217;avantatges que poques companyies el\u00e8ctriques et poden oferir: <\/span><\/p>\n<ul>\n<li><span>Sense perman\u00e8ncia ni penalitzacions <\/span><\/li>\n<li><span>Garantim el subministrament el\u00e8ctric sense talls. <\/span><\/li>\n<li><span>Transpar\u00e8ncia en totes les gestions. <\/span><\/li>\n<li><span>Energia verda certificada. <\/span><\/li>\n<li><span>Atenci\u00f3 al client amb personal propi. <\/span><\/li>\n<li><span>Estalvia fins a un 12,5% en la factura de la llum.<\/span><\/li>\n<\/ul>\n<p>&nbsp;<\/p>\n<h2>Donar d&#8217;alta la llum<\/h2>\n<p><span>Aquesta situaci\u00f3 \u00e9s una mica m\u00e9s estressant quan entres a viure en la teva nova llar, ja que et retardar\u00e0 uns quants dies per entrar a viure. Que un habitatge no tingui els serveis donats d&#8217;alta \u00e9s inherent a unes situacions: <\/span><\/p>\n<ul>\n<li><span>Habitatge nou a estrenar <\/span><\/li>\n<li><span>Habitatge de lloguer que porta molt temps deshabitat<\/span><\/li>\n<li><span> Habitatge rehabilitat o reformat\u00a0<\/span><\/li>\n<\/ul>\n<p>&nbsp;<\/p>\n<p><span>D&#8217;altra banda, en els locals comercials \u00e9s molt com\u00fa que els subministraments estiguin donats de baixa, ja que les empreses que marxen d&#8217;un establiment no volen tenir problemes a posteriori amb els nous inquilins o amb la immobili\u00e0ria. En aquest enlla\u00e7 et desgranem els passos a seguir per <a href=\"https:\/\/www.factorenergia.com\/ca\/blog\/enten-la-factura-de-la-llum\/quant-costa-donar-alta-la-llum\/\">donar d&#8217;alta la llum<\/a>, ja que es requereix d&#8217;alguns documents, el pagament d&#8217;unes taxes estipulades en el BOE i l&#8217;espera de 5 a 7 dies. En qualsevol cas, si contactes amb els nostres agents en 900 850 000, estaran encantats de guiar-te en el proc\u00e9s perqu\u00e8 sigui r\u00e0pid i senzill.<\/span><\/p>\n","protected":false},"excerpt":{"rendered":"<p>Mudar-se a un nou pis de lloguer, comprar un habitatge o llogar un local comercial porta amb si dubtes a l&#8217;hora de contractar la llum. Et mostrem com en uns senzills passos pots canviar de nom la llum i comen\u00e7ar una nova vida a la teva llar!<\/p>\n","protected":false},"author":17,"featured_media":0,"comment_status":"open","ping_status":"closed","sticky":false,"template":"","format":"standard","meta":{"inline_featured_image":false,"footnotes":""},"categories":[55],"tags":[],"acf":{"fecha_de_la_entrada":"20181108","imagen_portada":7401,"categoria_blog":null,"tipo_de_distribuidora":null,"tiempo_lectura":"","banner_bool":false,"titulo_banner":"","texto_banner":"","texto_boton_banner":"","url_boton_banner":"","post_relacionados":""},"yoast_head":"<!-- This site is optimized with the Yoast SEO plugin v22.2 - https:\/\/yoast.com\/wordpress\/plugins\/seo\/ -->\n<title>Contractar la llum al canviar de vivenda | factorenergia<\/title>\n<meta name=\"description\" content=\"Com contractar la llum al canviar d&#039;habitatge? Et mostrem com canviar de nom la llum en uns senzills passos, en 5 minuts problema resolt!\" \/>\n<meta name=\"robots\" content=\"index, follow, max-snippet:-1, max-image-preview:large, max-video-preview:-1\" \/>\n<link rel=\"canonical\" href=\"https:\/\/www.factorenergia.com\/ca\/blog\/apren-a-estalviar\/contractar-la-llum\/\" \/>\n<meta name=\"twitter:card\" content=\"summary_large_image\" \/>\n<meta name=\"twitter:title\" content=\"Contractar la llum al canviar de vivenda | factorenergia\" \/>\n<meta name=\"twitter:description\" content=\"Com contractar la llum al canviar d&#039;habitatge? Et mostrem com canviar de nom la llum en uns senzills passos, en 5 minuts problema resolt!\" \/>\n<meta name=\"twitter:creator\" content=\"@factorenergia\" \/>\n<meta name=\"twitter:site\" content=\"@factorenergia\" \/>\n<meta name=\"twitter:label1\" content=\"Written by\" \/>\n\t<meta name=\"twitter:data1\" content=\"Equipo Transici\u00f3n Energ\u00e9tica Factorenergia\" \/>\n\t<meta name=\"twitter:label2\" content=\"Est. reading time\" \/>\n\t<meta name=\"twitter:data2\" content=\"3 minutes\" \/>\n<script type=\"application\/ld+json\" class=\"yoast-schema-graph\">{\"@context\":\"https:\/\/schema.org\",\"@graph\":[{\"@type\":\"WebPage\",\"@id\":\"https:\/\/www.factorenergia.com\/ca\/blog\/apren-a-estalviar\/contractar-la-llum\/\",\"url\":\"https:\/\/www.factorenergia.com\/ca\/blog\/apren-a-estalviar\/contractar-la-llum\/\",\"name\":\"Contractar la llum al canviar de vivenda | factorenergia\",\"isPartOf\":{\"@id\":\"https:\/\/www.factorenergia.com\/es\/#website\"},\"datePublished\":\"2018-11-09T11:24:59+00:00\",\"dateModified\":\"2025-07-30T11:56:15+00:00\",\"author\":{\"@id\":\"https:\/\/www.factorenergia.com\/es\/#\/schema\/person\/dff9e4b6dc520720e3a37bdaaedc5841\"},\"description\":\"Com contractar la llum al canviar d'habitatge? Et mostrem com canviar de nom la llum en uns senzills passos, en 5 minuts problema resolt!\",\"breadcrumb\":{\"@id\":\"https:\/\/www.factorenergia.com\/ca\/blog\/apren-a-estalviar\/contractar-la-llum\/#breadcrumb\"},\"inLanguage\":\"ca\",\"potentialAction\":[{\"@type\":\"ReadAction\",\"target\":[\"https:\/\/www.factorenergia.com\/ca\/blog\/apren-a-estalviar\/contractar-la-llum\/\"]}]},{\"@type\":\"BreadcrumbList\",\"@id\":\"https:\/\/www.factorenergia.com\/ca\/blog\/apren-a-estalviar\/contractar-la-llum\/#breadcrumb\",\"itemListElement\":[{\"@type\":\"ListItem\",\"position\":1,\"name\":\"Portada\",\"item\":\"https:\/\/www.factorenergia.com\/ca\/\"},{\"@type\":\"ListItem\",\"position\":2,\"name\":\"Contractar la llum al canviar de vivenda\"}]},{\"@type\":\"WebSite\",\"@id\":\"https:\/\/www.factorenergia.com\/es\/#website\",\"url\":\"https:\/\/www.factorenergia.com\/es\/\",\"name\":\"factorenergia\",\"description\":\"factorenergia\",\"potentialAction\":[{\"@type\":\"SearchAction\",\"target\":{\"@type\":\"EntryPoint\",\"urlTemplate\":\"https:\/\/www.factorenergia.com\/es\/?s={search_term_string}\"},\"query-input\":\"required name=search_term_string\"}],\"inLanguage\":\"ca\"},{\"@type\":\"Person\",\"@id\":\"https:\/\/www.factorenergia.com\/es\/#\/schema\/person\/dff9e4b6dc520720e3a37bdaaedc5841\",\"name\":\"Equipo Transici\u00f3n Energ\u00e9tica Factorenergia\",\"image\":{\"@type\":\"ImageObject\",\"inLanguage\":\"ca\",\"@id\":\"https:\/\/www.factorenergia.com\/es\/#\/schema\/person\/image\/\",\"url\":\"https:\/\/secure.gravatar.com\/avatar\/1b7c76bab80ee1c4261b06108874e24b?s=96&d=mm&r=g\",\"contentUrl\":\"https:\/\/secure.gravatar.com\/avatar\/1b7c76bab80ee1c4261b06108874e24b?s=96&d=mm&r=g\",\"caption\":\"Equipo Transici\u00f3n Energ\u00e9tica Factorenergia\"},\"description\":\"El equipo est\u00e1 formado por expertos en materia de Luz, Gas y Eficiencia Energ\u00e9tica, que conocen de primera mano las tendencias del mercado. Su experiencia en el sector les permite ofrecer las mejores soluciones energ\u00e9ticas y resolver las dudas planteadas por los clientes.\",\"sameAs\":[\"https:\/\/www.factorenergia.com\/es\/\",\"https:\/\/www.facebook.com\/factorenergiacom\",\"https:\/\/www.instagram.com\/factorenergia_com\/\",\"https:\/\/es.linkedin.com\/company\/factor-energia\",\"https:\/\/twitter.com\/factorenergia\",\"https:\/\/www.youtube.com\/c\/factorenergiacom\"],\"url\":\"https:\/\/www.factorenergia.com\/ca\/blog\/author\/marketing\/\"}]}<\/script>\n<!-- \/ Yoast SEO plugin. -->","yoast_head_json":{"title":"Contractar la llum al canviar de vivenda | factorenergia","description":"Com contractar la llum al canviar d'habitatge? Et mostrem com canviar de nom la llum en uns senzills passos, en 5 minuts problema resolt!","robots":{"index":"index","follow":"follow","max-snippet":"max-snippet:-1","max-image-preview":"max-image-preview:large","max-video-preview":"max-video-preview:-1"},"canonical":"https:\/\/www.factorenergia.com\/ca\/blog\/apren-a-estalviar\/contractar-la-llum\/","twitter_card":"summary_large_image","twitter_title":"Contractar la llum al canviar de vivenda | factorenergia","twitter_description":"Com contractar la llum al canviar d'habitatge? Et mostrem com canviar de nom la llum en uns senzills passos, en 5 minuts problema resolt!","twitter_creator":"@factorenergia","twitter_site":"@factorenergia","twitter_misc":{"Written by":"Equipo Transici\u00f3n Energ\u00e9tica Factorenergia","Est. reading time":"3 minutes"},"schema":{"@context":"https:\/\/schema.org","@graph":[{"@type":"WebPage","@id":"https:\/\/www.factorenergia.com\/ca\/blog\/apren-a-estalviar\/contractar-la-llum\/","url":"https:\/\/www.factorenergia.com\/ca\/blog\/apren-a-estalviar\/contractar-la-llum\/","name":"Contractar la llum al canviar de vivenda | factorenergia","isPartOf":{"@id":"https:\/\/www.factorenergia.com\/es\/#website"},"datePublished":"2018-11-09T11:24:59+00:00","dateModified":"2025-07-30T11:56:15+00:00","author":{"@id":"https:\/\/www.factorenergia.com\/es\/#\/schema\/person\/dff9e4b6dc520720e3a37bdaaedc5841"},"description":"Com contractar la llum al canviar d'habitatge? Et mostrem com canviar de nom la llum en uns senzills passos, en 5 minuts problema resolt!","breadcrumb":{"@id":"https:\/\/www.factorenergia.com\/ca\/blog\/apren-a-estalviar\/contractar-la-llum\/#breadcrumb"},"inLanguage":"ca","potentialAction":[{"@type":"ReadAction","target":["https:\/\/www.factorenergia.com\/ca\/blog\/apren-a-estalviar\/contractar-la-llum\/"]}]},{"@type":"BreadcrumbList","@id":"https:\/\/www.factorenergia.com\/ca\/blog\/apren-a-estalviar\/contractar-la-llum\/#breadcrumb","itemListElement":[{"@type":"ListItem","position":1,"name":"Portada","item":"https:\/\/www.factorenergia.com\/ca\/"},{"@type":"ListItem","position":2,"name":"Contractar la llum al canviar de vivenda"}]},{"@type":"WebSite","@id":"https:\/\/www.factorenergia.com\/es\/#website","url":"https:\/\/www.factorenergia.com\/es\/","name":"factorenergia","description":"factorenergia","potentialAction":[{"@type":"SearchAction","target":{"@type":"EntryPoint","urlTemplate":"https:\/\/www.factorenergia.com\/es\/?s={search_term_string}"},"query-input":"required name=search_term_string"}],"inLanguage":"ca"},{"@type":"Person","@id":"https:\/\/www.factorenergia.com\/es\/#\/schema\/person\/dff9e4b6dc520720e3a37bdaaedc5841","name":"Equipo Transici\u00f3n Energ\u00e9tica Factorenergia","image":{"@type":"ImageObject","inLanguage":"ca","@id":"https:\/\/www.factorenergia.com\/es\/#\/schema\/person\/image\/","url":"https:\/\/secure.gravatar.com\/avatar\/1b7c76bab80ee1c4261b06108874e24b?s=96&d=mm&r=g","contentUrl":"https:\/\/secure.gravatar.com\/avatar\/1b7c76bab80ee1c4261b06108874e24b?s=96&d=mm&r=g","caption":"Equipo Transici\u00f3n Energ\u00e9tica Factorenergia"},"description":"El equipo est\u00e1 formado por expertos en materia de Luz, Gas y Eficiencia Energ\u00e9tica, que conocen de primera mano las tendencias del mercado. Su experiencia en el sector les permite ofrecer las mejores soluciones energ\u00e9ticas y resolver las dudas planteadas por los clientes.","sameAs":["https:\/\/www.factorenergia.com\/es\/","https:\/\/www.facebook.com\/factorenergiacom","https:\/\/www.instagram.com\/factorenergia_com\/","https:\/\/es.linkedin.com\/company\/factor-energia","https:\/\/twitter.com\/factorenergia","https:\/\/www.youtube.com\/c\/factorenergiacom"],"url":"https:\/\/www.factorenergia.com\/ca\/blog\/author\/marketing\/"}]}},"_links":{"self":[{"href":"https:\/\/www.factorenergia.com\/ca\/wp-json\/wp\/v2\/posts\/7397"}],"collection":[{"href":"https:\/\/www.factorenergia.com\/ca\/wp-json\/wp\/v2\/posts"}],"about":[{"href":"https:\/\/www.factorenergia.com\/ca\/wp-json\/wp\/v2\/types\/post"}],"author":[{"embeddable":true,"href":"https:\/\/www.factorenergia.com\/ca\/wp-json\/wp\/v2\/users\/17"}],"replies":[{"embeddable":true,"href":"https:\/\/www.factorenergia.com\/ca\/wp-json\/wp\/v2\/comments?post=7397"}],"version-history":[{"count":2,"href":"https:\/\/www.factorenergia.com\/ca\/wp-json\/wp\/v2\/posts\/7397\/revisions"}],"predecessor-version":[{"id":28913,"href":"https:\/\/www.factorenergia.com\/ca\/wp-json\/wp\/v2\/posts\/7397\/revisions\/28913"}],"wp:attachment":[{"href":"https:\/\/www.factorenergia.com\/ca\/wp-json\/wp\/v2\/media?parent=7397"}],"wp:term":[{"taxonomy":"category","embeddable":true,"href":"https:\/\/www.factorenergia.com\/ca\/wp-json\/wp\/v2\/categories?post=7397"},{"taxonomy":"post_tag","embeddable":true,"href":"https:\/\/www.factorenergia.com\/ca\/wp-json\/wp\/v2\/tags?post=7397"}],"curies":[{"name":"wp","href":"https:\/\/api.w.org\/{rel}","templated":true}]}}