{"id":7261,"date":"2018-10-01T17:30:52","date_gmt":"2018-10-01T15:30:52","guid":{"rendered":"https:\/\/www.factorenergia.com\/ca\/?post_type=blog&#038;p=7261"},"modified":"2025-07-28T13:26:11","modified_gmt":"2025-07-28T11:26:11","slug":"punts-de-recarrega-cotxe-electric-a-la-via-publica","status":"publish","type":"post","link":"https:\/\/www.factorenergia.com\/ca\/blog\/mobilitat-electrica\/punts-de-recarrega-cotxe-electric-a-la-via-publica\/","title":{"rendered":"Quant costen els punts de rec\u00e0rrega del cotxe el\u00e8ctric?"},"content":{"rendered":"<p>Actualment, estem treballant per canviar el model de mobilitat urbana per la de mobilitat el\u00e8ctrica amb l&#8217;objectiu de disminuir l&#8217;impacte ambiental, i ac\u00fastic. Per\u00f2, ens preguntem constantment quants punts de rec\u00e0rrega de cotxes el\u00e8ctrics hi ha a Barcelona i quant costa carregar el cotxe el\u00e8ctric? Si vols saber-ho, continua llegint.<\/p>\n<p>Seguint amb els punts de rec\u00e0rrega i segons Electromap (app l\u00edder en mobilitat el\u00e8ctrica i punts de rec\u00e0rrega), a la via p\u00fablica a Catalunya ens trobem entorn uns 955 punts de rec\u00e0rrega, repartits en 573 a p\u00e0rquings, 111 en restaurants, 195 en centres comercials, 200 en hotels; entre molts altres que a dia d&#8217;avui s&#8217;hauran instal\u00b7lat tamb\u00e9.<\/p>\n<p>Cal recordar que els punts de rec\u00e0rrega instal\u00b7lats a la via p\u00fablica nom\u00e9s depenen dels ajuntaments. La majoria s\u00f3n punts de rec\u00e0rrega de pot\u00e8ncia major que els de la rec\u00e0rrega dom\u00e8stica; en funci\u00f3 de la pot\u00e8ncia, ser\u00e0 punts de rec\u00e0rrega accelerada (superiors als 11 kW) o de rec\u00e0rrega r\u00e0pida (pot\u00e8ncia de 43 kW). En aquest context, moltes empreses tamb\u00e9 estan treballant en la creaci\u00f3 de punts de rec\u00e0rrega ultrar\u00e0pida.<\/p>\n<p><span><div class=\"text-center center blog-cta\"><p>Instal&middot;la un punt de rec&agrave;rrega pel teu cotxe el&egrave;ctric amb factorenergia!<\/p><a class=\"blog-cta primary-btn text-center solicitar-estudio\" target=\"_blank\" title=\"SOL&sdot;LICITA UN ESTUDI GRATU&Iuml;T\" href=\"https:\/\/www.factorenergia.com\/ca\/llars\/punts-recarrega-electrics\/\">SOL&sdot;LICITA UN ESTUDI GRATU&Iuml;T<\/a><p><\/p><div style=\"display:none;\"><p>Instal&middot;la un punt de rec&agrave;rrega pel teu cotxe el&egrave;ctric amb factorenergia!<\/p><\/div>\n\t\t\t<script type='text\/javascript'>\n\t\t\t\tjQuery('.solicitar-estudio').click(function(){\t\t\t\t\t\t\t\t\t\n\t\t\t\t\tdataLayer.push({'language': 'ca'});\n\t\t\t\t\tdataLayer.push({'post_id': '7261'});\n\t\t\t\t\tdataLayer.push({'cat_type': 'ce'});\n\t\t\t\t});\n\t\t\t<\/script>\n\t\t<\/div><br\/><\/span><\/p>\n<h2>Quant costa recarregar un cotxe el\u00e8ctric?<\/h2>\n<p>Hi ha diferents opcions, per\u00f2 en algunes ocasions carregar un cotxe el\u00e8ctric al carrer pot ser fins i tot gratu\u00eft. Per exemple, en alguns centres comercials o hotels disposen de places reservades per a rec\u00e0rrega de forma gratu\u00efta els cotxes el\u00e8ctrics.<\/p>\n<p>Tamb\u00e9, algunes administracions p\u00fabliques posen aquest servei a disposici\u00f3 dels ciutadans de forma totalment gratu\u00efta com la Metrolinera Madrid o la xarxa de rec\u00e0rrega r\u00e0pida de Barcelona.<\/p>\n<p>El que m\u00e9s crida l&#8217;atenci\u00f3 \u00e9s que en els aeroports \u00e9s on menys punts de rec\u00e0rrega trobem, a Val\u00e8ncia no n&#8217;hi ha cap, a Madrid nom\u00e9s hi ha un punt de rec\u00e0rrega a l&#8217;Aeroport Adolfo Su\u00e1rez Madrid-Barajas (aparcament preferent T2) ia Barcelona tampoc ha cap punt.<\/p>\n<p>L&#8217;altra opci\u00f3 que tenen els conductors \u00e9s optar pels serveis que les empreses privades que ofereixen a trav\u00e9s de la venda d&#8217;electricitat per a rec\u00e0rrega de vehicles el\u00e8ctrics. Aquestes empreses ofereixen diferents tarifes que depenen de la decisi\u00f3 de l&#8217;empresa, de si la rec\u00e0rrega \u00e9s r\u00e0pida o lenta.<\/p>\n<h3>Preu rec\u00e0rrega cotxe el\u00e8ctric a Barcelona<\/h3>\n<p>En el cas de Barcelona, \u200b\u200bla targeta del vehicle el\u00e8ctric \u00e9s la identificaci\u00f3 dels usuaris i usu\u00e0ries de vehicles el\u00e8ctrics a la ciutat de Barcelona. Aquesta targeta ofereix la possibilitat de fer rec\u00e0rregues el\u00e8ctriques en la xarxa de punts de rec\u00e0rrega a la via p\u00fablica amb tarifa zero euros.<br \/>\nLa targeta es pot sol\u00b7licitar a la web: www.barcelona.cat i nom\u00e9s has de complir amb els requisits que s&#8217;indiquen en els diferents formularis.<br \/>\nA m\u00e9s, les persones que disposin d&#8217;un vehicle amb classificaci\u00f3 &#8220;Zero emissions&#8221; per la DGT podran obtenir tiquet d&#8217;estacionament a tarifa zero euros a les zones regulades de la ciutat, places blaves o verdes, segons la regulaci\u00f3 hor\u00e0ria de cada zona. La targeta no permet estacionar a les places exclusives de resident.<\/p>\n<h3>Consum cotxe el\u00e8ctric<\/h3>\n<p>Per sin\u00f3 ho sabies, per rec\u00f3rrer el cotxe el\u00e8ctric 100km, t\u00e9 un consum de 13,3 kWh tindria un cost de 1,094 \u20ac que comparant-ho amb un cotxe di\u00e8sel amb un consum de 5 l \/ 100 km el cost d&#8217;aquest \u00faltim \u00e9s de 5, 49 euros, gaireb\u00e9 5 vegades m\u00e9s.<br \/>\nAmb la qual cosa, si tenies dubte de si carregar el cotxe el\u00e8ctric era m\u00e9s car que fer gasolina el cotxe de di\u00e8sel o gasolina. Aqu\u00ed tens la resposta.<\/p>\n<h3>Tarifa supervall<\/h3>\n<p>La tarifa supervall est\u00e0 ideada per al cotxe el\u00e8ctric. \u00c9s la tarifa que s&#8217;adapta a l&#8217;horari de c\u00e0rrega del teu cotxe el\u00e8ctric; i \u00e9s una tarifa amb discriminaci\u00f3 hor\u00e0ria que divideix el dia en 3 franges, en comptes de en 2:<br \/>\nHorari punta: De 13h a 23h<br \/>\nHorari vall: De 7h a 13h i de 23h a 1h<br \/>\nHorari supervalle: de 1h a 7h<\/p>\n<p>La rec\u00e0rrega nocturna, a m\u00e9s d&#8217;abaratir els costos de combustible del cotxe el\u00e8ctric, ajuda al sistema el\u00e8ctric a funcionar millor i a aprofitar l&#8217;energia produ\u00efda per instal\u00b7lacions com l&#8217;e\u00f2lica, ja que normalment en aquestes hores la demanda dels consumidors \u00e9s menor. Amb la tarifa supervall, durant les hores de c\u00e0rrega nocturna, el quilowatt surt molt m\u00e9s barat que habitualment. Comptant que recarreguis el cotxe durant 5 &#8211; 8 hores, entre la 1h i les 7h del mat\u00ed, estar\u00e0s aprofitant les teves hores de son que tamb\u00e9 s\u00f3n les hores en qu\u00e8 el preu per quilowatt \u00e9s m\u00e9s baix. Aix\u00ed, al mat\u00ed tindr\u00e0s la c\u00e0rrega plena per anar a treballar, i amb l&#8217;electricitat al millor preu!<\/p>\n<p>Sobre els punts de rec\u00e0rrega, en FactorEnergia posem a disposici\u00f3 dels nostres clients un producte espec\u00edfic, <a href=\"https:\/\/www.factorenergia.com\/ca\/noticias\/cotxe-electric\/\">Factor ECOMobility <\/a>Creiem que la c\u00e0rrega privada \u00e9s la clau per al desenvolupament del cotxe el\u00e8ctric, per aix\u00f2 financem el projecte i la instal\u00b7laci\u00f3 del punt de rec\u00e0rrega a la pla\u00e7a privada de p\u00e0rquing comunitari, encarregant-nos de tots els tr\u00e0mits administratius i obtenci\u00f3 dels permisos necessaris.<\/p>\n<p>Per <a href=\"https:\/\/www.factorenergia.com\/ca\/tarifas-de-llum\/\">estalviar en la factura de la llum,<\/a> contracta FactorEnergia. I si vols que t&#8217;ajudem amb el teu cotxe el\u00e8ctric, contacta&#8217;ns: et oferirem un servei integral, incloent punt de rec\u00e0rrega i tarifa supervall, truca&#8217;ns de franc al 900 850 000. T&#8217;esperem:<\/p>\n","protected":false},"excerpt":{"rendered":"<p>T&#8217;has comprat un cotxe el\u00e8ctric amb l&#8217;objectiu d&#8217;apostar per la mobilitat el\u00e8ctrica i contribuir a disminuir els \u00edndexs de pol\u00b7luci\u00f3 de la teva ciutat. Per\u00f2, tens dubtes sobre els punts de recarregar del cotxe el\u00e8ctric a la via p\u00fablica i el cost de recarregar-lo. Avui, anem a donar-te tots els detalls perqu\u00e8 no tinguis m\u00e9s dubtes al respecte &#8230;<\/p>\n","protected":false},"author":17,"featured_media":0,"comment_status":"open","ping_status":"closed","sticky":false,"template":"","format":"standard","meta":{"inline_featured_image":false,"footnotes":""},"categories":[64],"tags":[],"acf":{"fecha_de_la_entrada":"20181001","imagen_portada":7260,"categoria_blog":null,"tipo_de_distribuidora":null,"tiempo_lectura":"","banner_bool":false,"titulo_banner":"","texto_banner":"","texto_boton_banner":"","url_boton_banner":"","post_relacionados":""},"yoast_head":"<!-- This site is optimized with the Yoast SEO plugin v22.2 - https:\/\/yoast.com\/wordpress\/plugins\/seo\/ -->\n<title>Punts de rec\u00e0rrega cotxe el\u00e8ctric a la via p\u00fablica | FactorEnergia<\/title>\n<meta name=\"description\" content=\"Quants punts de rec\u00e0rrega de cotxes el\u00e8ctrics hi ha a Barcelona i quant costa carregar el cotxe el\u00e8ctric? Si vols saber-ho, continua llegint.\" \/>\n<meta name=\"robots\" content=\"index, follow, max-snippet:-1, max-image-preview:large, max-video-preview:-1\" \/>\n<link rel=\"canonical\" href=\"https:\/\/www.factorenergia.com\/ca\/blog\/mobilitat-electrica\/punts-de-recarrega-cotxe-electric-a-la-via-publica\/\" \/>\n<meta name=\"twitter:card\" content=\"summary_large_image\" \/>\n<meta name=\"twitter:title\" content=\"Punts de rec\u00e0rrega cotxe el\u00e8ctric a la via p\u00fablica | FactorEnergia\" \/>\n<meta name=\"twitter:description\" content=\"Quants punts de rec\u00e0rrega de cotxes el\u00e8ctrics hi ha a Barcelona i quant costa carregar el cotxe el\u00e8ctric? Si vols saber-ho, continua llegint.\" \/>\n<meta name=\"twitter:creator\" content=\"@factorenergia\" \/>\n<meta name=\"twitter:site\" content=\"@factorenergia\" \/>\n<meta name=\"twitter:label1\" content=\"Written by\" \/>\n\t<meta name=\"twitter:data1\" content=\"Equipo Transici\u00f3n Energ\u00e9tica Factorenergia\" \/>\n\t<meta name=\"twitter:label2\" content=\"Est. reading time\" \/>\n\t<meta name=\"twitter:data2\" content=\"4 minutes\" \/>\n<script type=\"application\/ld+json\" class=\"yoast-schema-graph\">{\"@context\":\"https:\/\/schema.org\",\"@graph\":[{\"@type\":\"WebPage\",\"@id\":\"https:\/\/www.factorenergia.com\/ca\/blog\/mobilitat-electrica\/punts-de-recarrega-cotxe-electric-a-la-via-publica\/\",\"url\":\"https:\/\/www.factorenergia.com\/ca\/blog\/mobilitat-electrica\/punts-de-recarrega-cotxe-electric-a-la-via-publica\/\",\"name\":\"Punts de rec\u00e0rrega cotxe el\u00e8ctric a la via p\u00fablica | FactorEnergia\",\"isPartOf\":{\"@id\":\"https:\/\/www.factorenergia.com\/es\/#website\"},\"datePublished\":\"2018-10-01T15:30:52+00:00\",\"dateModified\":\"2025-07-28T11:26:11+00:00\",\"author\":{\"@id\":\"https:\/\/www.factorenergia.com\/es\/#\/schema\/person\/dff9e4b6dc520720e3a37bdaaedc5841\"},\"description\":\"Quants punts de rec\u00e0rrega de cotxes el\u00e8ctrics hi ha a Barcelona i quant costa carregar el cotxe el\u00e8ctric? Si vols saber-ho, continua llegint.\",\"breadcrumb\":{\"@id\":\"https:\/\/www.factorenergia.com\/ca\/blog\/mobilitat-electrica\/punts-de-recarrega-cotxe-electric-a-la-via-publica\/#breadcrumb\"},\"inLanguage\":\"ca\",\"potentialAction\":[{\"@type\":\"ReadAction\",\"target\":[\"https:\/\/www.factorenergia.com\/ca\/blog\/mobilitat-electrica\/punts-de-recarrega-cotxe-electric-a-la-via-publica\/\"]}]},{\"@type\":\"BreadcrumbList\",\"@id\":\"https:\/\/www.factorenergia.com\/ca\/blog\/mobilitat-electrica\/punts-de-recarrega-cotxe-electric-a-la-via-publica\/#breadcrumb\",\"itemListElement\":[{\"@type\":\"ListItem\",\"position\":1,\"name\":\"Portada\",\"item\":\"https:\/\/www.factorenergia.com\/ca\/\"},{\"@type\":\"ListItem\",\"position\":2,\"name\":\"Quant costen els punts de rec\u00e0rrega del cotxe el\u00e8ctric?\"}]},{\"@type\":\"WebSite\",\"@id\":\"https:\/\/www.factorenergia.com\/es\/#website\",\"url\":\"https:\/\/www.factorenergia.com\/es\/\",\"name\":\"factorenergia\",\"description\":\"factorenergia\",\"potentialAction\":[{\"@type\":\"SearchAction\",\"target\":{\"@type\":\"EntryPoint\",\"urlTemplate\":\"https:\/\/www.factorenergia.com\/es\/?s={search_term_string}\"},\"query-input\":\"required name=search_term_string\"}],\"inLanguage\":\"ca\"},{\"@type\":\"Person\",\"@id\":\"https:\/\/www.factorenergia.com\/es\/#\/schema\/person\/dff9e4b6dc520720e3a37bdaaedc5841\",\"name\":\"Equipo Transici\u00f3n Energ\u00e9tica Factorenergia\",\"image\":{\"@type\":\"ImageObject\",\"inLanguage\":\"ca\",\"@id\":\"https:\/\/www.factorenergia.com\/es\/#\/schema\/person\/image\/\",\"url\":\"https:\/\/secure.gravatar.com\/avatar\/1b7c76bab80ee1c4261b06108874e24b?s=96&d=mm&r=g\",\"contentUrl\":\"https:\/\/secure.gravatar.com\/avatar\/1b7c76bab80ee1c4261b06108874e24b?s=96&d=mm&r=g\",\"caption\":\"Equipo Transici\u00f3n Energ\u00e9tica Factorenergia\"},\"description\":\"El equipo est\u00e1 formado por expertos en materia de Luz, Gas y Eficiencia Energ\u00e9tica, que conocen de primera mano las tendencias del mercado. Su experiencia en el sector les permite ofrecer las mejores soluciones energ\u00e9ticas y resolver las dudas planteadas por los clientes.\",\"sameAs\":[\"https:\/\/www.factorenergia.com\/es\/\",\"https:\/\/www.facebook.com\/factorenergiacom\",\"https:\/\/www.instagram.com\/factorenergia_com\/\",\"https:\/\/es.linkedin.com\/company\/factor-energia\",\"https:\/\/twitter.com\/factorenergia\",\"https:\/\/www.youtube.com\/c\/factorenergiacom\"],\"url\":\"https:\/\/www.factorenergia.com\/ca\/blog\/author\/marketing\/\"}]}<\/script>\n<!-- \/ Yoast SEO plugin. -->","yoast_head_json":{"title":"Punts de rec\u00e0rrega cotxe el\u00e8ctric a la via p\u00fablica | FactorEnergia","description":"Quants punts de rec\u00e0rrega de cotxes el\u00e8ctrics hi ha a Barcelona i quant costa carregar el cotxe el\u00e8ctric? Si vols saber-ho, continua llegint.","robots":{"index":"index","follow":"follow","max-snippet":"max-snippet:-1","max-image-preview":"max-image-preview:large","max-video-preview":"max-video-preview:-1"},"canonical":"https:\/\/www.factorenergia.com\/ca\/blog\/mobilitat-electrica\/punts-de-recarrega-cotxe-electric-a-la-via-publica\/","twitter_card":"summary_large_image","twitter_title":"Punts de rec\u00e0rrega cotxe el\u00e8ctric a la via p\u00fablica | FactorEnergia","twitter_description":"Quants punts de rec\u00e0rrega de cotxes el\u00e8ctrics hi ha a Barcelona i quant costa carregar el cotxe el\u00e8ctric? Si vols saber-ho, continua llegint.","twitter_creator":"@factorenergia","twitter_site":"@factorenergia","twitter_misc":{"Written by":"Equipo Transici\u00f3n Energ\u00e9tica Factorenergia","Est. reading time":"4 minutes"},"schema":{"@context":"https:\/\/schema.org","@graph":[{"@type":"WebPage","@id":"https:\/\/www.factorenergia.com\/ca\/blog\/mobilitat-electrica\/punts-de-recarrega-cotxe-electric-a-la-via-publica\/","url":"https:\/\/www.factorenergia.com\/ca\/blog\/mobilitat-electrica\/punts-de-recarrega-cotxe-electric-a-la-via-publica\/","name":"Punts de rec\u00e0rrega cotxe el\u00e8ctric a la via p\u00fablica | FactorEnergia","isPartOf":{"@id":"https:\/\/www.factorenergia.com\/es\/#website"},"datePublished":"2018-10-01T15:30:52+00:00","dateModified":"2025-07-28T11:26:11+00:00","author":{"@id":"https:\/\/www.factorenergia.com\/es\/#\/schema\/person\/dff9e4b6dc520720e3a37bdaaedc5841"},"description":"Quants punts de rec\u00e0rrega de cotxes el\u00e8ctrics hi ha a Barcelona i quant costa carregar el cotxe el\u00e8ctric? Si vols saber-ho, continua llegint.","breadcrumb":{"@id":"https:\/\/www.factorenergia.com\/ca\/blog\/mobilitat-electrica\/punts-de-recarrega-cotxe-electric-a-la-via-publica\/#breadcrumb"},"inLanguage":"ca","potentialAction":[{"@type":"ReadAction","target":["https:\/\/www.factorenergia.com\/ca\/blog\/mobilitat-electrica\/punts-de-recarrega-cotxe-electric-a-la-via-publica\/"]}]},{"@type":"BreadcrumbList","@id":"https:\/\/www.factorenergia.com\/ca\/blog\/mobilitat-electrica\/punts-de-recarrega-cotxe-electric-a-la-via-publica\/#breadcrumb","itemListElement":[{"@type":"ListItem","position":1,"name":"Portada","item":"https:\/\/www.factorenergia.com\/ca\/"},{"@type":"ListItem","position":2,"name":"Quant costen els punts de rec\u00e0rrega del cotxe el\u00e8ctric?"}]},{"@type":"WebSite","@id":"https:\/\/www.factorenergia.com\/es\/#website","url":"https:\/\/www.factorenergia.com\/es\/","name":"factorenergia","description":"factorenergia","potentialAction":[{"@type":"SearchAction","target":{"@type":"EntryPoint","urlTemplate":"https:\/\/www.factorenergia.com\/es\/?s={search_term_string}"},"query-input":"required name=search_term_string"}],"inLanguage":"ca"},{"@type":"Person","@id":"https:\/\/www.factorenergia.com\/es\/#\/schema\/person\/dff9e4b6dc520720e3a37bdaaedc5841","name":"Equipo Transici\u00f3n Energ\u00e9tica Factorenergia","image":{"@type":"ImageObject","inLanguage":"ca","@id":"https:\/\/www.factorenergia.com\/es\/#\/schema\/person\/image\/","url":"https:\/\/secure.gravatar.com\/avatar\/1b7c76bab80ee1c4261b06108874e24b?s=96&d=mm&r=g","contentUrl":"https:\/\/secure.gravatar.com\/avatar\/1b7c76bab80ee1c4261b06108874e24b?s=96&d=mm&r=g","caption":"Equipo Transici\u00f3n Energ\u00e9tica Factorenergia"},"description":"El equipo est\u00e1 formado por expertos en materia de Luz, Gas y Eficiencia Energ\u00e9tica, que conocen de primera mano las tendencias del mercado. Su experiencia en el sector les permite ofrecer las mejores soluciones energ\u00e9ticas y resolver las dudas planteadas por los clientes.","sameAs":["https:\/\/www.factorenergia.com\/es\/","https:\/\/www.facebook.com\/factorenergiacom","https:\/\/www.instagram.com\/factorenergia_com\/","https:\/\/es.linkedin.com\/company\/factor-energia","https:\/\/twitter.com\/factorenergia","https:\/\/www.youtube.com\/c\/factorenergiacom"],"url":"https:\/\/www.factorenergia.com\/ca\/blog\/author\/marketing\/"}]}},"_links":{"self":[{"href":"https:\/\/www.factorenergia.com\/ca\/wp-json\/wp\/v2\/posts\/7261"}],"collection":[{"href":"https:\/\/www.factorenergia.com\/ca\/wp-json\/wp\/v2\/posts"}],"about":[{"href":"https:\/\/www.factorenergia.com\/ca\/wp-json\/wp\/v2\/types\/post"}],"author":[{"embeddable":true,"href":"https:\/\/www.factorenergia.com\/ca\/wp-json\/wp\/v2\/users\/17"}],"replies":[{"embeddable":true,"href":"https:\/\/www.factorenergia.com\/ca\/wp-json\/wp\/v2\/comments?post=7261"}],"version-history":[{"count":3,"href":"https:\/\/www.factorenergia.com\/ca\/wp-json\/wp\/v2\/posts\/7261\/revisions"}],"predecessor-version":[{"id":28729,"href":"https:\/\/www.factorenergia.com\/ca\/wp-json\/wp\/v2\/posts\/7261\/revisions\/28729"}],"wp:attachment":[{"href":"https:\/\/www.factorenergia.com\/ca\/wp-json\/wp\/v2\/media?parent=7261"}],"wp:term":[{"taxonomy":"category","embeddable":true,"href":"https:\/\/www.factorenergia.com\/ca\/wp-json\/wp\/v2\/categories?post=7261"},{"taxonomy":"post_tag","embeddable":true,"href":"https:\/\/www.factorenergia.com\/ca\/wp-json\/wp\/v2\/tags?post=7261"}],"curies":[{"name":"wp","href":"https:\/\/api.w.org\/{rel}","templated":true}]}}