{"id":7230,"date":"2021-04-21T14:00:08","date_gmt":"2021-04-21T12:00:08","guid":{"rendered":"https:\/\/www.factorenergia.com\/ca\/blog\/%tiposdeblog%\/etiqueta-energetica-comprar-electrodomestico\/"},"modified":"2025-08-07T11:20:20","modified_gmt":"2025-08-07T09:20:20","slug":"etiqueta-energetica-comprar-electrodomestics","status":"publish","type":"post","link":"https:\/\/www.factorenergia.com\/ca\/blog\/apren-a-estalviar\/etiqueta-energetica-comprar-electrodomestics\/","title":{"rendered":"La import\u00e0ncia de l&#8217;etiqueta energ\u00e8tica en comprar un electrodom\u00e8stic"},"content":{"rendered":"<p><span>\n<script type=\"text\/javascript\" id=\"auto-index\" async defer>\n\n      function indexContent(context){\n\n      var container = document.querySelector(context);\n\n      element = document.getElementById(\"accordion-index\");\n      var titles = Array.from(container.querySelectorAll(\"h2,h3\"));\n\n      for (var i = 0, l = titles.length; i < l; i++) {\n\n\t\tjQuery('#accordionIndex').show();\n\n        var tit = titles[i];\n\t\tvar newTitle = tit.textContent.toLowerCase().replace(\/[^a-zA-Z ]\/g, \"\").replace(\/\\s\/g, '-');\n\t\tvar numTag = Number(tit.tagName.replace(\/[^1-9]\/g, \"\"));\n\t\tvar tagWidth = (numTag*20);\n\n\t\tvar preText = '<span style=\"margin-left:' + tagWidth + 'px\"><\/span>';\n\n        tit.setAttribute(\"id\", newTitle);\n\t\tjQuery(tit).addClass('h-inline');\n\t\t\n\t\tvar toIndex = '<p class=\"h-inline\"><a class=\"blog-toindex\" href=\"#accordionIndex\"><span class=\"glyphicon glyphicon-chevron-up\" aria-hidden=\"true\"><\/span><\/a><\/p>';\n\n\t\tjQuery(toIndex).insertAfter(tit);\n\n        var node = document.createElement(\"LI\");                 \n        var link = document.createElement(\"A\");\n        var textnode = document.createTextNode(tit.textContent);\n\n        link.appendChild(textnode);\n        link.setAttribute(\"href\", '#' + newTitle);\n\t\t\/\/link.setAttribute(\"style\", \"margin-left:\" + tagWidth + \"px\");\n\t\tlink.setAttribute(\"class\", \"acc-h\" + numTag);\n        node.appendChild(link);\n\n        element.appendChild(node);\n\n      }\n    }\n\n    jQuery(document).ready(function(){\t\t\n\t\tindexContent(\".single-post-content\");\n\n\t\tjQuery(\".accordion-toggle\").click(function() {\n\t\t\tjQuery(this).toggleClass(\"open\");\n\t\t\tjQuery(\"#collapseIndex\").slideToggle(\"in\");\n\t\t});\n\t});\n\n\n<\/script>\n\n<style>\n\t.accordion-toggle{\n\t\tcursor:pointer;\n\t}\n\n\t#accordionIndex .panel-heading{\n\t\tmargin-bottom:0px;\n\t}\n\n\t.articulo ul, .articulo ol{\n\t\tmargin-bottom:auto;\n\t}\n\n\t.h-inline{\n\t\tdisplay: inline-flex;\n\t\tflex-wrap: wrap\n\t}\n\t#accordion-index{\n\t\tpadding-left:0px;\n\t}\n\t#accordion-index li a{\n\t\tdisplay:block;\n\t\tpadding-top:5px;\n\t}\n\n\t.acc-h2{\n\t\tmargin-left:0px;\n\t\tposition: relative;\n\t}\n\n\t.acc-h3{\n\t\tmargin-left:25px;\n\t}\n\n\t.acc-h3::before{\n\t\tcontent: \"\";\n\t\tbackground-color:var(--blue-light);\n\t\tmargin-left:-10px;\n\t\twidth: 7px;\n\t\theight: 7px;\n\t\tdisplay: inline-block;\n\t\ttext-align: center;\n\t\tborder-radius: 1000px;\n\t\tmargin-right: 10px;\n    \tmargin-bottom: 2px;\n\t}\n\n\t.acc-h4{\n\t\tmargin-left:40px;\n\t}\n\n\t.acc-h4::before{\n\t\tcontent: \"\";\n\t\tborder: 1px solid var(--blue-light);\n\t\tmargin-left:-5px;\n\t\twidth: 7px;\n\t\theight: 7px;\n\t\tdisplay: inline-block;\n\t\ttext-align: center;\n\t\tborder-radius: 100%;\n\t\tmargin-right: 10px;\n    \tmargin-bottom: 2px;\n\t}\n\n\t.acc-h3:hover::before{\n\t\tbackground-color: var(--blue-darkest);\n\t}\n\n\t.acc-h4:hover::before{\n\t\tborder-color: var(--blue-darkest);\n\t}\n\n\t@media (max-width: 992px){\n\t\t.acc-h2{\n\t\t\tmargin-left:0px;\n\t\t}\n\t\t.acc-h3{\n\t\t\tmargin-left:20px;\n\t\t}\n\t\t.acc-h4{\n\t\t\tmargin-left:40px;\n\t\t}\n\t}\n\n\t\/*\n\th2.h-inline:after,\n\th3.h-inline:after{\n\t\theight: 24px;\n\t\tcontent: \"\";\n\t\tdisplay: table-row;\n\t}*\/\n<\/style>\n\n<div id=\"table-accordion-index\">\n\t<div class=\"panel-group\" id=\"accordionIndex\">\n\t\t<div class=\"panel panel-default\">\n\t\t\t<div class=\"panel-heading\">\n\t\t\t\t<div class=\"panel-title open\"><div class=\"accordion-toggle\" data-toggle=\"collapse\" data-parent=\"#accordion\" aria-expanded=\"true\">\u00edndex<\/div><\/div>\n\t\t\t<\/div>\n\t\t\t<div id=\"collapseIndex\" class=\"panel-collapse collapse in\" aria-expanded=\"true\">\n\t\t\t\t<div class=\"panel-body\">\n\t\t\t\t\t<ul id=\"accordion-index\">\n\t\t\t\t\t<\/ul>\n\t\t\t\t<\/div>\n\t\t\t<\/div>\n\t\t<\/div>\n\t<\/div>\n<\/div><\/span><\/p>\n<p style=\"text-align: justify;\">Per qu\u00e8 \u00e9s tan important entendre l&#8217;etiqueta energ\u00e8tica en comprar un electrodom\u00e8stic? Perqu\u00e8 ens indica la qualificaci\u00f3 energ\u00e8tica de l&#8217;aparell i si \u00e9s respectu\u00f3s amb el medi ambient. Si vols saber m\u00e9s, llegeix atentament\u2026<\/p>\n<h2 style=\"font-size: 20px !important; color: #777777;\"><strong>Qu\u00e8 \u00e9s l&#8217;etiqueta energ\u00e8tica? <\/strong><\/h2>\n<p style=\"text-align: justify;\">La <a href=\"https:\/\/www.factorenergia.com\/ca\/blog\/eficiencia-energetica\/etiqueta-eficiencia-energetica\/#:~:text=La%20etiqueta%20de%20eficiencia%20es,calificaci%C3%B3n%20y%20G%20la%20peor.\" title=\"etiqueta energ\u00e8tica\" target=\"_blank\" rel=\"noopener noreferrer\">etiqueta d&#8217;efici\u00e8ncia energ\u00e8tica<\/a> t&#8217;indica la qualificaci\u00f3 energ\u00e8tica d&#8217;un electrodom\u00e8stic segons una escala que avalua el seu consum. Aix\u00ed, pots diferenciar els aparells que consumeixen menys energia dels que consumeixen m\u00e9s i incidir en la teva decisi\u00f3 de compra. El seu objectiu \u00e9s <strong>promoure els productes que s\u00f3n m\u00e9s eficients energ\u00e8ticament.<\/strong><\/p>\n<h3 style=\"font-size: 20px !important; color: #777777;\"><strong>Qu\u00e8 indica l&#8217;etiqueta energ\u00e8tica? <\/strong><\/h3>\n<p style=\"text-align: justify;\">Cal recordar que les etiquetes energ\u00e8tiques es van renovar el passat 1 de mar\u00e7, aix\u00ed deixant enrere la categoritzaci\u00f3 que anava de la classe A+++ a la G. En el nostre post pots llegir tota la informaci\u00f3 sobre el nou etiquetatge.<\/p>\n<p style=\"text-align: justify;\">D&#8217;aquesta manera, en les noves etiquetes energ\u00e8tiques es cataloga l&#8217;electrodom\u00e8stic en una <strong>escala de qualificaci\u00f3 composta de set lletres correlatives<\/strong>; de la A a la G, sent A la millor qualificaci\u00f3 i G la pitjor.<\/p>\n<p style=\"text-align: justify;\">Aquestes 7 classes d&#8217;efici\u00e8ncia, identificades per un codi de colors i lletres, van des del color verd i la lletra A per als m\u00e9s eficients, fins al color vermell i la lletra G per als menys eficients. En el cas d&#8217;alguns productes, l&#8217;etiqueta tamb\u00e9 indica el consum d&#8217;aigua, el nivell de soroll i de calor.<\/p>\n\r\n<script type=\"text\/javascript\" async defer>\r\n\r\n    jQuery(document).ready(function(){\t\t\r\n\t\t\r\n\t});\r\n<\/script>\r\n\r\n<style>\r\n\t.block-interested_posts{\r\n        margin-top: 10px;\r\n        padding: 20px;\r\n        border: 2px solid #92C200;\r\n    }\r\n    .block-interested_posts ul{\r\n        margin-bottom:0px;\r\n    }\r\n    .block-interested_posts ul li{\r\n        margin-bottom:5px;\r\n    }\r\n    .block-interested_posts ul li a{\r\n        \/*color: #DF981E;*\/\r\n    }\r\n\r\n<\/style>\r\n\r\n<div class=\"block-interested_posts\">\r\n    <p><strong>Post que et poden interessar<\/strong><\/p>\r\n    <ul>\r\n                    <li><a href=\"https:\/\/www.factorenergia.com\/ca\/blog\/eficiencia-energetica\/etiqueta-eficiencia-energetica\/\" title=\"La etiqueta de eficiencia energ\u00e9tica\">La etiqueta de eficiencia energ\u00e9tica<\/a><\/li>\r\n                    <li><a href=\"https:\/\/www.factorenergia.com\/ca\/blog\/autoconsum-electric\/alternatives-energetiques-llar\/\" title=\"Alternativas energ\u00e9ticas para el hogar\">Alternativas energ\u00e9ticas para el hogar<\/a><\/li>\r\n            <\/ul>\t\r\n<\/div>\n<h3 style=\"font-size: 20px !important; color: #777777;\"><strong>Com estalviar amb electrodom\u00e8stics amb etiqueta energ\u00e8tica? <\/strong><\/h3>\n<p style=\"text-align: justify;\">Un electrodom\u00e8stic molt eficient normalment ser\u00e0 m\u00e9s car que un amb un consum energ\u00e8tic m\u00e9s elevat. No obstant aix\u00f2, un electrodom\u00e8stic menys eficient consumir\u00e0 m\u00e9s i, per tant, suposar\u00e0 una major despesa en la teva factura de la llum.<\/p>\n<p style=\"text-align: justify;\">D&#8217;aquesta manera, encara que inicialment estiguis gastant m\u00e9s diners en adquirir l&#8217;electrodom\u00e8stic, en realitat <strong>est\u00e0s contribuint al teu estalvi futur en energia el\u00e8ctrica<\/strong>. Igual que ocorre amb les llums LED, un electrodom\u00e8stic eficient s&#8217;amortitza sempre.<\/p>\n<p style=\"text-align: justify;\"><div class=\"text-center center blog-cta\"><p>Canvia't a factorenergia i estalvia un 12'5% a la Factura de la Llum ... Per Sempre!<\/p><a class=\"blog-cta primary-btn text-center solicitar-estudio\" target=\"_blank\" title=\"Truca Gratis o Contracta Online en 2 min\" href=\"https:\/\/www.factorenergia.com\/ca\/canvia-de-companyia\/\">Truca Gratis o Contracta Online en 2 min<\/a><p><\/p><div style=\"display:none;\"><p>Canvia't a factorenergia i estalvia un 12'5% a la Factura de la Llum ... Per Sempre!<\/p><\/div>\n\t\t\t<script type='text\/javascript'>\n\t\t\t\tjQuery('.solicitar-estudio').click(function(){\t\t\t\t\t\t\t\t\t\n\t\t\t\t\tdataLayer.push({'language': 'ca'});\n\t\t\t\t\tdataLayer.push({'post_id': '7230'});\n\t\t\t\t\tdataLayer.push({'cat_type': 'luz'});\n\t\t\t\t});\n\t\t\t<\/script>\n\t\t<\/div><br\/><\/p>\n<p style=\"text-align: justify;\"><strong>\u00daltim consell per a estalviar en els electrodom\u00e8stics: acabar amb el standby<\/strong><\/p>\n<p style=\"text-align: justify;\">Si sabessis realment el que suposa en la teva factura de la llum tenir els aparells el\u00e8ctrics de casa teva en mode standby, li donaries la import\u00e0ncia que es mereix. Per\u00f2 com podem lluitar contra el standby?<\/p>\n<p style=\"text-align: justify;\"><strong>Utilitza temporitzadors.<\/strong> Pots connectar-los a electrodom\u00e8stics en concret perqu\u00e8 s&#8217;apaguin o s&#8217;encenguin a determinada hora. Per exemple, perqu\u00e8 s&#8217;encengui quan t&#8217;aixequis o s&#8217;apaguin a la nit. \u200b<\/p>\n<p style=\"text-align: justify;\"><strong>Utilitza regletes amb interruptor.<\/strong> Els s\u00faper coneguts lladres\u00a0on pots connectar tots els aparells que vulguis desendollar en un determinat moment, i d&#8217;aquesta manera nom\u00e9s haur\u00e0s d&#8217;apagar l&#8217;interruptor per a apagar-los a tots. \u200b<\/p>\n<p style=\"text-align: justify;\"><strong>Regletes amb eliminador de standby.<\/strong> Existeixen aquestes regletes de nivell expert. N&#8217;hi han les que s&#8217;apaguen amb un comandament o bot\u00f3, i les que ho\u00a0fan soles en detectar una baixada de consum. \u200b<\/p>\n<h2 style=\"font-size: 20px !important; color: #777777;\"><strong>Estalvia en la teva factura de la llum amb factorenergia <\/strong><\/h2>\n<p style=\"text-align: justify;\">Per\u00f2 si el que vols \u00e9s estalviar de veritat en la teva factura de la llum, a m\u00e9s d&#8217;apostar pels electrodom\u00e8stics m\u00e9s eficients, et recomanem que revisis les <a href=\"\/ca\/llars\/tarifas\/\" title=\"tarifes de llum\" target=\"_blank\" rel=\"noopener noreferrer\">tarifes el\u00e8ctriques<\/a>\u00a0de factorenergia i<strong> comprovis quant pots estalviar<\/strong> al\u00a0<a href=\"https:\/\/alta.factorenergia.com\/ca\/checkout-l\/1\" title=\"canviar de companyia d'electricitat\" target=\"_blank\" rel=\"noopener noreferrer\">contractar la llum online<\/a>\u00a0amb nosaltres. O, si ho prefereixes, tamb\u00e9 pots trucar al <strong>tel\u00e8fon gratu\u00eft d&#8217;Atenci\u00f3 al client: 900 850 000. \u200b<\/strong><\/p>\n<p>&nbsp;<\/p>\n","protected":false},"excerpt":{"rendered":"<p>Qu\u00e8 hauries de valorar abans de comprar un electrodom\u00e8stic? No nom\u00e9s has de tenir en compte el preu o l&#8217;est\u00e8tica del producte, tamb\u00e9 important el seu grau d&#8217;efici\u00e8ncia energ\u00e8tica, perqu\u00e8 aquesta t&#8217;ajudar\u00e0 a estalviar en la factura de la llum.<\/p>\n","protected":false},"author":17,"featured_media":0,"comment_status":"open","ping_status":"closed","sticky":false,"template":"","format":"standard","meta":{"inline_featured_image":false,"footnotes":""},"categories":[55],"tags":[],"acf":{"fecha_de_la_entrada":"20210421","imagen_portada":29119,"categoria_blog":null,"tipo_de_distribuidora":null,"tiempo_lectura":"","banner_bool":false,"titulo_banner":"","texto_banner":"","texto_boton_banner":"","url_boton_banner":"","post_relacionados":""},"yoast_head":"<!-- This site is optimized with the Yoast SEO plugin v22.2 - https:\/\/yoast.com\/wordpress\/plugins\/seo\/ -->\n<title>L&#039;etiqueta energ\u00e8tica dels electrodom\u00e8stics - factorenergia<\/title>\n<meta name=\"description\" content=\"T&#039;expliquem per qu\u00e8 \u00e9s tan important l&#039;etiqueta energ\u00e8tica dels electrodom\u00e8stics si busquem l&#039;efici\u00e8ncia i estalviar. Pren nota.\" \/>\n<meta name=\"robots\" content=\"index, follow, max-snippet:-1, max-image-preview:large, max-video-preview:-1\" \/>\n<link rel=\"canonical\" href=\"https:\/\/www.factorenergia.com\/ca\/blog\/apren-a-estalviar\/etiqueta-energetica-comprar-electrodomestics\/\" \/>\n<meta name=\"twitter:card\" content=\"summary_large_image\" \/>\n<meta name=\"twitter:title\" content=\"L&#039;etiqueta energ\u00e8tica dels electrodom\u00e8stics - factorenergia\" \/>\n<meta name=\"twitter:description\" content=\"T&#039;expliquem per qu\u00e8 \u00e9s tan important l&#039;etiqueta energ\u00e8tica dels electrodom\u00e8stics si busquem l&#039;efici\u00e8ncia i estalviar. Pren nota.\" \/>\n<meta name=\"twitter:creator\" content=\"@factorenergia\" \/>\n<meta name=\"twitter:site\" content=\"@factorenergia\" \/>\n<meta name=\"twitter:label1\" content=\"Written by\" \/>\n\t<meta name=\"twitter:data1\" content=\"Equipo Transici\u00f3n Energ\u00e9tica Factorenergia\" \/>\n\t<meta name=\"twitter:label2\" content=\"Est. reading time\" \/>\n\t<meta name=\"twitter:data2\" content=\"3 minutes\" \/>\n<script type=\"application\/ld+json\" class=\"yoast-schema-graph\">{\"@context\":\"https:\/\/schema.org\",\"@graph\":[{\"@type\":\"WebPage\",\"@id\":\"https:\/\/www.factorenergia.com\/ca\/blog\/apren-a-estalviar\/etiqueta-energetica-comprar-electrodomestics\/\",\"url\":\"https:\/\/www.factorenergia.com\/ca\/blog\/apren-a-estalviar\/etiqueta-energetica-comprar-electrodomestics\/\",\"name\":\"L'etiqueta energ\u00e8tica dels electrodom\u00e8stics - factorenergia\",\"isPartOf\":{\"@id\":\"https:\/\/www.factorenergia.com\/es\/#website\"},\"datePublished\":\"2021-04-21T12:00:08+00:00\",\"dateModified\":\"2025-08-07T09:20:20+00:00\",\"author\":{\"@id\":\"https:\/\/www.factorenergia.com\/es\/#\/schema\/person\/dff9e4b6dc520720e3a37bdaaedc5841\"},\"description\":\"T'expliquem per qu\u00e8 \u00e9s tan important l'etiqueta energ\u00e8tica dels electrodom\u00e8stics si busquem l'efici\u00e8ncia i estalviar. Pren nota.\",\"breadcrumb\":{\"@id\":\"https:\/\/www.factorenergia.com\/ca\/blog\/apren-a-estalviar\/etiqueta-energetica-comprar-electrodomestics\/#breadcrumb\"},\"inLanguage\":\"ca\",\"potentialAction\":[{\"@type\":\"ReadAction\",\"target\":[\"https:\/\/www.factorenergia.com\/ca\/blog\/apren-a-estalviar\/etiqueta-energetica-comprar-electrodomestics\/\"]}]},{\"@type\":\"BreadcrumbList\",\"@id\":\"https:\/\/www.factorenergia.com\/ca\/blog\/apren-a-estalviar\/etiqueta-energetica-comprar-electrodomestics\/#breadcrumb\",\"itemListElement\":[{\"@type\":\"ListItem\",\"position\":1,\"name\":\"Portada\",\"item\":\"https:\/\/www.factorenergia.com\/ca\/\"},{\"@type\":\"ListItem\",\"position\":2,\"name\":\"La import\u00e0ncia de l&#8217;etiqueta energ\u00e8tica en comprar un electrodom\u00e8stic\"}]},{\"@type\":\"WebSite\",\"@id\":\"https:\/\/www.factorenergia.com\/es\/#website\",\"url\":\"https:\/\/www.factorenergia.com\/es\/\",\"name\":\"factorenergia\",\"description\":\"factorenergia\",\"potentialAction\":[{\"@type\":\"SearchAction\",\"target\":{\"@type\":\"EntryPoint\",\"urlTemplate\":\"https:\/\/www.factorenergia.com\/es\/?s={search_term_string}\"},\"query-input\":\"required name=search_term_string\"}],\"inLanguage\":\"ca\"},{\"@type\":\"Person\",\"@id\":\"https:\/\/www.factorenergia.com\/es\/#\/schema\/person\/dff9e4b6dc520720e3a37bdaaedc5841\",\"name\":\"Equipo Transici\u00f3n Energ\u00e9tica Factorenergia\",\"image\":{\"@type\":\"ImageObject\",\"inLanguage\":\"ca\",\"@id\":\"https:\/\/www.factorenergia.com\/es\/#\/schema\/person\/image\/\",\"url\":\"https:\/\/secure.gravatar.com\/avatar\/1b7c76bab80ee1c4261b06108874e24b?s=96&d=mm&r=g\",\"contentUrl\":\"https:\/\/secure.gravatar.com\/avatar\/1b7c76bab80ee1c4261b06108874e24b?s=96&d=mm&r=g\",\"caption\":\"Equipo Transici\u00f3n Energ\u00e9tica Factorenergia\"},\"description\":\"El equipo est\u00e1 formado por expertos en materia de Luz, Gas y Eficiencia Energ\u00e9tica, que conocen de primera mano las tendencias del mercado. Su experiencia en el sector les permite ofrecer las mejores soluciones energ\u00e9ticas y resolver las dudas planteadas por los clientes.\",\"sameAs\":[\"https:\/\/www.factorenergia.com\/es\/\",\"https:\/\/www.facebook.com\/factorenergiacom\",\"https:\/\/www.instagram.com\/factorenergia_com\/\",\"https:\/\/es.linkedin.com\/company\/factor-energia\",\"https:\/\/twitter.com\/factorenergia\",\"https:\/\/www.youtube.com\/c\/factorenergiacom\"],\"url\":\"https:\/\/www.factorenergia.com\/ca\/blog\/author\/marketing\/\"}]}<\/script>\n<!-- \/ Yoast SEO plugin. -->","yoast_head_json":{"title":"L'etiqueta energ\u00e8tica dels electrodom\u00e8stics - factorenergia","description":"T'expliquem per qu\u00e8 \u00e9s tan important l'etiqueta energ\u00e8tica dels electrodom\u00e8stics si busquem l'efici\u00e8ncia i estalviar. Pren nota.","robots":{"index":"index","follow":"follow","max-snippet":"max-snippet:-1","max-image-preview":"max-image-preview:large","max-video-preview":"max-video-preview:-1"},"canonical":"https:\/\/www.factorenergia.com\/ca\/blog\/apren-a-estalviar\/etiqueta-energetica-comprar-electrodomestics\/","twitter_card":"summary_large_image","twitter_title":"L'etiqueta energ\u00e8tica dels electrodom\u00e8stics - factorenergia","twitter_description":"T'expliquem per qu\u00e8 \u00e9s tan important l'etiqueta energ\u00e8tica dels electrodom\u00e8stics si busquem l'efici\u00e8ncia i estalviar. Pren nota.","twitter_creator":"@factorenergia","twitter_site":"@factorenergia","twitter_misc":{"Written by":"Equipo Transici\u00f3n Energ\u00e9tica Factorenergia","Est. reading time":"3 minutes"},"schema":{"@context":"https:\/\/schema.org","@graph":[{"@type":"WebPage","@id":"https:\/\/www.factorenergia.com\/ca\/blog\/apren-a-estalviar\/etiqueta-energetica-comprar-electrodomestics\/","url":"https:\/\/www.factorenergia.com\/ca\/blog\/apren-a-estalviar\/etiqueta-energetica-comprar-electrodomestics\/","name":"L'etiqueta energ\u00e8tica dels electrodom\u00e8stics - factorenergia","isPartOf":{"@id":"https:\/\/www.factorenergia.com\/es\/#website"},"datePublished":"2021-04-21T12:00:08+00:00","dateModified":"2025-08-07T09:20:20+00:00","author":{"@id":"https:\/\/www.factorenergia.com\/es\/#\/schema\/person\/dff9e4b6dc520720e3a37bdaaedc5841"},"description":"T'expliquem per qu\u00e8 \u00e9s tan important l'etiqueta energ\u00e8tica dels electrodom\u00e8stics si busquem l'efici\u00e8ncia i estalviar. Pren nota.","breadcrumb":{"@id":"https:\/\/www.factorenergia.com\/ca\/blog\/apren-a-estalviar\/etiqueta-energetica-comprar-electrodomestics\/#breadcrumb"},"inLanguage":"ca","potentialAction":[{"@type":"ReadAction","target":["https:\/\/www.factorenergia.com\/ca\/blog\/apren-a-estalviar\/etiqueta-energetica-comprar-electrodomestics\/"]}]},{"@type":"BreadcrumbList","@id":"https:\/\/www.factorenergia.com\/ca\/blog\/apren-a-estalviar\/etiqueta-energetica-comprar-electrodomestics\/#breadcrumb","itemListElement":[{"@type":"ListItem","position":1,"name":"Portada","item":"https:\/\/www.factorenergia.com\/ca\/"},{"@type":"ListItem","position":2,"name":"La import\u00e0ncia de l&#8217;etiqueta energ\u00e8tica en comprar un electrodom\u00e8stic"}]},{"@type":"WebSite","@id":"https:\/\/www.factorenergia.com\/es\/#website","url":"https:\/\/www.factorenergia.com\/es\/","name":"factorenergia","description":"factorenergia","potentialAction":[{"@type":"SearchAction","target":{"@type":"EntryPoint","urlTemplate":"https:\/\/www.factorenergia.com\/es\/?s={search_term_string}"},"query-input":"required name=search_term_string"}],"inLanguage":"ca"},{"@type":"Person","@id":"https:\/\/www.factorenergia.com\/es\/#\/schema\/person\/dff9e4b6dc520720e3a37bdaaedc5841","name":"Equipo Transici\u00f3n Energ\u00e9tica Factorenergia","image":{"@type":"ImageObject","inLanguage":"ca","@id":"https:\/\/www.factorenergia.com\/es\/#\/schema\/person\/image\/","url":"https:\/\/secure.gravatar.com\/avatar\/1b7c76bab80ee1c4261b06108874e24b?s=96&d=mm&r=g","contentUrl":"https:\/\/secure.gravatar.com\/avatar\/1b7c76bab80ee1c4261b06108874e24b?s=96&d=mm&r=g","caption":"Equipo Transici\u00f3n Energ\u00e9tica Factorenergia"},"description":"El equipo est\u00e1 formado por expertos en materia de Luz, Gas y Eficiencia Energ\u00e9tica, que conocen de primera mano las tendencias del mercado. Su experiencia en el sector les permite ofrecer las mejores soluciones energ\u00e9ticas y resolver las dudas planteadas por los clientes.","sameAs":["https:\/\/www.factorenergia.com\/es\/","https:\/\/www.facebook.com\/factorenergiacom","https:\/\/www.instagram.com\/factorenergia_com\/","https:\/\/es.linkedin.com\/company\/factor-energia","https:\/\/twitter.com\/factorenergia","https:\/\/www.youtube.com\/c\/factorenergiacom"],"url":"https:\/\/www.factorenergia.com\/ca\/blog\/author\/marketing\/"}]}},"_links":{"self":[{"href":"https:\/\/www.factorenergia.com\/ca\/wp-json\/wp\/v2\/posts\/7230"}],"collection":[{"href":"https:\/\/www.factorenergia.com\/ca\/wp-json\/wp\/v2\/posts"}],"about":[{"href":"https:\/\/www.factorenergia.com\/ca\/wp-json\/wp\/v2\/types\/post"}],"author":[{"embeddable":true,"href":"https:\/\/www.factorenergia.com\/ca\/wp-json\/wp\/v2\/users\/17"}],"replies":[{"embeddable":true,"href":"https:\/\/www.factorenergia.com\/ca\/wp-json\/wp\/v2\/comments?post=7230"}],"version-history":[{"count":5,"href":"https:\/\/www.factorenergia.com\/ca\/wp-json\/wp\/v2\/posts\/7230\/revisions"}],"predecessor-version":[{"id":29978,"href":"https:\/\/www.factorenergia.com\/ca\/wp-json\/wp\/v2\/posts\/7230\/revisions\/29978"}],"wp:attachment":[{"href":"https:\/\/www.factorenergia.com\/ca\/wp-json\/wp\/v2\/media?parent=7230"}],"wp:term":[{"taxonomy":"category","embeddable":true,"href":"https:\/\/www.factorenergia.com\/ca\/wp-json\/wp\/v2\/categories?post=7230"},{"taxonomy":"post_tag","embeddable":true,"href":"https:\/\/www.factorenergia.com\/ca\/wp-json\/wp\/v2\/tags?post=7230"}],"curies":[{"name":"wp","href":"https:\/\/api.w.org\/{rel}","templated":true}]}}