{"id":6849,"date":"2018-08-10T13:30:40","date_gmt":"2018-08-10T11:30:40","guid":{"rendered":"https:\/\/www.factorenergia.com\/ca\/blog\/%tiposdeblog%\/existe-el-aire-aconcdinionado-ecologico\/"},"modified":"2026-04-07T18:02:39","modified_gmt":"2026-04-07T16:02:39","slug":"aire-condicionat-ecologic-i-bioclimatitzadors-factorenergia","status":"publish","type":"post","link":"https:\/\/www.factorenergia.com\/ca\/blog\/apren-a-estalviar\/aire-condicionat-ecologic-i-bioclimatitzadors-factorenergia\/","title":{"rendered":"Existeix l&#8217;aire condicionat solar o ecol\u00f2gic?"},"content":{"rendered":"<p>Davant l&#8217;onada de calor que estem vivint aquests dies, moltes persones es pregunten si hi ha una alternativa a l&#8217;aire condicionat convencional que gasta molta electricitat i provoca un augment considerable de la factura de llum.\u00a0Doncs s\u00ed, existeix una alternativa\u00a0i s&#8217;anomena aire condicionat ecol\u00f2gic que funciona amb energia solar.<\/p>\n<p>L&#8217;aire condicionat ecol\u00f2gic i els bioclimatitzadors s\u00f3n sistemes de refrigeraci\u00f3 ecol\u00f2gics i sostenibles. T&#8217;expliquem com funcionen.<\/p>\n<h2>Com funciona l&#8217;aire condicionat ecol\u00f2gic amb energia solar?<\/h2>\n<p>Igual que a la majoria de la poblaci\u00f3, et costa d&#8217;entendre com\u00a0podem obtenir fred des d&#8217;una font de calor. Aix\u00f2 \u00e9s possible gr\u00e0cies a la t\u00e8cnica de refrigeraci\u00f3 per absorci\u00f3 que permet aconseguir aire fresc a partir de calor obtingut a trav\u00e9s de col\u00b7lectors solars, com els que provenen d&#8217;aigua calenta sanit\u00e0ria.<\/p>\n<h2>Qu\u00e8 \u00e9s la t\u00e8cnica de refrigeraci\u00f3 per absorci\u00f3?<\/h2>\n<p>Aquesta t\u00e8cnica funciona mitjan\u00e7ant l&#8217;energia solar captada en col\u00b7lectors solars t\u00e8rmics que escalfa l&#8217;aigua a alta temperatura (entre 80 i 150 \u00baC). Llavors la m\u00e0quina d&#8217;absorci\u00f3 realitza un cicle de compressi\u00f3 termoqu\u00edmica i produeix l&#8217;aigua freda necess\u00e0ria per a la climatitzaci\u00f3 de les estances. I s&#8217;utilitza per a l&#8217;intercanvi de calor dos fluids, un refrigerant i un altre absorbent. El m\u00e9s habitual \u00e9s emprar aigua com a refrigerant i una sal (bromur de liti) com absorbent.<\/p>\n<p>El funcionament consisteix en que l&#8217;aigua escalfada pel sol cedeix aquest calor a l&#8217;absorbent. S&#8217;aconsegueix aix\u00ed aigua freda. El absorbent ha de tornar a cedir la calor (que es transfereix a una altra aigua que actua com a refrigerant) per regenerar-se i tornar a fer la seva funci\u00f3.<\/p>\n<div class=\"widget-form\">\r\n    \n<div class=\"wpcf7 no-js\" id=\"wpcf7-f21837-o1\" lang=\"es-ES\" dir=\"ltr\">\n<div class=\"screen-reader-response\"><p role=\"status\" aria-live=\"polite\" aria-atomic=\"true\"><\/p> <ul><\/ul><\/div>\n<form action=\"\/ca\/wp-json\/wp\/v2\/posts\/6849#wpcf7-f21837-o1\" method=\"post\" class=\"wpcf7-form init\" aria-label=\"Contact form\" novalidate=\"novalidate\" data-status=\"init\">\n<div style=\"display: none;\">\n<input type=\"hidden\" name=\"_wpcf7\" value=\"21837\" \/>\n<input type=\"hidden\" name=\"_wpcf7_version\" value=\"5.9\" \/>\n<input type=\"hidden\" name=\"_wpcf7_locale\" value=\"es_ES\" \/>\n<input type=\"hidden\" name=\"_wpcf7_unit_tag\" value=\"wpcf7-f21837-o1\" \/>\n<input type=\"hidden\" name=\"_wpcf7_container_post\" value=\"0\" \/>\n<input type=\"hidden\" name=\"_wpcf7_posted_data_hash\" value=\"\" \/>\n<input type=\"hidden\" name=\"_wpcf7_recaptcha_response\" value=\"\" \/>\n<\/div>\n<div class=\"widget-simple-form-ac\">\n\t<div class=\"header-ac\">\n\t\t<p>Aconsegueix el teu estudi gratu\u00eft\n\t\t<\/p>\n\t\t<div class=\"close-form\">\n\t\t\t<p>X\n\t\t\t<\/p>\n\t\t<\/div>\n\t<\/div>\n\t<div class=\"widget-form-ac-container\">\n\t\t<p class=\"subtitle-ac-form\">Amb les nostres Plaques Solars + Bateria Virtual, <span class=\"blue\">redueix a 0\u20ac el consum de la teva factura de la llum.<\/span> No et quedis sense el teu estudi gratis!\n\t\t<\/p>\n\t\t<div class=\"inputs-container\">\n\t\t\t<div class=\"input\">\n\t\t\t\t<p><span class=\"wpcf7-form-control-wrap\" data-name=\"name1\"><input size=\"40\" class=\"wpcf7-form-control wpcf7-text wpcf7-validates-as-required\" id=\"name\" aria-required=\"true\" aria-invalid=\"false\" placeholder=\"Nom\" value=\"\" type=\"text\" name=\"name1\" \/><\/span>\n\t\t\t\t<\/p>\n\t\t\t\t<div class=\"error\">\n\t\t\t\t\t<p><span role='alert' class='wpcf7-not-valid-tip'><\/span>\n\t\t\t\t\t<\/p>\n\t\t\t\t<\/div>\n\t\t\t<\/div>\n\t\t\t<div class=\"input\">\n\t\t\t\t<p><span class=\"wpcf7-form-control-wrap\" data-name=\"lastname\"><input size=\"40\" class=\"wpcf7-form-control wpcf7-text wpcf7-validates-as-required\" id=\"lastname\" aria-required=\"true\" aria-invalid=\"false\" placeholder=\"Cognom\" value=\"\" type=\"text\" name=\"lastname\" \/><\/span>\n\t\t\t\t<\/p>\n\t\t\t\t<div class=\"error\">\n\t\t\t\t\t<p><span role='alert' class='wpcf7-not-valid-tip'><\/span>\n\t\t\t\t\t<\/p>\n\t\t\t\t<\/div>\n\t\t\t<\/div>\n\t\t<\/div>\n\t\t<div class=\"inputs-container\">\n\t\t\t<div class=\"input\">\n\t\t\t\t<p><span class=\"wpcf7-form-control-wrap\" data-name=\"email\"><input size=\"40\" class=\"wpcf7-form-control wpcf7-email wpcf7-validates-as-required wpcf7-text wpcf7-validates-as-email\" aria-required=\"true\" aria-invalid=\"false\" placeholder=\"Email\" value=\"\" type=\"email\" name=\"email\" \/><\/span>\n\t\t\t\t<\/p>\n\t\t\t\t<div class=\"error\">\n\t\t\t\t\t<p><span role='alert' class='wpcf7-not-valid-tip'><\/span>\n\t\t\t\t\t<\/p>\n\t\t\t\t<\/div>\n\t\t\t<\/div>\n\t\t\t<div class=\"input\">\n\t\t\t\t<p><span class=\"wpcf7-form-control-wrap\" data-name=\"tel\"><input size=\"40\" class=\"wpcf7-form-control wpcf7-tel wpcf7-validates-as-required wpcf7-text wpcf7-validates-as-tel\" aria-required=\"true\" aria-invalid=\"false\" placeholder=\"Tel\u00e8fon\" value=\"\" type=\"tel\" name=\"tel\" \/><\/span>\n\t\t\t\t<\/p>\n\t\t\t\t<div class=\"error\">\n\t\t\t\t\t<p><span role='alert' class='wpcf7-not-valid-tip'><\/span>\n\t\t\t\t\t<\/p>\n\t\t\t\t<\/div>\n\t\t\t<\/div>\n\t\t<\/div>\n\t\t<p class=\"legal-text\">En enviar aquest formulari consent que les seves dades siguin tractades per FACTORENERGIA S.A., com a corresponsables, per a remetre-li ofertes i informaci\u00f3 comercial. Pot exercitar els seus drets conforme a l'indicat en la nostra <a href=\"\/ca\/privacidad\/\">Pol\u00edtica de privacitat.<\/a>\n\t\t<\/p>\n\t\t<div class=\"inputs-container\">\n\t\t\t<div class=\"button-submit\">\n\t\t\t\t<p><input class=\"wpcf7-form-control wpcf7-submit has-spinner primary-btn green-btn btn-submit\" type=\"submit\" value=\"Demana el teu estudi gratis\" \/>\n\t\t\t\t<\/p>\n\t\t\t<\/div>\n\t\t<\/div>\n\t<\/div>\n<\/div><div class=\"wpcf7-response-output\" aria-hidden=\"true\"><\/div>\n<\/form>\n<\/div>\n<\/div>\r\n\r\n<div class=\"widget-form-sended\" style=\"display: none\">\r\n    <h4><b>Ben fet!<\/b> Aquest \u00e9s el teu primer pas cap a la independ\u00e8ncia energ\u00e8tica.<\/h4>\r\n    <p>En un m\u00e0xim de 48 hores, un especialista es posar\u00e0 en contacte amb tu per a estudiar el teu cas, assessorar-te i oferir-te la millor soluci\u00f3 energ\u00e8tica.<\/p>\r\n    <div class=\"inputs-container\">\r\n        <div class=\"button-submit\">\r\n            <a class=\"primary-btn center otro-estudio green-btn\">\r\n                Demanar un altre estudi gratis            <\/a>\r\n        <\/div>\r\n        <div class=\"trustpilot-widget trust-widget-form-ac\" data-locale=\"es-ES\" data-template-id=\"5419b732fbfb950b10de65e5\" data-businessunit-id=\"5fd8ae6f2ead35000193bbae\" data-style-height=\"24px\" data-style-width=\"100%\" data-theme=\"light\" style=\"position: relative;\"><iframe title=\"Customer reviews powered by Trustpilot\" loading=\"auto\" src=\"https:\/\/widget.trustpilot.com\/trustboxes\/5419b732fbfb950b10de65e5\/index.html?templateId=5419b732fbfb950b10de65e5&amp;businessunitId=5fd8ae6f2ead35000193bbae#locale=es-ES&amp;styleHeight=24px&amp;styleWidth=100%25&amp;theme=light\" style=\"position: relative; height: 24px; width: 100%; border-style: none; display: block; overflow: hidden;\"><\/iframe><\/div>\r\n    <\/div>\r\n<\/div>\r\n\n<h2>Un altre tipus d&#8217;aire condicionat ecol\u00f2gic: bioclimatitzadors<\/h2>\n<p>Estem en ple mes d&#8217;agost, i necessites aire fresc per refrescar l&#8217;ambient per\u00f2 no vols els t\u00edpics ventiladors ni l&#8217;aire condicionat convencional. Doncs, existeix l&#8217;opci\u00f3 d&#8217;utilitzar els bioclimatitzadors, un altra manera de combatre la calor de forma ecol\u00f2gica<\/p>\n<h3>Qu\u00e8 s\u00f3n els bioclimatitzadors?<\/h3>\n<p>\u00c9s un purificador d&#8217;aire que s&#8217;encarrega de refrescar i humitejar l&#8217;aire de l&#8217;habitaci\u00f3 que anir\u00e0 passant per un filtre mullat i aquest far\u00e0 que l&#8217;aire expulsat tingui certa humitat i frescor. Per tal d&#8217;aconseguir un major o menor frescor, hi ha una c\u00e0mera que\u00a0de tant en tant s&#8217;ha d&#8217;anar omplint. Es diu que gr\u00e0cies a aquest mecanisme pots arribar\u00a0aconseguir fins a uns deu graus menys en la temperatura de qualsevol habitaci\u00f3.<\/p>\n<p>Utilitzant els bioclimatitzadors \u00e9s un consum d&#8217;energia molt m\u00e9s respectu\u00f3s amb el medi ambient que l&#8217;aire condicionat convencional.<\/p>\n<p><span>\r\n<script type=\"text\/javascript\" async defer>\r\n\r\n    jQuery(document).ready(function(){\t\t\r\n\t\t\r\n\t});\r\n<\/script>\r\n\r\n<style>\r\n\t.block-interested_posts{\r\n        margin-top: 10px;\r\n        padding: 20px;\r\n        border: 2px solid #92C200;\r\n    }\r\n    .block-interested_posts ul{\r\n        margin-bottom:0px;\r\n    }\r\n    .block-interested_posts ul li{\r\n        margin-bottom:5px;\r\n    }\r\n    .block-interested_posts ul li a{\r\n        \/*color: #DF981E;*\/\r\n    }\r\n\r\n<\/style>\r\n\r\n<div class=\"block-interested_posts\">\r\n    <p><strong>Post que et poden interessar<\/strong><\/p>\r\n    <ul>\r\n                    <li><a href=\"https:\/\/www.factorenergia.com\/ca\/blog\/apren-a-estalviar\/consells-per-estalviar-energia-casa\/\" title=\"55 Consells per a estalviar energia a casa\">55 Consells per a estalviar energia a casa<\/a><\/li>\r\n                    <li><a href=\"https:\/\/www.factorenergia.com\/ca\/blog\/apren-a-estalviar\/quant-consumeix-laire-condicionat\/\" title=\"Quant consumeix l&#8217;aire condicionat?\">Quant consumeix l&#8217;aire condicionat?<\/a><\/li>\r\n            <\/ul>\t\r\n<\/div><\/span><\/p>\n<h3>Quins avantatges t\u00e9 l&#8217;\u00fas de bioclimatitzador?<\/h3>\n<ul>\n<li>L&#8217;aire expulsat per un bioclimatitzador t\u00e9 certa humitat, no \u00e9s sec i en conseq\u00fc\u00e8ncia no ressaca les goles<\/li>\n<li>El fred ser\u00e0 gradual i res brusc, a difer\u00e8ncia de lloes aires condicionats que la temperatura \u00e9s m\u00e9s brusca<\/li>\n<li>S\u00f3n molt m\u00e9s econ\u00f2mics que els aires condicionats i gasten un 80% menys d&#8217;energia<\/li>\n<li>No requereixen de cap tipus d&#8217;instal\u00b7laci\u00f3<\/li>\n<\/ul>\n<p>Per concloure, \u00e9s important que coneguis que hi ha alternatives a l&#8217;aire condicionat i que aquestes ajuden a l&#8217;estalvi en la factura de la llum i s\u00f3n f\u00e0cils d&#8217;instal\u00b7lar. Ja no hi ha excusa per passar calor aquest estiu, si ho fas \u00e9s perqu\u00e8 vols.<\/p>\n<p>En <strong>Factorenergia<\/strong>, ens proposem a ajudar-te amb l&#8217;<a href=\"https:\/\/www.factorenergia.com\/ca\/llars\/plaques-solars\/\"><\/a><a href=\"https:\/\/www.factorenergia.com\/ca\/llars\/plaques-solars\/\" target=\"_blank\" rel=\"noopener\">autoconsum solar<\/a> i ens sumem a l&#8217;aposta de l&#8217;energia verda amb un nou producte Factor ECOSUN, dissenyant el projecte, i finan\u00e7ant-te la compra i el muntatge de les plaques solars<\/p>\n<p>Tamb\u00e9, si t&#8217;interessa instal\u00b7lar plaques solars a casa teva o empresa, contacte gratis i sense comprom\u00eds amb els nostres experts en autoconsum solar: estudiarem les teves possibilitats, et presentarem un disseny i un pressupost i, si est\u00e0s d&#8217;acord, gestionarem la <a href=\"https:\/\/www.factorenergia.com\/ca\/llars\/plaques-solars\/\">instal\u00b7laci\u00f3 de les teves plaques solars<\/a> per deixar-les llestes per funcionar m\u00e9s.<\/p>\n","protected":false},"excerpt":{"rendered":"<p>Consumeix molt el teu aire condicionat? Necessites una alternativa m\u00e9s econ\u00f2mica? Avui, parlem de l&#8217;aire condicionat ecol\u00f2gic, com funciona, les seves avantatges i caracter\u00edstiques. Si no vols passar calor i que aix\u00f2 suposi un augment en la teva factura de llum, segueix llegint&#8230; <\/p>\n","protected":false},"author":17,"featured_media":0,"comment_status":"open","ping_status":"closed","sticky":false,"template":"","format":"standard","meta":{"inline_featured_image":false,"footnotes":""},"categories":[55],"tags":[],"acf":{"fecha_de_la_entrada":"20180810","imagen_portada":6847,"categoria_blog":null,"tipo_de_distribuidora":null,"tiempo_lectura":"","banner_bool":false,"titulo_banner":"","texto_banner":"","texto_boton_banner":"","url_boton_banner":"","post_relacionados":""},"yoast_head":"<!-- This site is optimized with the Yoast SEO plugin v22.2 - https:\/\/yoast.com\/wordpress\/plugins\/seo\/ -->\n<title>Aire condicionat ecol\u00f2gic i bioclimatitzadors | factorenergia<\/title>\n<meta name=\"description\" content=\"L&#039;aire condicionat ecol\u00f2gic i els bioclimatitzadors s\u00f3n sistemes de refrigeraci\u00f3 ecol\u00f2gics i sostenibles. T&#039;expliquem com funcionen.\" \/>\n<meta name=\"robots\" content=\"index, follow, max-snippet:-1, max-image-preview:large, max-video-preview:-1\" \/>\n<link rel=\"canonical\" href=\"https:\/\/www.factorenergia.com\/ca\/blog\/apren-a-estalviar\/aire-condicionat-ecologic-i-bioclimatitzadors-factorenergia\/\" \/>\n<meta name=\"twitter:card\" content=\"summary_large_image\" \/>\n<meta name=\"twitter:title\" content=\"Aire condicionat ecol\u00f2gic i bioclimatitzadors | factorenergia\" \/>\n<meta name=\"twitter:description\" content=\"L&#039;aire condicionat ecol\u00f2gic i els bioclimatitzadors s\u00f3n sistemes de refrigeraci\u00f3 ecol\u00f2gics i sostenibles. T&#039;expliquem com funcionen.\" \/>\n<meta name=\"twitter:creator\" content=\"@factorenergia\" \/>\n<meta name=\"twitter:site\" content=\"@factorenergia\" \/>\n<meta name=\"twitter:label1\" content=\"Written by\" \/>\n\t<meta name=\"twitter:data1\" content=\"Equipo Transici\u00f3n Energ\u00e9tica Factorenergia\" \/>\n\t<meta name=\"twitter:label2\" content=\"Est. reading time\" \/>\n\t<meta name=\"twitter:data2\" content=\"3 minutes\" \/>\n<script type=\"application\/ld+json\" class=\"yoast-schema-graph\">{\"@context\":\"https:\/\/schema.org\",\"@graph\":[{\"@type\":\"WebPage\",\"@id\":\"https:\/\/www.factorenergia.com\/ca\/blog\/apren-a-estalviar\/aire-condicionat-ecologic-i-bioclimatitzadors-factorenergia\/\",\"url\":\"https:\/\/www.factorenergia.com\/ca\/blog\/apren-a-estalviar\/aire-condicionat-ecologic-i-bioclimatitzadors-factorenergia\/\",\"name\":\"Aire condicionat ecol\u00f2gic i bioclimatitzadors | factorenergia\",\"isPartOf\":{\"@id\":\"https:\/\/www.factorenergia.com\/es\/#website\"},\"datePublished\":\"2018-08-10T11:30:40+00:00\",\"dateModified\":\"2026-04-07T16:02:39+00:00\",\"author\":{\"@id\":\"https:\/\/www.factorenergia.com\/es\/#\/schema\/person\/dff9e4b6dc520720e3a37bdaaedc5841\"},\"description\":\"L'aire condicionat ecol\u00f2gic i els bioclimatitzadors s\u00f3n sistemes de refrigeraci\u00f3 ecol\u00f2gics i sostenibles. T'expliquem com funcionen.\",\"breadcrumb\":{\"@id\":\"https:\/\/www.factorenergia.com\/ca\/blog\/apren-a-estalviar\/aire-condicionat-ecologic-i-bioclimatitzadors-factorenergia\/#breadcrumb\"},\"inLanguage\":\"ca\",\"potentialAction\":[{\"@type\":\"ReadAction\",\"target\":[\"https:\/\/www.factorenergia.com\/ca\/blog\/apren-a-estalviar\/aire-condicionat-ecologic-i-bioclimatitzadors-factorenergia\/\"]}]},{\"@type\":\"BreadcrumbList\",\"@id\":\"https:\/\/www.factorenergia.com\/ca\/blog\/apren-a-estalviar\/aire-condicionat-ecologic-i-bioclimatitzadors-factorenergia\/#breadcrumb\",\"itemListElement\":[{\"@type\":\"ListItem\",\"position\":1,\"name\":\"Portada\",\"item\":\"https:\/\/www.factorenergia.com\/ca\/\"},{\"@type\":\"ListItem\",\"position\":2,\"name\":\"Existeix l&#8217;aire condicionat solar o ecol\u00f2gic?\"}]},{\"@type\":\"WebSite\",\"@id\":\"https:\/\/www.factorenergia.com\/es\/#website\",\"url\":\"https:\/\/www.factorenergia.com\/es\/\",\"name\":\"factorenergia\",\"description\":\"factorenergia\",\"potentialAction\":[{\"@type\":\"SearchAction\",\"target\":{\"@type\":\"EntryPoint\",\"urlTemplate\":\"https:\/\/www.factorenergia.com\/es\/?s={search_term_string}\"},\"query-input\":\"required name=search_term_string\"}],\"inLanguage\":\"ca\"},{\"@type\":\"Person\",\"@id\":\"https:\/\/www.factorenergia.com\/es\/#\/schema\/person\/dff9e4b6dc520720e3a37bdaaedc5841\",\"name\":\"Equipo Transici\u00f3n Energ\u00e9tica Factorenergia\",\"image\":{\"@type\":\"ImageObject\",\"inLanguage\":\"ca\",\"@id\":\"https:\/\/www.factorenergia.com\/es\/#\/schema\/person\/image\/\",\"url\":\"https:\/\/secure.gravatar.com\/avatar\/1b7c76bab80ee1c4261b06108874e24b?s=96&d=mm&r=g\",\"contentUrl\":\"https:\/\/secure.gravatar.com\/avatar\/1b7c76bab80ee1c4261b06108874e24b?s=96&d=mm&r=g\",\"caption\":\"Equipo Transici\u00f3n Energ\u00e9tica Factorenergia\"},\"description\":\"El equipo est\u00e1 formado por expertos en materia de Luz, Gas y Eficiencia Energ\u00e9tica, que conocen de primera mano las tendencias del mercado. Su experiencia en el sector les permite ofrecer las mejores soluciones energ\u00e9ticas y resolver las dudas planteadas por los clientes.\",\"sameAs\":[\"https:\/\/www.factorenergia.com\/es\/\",\"https:\/\/www.facebook.com\/factorenergiacom\",\"https:\/\/www.instagram.com\/factorenergia_com\/\",\"https:\/\/es.linkedin.com\/company\/factor-energia\",\"https:\/\/twitter.com\/factorenergia\",\"https:\/\/www.youtube.com\/c\/factorenergiacom\"],\"url\":\"https:\/\/www.factorenergia.com\/ca\/blog\/author\/marketing\/\"}]}<\/script>\n<!-- \/ Yoast SEO plugin. -->","yoast_head_json":{"title":"Aire condicionat ecol\u00f2gic i bioclimatitzadors | factorenergia","description":"L'aire condicionat ecol\u00f2gic i els bioclimatitzadors s\u00f3n sistemes de refrigeraci\u00f3 ecol\u00f2gics i sostenibles. T'expliquem com funcionen.","robots":{"index":"index","follow":"follow","max-snippet":"max-snippet:-1","max-image-preview":"max-image-preview:large","max-video-preview":"max-video-preview:-1"},"canonical":"https:\/\/www.factorenergia.com\/ca\/blog\/apren-a-estalviar\/aire-condicionat-ecologic-i-bioclimatitzadors-factorenergia\/","twitter_card":"summary_large_image","twitter_title":"Aire condicionat ecol\u00f2gic i bioclimatitzadors | factorenergia","twitter_description":"L'aire condicionat ecol\u00f2gic i els bioclimatitzadors s\u00f3n sistemes de refrigeraci\u00f3 ecol\u00f2gics i sostenibles. T'expliquem com funcionen.","twitter_creator":"@factorenergia","twitter_site":"@factorenergia","twitter_misc":{"Written by":"Equipo Transici\u00f3n Energ\u00e9tica Factorenergia","Est. reading time":"3 minutes"},"schema":{"@context":"https:\/\/schema.org","@graph":[{"@type":"WebPage","@id":"https:\/\/www.factorenergia.com\/ca\/blog\/apren-a-estalviar\/aire-condicionat-ecologic-i-bioclimatitzadors-factorenergia\/","url":"https:\/\/www.factorenergia.com\/ca\/blog\/apren-a-estalviar\/aire-condicionat-ecologic-i-bioclimatitzadors-factorenergia\/","name":"Aire condicionat ecol\u00f2gic i bioclimatitzadors | factorenergia","isPartOf":{"@id":"https:\/\/www.factorenergia.com\/es\/#website"},"datePublished":"2018-08-10T11:30:40+00:00","dateModified":"2026-04-07T16:02:39+00:00","author":{"@id":"https:\/\/www.factorenergia.com\/es\/#\/schema\/person\/dff9e4b6dc520720e3a37bdaaedc5841"},"description":"L'aire condicionat ecol\u00f2gic i els bioclimatitzadors s\u00f3n sistemes de refrigeraci\u00f3 ecol\u00f2gics i sostenibles. T'expliquem com funcionen.","breadcrumb":{"@id":"https:\/\/www.factorenergia.com\/ca\/blog\/apren-a-estalviar\/aire-condicionat-ecologic-i-bioclimatitzadors-factorenergia\/#breadcrumb"},"inLanguage":"ca","potentialAction":[{"@type":"ReadAction","target":["https:\/\/www.factorenergia.com\/ca\/blog\/apren-a-estalviar\/aire-condicionat-ecologic-i-bioclimatitzadors-factorenergia\/"]}]},{"@type":"BreadcrumbList","@id":"https:\/\/www.factorenergia.com\/ca\/blog\/apren-a-estalviar\/aire-condicionat-ecologic-i-bioclimatitzadors-factorenergia\/#breadcrumb","itemListElement":[{"@type":"ListItem","position":1,"name":"Portada","item":"https:\/\/www.factorenergia.com\/ca\/"},{"@type":"ListItem","position":2,"name":"Existeix l&#8217;aire condicionat solar o ecol\u00f2gic?"}]},{"@type":"WebSite","@id":"https:\/\/www.factorenergia.com\/es\/#website","url":"https:\/\/www.factorenergia.com\/es\/","name":"factorenergia","description":"factorenergia","potentialAction":[{"@type":"SearchAction","target":{"@type":"EntryPoint","urlTemplate":"https:\/\/www.factorenergia.com\/es\/?s={search_term_string}"},"query-input":"required name=search_term_string"}],"inLanguage":"ca"},{"@type":"Person","@id":"https:\/\/www.factorenergia.com\/es\/#\/schema\/person\/dff9e4b6dc520720e3a37bdaaedc5841","name":"Equipo Transici\u00f3n Energ\u00e9tica Factorenergia","image":{"@type":"ImageObject","inLanguage":"ca","@id":"https:\/\/www.factorenergia.com\/es\/#\/schema\/person\/image\/","url":"https:\/\/secure.gravatar.com\/avatar\/1b7c76bab80ee1c4261b06108874e24b?s=96&d=mm&r=g","contentUrl":"https:\/\/secure.gravatar.com\/avatar\/1b7c76bab80ee1c4261b06108874e24b?s=96&d=mm&r=g","caption":"Equipo Transici\u00f3n Energ\u00e9tica Factorenergia"},"description":"El equipo est\u00e1 formado por expertos en materia de Luz, Gas y Eficiencia Energ\u00e9tica, que conocen de primera mano las tendencias del mercado. Su experiencia en el sector les permite ofrecer las mejores soluciones energ\u00e9ticas y resolver las dudas planteadas por los clientes.","sameAs":["https:\/\/www.factorenergia.com\/es\/","https:\/\/www.facebook.com\/factorenergiacom","https:\/\/www.instagram.com\/factorenergia_com\/","https:\/\/es.linkedin.com\/company\/factor-energia","https:\/\/twitter.com\/factorenergia","https:\/\/www.youtube.com\/c\/factorenergiacom"],"url":"https:\/\/www.factorenergia.com\/ca\/blog\/author\/marketing\/"}]}},"_links":{"self":[{"href":"https:\/\/www.factorenergia.com\/ca\/wp-json\/wp\/v2\/posts\/6849"}],"collection":[{"href":"https:\/\/www.factorenergia.com\/ca\/wp-json\/wp\/v2\/posts"}],"about":[{"href":"https:\/\/www.factorenergia.com\/ca\/wp-json\/wp\/v2\/types\/post"}],"author":[{"embeddable":true,"href":"https:\/\/www.factorenergia.com\/ca\/wp-json\/wp\/v2\/users\/17"}],"replies":[{"embeddable":true,"href":"https:\/\/www.factorenergia.com\/ca\/wp-json\/wp\/v2\/comments?post=6849"}],"version-history":[{"count":6,"href":"https:\/\/www.factorenergia.com\/ca\/wp-json\/wp\/v2\/posts\/6849\/revisions"}],"predecessor-version":[{"id":31464,"href":"https:\/\/www.factorenergia.com\/ca\/wp-json\/wp\/v2\/posts\/6849\/revisions\/31464"}],"wp:attachment":[{"href":"https:\/\/www.factorenergia.com\/ca\/wp-json\/wp\/v2\/media?parent=6849"}],"wp:term":[{"taxonomy":"category","embeddable":true,"href":"https:\/\/www.factorenergia.com\/ca\/wp-json\/wp\/v2\/categories?post=6849"},{"taxonomy":"post_tag","embeddable":true,"href":"https:\/\/www.factorenergia.com\/ca\/wp-json\/wp\/v2\/tags?post=6849"}],"curies":[{"name":"wp","href":"https:\/\/api.w.org\/{rel}","templated":true}]}}