{"id":6715,"date":"2018-07-16T17:15:30","date_gmt":"2018-07-16T15:15:30","guid":{"rendered":"https:\/\/www.factorenergia.com\/ca\/?post_type=blog&#038;p=6715"},"modified":"2024-07-31T11:32:15","modified_gmt":"2024-07-31T09:32:15","slug":"les-fotolineres-o-punts-de-recarga-solar-per-al-vehicle-electric","status":"publish","type":"post","link":"https:\/\/www.factorenergia.com\/ca\/blog\/mobilitat-electrica\/les-fotolineres-o-punts-de-recarga-solar-per-al-vehicle-electric\/","title":{"rendered":"Les Fotolineres o punts de recarga solar per al vehicle el\u00e8ctric"},"content":{"rendered":"<p><span>\n<script type=\"text\/javascript\" id=\"auto-index\" async defer>\n\n      function indexContent(context){\n\n      var container = document.querySelector(context);\n\n      element = document.getElementById(\"accordion-index\");\n      var titles = Array.from(container.querySelectorAll(\"h2,h3,h4\"));\n\n      for (var i = 0, l = titles.length; i < l; i++) {\n\n\t\tjQuery('#accordionIndex').show();\n\n        var tit = titles[i];\n\t\tvar newTitle = tit.textContent.toLowerCase().replace(\/[^a-zA-Z ]\/g, \"\").replace(\/\\s\/g, '-');\n\t\tvar numTag = Number(tit.tagName.replace(\/[^1-9]\/g, \"\"));\n\t\tvar tagWidth = (numTag*20);\n\n\t\tvar preText = '<span style=\"margin-left:' + tagWidth + 'px\"><\/span>';\n\n        tit.setAttribute(\"id\", newTitle);\n\t\tjQuery(tit).addClass('h-inline');\n\t\t\n\t\tvar toIndex = '<p class=\"h-inline\"><a class=\"blog-toindex\" href=\"#accordionIndex\"><span class=\"glyphicon glyphicon-chevron-up\" aria-hidden=\"true\"><\/span><\/a><\/p>';\n\n\t\tjQuery(toIndex).insertAfter(tit);\n\n        var node = document.createElement(\"LI\");                 \n        var link = document.createElement(\"A\");\n        var textnode = document.createTextNode(tit.textContent);\n\n        link.appendChild(textnode);\n        link.setAttribute(\"href\", '#' + newTitle);\n\t\t\/\/link.setAttribute(\"style\", \"margin-left:\" + tagWidth + \"px\");\n\t\tlink.setAttribute(\"class\", \"acc-h\" + numTag);\n        node.appendChild(link);\n\n        element.appendChild(node);\n\n      }\n    }\n\n    jQuery(document).ready(function(){\t\t\n\t\tindexContent(\".single-post-content\");\n\n\t\tjQuery(\".accordion-toggle\").click(function() {\n\t\t\tjQuery(this).toggleClass(\"open\");\n\t\t\tjQuery(\"#collapseIndex\").slideToggle(\"in\");\n\t\t});\n\t});\n\n\n<\/script>\n\n<style>\n\t.accordion-toggle{\n\t\tcursor:pointer;\n\t}\n\n\t#accordionIndex .panel-heading{\n\t\tmargin-bottom:0px;\n\t}\n\n\t.articulo ul, .articulo ol{\n\t\tmargin-bottom:auto;\n\t}\n\n\t.h-inline{\n\t\tdisplay: inline-flex;\n\t\tflex-wrap: wrap\n\t}\n\t#accordion-index{\n\t\tpadding-left:0px;\n\t}\n\t#accordion-index li a{\n\t\tdisplay:block;\n\t\tpadding-top:5px;\n\t}\n\n\t.acc-h2{\n\t\tmargin-left:0px;\n\t\tposition: relative;\n\t}\n\n\t.acc-h3{\n\t\tmargin-left:25px;\n\t}\n\n\t.acc-h3::before{\n\t\tcontent: \"\";\n\t\tbackground-color:var(--blue-light);\n\t\tmargin-left:-10px;\n\t\twidth: 7px;\n\t\theight: 7px;\n\t\tdisplay: inline-block;\n\t\ttext-align: center;\n\t\tborder-radius: 1000px;\n\t\tmargin-right: 10px;\n    \tmargin-bottom: 2px;\n\t}\n\n\t.acc-h4{\n\t\tmargin-left:40px;\n\t}\n\n\t.acc-h4::before{\n\t\tcontent: \"\";\n\t\tborder: 1px solid var(--blue-light);\n\t\tmargin-left:-5px;\n\t\twidth: 7px;\n\t\theight: 7px;\n\t\tdisplay: inline-block;\n\t\ttext-align: center;\n\t\tborder-radius: 100%;\n\t\tmargin-right: 10px;\n    \tmargin-bottom: 2px;\n\t}\n\n\t.acc-h3:hover::before{\n\t\tbackground-color: var(--blue-darkest);\n\t}\n\n\t.acc-h4:hover::before{\n\t\tborder-color: var(--blue-darkest);\n\t}\n\n\t@media (max-width: 992px){\n\t\t.acc-h2{\n\t\t\tmargin-left:0px;\n\t\t}\n\t\t.acc-h3{\n\t\t\tmargin-left:20px;\n\t\t}\n\t\t.acc-h4{\n\t\t\tmargin-left:40px;\n\t\t}\n\t}\n\n\t\/*\n\th2.h-inline:after,\n\th3.h-inline:after{\n\t\theight: 24px;\n\t\tcontent: \"\";\n\t\tdisplay: table-row;\n\t}*\/\n<\/style>\n\n<div id=\"table-accordion-index\">\n\t<div class=\"panel-group\" id=\"accordionIndex\">\n\t\t<div class=\"panel panel-default\">\n\t\t\t<div class=\"panel-heading\">\n\t\t\t\t<div class=\"panel-title open\"><div class=\"accordion-toggle\" data-toggle=\"collapse\" data-parent=\"#accordion\" aria-expanded=\"true\">\u00edndex<\/div><\/div>\n\t\t\t<\/div>\n\t\t\t<div id=\"collapseIndex\" class=\"panel-collapse collapse in\" aria-expanded=\"true\">\n\t\t\t\t<div class=\"panel-body\">\n\t\t\t\t\t<ul id=\"accordion-index\">\n\t\t\t\t\t<\/ul>\n\t\t\t\t<\/div>\n\t\t\t<\/div>\n\t\t<\/div>\n\t<\/div>\n<\/div><\/span><br \/>\nElectrolineres, fotolineres &#8230; saps qu\u00e8 s\u00f3n? Una electrorinera \u00e9s una estaci\u00f3 de rec\u00e0rrega d&#8217;electricitat per a vehicles el\u00e8ctrics. Una fotolinera \u00e9s tamb\u00e9\u00a0una estaci\u00f3 de rec\u00e0rrega\u00a0per\u00f2\u00a0l&#8217;electricitat no prov\u00e9 de la xarxa el\u00e8ctrica, sin\u00f3 que \u00e9s generada per una estaci\u00f3 fotovoltaica associada a la fotolinera en q\u00fcesti\u00f3. Avui,\u00a0et presentem\u00a0les fotolineres o punts de rec\u00e0rrega amb energia solar per al vehicle el\u00e8ctric, doblement sostenibles per ser eficients i ecol\u00f2giques a la vegada.<\/p>\n<h2><strong>Qu\u00e8 s\u00f3n les fotolineres o punts de rec\u00e0rrega solars per al vehicle el\u00e8ctric?<\/strong><\/h2>\n<p>Les Fotolineres s\u00f3n estacions de rec\u00e0rrega per al vehicle el\u00e8ctric, on l&#8217;energia prov\u00e9 de plaques solars, instal\u00b7lades normalment al sostre de la instal\u00b7laci\u00f3. D&#8217;una banda, les fotolineres utilitzen energia neta de rec\u00e0rrega: energia solar que \u00e9s renovable i no contamina. I d&#8217;un altra banda, \u00a0l&#8217;energia que produeixen no es gasta i no es malgasta sin\u00f3 que s&#8217;emmagatzema en el sistema. Per aquest motiu, s\u00f3n punts de rec\u00e0rrega doblement sostenibles.<\/p>\n<p>En aquest context, es preveu que a partir de l&#8217;any 2025 les plaques solars seran obligat\u00f2ries\u00a0als aparcaments comercials i p\u00fablics.\u00a0Per exemple, a\u00a0Balears ja han aprovat aquest requeriment dins el marc de la Llei contra el Canvi Clim\u00e0tic.<\/p>\n<h3><strong>Com funcionen les fotolineres?<\/strong><\/h3>\n<p>Segurament tens curiositat i vols saber com funcionen aquest tipus de punts de rec\u00e0rrega. Doncs b\u00e9, \u00e9s m\u00e9s f\u00e0cil del que et puguis imaginar.<\/p>\n<p>Durant les hores de sol la fotolinera genera prou energia per recarregar el vehicle el\u00e8ctric; i l&#8217;energia que li sobra l&#8217;emmagatzema. En canvi, en dies ennuvolats o de menys hores de sol, les plaques solars de la fotolinera continuen generant energia per\u00f2 en menys quantitat compensant amb l&#8217;energia\u00a0ja emmagatzemada anteriorment. I\u00a0a la nit, com \u00e9s l\u00f2gic, s&#8217;utilitza l&#8217;energia emmagatzemada per a la recargar del vehicle el\u00e8ctric.<\/p>\n<p><span>\r\n<script type=\"text\/javascript\" async defer>\r\n\r\n    jQuery(document).ready(function(){\t\t\r\n\t\t\r\n\t});\r\n<\/script>\r\n\r\n<style>\r\n\t.block-interested_posts{\r\n        margin-top: 10px;\r\n        padding: 20px;\r\n        border: 2px solid #92C200;\r\n    }\r\n    .block-interested_posts ul{\r\n        margin-bottom:0px;\r\n    }\r\n    .block-interested_posts ul li{\r\n        margin-bottom:5px;\r\n    }\r\n    .block-interested_posts ul li a{\r\n        \/*color: #DF981E;*\/\r\n    }\r\n\r\n<\/style>\r\n\r\n<div class=\"block-interested_posts\">\r\n    <p><strong>Post que et poden interessar<\/strong><\/p>\r\n    <ul>\r\n                    <li><a href=\"https:\/\/www.factorenergia.com\/ca\/blog\/autoconsum-electric\/energia-solar-tot-el-que-has-de-saber\/\" title=\"Energia solar: tot el que has de saber\">Energia solar: tot el que has de saber<\/a><\/li>\r\n                    <li><a href=\"https:\/\/www.factorenergia.com\/ca\/blog\/eficiencia-energetica\/5-habits-consum-energetic-prevenir-canv-climatic\/\" title=\"5 h\u00e0bits de consum energ\u00e8tic per prevenir el canvi clim\u00e0tic\">5 h\u00e0bits de consum energ\u00e8tic per prevenir el canvi clim\u00e0tic<\/a><\/li>\r\n            <\/ul>\t\r\n<\/div><\/span><\/p>\n<h2><strong><strong>Avantatges de les fotolineres<\/strong><\/strong><\/h2>\n<p>Com hem explicat anteriorment, un aspecte molt positiu \u00e9s que utilitzen energia verda i que aquesta mai es malgasta perqu\u00e8 l&#8217;energia generada a trav\u00e9s dels raigs solars s&#8217;emmagatzema fins al seu \u00fas.<\/p>\n<p>Per\u00f2&#8230; <a href=\"https:\/\/www.factorenergia.com\/ca\/blog\/mobilitat-electrica\/punts-recarrega-cotxes-electrics\/\" title=\"mobilitat i cotxe el\u00e8ctric\" target=\"_blank\" rel=\"noopener noreferrer\">quant costa carregar un cotxe el\u00e8ctric<\/a> en una fotolinera? Doncs el cert \u00e9s que la majoria de fotolineres a la via p\u00fablica s\u00f3n d&#8217;\u00fas gratuit o molt econ\u00f2miques, a m\u00e9s de f\u00e0cils d&#8217;utilitzar. Utilitzen un sistema d&#8217;autoservei que qualsevol persona pot fer servir perqu\u00e8 tan sols s&#8217;ha d&#8217;endollar la m\u00e0nega del vehicle el\u00e8ctric al punt de rec\u00e0rrega.<\/p>\n<p>A m\u00e9s a m\u00e9s, podem trobar fotolineres per a tot tipus de demandes: les que estan preparades per als sistemes de c\u00e0rrega lenta, les que estan preparades per a una c\u00e0rrega r\u00e0pida &#8230; \u00c9s a dir, per a clients amb m\u00e9s o menys temps.<\/p>\n<p><span><div class=\"text-center center blog-cta\"><p>Instal&middot;la un punt de rec&agrave;rrega pel teu cotxe el&egrave;ctric amb factorenergia!<\/p><a class=\"blog-cta primary-btn text-center solicitar-estudio\" target=\"_blank\" title=\"SOL&sdot;LICITA UN ESTUDI GRATU&Iuml;T\" href=\"https:\/\/www.factorenergia.com\/ca\/llars\/punts-recarrega-electrics\/\">SOL&sdot;LICITA UN ESTUDI GRATU&Iuml;T<\/a><p><\/p><div style=\"display:none;\"><p>Instal&middot;la un punt de rec&agrave;rrega pel teu cotxe el&egrave;ctric amb factorenergia!<\/p><\/div>\n\t\t\t<script type='text\/javascript'>\n\t\t\t\tjQuery('.solicitar-estudio').click(function(){\t\t\t\t\t\t\t\t\t\n\t\t\t\t\tdataLayer.push({'language': 'ca'});\n\t\t\t\t\tdataLayer.push({'post_id': '6715'});\n\t\t\t\t\tdataLayer.push({'cat_type': 'ce'});\n\t\t\t\t});\n\t\t\t<\/script>\n\t\t<\/div><br\/><\/span><\/p>\n<h3><strong>Fotolineres dom\u00e8stiques<\/strong><\/h3>\n<p>Saps quant costa instal\u00b7lar una fotolinera? L&#8217;\u00fanic cost econ\u00f2mic t\u00e9 a veure amb la seva instal\u00b7laci\u00f3 i manteniment, no amb la producci\u00f3 d&#8217;aquesta, ja que s&#8217;alimenta de llum solar que \u00e9s un recurs natural totalment gratu\u00eft.<\/p>\n<p>Tal i com passa amb altres instal\u00b7lacions d&#8217;aquest tipus, un fotolinera per a \u00fas privat, instal\u00b7lada al jard\u00ed de casa, pot fins i tot produir un excedent energ\u00e8tic que incl\u00fas podria aprofitar la casa, si distribu\u00efm a la xarxa de l&#8217;habitatge l&#8217;energia no utilitzada en la rec\u00e0rrega del vehicle, abaratint la factura el\u00e8ctrica dom\u00e8stica.<a href=\"https:\/\/www.factorenergia.com\/ca\/blog\/autoconsum-electric\/nous-reptes-autoconsum-electric-generacio-distribuida-cases-inteligents\/\" title=\"autoconsum i generaci\u00f3 distribu\u00efda\" target=\"_blank\" rel=\"noopener noreferrer\"> En aquest link trobar\u00e0s m\u00e9s informaci\u00f3<\/a><\/p>\n<h4><strong>Les 3 fotolineres de Rub\u00ed<\/strong><\/h4>\n<p>Pots arribar a pensar que \u00e9s un projecte de futur, per\u00f2\u00a0ja \u00e9s possible trobar una fotolinera prop de casa teva. Per exemple,\u00a0a Rub\u00ed en podem trobar tres. L&#8217;\u00faltima fotolinera constru\u00efda en aquest municipi\u00a0ha estat la de l&#8217;edifici Rub\u00ed Forma; que \u00e9s la tercera de la ciutat i s&#8217;afegeix a les fotolineres de la Masia de Can Serra i de la Policia Local. Aquesta \u00faltima\u00a0instal\u00b7laci\u00f3 proporciona energia fotovoltaica tant per a la c\u00e0rrega de vehicles el\u00e8ctrics com per a l&#8217;autoconsum energ\u00e8tic dels equipaments municipals als quals va associada.<\/p>\n<p>La nova instal\u00b7laci\u00f3 de Rub\u00ed Forma ja t\u00e9 35 usuaris registrats que poden endollar gratu\u00eftament els seus vehicles. A Rub\u00ed, ja fa temps, que aposten per una mobilitat m\u00e9s sostenible i per incentivar l&#8217;\u00fas del vehicle el\u00e8ctric la ciutat ha posat en marxa un pla perqu\u00e8 la ciutat disposi d&#8217;una xarxa de punts de c\u00e0rrega eficient i l&#8217;abast de tothom .<\/p>\n<p>Aquesta fotolinera, disposa de dues m\u00e0negues de c\u00e0rrega semir\u00e0pida que carreguen el vehicle en 3-5 hores; i una de c\u00e0rrega r\u00e0pida amb tres connectors que permeten carregar el 80% de la bateria del cotxe en 30 minuts. En total, aquestes instal\u00b7lacions permeten estalviar 9.500 euros a l&#8217;any en factura el\u00e8ctrica.<\/p>\n<p>En Factorernergia, ja fa temps que hem apostat pel vehicle el\u00e8ctric i els punts de rec\u00e0rrega d&#8217;aquest. Sobre els punts de rec\u00e0rrega, en Factorenergia posem a disposici\u00f3 dels nostres clients un producte espec\u00edfic, Factor ECOMobility Creiem que la c\u00e0rrega privada \u00e9s la clau per al desenvolupament del cotxe el\u00e8ctric, per aix\u00f2 financem el projecte i la instal\u00b7laci\u00f3 del punt de rec\u00e0rrega a la pla\u00e7a privada de p\u00e0rquing comunitari, encarregant-nos de tots els tr\u00e0mits administratius i obtenci\u00f3 dels permisos necessaris<\/p>\n<h2><\/h2>\n<div id=\"gtx-trans\" style=\"position: absolute; left: -4px; top: 895.55px;\">\n<div class=\"gtx-trans-icon\"><\/div>\n<\/div>\n","protected":false},"excerpt":{"rendered":"<p>Hem d&#8217;oblidar-nos de les gasolineres tradicionals? Arribaran a desapar\u00e8ixer? En aquest post, parlem de l&#8217;evoluci\u00f3 dels punts de recarregar per als cotxes el\u00e8ctrics i com aquests seran molt m\u00e9s sostenibles<\/p>\n","protected":false},"author":17,"featured_media":0,"comment_status":"open","ping_status":"closed","sticky":false,"template":"","format":"standard","meta":{"inline_featured_image":false,"footnotes":""},"categories":[64],"tags":[],"acf":{"fecha_de_la_entrada":"20180716","imagen_portada":6714,"categoria_blog":null,"tipo_de_distribuidora":null,"tiempo_lectura":"","banner_bool":false,"titulo_banner":"","texto_banner":"","texto_boton_banner":"","url_boton_banner":"","post_relacionados":""},"yoast_head":"<!-- This site is optimized with the Yoast SEO plugin v22.2 - https:\/\/yoast.com\/wordpress\/plugins\/seo\/ -->\n<title>les-fotolineres-o-punts-de-recarga-solar-per-al-vehicle-electric<\/title>\n<meta name=\"description\" content=\"Avui, t&#039;expliquem les fotolineras o punts de rec\u00e0rrega amb energia solar per al vehicle el\u00e8ctric, doblement sostenibles per eficients i ecol\u00f2gics.\" \/>\n<meta name=\"robots\" content=\"index, follow, max-snippet:-1, max-image-preview:large, max-video-preview:-1\" \/>\n<link rel=\"canonical\" href=\"https:\/\/www.factorenergia.com\/ca\/blog\/mobilitat-electrica\/les-fotolineres-o-punts-de-recarga-solar-per-al-vehicle-electric\/\" \/>\n<meta name=\"twitter:card\" content=\"summary_large_image\" \/>\n<meta name=\"twitter:title\" content=\"les-fotolineres-o-punts-de-recarga-solar-per-al-vehicle-electric\" \/>\n<meta name=\"twitter:description\" content=\"Avui, t&#039;expliquem les fotolineras o punts de rec\u00e0rrega amb energia solar per al vehicle el\u00e8ctric, doblement sostenibles per eficients i ecol\u00f2gics.\" \/>\n<meta name=\"twitter:creator\" content=\"@factorenergia\" \/>\n<meta name=\"twitter:site\" content=\"@factorenergia\" \/>\n<meta name=\"twitter:label1\" content=\"Written by\" \/>\n\t<meta name=\"twitter:data1\" content=\"Equipo Transici\u00f3n Energ\u00e9tica Factorenergia\" \/>\n\t<meta name=\"twitter:label2\" content=\"Est. reading time\" \/>\n\t<meta name=\"twitter:data2\" content=\"4 minutes\" \/>\n<script type=\"application\/ld+json\" class=\"yoast-schema-graph\">{\"@context\":\"https:\/\/schema.org\",\"@graph\":[{\"@type\":\"WebPage\",\"@id\":\"https:\/\/www.factorenergia.com\/ca\/blog\/mobilitat-electrica\/les-fotolineres-o-punts-de-recarga-solar-per-al-vehicle-electric\/\",\"url\":\"https:\/\/www.factorenergia.com\/ca\/blog\/mobilitat-electrica\/les-fotolineres-o-punts-de-recarga-solar-per-al-vehicle-electric\/\",\"name\":\"les-fotolineres-o-punts-de-recarga-solar-per-al-vehicle-electric\",\"isPartOf\":{\"@id\":\"https:\/\/www.factorenergia.com\/es\/#website\"},\"datePublished\":\"2018-07-16T15:15:30+00:00\",\"dateModified\":\"2024-07-31T09:32:15+00:00\",\"author\":{\"@id\":\"https:\/\/www.factorenergia.com\/es\/#\/schema\/person\/dff9e4b6dc520720e3a37bdaaedc5841\"},\"description\":\"Avui, t'expliquem les fotolineras o punts de rec\u00e0rrega amb energia solar per al vehicle el\u00e8ctric, doblement sostenibles per eficients i ecol\u00f2gics.\",\"breadcrumb\":{\"@id\":\"https:\/\/www.factorenergia.com\/ca\/blog\/mobilitat-electrica\/les-fotolineres-o-punts-de-recarga-solar-per-al-vehicle-electric\/#breadcrumb\"},\"inLanguage\":\"ca\",\"potentialAction\":[{\"@type\":\"ReadAction\",\"target\":[\"https:\/\/www.factorenergia.com\/ca\/blog\/mobilitat-electrica\/les-fotolineres-o-punts-de-recarga-solar-per-al-vehicle-electric\/\"]}]},{\"@type\":\"BreadcrumbList\",\"@id\":\"https:\/\/www.factorenergia.com\/ca\/blog\/mobilitat-electrica\/les-fotolineres-o-punts-de-recarga-solar-per-al-vehicle-electric\/#breadcrumb\",\"itemListElement\":[{\"@type\":\"ListItem\",\"position\":1,\"name\":\"Portada\",\"item\":\"https:\/\/www.factorenergia.com\/ca\/\"},{\"@type\":\"ListItem\",\"position\":2,\"name\":\"Les Fotolineres o punts de recarga solar per al vehicle el\u00e8ctric\"}]},{\"@type\":\"WebSite\",\"@id\":\"https:\/\/www.factorenergia.com\/es\/#website\",\"url\":\"https:\/\/www.factorenergia.com\/es\/\",\"name\":\"factorenergia\",\"description\":\"factorenergia\",\"potentialAction\":[{\"@type\":\"SearchAction\",\"target\":{\"@type\":\"EntryPoint\",\"urlTemplate\":\"https:\/\/www.factorenergia.com\/es\/?s={search_term_string}\"},\"query-input\":\"required name=search_term_string\"}],\"inLanguage\":\"ca\"},{\"@type\":\"Person\",\"@id\":\"https:\/\/www.factorenergia.com\/es\/#\/schema\/person\/dff9e4b6dc520720e3a37bdaaedc5841\",\"name\":\"Equipo Transici\u00f3n Energ\u00e9tica Factorenergia\",\"image\":{\"@type\":\"ImageObject\",\"inLanguage\":\"ca\",\"@id\":\"https:\/\/www.factorenergia.com\/es\/#\/schema\/person\/image\/\",\"url\":\"https:\/\/secure.gravatar.com\/avatar\/1b7c76bab80ee1c4261b06108874e24b?s=96&d=mm&r=g\",\"contentUrl\":\"https:\/\/secure.gravatar.com\/avatar\/1b7c76bab80ee1c4261b06108874e24b?s=96&d=mm&r=g\",\"caption\":\"Equipo Transici\u00f3n Energ\u00e9tica Factorenergia\"},\"description\":\"El equipo est\u00e1 formado por expertos en materia de Luz, Gas y Eficiencia Energ\u00e9tica, que conocen de primera mano las tendencias del mercado. Su experiencia en el sector les permite ofrecer las mejores soluciones energ\u00e9ticas y resolver las dudas planteadas por los clientes.\",\"sameAs\":[\"https:\/\/www.factorenergia.com\/es\/\",\"https:\/\/www.facebook.com\/factorenergiacom\",\"https:\/\/www.instagram.com\/factorenergia_com\/\",\"https:\/\/es.linkedin.com\/company\/factor-energia\",\"https:\/\/twitter.com\/factorenergia\",\"https:\/\/www.youtube.com\/c\/factorenergiacom\"],\"url\":\"https:\/\/www.factorenergia.com\/ca\/blog\/author\/marketing\/\"}]}<\/script>\n<!-- \/ Yoast SEO plugin. -->","yoast_head_json":{"title":"les-fotolineres-o-punts-de-recarga-solar-per-al-vehicle-electric","description":"Avui, t'expliquem les fotolineras o punts de rec\u00e0rrega amb energia solar per al vehicle el\u00e8ctric, doblement sostenibles per eficients i ecol\u00f2gics.","robots":{"index":"index","follow":"follow","max-snippet":"max-snippet:-1","max-image-preview":"max-image-preview:large","max-video-preview":"max-video-preview:-1"},"canonical":"https:\/\/www.factorenergia.com\/ca\/blog\/mobilitat-electrica\/les-fotolineres-o-punts-de-recarga-solar-per-al-vehicle-electric\/","twitter_card":"summary_large_image","twitter_title":"les-fotolineres-o-punts-de-recarga-solar-per-al-vehicle-electric","twitter_description":"Avui, t'expliquem les fotolineras o punts de rec\u00e0rrega amb energia solar per al vehicle el\u00e8ctric, doblement sostenibles per eficients i ecol\u00f2gics.","twitter_creator":"@factorenergia","twitter_site":"@factorenergia","twitter_misc":{"Written by":"Equipo Transici\u00f3n Energ\u00e9tica Factorenergia","Est. reading time":"4 minutes"},"schema":{"@context":"https:\/\/schema.org","@graph":[{"@type":"WebPage","@id":"https:\/\/www.factorenergia.com\/ca\/blog\/mobilitat-electrica\/les-fotolineres-o-punts-de-recarga-solar-per-al-vehicle-electric\/","url":"https:\/\/www.factorenergia.com\/ca\/blog\/mobilitat-electrica\/les-fotolineres-o-punts-de-recarga-solar-per-al-vehicle-electric\/","name":"les-fotolineres-o-punts-de-recarga-solar-per-al-vehicle-electric","isPartOf":{"@id":"https:\/\/www.factorenergia.com\/es\/#website"},"datePublished":"2018-07-16T15:15:30+00:00","dateModified":"2024-07-31T09:32:15+00:00","author":{"@id":"https:\/\/www.factorenergia.com\/es\/#\/schema\/person\/dff9e4b6dc520720e3a37bdaaedc5841"},"description":"Avui, t'expliquem les fotolineras o punts de rec\u00e0rrega amb energia solar per al vehicle el\u00e8ctric, doblement sostenibles per eficients i ecol\u00f2gics.","breadcrumb":{"@id":"https:\/\/www.factorenergia.com\/ca\/blog\/mobilitat-electrica\/les-fotolineres-o-punts-de-recarga-solar-per-al-vehicle-electric\/#breadcrumb"},"inLanguage":"ca","potentialAction":[{"@type":"ReadAction","target":["https:\/\/www.factorenergia.com\/ca\/blog\/mobilitat-electrica\/les-fotolineres-o-punts-de-recarga-solar-per-al-vehicle-electric\/"]}]},{"@type":"BreadcrumbList","@id":"https:\/\/www.factorenergia.com\/ca\/blog\/mobilitat-electrica\/les-fotolineres-o-punts-de-recarga-solar-per-al-vehicle-electric\/#breadcrumb","itemListElement":[{"@type":"ListItem","position":1,"name":"Portada","item":"https:\/\/www.factorenergia.com\/ca\/"},{"@type":"ListItem","position":2,"name":"Les Fotolineres o punts de recarga solar per al vehicle el\u00e8ctric"}]},{"@type":"WebSite","@id":"https:\/\/www.factorenergia.com\/es\/#website","url":"https:\/\/www.factorenergia.com\/es\/","name":"factorenergia","description":"factorenergia","potentialAction":[{"@type":"SearchAction","target":{"@type":"EntryPoint","urlTemplate":"https:\/\/www.factorenergia.com\/es\/?s={search_term_string}"},"query-input":"required name=search_term_string"}],"inLanguage":"ca"},{"@type":"Person","@id":"https:\/\/www.factorenergia.com\/es\/#\/schema\/person\/dff9e4b6dc520720e3a37bdaaedc5841","name":"Equipo Transici\u00f3n Energ\u00e9tica Factorenergia","image":{"@type":"ImageObject","inLanguage":"ca","@id":"https:\/\/www.factorenergia.com\/es\/#\/schema\/person\/image\/","url":"https:\/\/secure.gravatar.com\/avatar\/1b7c76bab80ee1c4261b06108874e24b?s=96&d=mm&r=g","contentUrl":"https:\/\/secure.gravatar.com\/avatar\/1b7c76bab80ee1c4261b06108874e24b?s=96&d=mm&r=g","caption":"Equipo Transici\u00f3n Energ\u00e9tica Factorenergia"},"description":"El equipo est\u00e1 formado por expertos en materia de Luz, Gas y Eficiencia Energ\u00e9tica, que conocen de primera mano las tendencias del mercado. Su experiencia en el sector les permite ofrecer las mejores soluciones energ\u00e9ticas y resolver las dudas planteadas por los clientes.","sameAs":["https:\/\/www.factorenergia.com\/es\/","https:\/\/www.facebook.com\/factorenergiacom","https:\/\/www.instagram.com\/factorenergia_com\/","https:\/\/es.linkedin.com\/company\/factor-energia","https:\/\/twitter.com\/factorenergia","https:\/\/www.youtube.com\/c\/factorenergiacom"],"url":"https:\/\/www.factorenergia.com\/ca\/blog\/author\/marketing\/"}]}},"_links":{"self":[{"href":"https:\/\/www.factorenergia.com\/ca\/wp-json\/wp\/v2\/posts\/6715"}],"collection":[{"href":"https:\/\/www.factorenergia.com\/ca\/wp-json\/wp\/v2\/posts"}],"about":[{"href":"https:\/\/www.factorenergia.com\/ca\/wp-json\/wp\/v2\/types\/post"}],"author":[{"embeddable":true,"href":"https:\/\/www.factorenergia.com\/ca\/wp-json\/wp\/v2\/users\/17"}],"replies":[{"embeddable":true,"href":"https:\/\/www.factorenergia.com\/ca\/wp-json\/wp\/v2\/comments?post=6715"}],"version-history":[{"count":4,"href":"https:\/\/www.factorenergia.com\/ca\/wp-json\/wp\/v2\/posts\/6715\/revisions"}],"predecessor-version":[{"id":26131,"href":"https:\/\/www.factorenergia.com\/ca\/wp-json\/wp\/v2\/posts\/6715\/revisions\/26131"}],"wp:attachment":[{"href":"https:\/\/www.factorenergia.com\/ca\/wp-json\/wp\/v2\/media?parent=6715"}],"wp:term":[{"taxonomy":"category","embeddable":true,"href":"https:\/\/www.factorenergia.com\/ca\/wp-json\/wp\/v2\/categories?post=6715"},{"taxonomy":"post_tag","embeddable":true,"href":"https:\/\/www.factorenergia.com\/ca\/wp-json\/wp\/v2\/tags?post=6715"}],"curies":[{"name":"wp","href":"https:\/\/api.w.org\/{rel}","templated":true}]}}