{"id":6629,"date":"2018-07-02T12:30:45","date_gmt":"2018-07-02T10:30:45","guid":{"rendered":"https:\/\/www.factorenergia.com\/ca\/?post_type=blog&#038;p=6629"},"modified":"2023-02-07T13:54:49","modified_gmt":"2023-02-07T11:54:49","slug":"finestres-intel%c2%b7ligents-per-estalviar-llum-factorenergia","status":"publish","type":"post","link":"https:\/\/www.factorenergia.com\/ca\/blog\/noticies\/finestres-intel%c2%b7ligents-per-estalviar-llum-factorenergia\/","title":{"rendered":"Finestres intel\u00b7ligents per estalviar en la factura de llum"},"content":{"rendered":"<p><span>\n<script type=\"text\/javascript\" id=\"auto-index\" async defer>\n\n      function indexContent(context){\n\n      var container = document.querySelector(context);\n\n      element = document.getElementById(\"accordion-index\");\n      var titles = Array.from(container.querySelectorAll(\"h2,h3\"));\n\n      for (var i = 0, l = titles.length; i < l; i++) {\n\n\t\tjQuery('#accordionIndex').show();\n\n        var tit = titles[i];\n\t\tvar newTitle = tit.textContent.toLowerCase().replace(\/[^a-zA-Z ]\/g, \"\").replace(\/\\s\/g, '-');\n\t\tvar numTag = Number(tit.tagName.replace(\/[^1-9]\/g, \"\"));\n\t\tvar tagWidth = (numTag*20);\n\n\t\tvar preText = '<span style=\"margin-left:' + tagWidth + 'px\"><\/span>';\n\n        tit.setAttribute(\"id\", newTitle);\n\t\tjQuery(tit).addClass('h-inline');\n\t\t\n\t\tvar toIndex = '<p class=\"h-inline\"><a class=\"blog-toindex\" href=\"#accordionIndex\"><span class=\"glyphicon glyphicon-chevron-up\" aria-hidden=\"true\"><\/span><\/a><\/p>';\n\n\t\tjQuery(toIndex).insertAfter(tit);\n\n        var node = document.createElement(\"LI\");                 \n        var link = document.createElement(\"A\");\n        var textnode = document.createTextNode(tit.textContent);\n\n        link.appendChild(textnode);\n        link.setAttribute(\"href\", '#' + newTitle);\n\t\t\/\/link.setAttribute(\"style\", \"margin-left:\" + tagWidth + \"px\");\n\t\tlink.setAttribute(\"class\", \"acc-h\" + numTag);\n        node.appendChild(link);\n\n        element.appendChild(node);\n\n      }\n    }\n\n    jQuery(document).ready(function(){\t\t\n\t\tindexContent(\".single-post-content\");\n\n\t\tjQuery(\".accordion-toggle\").click(function() {\n\t\t\tjQuery(this).toggleClass(\"open\");\n\t\t\tjQuery(\"#collapseIndex\").slideToggle(\"in\");\n\t\t});\n\t});\n\n\n<\/script>\n\n<style>\n\t.accordion-toggle{\n\t\tcursor:pointer;\n\t}\n\n\t#accordionIndex .panel-heading{\n\t\tmargin-bottom:0px;\n\t}\n\n\t.articulo ul, .articulo ol{\n\t\tmargin-bottom:auto;\n\t}\n\n\t.h-inline{\n\t\tdisplay: inline-flex;\n\t\tflex-wrap: wrap\n\t}\n\t#accordion-index{\n\t\tpadding-left:0px;\n\t}\n\t#accordion-index li a{\n\t\tdisplay:block;\n\t\tpadding-top:5px;\n\t}\n\n\t.acc-h2{\n\t\tmargin-left:0px;\n\t\tposition: relative;\n\t}\n\n\t.acc-h3{\n\t\tmargin-left:25px;\n\t}\n\n\t.acc-h3::before{\n\t\tcontent: \"\";\n\t\tbackground-color:var(--blue-light);\n\t\tmargin-left:-10px;\n\t\twidth: 7px;\n\t\theight: 7px;\n\t\tdisplay: inline-block;\n\t\ttext-align: center;\n\t\tborder-radius: 1000px;\n\t\tmargin-right: 10px;\n    \tmargin-bottom: 2px;\n\t}\n\n\t.acc-h4{\n\t\tmargin-left:40px;\n\t}\n\n\t.acc-h4::before{\n\t\tcontent: \"\";\n\t\tborder: 1px solid var(--blue-light);\n\t\tmargin-left:-5px;\n\t\twidth: 7px;\n\t\theight: 7px;\n\t\tdisplay: inline-block;\n\t\ttext-align: center;\n\t\tborder-radius: 100%;\n\t\tmargin-right: 10px;\n    \tmargin-bottom: 2px;\n\t}\n\n\t.acc-h3:hover::before{\n\t\tbackground-color: var(--blue-darkest);\n\t}\n\n\t.acc-h4:hover::before{\n\t\tborder-color: var(--blue-darkest);\n\t}\n\n\t@media (max-width: 992px){\n\t\t.acc-h2{\n\t\t\tmargin-left:0px;\n\t\t}\n\t\t.acc-h3{\n\t\t\tmargin-left:20px;\n\t\t}\n\t\t.acc-h4{\n\t\t\tmargin-left:40px;\n\t\t}\n\t}\n\n\t\/*\n\th2.h-inline:after,\n\th3.h-inline:after{\n\t\theight: 24px;\n\t\tcontent: \"\";\n\t\tdisplay: table-row;\n\t}*\/\n<\/style>\n\n<div id=\"table-accordion-index\">\n\t<div class=\"panel-group\" id=\"accordionIndex\">\n\t\t<div class=\"panel panel-default\">\n\t\t\t<div class=\"panel-heading\">\n\t\t\t\t<div class=\"panel-title open\"><div class=\"accordion-toggle\" data-toggle=\"collapse\" data-parent=\"#accordion\" aria-expanded=\"true\">\u00edndex<\/div><\/div>\n\t\t\t<\/div>\n\t\t\t<div id=\"collapseIndex\" class=\"panel-collapse collapse in\" aria-expanded=\"true\">\n\t\t\t\t<div class=\"panel-body\">\n\t\t\t\t\t<ul id=\"accordion-index\">\n\t\t\t\t\t<\/ul>\n\t\t\t\t<\/div>\n\t\t\t<\/div>\n\t\t<\/div>\n\t<\/div>\n<\/div><\/span><\/p>\n<p>En els \u00faltims anys la tend\u00e8ncia del sector de la construcci\u00f3 ha estat dissenyar cases i edificis cada vegada m\u00e9s eficients i sostenibles. Un clar exemple, s\u00f3n les finestres intel\u00b7ligents que ajuden a controlar l&#8217;entrada de la llum, i poden ajudar a estalviar energia fins a un 40% en la factura de llum. Si et sona tot a xin\u00e8s i mai has sentit a parlar d&#8217;elles, continua llegint i sabr\u00e0s molt m\u00e9s.<\/p>\n<h2>Com funcionen les finestres intel\u00b7ligents?<\/h2>\n<p>Les finestres intel\u00b7ligents funcionen com les persianes o les cortines que depenent del moment del dia regulen la quantitat de llum i calor que entra per la finestra. Aquestes, ofereixen tres formes d&#8217;\u00fas diferents:<\/p>\n<ul>\n<li>Mode estiu: la finestra deixa passar tota la llum i bloqueja la calor (permet prescindir de la llum el\u00e8ctrica.<\/li>\n<li>Mode migdiada: evita que entri tant la llum com la calor.<\/li>\n<li>Mode hivern: deixa passar la llum i la calor i ajuda a escalfar la casa.<\/li>\n<\/ul>\n<h3>De quin material estan fetes les finestres intel\u00b7ligents?<\/h3>\n<p>Per a que puguis entendre com funcionen les finestres intel\u00b7ligents, \u00e9s important con\u00e8ixer de quin material estan fetes. Estan compostes d&#8217;una fina capa de nanocristalls que canvien quan l&#8217;electricitat els travessa, filtrant a voluntat pr\u00f2pia la llum solar, raigs infrarojos o els dos de manera simult\u00e0nia, permetent que es reguli de manera eficient, llum i temperatura del lloc en qu\u00e8 aquest col\u00b7locada la finestra.<\/p>\n<p>Perqu\u00e8 ho tinguis m\u00e9s clar, les finestres s\u00f3n transl\u00facides per\u00f2 dins\u00a0estan formades per\u00a0nano part\u00edcules de silici; en realitat \u00e9s com un panell solar transparent que genera energia per mitj\u00e0 de la Nano Tecnologia.<\/p>\n<h2>La finestra intel\u00b7ligent i estalvi energ\u00e8tic<\/h2>\n<p>En aquest context,\u00a0hauries de prestar atenci\u00f3\u00a0a les finestres intel\u00b7ligents perqu\u00e8 poden arribar a estalviar fins un 40%\u00a0en la teva factura de llum.\u00a0Per\u00f2 com ho fan? Aquest tipus de finestres permeten regular la llum i la calor;\u00a0amb la qual cosa, a l&#8217;estiu mant\u00e9 la casa fresca, a l&#8217;hivern calenta i a m\u00e9s proporciona energia solar per il\u00b7luminar l&#8217;habitatge a la nit.<\/p>\n<p>Tamb\u00e9, una de les caracter\u00edstiques d&#8217;aquesta tipologia de finestres s\u00f3n els vidres solars que tenen la capacitat de rotaci\u00f3 de 180 graus, el que permet dirigir les corrents d&#8217;aire per refrescar els ambients.\u00a0I tamb\u00e9, poden convertir-se en opaques.<\/p>\n<p>Per\u00f2, com \u00e9s converteix el vidre en opac?\u00a0Les finestres intel\u00b7ligents controlen la llum que passa a trav\u00e9s del vidre i, mitjan\u00e7ant un interruptor que activa la tecnologia, \u00e9s produeixen reaccions f\u00edsiques i qu\u00edmiques que fan que el vidre \u00e9s converteixi en opac.<\/p>\n<h3>S\u00f3n cares\u00a0les finestres intel\u00b7ligents?<strong> <\/strong><\/h3>\n<p>Les finestres intel\u00b7ligents tenen un cost molt superior a les normals, per\u00f2 s&#8217;est\u00e0 treballant en trobar nous materials m\u00e9s econ\u00f2mics que faran de les finestres intel\u00b7ligents objectes assequibles per a tothom.<\/p>\n<h3>CSIC investigadors espanyols\u00a0dissenyen cases intel\u00b7ligents &#8220;low cost&#8221;<\/h3>\n<p>En les noves construccions d&#8217;edificis, s&#8217;est\u00e0 treballant per a que els propis propietaris tri\u00efn si volen les finestres opaques o transparents.\u00a0Per\u00f2, aquestes finestres no convencionals tampoc s\u00f3n barates i tot dep\u00e8n del tipus de material que fan servir.<\/p>\n<p>Un grup de cient\u00edfics espanyols de l&#8217;equip d&#8217;investigaci\u00f3 de l&#8217;Institut de Recerca dels Materials de Madrid, pertanyent al CSIC, estan investigant\u00a0un nou tipus de material que podria baixar el preu de milers d&#8217;euros a uns quants\u00a0c\u00e8ntims el metre quadrat i fer-ho molt m\u00e9s assequible per a tots.<\/p>\n<h1>Finestres intel\u00b7ligents que funcionen tamb\u00e9 com un panell fotovoltaic<\/h1>\n<p>Dins aquest context,\u00a0tamb\u00e9 s&#8217;est\u00e0 treballant per a que els futurs edificis amb grans fa\u00e7anes de vidre es converteixin en veritables productors d&#8217;energia. Aix\u00f2,\u00a0podria ser\u00a0possible mitjan\u00e7ant la utilitzaci\u00f3 d&#8217;uns vidres especials que permetran que les finestres no nom\u00e9s controlin la llum exterior, sin\u00f3 que, a m\u00e9s a m\u00e9s, funcionin com un panell fotovoltaic.<\/p>\n<p>En definitiva, les cases del futur en comptes de gastar energia, seran elles pr\u00f2piament qui generin la seva pr\u00f2pia energia gr\u00e0cies, entre, altres factors a les finestres intel\u00b7ligents.<\/p>\n<p>En Factorenergia estem del costat de les energies renovables, per aix\u00f2 volem ajudar-te amb<a href=\"https:\/\/www.factorenergia.com\/ca\/llars\/plaques-solars\/\"> la instal\u00b7laci\u00f3 de plaques solars<\/a> o la rec\u00e0rrega del teu cotxe el\u00e8ctric, si vols posar el teu granet de sorra a favor del medi ambient. Contacta&#8217;ns i pregunta sense comprom\u00eds, i si el que t&#8217;interessa \u00e9s contractar llum amb energia verda a casa, pots fer-ho online a nom\u00e9s 5 minuts o trucant de franc al 900.850.000<\/p>\n","protected":false},"excerpt":{"rendered":"<p>Coneixes les finestres inteligents? Imagina&#8217;t que poguessis triar la quantitat de llum que entra a trav\u00e9s de les finestres de casa teva o controlar la calor que travessa l&#8217;habitatge. No est\u00e0s somiant, aix\u00f2 ja \u00e9s una realitat. Per saber m\u00e9s, llegeix aquest post<\/p>\n","protected":false},"author":17,"featured_media":0,"comment_status":"closed","ping_status":"closed","sticky":false,"template":"","format":"standard","meta":{"inline_featured_image":false,"footnotes":""},"categories":[61],"tags":[],"acf":{"fecha_de_la_entrada":"20180702","imagen_portada":6630,"categoria_blog":61,"tipo_de_distribuidora":null,"tiempo_lectura":"","banner_bool":false,"titulo_banner":"","texto_banner":"","texto_boton_banner":"","url_boton_banner":"","post_relacionados":null},"yoast_head":"<!-- This site is optimized with the Yoast SEO plugin v22.2 - https:\/\/yoast.com\/wordpress\/plugins\/seo\/ -->\n<title>Finestres intel\u00b7ligents per estalviar a la factura de llum | factorenergia<\/title>\n<meta name=\"description\" content=\"Vols estalviar llum? Les noves finestres intel\u00b7ligents poden ajudar-te a estalviar energia, fins a un 40% en la factura de la llum. Vols saber com?\" \/>\n<meta name=\"robots\" content=\"noindex, follow\" \/>\n<meta name=\"twitter:card\" content=\"summary_large_image\" \/>\n<meta name=\"twitter:title\" content=\"Finestres intel\u00b7ligents per estalviar a la factura de llum | factorenergia\" \/>\n<meta name=\"twitter:description\" content=\"Vols estalviar llum? Les noves finestres intel\u00b7ligents poden ajudar-te a estalviar energia, fins a un 40% en la factura de la llum. Vols saber com?\" \/>\n<meta name=\"twitter:site\" content=\"@factorenergia\" \/>\n<meta name=\"twitter:label1\" content=\"Est. reading time\" \/>\n\t<meta name=\"twitter:data1\" content=\"4 minutes\" \/>\n<script type=\"application\/ld+json\" class=\"yoast-schema-graph\">{\"@context\":\"https:\/\/schema.org\",\"@graph\":[{\"@type\":\"WebPage\",\"@id\":\"https:\/\/www.factorenergia.com\/ca\/blog\/blog\/%tiposdeblog%\/finestres-intel%c2%b7ligents-per-estalviar-llum-factorenergia\/\",\"url\":\"https:\/\/www.factorenergia.com\/ca\/blog\/blog\/%tiposdeblog%\/finestres-intel%c2%b7ligents-per-estalviar-llum-factorenergia\/\",\"name\":\"Finestres intel\u00b7ligents per estalviar a la factura de llum | factorenergia\",\"isPartOf\":{\"@id\":\"https:\/\/www.factorenergia.com\/es\/#website\"},\"datePublished\":\"2018-07-02T10:30:45+00:00\",\"dateModified\":\"2023-02-07T11:54:49+00:00\",\"description\":\"Vols estalviar llum? Les noves finestres intel\u00b7ligents poden ajudar-te a estalviar energia, fins a un 40% en la factura de la llum. Vols saber com?\",\"breadcrumb\":{\"@id\":\"https:\/\/www.factorenergia.com\/ca\/blog\/blog\/%tiposdeblog%\/finestres-intel%c2%b7ligents-per-estalviar-llum-factorenergia\/#breadcrumb\"},\"inLanguage\":\"ca\",\"potentialAction\":[{\"@type\":\"ReadAction\",\"target\":[\"https:\/\/www.factorenergia.com\/ca\/blog\/blog\/%tiposdeblog%\/finestres-intel%c2%b7ligents-per-estalviar-llum-factorenergia\/\"]}]},{\"@type\":\"BreadcrumbList\",\"@id\":\"https:\/\/www.factorenergia.com\/ca\/blog\/blog\/%tiposdeblog%\/finestres-intel%c2%b7ligents-per-estalviar-llum-factorenergia\/#breadcrumb\",\"itemListElement\":[{\"@type\":\"ListItem\",\"position\":1,\"name\":\"Portada\",\"item\":\"https:\/\/www.factorenergia.com\/ca\/\"},{\"@type\":\"ListItem\",\"position\":2,\"name\":\"Finestres intel\u00b7ligents per estalviar en la factura de llum\"}]},{\"@type\":\"WebSite\",\"@id\":\"https:\/\/www.factorenergia.com\/es\/#website\",\"url\":\"https:\/\/www.factorenergia.com\/es\/\",\"name\":\"factorenergia\",\"description\":\"factorenergia\",\"potentialAction\":[{\"@type\":\"SearchAction\",\"target\":{\"@type\":\"EntryPoint\",\"urlTemplate\":\"https:\/\/www.factorenergia.com\/es\/?s={search_term_string}\"},\"query-input\":\"required name=search_term_string\"}],\"inLanguage\":\"ca\"}]}<\/script>\n<!-- \/ Yoast SEO plugin. -->","yoast_head_json":{"title":"Finestres intel\u00b7ligents per estalviar a la factura de llum | factorenergia","description":"Vols estalviar llum? Les noves finestres intel\u00b7ligents poden ajudar-te a estalviar energia, fins a un 40% en la factura de la llum. Vols saber com?","robots":{"index":"noindex","follow":"follow"},"twitter_card":"summary_large_image","twitter_title":"Finestres intel\u00b7ligents per estalviar a la factura de llum | factorenergia","twitter_description":"Vols estalviar llum? Les noves finestres intel\u00b7ligents poden ajudar-te a estalviar energia, fins a un 40% en la factura de la llum. Vols saber com?","twitter_site":"@factorenergia","twitter_misc":{"Est. reading time":"4 minutes"},"schema":{"@context":"https:\/\/schema.org","@graph":[{"@type":"WebPage","@id":"https:\/\/www.factorenergia.com\/ca\/blog\/blog\/%tiposdeblog%\/finestres-intel%c2%b7ligents-per-estalviar-llum-factorenergia\/","url":"https:\/\/www.factorenergia.com\/ca\/blog\/blog\/%tiposdeblog%\/finestres-intel%c2%b7ligents-per-estalviar-llum-factorenergia\/","name":"Finestres intel\u00b7ligents per estalviar a la factura de llum | factorenergia","isPartOf":{"@id":"https:\/\/www.factorenergia.com\/es\/#website"},"datePublished":"2018-07-02T10:30:45+00:00","dateModified":"2023-02-07T11:54:49+00:00","description":"Vols estalviar llum? Les noves finestres intel\u00b7ligents poden ajudar-te a estalviar energia, fins a un 40% en la factura de la llum. Vols saber com?","breadcrumb":{"@id":"https:\/\/www.factorenergia.com\/ca\/blog\/blog\/%tiposdeblog%\/finestres-intel%c2%b7ligents-per-estalviar-llum-factorenergia\/#breadcrumb"},"inLanguage":"ca","potentialAction":[{"@type":"ReadAction","target":["https:\/\/www.factorenergia.com\/ca\/blog\/blog\/%tiposdeblog%\/finestres-intel%c2%b7ligents-per-estalviar-llum-factorenergia\/"]}]},{"@type":"BreadcrumbList","@id":"https:\/\/www.factorenergia.com\/ca\/blog\/blog\/%tiposdeblog%\/finestres-intel%c2%b7ligents-per-estalviar-llum-factorenergia\/#breadcrumb","itemListElement":[{"@type":"ListItem","position":1,"name":"Portada","item":"https:\/\/www.factorenergia.com\/ca\/"},{"@type":"ListItem","position":2,"name":"Finestres intel\u00b7ligents per estalviar en la factura de llum"}]},{"@type":"WebSite","@id":"https:\/\/www.factorenergia.com\/es\/#website","url":"https:\/\/www.factorenergia.com\/es\/","name":"factorenergia","description":"factorenergia","potentialAction":[{"@type":"SearchAction","target":{"@type":"EntryPoint","urlTemplate":"https:\/\/www.factorenergia.com\/es\/?s={search_term_string}"},"query-input":"required name=search_term_string"}],"inLanguage":"ca"}]}},"_links":{"self":[{"href":"https:\/\/www.factorenergia.com\/ca\/wp-json\/wp\/v2\/posts\/6629"}],"collection":[{"href":"https:\/\/www.factorenergia.com\/ca\/wp-json\/wp\/v2\/posts"}],"about":[{"href":"https:\/\/www.factorenergia.com\/ca\/wp-json\/wp\/v2\/types\/post"}],"author":[{"embeddable":true,"href":"https:\/\/www.factorenergia.com\/ca\/wp-json\/wp\/v2\/users\/17"}],"replies":[{"embeddable":true,"href":"https:\/\/www.factorenergia.com\/ca\/wp-json\/wp\/v2\/comments?post=6629"}],"version-history":[{"count":1,"href":"https:\/\/www.factorenergia.com\/ca\/wp-json\/wp\/v2\/posts\/6629\/revisions"}],"predecessor-version":[{"id":7219,"href":"https:\/\/www.factorenergia.com\/ca\/wp-json\/wp\/v2\/posts\/6629\/revisions\/7219"}],"acf:term":[{"embeddable":true,"taxonomy":"category","href":"https:\/\/www.factorenergia.com\/ca\/wp-json\/wp\/v2\/categories\/61"}],"wp:attachment":[{"href":"https:\/\/www.factorenergia.com\/ca\/wp-json\/wp\/v2\/media?parent=6629"}],"wp:term":[{"taxonomy":"category","embeddable":true,"href":"https:\/\/www.factorenergia.com\/ca\/wp-json\/wp\/v2\/categories?post=6629"},{"taxonomy":"post_tag","embeddable":true,"href":"https:\/\/www.factorenergia.com\/ca\/wp-json\/wp\/v2\/tags?post=6629"}],"curies":[{"name":"wp","href":"https:\/\/api.w.org\/{rel}","templated":true}]}}