{"id":6310,"date":"2018-06-06T12:00:42","date_gmt":"2018-06-06T10:00:42","guid":{"rendered":"https:\/\/www.factorenergia.com\/ca\/?post_type=blog&#038;p=6310"},"modified":"2025-07-31T16:12:26","modified_gmt":"2025-07-31T14:12:26","slug":"consum-energia-verda-llars","status":"publish","type":"post","link":"https:\/\/www.factorenergia.com\/ca\/blog\/noticies\/consum-energia-verda-llars\/","title":{"rendered":"Augment del consum d&#8217;energia verda a les llars"},"content":{"rendered":"<p>En aquest post, t&#8217;expliquem els diversos motius de l&#8217;augment del consum d&#8217;energia verda a les llars.<\/p>\n<p>Cada dia, som m\u00e9s conscients de la relaci\u00f3 entre l&#8217;emissi\u00f3 de gasos d&#8217;efecte hivernacle i el canvi clim\u00e0tic. I aquesta major consci\u00e8ncia s&#8217;ha tradu\u00eft en l&#8217;augment de demanda d&#8217;energies verdes en tots els \u00e0mbits: dom\u00e8stic, industrial&#8230;<\/p>\n<p>En aquest context, les comercialitzadores el\u00e8ctriques estan realitzant un gran esfor\u00e7 per oferir electricitat procedent del 100% de fonts renovables, per\u00f2 hem de saber que no dep\u00e8n d&#8217;elles mateixes, sin\u00f3 que depenen per exemple de les variacions del\u00a0temps: vent, pluja, sol, etc &#8230;<\/p>\n<h2>Qu\u00e8 \u00e9s l&#8217;energia verda?<\/h2>\n<p>Anem a comen\u00e7ar pel principi, \u00bfque \u00e9s l&#8217;energia verda o energia renovable? \u00e9s la que s&#8217;obt\u00e9 de fonts naturals i en principi inesgotables. Existeixen diferents tipus\u00a0com: l&#8217;e\u00f2lica, geot\u00e8rmica, hidroel\u00e8ctrica, mareomotriu, solar, etc.<\/p>\n<h3>Tipus d&#8217;energia verda<\/h3>\n<p><strong>Solar<\/strong>: Recull la radiaci\u00f3 solar a trav\u00e9s de panells fotovoltaics o col\u00b7lectors solars, i es transforma en altres formes d&#8217;energia com electricitat o energia t\u00e8rmica.<\/p>\n<p><strong>E\u00f2lica<\/strong>: \u00c9s l&#8217;energia obtinguda a partir de la for\u00e7a del vent, i mitjan\u00e7ant l&#8217;energia cin\u00e8tica generada per l&#8217;efecte dels corrents d&#8217;aire es converteix en altres formes \u00fatils d&#8217;energia.<\/p>\n<p><strong>Hidr\u00e0ulica<\/strong>: S&#8217;obt\u00e9 a partir de la pot\u00e8ncia acumulada dels salts d&#8217;aigua amb turbines que mouen un generador el\u00e8ctric.<\/p>\n<p><strong>Biomassa<\/strong>: S&#8217;obt\u00e9 de la combusti\u00f3, fermentaci\u00f3, pir\u00f2lisi o gasificaci\u00f3 de fustes, plantes de creixement r\u00e0pid, restes d&#8217;animals o algues conreades.<\/p>\n<p><strong>Mareomotriu:<\/strong> A trav\u00e9s de les marees es transforma l&#8217;energia del moviment de les ones en energia el\u00e8ctrica amb l&#8217;ajuda d&#8217;un alternador.<\/p>\n<p><strong>Geot\u00e8rmica:<\/strong> S&#8217;obt\u00e9 mitjan\u00e7ant l&#8217;aprofitament de la calor natural de l&#8217;interior de la terra que es transmet a trav\u00e9s dels cossos de roca calenta on es susciten processos d&#8217;interacci\u00f3 de fluids i roques, donant origen als sistemes geot\u00e8rmics.<\/p>\n<h2>Per qu\u00e8 has d&#8217;utilitzar energia verda a casa teva?<\/h2>\n<p>\u00c9s molt senzill, perqu\u00e8 s\u00f3n fonts inesgotables d&#8217;energia, perqu\u00e8 lluites contra el canvi clim\u00e0tic, perqu\u00e8 l&#8217;energia verda no emet gasos contaminants, ni residus radioactius. Triant l&#8217;energia verda redueixes la petjada mediambiental i les emissions de CO2 a l&#8217;atmosfera.<\/p>\n<p>A m\u00e9s a m\u00e9s, hi ha moltes formes d&#8217;aconseguir energia verda i aquestes permeten dur-les a llocs a\u00efllats on \u00e9s molt m\u00e9s f\u00e0cil instal\u00b7lar plaques solars que, per exemple, una central nuclear. Com veus tot s\u00f3n avantatges.<\/p>\n<h2>Com saps que t&#8217;estan venent electricitat 100% verda?<\/h2>\n<p>Actualment, les comercialitzadores el\u00e8ctriques poden vendre energia d&#8217;origen renovable adquirint paquets certificats d&#8217;aquesta producci\u00f3 que despr\u00e9s ens ofereixen als consumidors. El que li d\u00f3na la garantia 100% al consumidor \u00e9s que la comercialitzadora el\u00e8ctrica tingui el certificat de la CNMC<\/p>\n<h3>\u00a0Certificat de la CNMC<\/h3>\n<p>En Factorenergia si ens demanes energia verda, a m\u00e9s de convertir-te en un contribuent a un m\u00f3n net, rebr\u00e0s un certificat de la CNMC (Comissi\u00f3 Nacional del Mercat i la Compet\u00e8ncia) acreditant l&#8217;origen renovable de l&#8217;energia que consumeixis. Ens comprometem a que el 100% de l&#8217;energia que has consumit sigui d&#8217;origen renovable.<\/p>\n<h3>\u00c9s possible nom\u00e9s consumir 100% energia verda?<\/h3>\n<p>Si les comercialitzadores el\u00e8ctriques adquireixen la quantitat d&#8217;energia renovable equivalent al total del que demanden els seus consumidors, es pot dir, d&#8217;acord a aquesta certificaci\u00f3, que ofereixen energia 100% renovable.<\/p>\n<p>Per\u00f2 el que passa a Espanya \u00e9s que tota l&#8217;electricitat, renovable i no renovable, es bolca\u00a0a la mateixa xarxa el\u00e8ctrica. Per tant, no existeix una l\u00ednia de subministrament exclusiva per a l&#8217;energia d&#8217;origen renovable (o d&#8217;un altre tipus). Amb la qual cosa l&#8217;energia que rebem i consumim \u00e9s un mix.<\/p>\n<h3>Com funciona el mix el\u00e8ctric?<strong> <\/strong><\/h3>\n<p>L&#8217;electricitat es negocia en el OMIE, que \u00e9s l&#8217;operador del mercat d&#8217;electricitat a la pen\u00ednsula Ib\u00e8rica. All\u00e0, els venedors (generadors) i els compradors (comercialitzadors, consumidors directes &#8230;) presenten les seves ofertes de venda i de compra respectivament. A partir d&#8217;aqu\u00ed, hora per hora, OMIE ordena les ofertes de venda dels productors de menor a major preu. D&#8217;aquesta manera, la tecnologia de menor preu entrar\u00e0 primer, tot seguit la segona, i aix\u00ed successivament, \u00e9s a dir, la llum generada en aquest temps ser\u00e0 mixta, procedent de diferents fonts de generaci\u00f3, verds i no verds.<\/p>\n<h2>L&#8217;energia verda a Espanya<\/h2>\n<p>Segons les dades de la Xarxa El\u00e8ctrica, el mes de mar\u00e7 del 2018 ha estat el mes en qu\u00e8 Espanya ha produ\u00eft m\u00e9s electricitat amb fonts d&#8217;energies renovables o energies verdes. S&#8217;ha produ\u00eft 11.924 GWh amb les diferents tecnologies renovables del sistema el\u00e8ctric, i la seva quota de demanda ha estat del 56,6%.<\/p>\n<p>De totes les energies renovables, l&#8217;e\u00f2lica \u00e9s la gran vencedora que arriba als 6.937 GWh, un 62,7% superior a la del mateix per\u00edode de l&#8217;any passat, i suposa el 32,9% de la producci\u00f3 total. La mitjana di\u00e0ria gaireb\u00e9 arriba als 250 GWh que \u00e9s molt\u00edssim i un gran triomf de l&#8217;energia e\u00f2lica al nostre pa\u00eds.<\/p>\n<p>Tamb\u00e9, les dades de l&#8217;oficina d&#8217;estad\u00edstica europea afirmen que Espanya est\u00e0 fent b\u00e9 els deures i que anem pel bon cam\u00ed. L&#8217;energia procedent de fonts renovables s&#8217;ha incrementat des del 8,3% registrat el 2004 fins al 17,3% de 2016. Aquesta dada \u00e9s m\u00e9s d&#8217;un punt superior al de 2015, quan la proporci\u00f3 d&#8217;energies renovables va ser del 16,2 %.<\/p>\n<h2>Convertir casa meva en una llar amb tecnologia verda<\/h2>\n<p>Un dels primers passos per lluitar contra el canvi clim\u00e0tic \u00e9s comen\u00e7ar per la nostra pr\u00f2pia vida quotidiana i per la nostra casa. Per convertir la teva llar en un espai totalment ecol\u00f2gic i 100% verd et\u00a0donar\u00e9 els seg\u00fcents consells: utilitza plaques solars, instal\u00b7la un mesurador el\u00e8ctric intel\u00b7ligent, posa els teus aparells el\u00e8ctrics en<em> standby<\/em> i podr\u00e0s estalviar fins a un 15% d&#8217;energia.<\/p>\n<p>Per\u00f2 si vols saber m\u00e9s, et proposem que llegeixis el nostre post <a href=\"https:\/\/www.factorenergia.com\/ca\/blog\/apren-a-estalviar\/consells-per-estalviar-energia-casa\/\">12\u00a0Consells per estalviar electricitat a casa<\/a> amb diversos consells per estalviar energia a casa.<\/p>\n<h2>\u00a0Factorenergia aposta per l&#8217;\u00fas de l&#8217;energia verda<\/h2>\n<p>En Factorenergia apostem per l&#8217;energia verda. Si tu tamb\u00e9 vols comprometre&#8217;t, pots demanar-nos energia verda des del teu <a href=\"https:\/\/www.factorenergia.com\/ca\/blog\/enten-la-factura-de-la-llum\/les-meves-factures\/\"><strong>\u00e0rea clients<\/strong> <\/a>o per tel\u00e8fon. I si encara no ets client, podr\u00e0s demanar-la durant el proc\u00e9s de <strong><a href=\"https:\/\/alta.factorenergia.com\/es\/checkout-l\/1\">contractaci\u00f3 en l\u00ednia<\/a> <\/strong>o telef\u00f2nic.<\/p>\n<p>Segons Emili Rousaud en unes declaracions recents al diari El Pais en l&#8217;article &#8220;Llum verd a casa realitat o m\u00e0rqueting ?&#8221; afirma que &#8220;aconseguir que el p\u00fablic manifesti la seva prefer\u00e8ncia per les energies renovables, aix\u00f2 fa que impulsi la inversi\u00f3 en elles &#8220;.<\/p>\n<p>Per aquest motiu, en Factorenergia estem segurs que la utilitzaci\u00f3 de l&#8217;energia verda \u00e9s l&#8217;\u00fanica opci\u00f3 i aposta de futur.<\/p>\n","protected":false},"excerpt":{"rendered":"<p>Per qu\u00e8 ha augmentat l&#8217;\u00fas d&#8217;energia verda a les llars? Per qu\u00e8 hauries d&#8217;utilitzar energies renovables a casa teva? Per diverses raons, per\u00f2 b\u00e0sicament perqu\u00e8 \u00e9s m\u00e9s barata, sostenible i ajuda a combatre el canvi clim\u00e0tic. Si vols saber m\u00e9s continua llegint<\/p>\n","protected":false},"author":17,"featured_media":0,"comment_status":"closed","ping_status":"closed","sticky":false,"template":"","format":"standard","meta":{"inline_featured_image":false,"footnotes":""},"categories":[61],"tags":[],"acf":{"fecha_de_la_entrada":"20180604","imagen_portada":6394,"categoria_blog":null,"tipo_de_distribuidora":null,"tiempo_lectura":"","banner_bool":false,"titulo_banner":"","texto_banner":"","texto_boton_banner":"","url_boton_banner":"","post_relacionados":""},"yoast_head":"<!-- This site is optimized with the Yoast SEO plugin v22.2 - https:\/\/yoast.com\/wordpress\/plugins\/seo\/ -->\n<title>Augment del consum energia verda a les llars<\/title>\n<meta name=\"description\" content=\"En aquest post, et donem les raons per les qual ha augmentat el consum d&#039;energia verda a les llars. &#039;energ\u00eda verda \u00e9s la produida per fonts renovables.\" \/>\n<meta name=\"robots\" content=\"index, follow, max-snippet:-1, max-image-preview:large, max-video-preview:-1\" \/>\n<link rel=\"canonical\" href=\"https:\/\/www.factorenergia.com\/ca\/blog\/noticies\/consum-energia-verda-llars\/\" \/>\n<meta name=\"twitter:card\" content=\"summary_large_image\" \/>\n<meta name=\"twitter:title\" content=\"Augment del consum energia verda a les llars\" \/>\n<meta name=\"twitter:description\" content=\"En aquest post, et donem les raons per les qual ha augmentat el consum d&#039;energia verda a les llars. &#039;energ\u00eda verda \u00e9s la produida per fonts renovables.\" \/>\n<meta name=\"twitter:creator\" content=\"@factorenergia\" \/>\n<meta name=\"twitter:site\" content=\"@factorenergia\" \/>\n<meta name=\"twitter:label1\" content=\"Written by\" \/>\n\t<meta name=\"twitter:data1\" content=\"Equipo Transici\u00f3n Energ\u00e9tica Factorenergia\" \/>\n\t<meta name=\"twitter:label2\" content=\"Est. reading time\" \/>\n\t<meta name=\"twitter:data2\" content=\"5 minutes\" \/>\n<script type=\"application\/ld+json\" class=\"yoast-schema-graph\">{\"@context\":\"https:\/\/schema.org\",\"@graph\":[{\"@type\":\"WebPage\",\"@id\":\"https:\/\/www.factorenergia.com\/ca\/blog\/noticies\/consum-energia-verda-llars\/\",\"url\":\"https:\/\/www.factorenergia.com\/ca\/blog\/noticies\/consum-energia-verda-llars\/\",\"name\":\"Augment del consum energia verda a les llars\",\"isPartOf\":{\"@id\":\"https:\/\/www.factorenergia.com\/es\/#website\"},\"datePublished\":\"2018-06-06T10:00:42+00:00\",\"dateModified\":\"2025-07-31T14:12:26+00:00\",\"author\":{\"@id\":\"https:\/\/www.factorenergia.com\/es\/#\/schema\/person\/dff9e4b6dc520720e3a37bdaaedc5841\"},\"description\":\"En aquest post, et donem les raons per les qual ha augmentat el consum d'energia verda a les llars. 'energ\u00eda verda \u00e9s la produida per fonts renovables.\",\"breadcrumb\":{\"@id\":\"https:\/\/www.factorenergia.com\/ca\/blog\/noticies\/consum-energia-verda-llars\/#breadcrumb\"},\"inLanguage\":\"ca\",\"potentialAction\":[{\"@type\":\"ReadAction\",\"target\":[\"https:\/\/www.factorenergia.com\/ca\/blog\/noticies\/consum-energia-verda-llars\/\"]}]},{\"@type\":\"BreadcrumbList\",\"@id\":\"https:\/\/www.factorenergia.com\/ca\/blog\/noticies\/consum-energia-verda-llars\/#breadcrumb\",\"itemListElement\":[{\"@type\":\"ListItem\",\"position\":1,\"name\":\"Portada\",\"item\":\"https:\/\/www.factorenergia.com\/ca\/\"},{\"@type\":\"ListItem\",\"position\":2,\"name\":\"Augment del consum d&#8217;energia verda a les llars\"}]},{\"@type\":\"WebSite\",\"@id\":\"https:\/\/www.factorenergia.com\/es\/#website\",\"url\":\"https:\/\/www.factorenergia.com\/es\/\",\"name\":\"factorenergia\",\"description\":\"factorenergia\",\"potentialAction\":[{\"@type\":\"SearchAction\",\"target\":{\"@type\":\"EntryPoint\",\"urlTemplate\":\"https:\/\/www.factorenergia.com\/es\/?s={search_term_string}\"},\"query-input\":\"required name=search_term_string\"}],\"inLanguage\":\"ca\"},{\"@type\":\"Person\",\"@id\":\"https:\/\/www.factorenergia.com\/es\/#\/schema\/person\/dff9e4b6dc520720e3a37bdaaedc5841\",\"name\":\"Equipo Transici\u00f3n Energ\u00e9tica Factorenergia\",\"image\":{\"@type\":\"ImageObject\",\"inLanguage\":\"ca\",\"@id\":\"https:\/\/www.factorenergia.com\/es\/#\/schema\/person\/image\/\",\"url\":\"https:\/\/secure.gravatar.com\/avatar\/1b7c76bab80ee1c4261b06108874e24b?s=96&d=mm&r=g\",\"contentUrl\":\"https:\/\/secure.gravatar.com\/avatar\/1b7c76bab80ee1c4261b06108874e24b?s=96&d=mm&r=g\",\"caption\":\"Equipo Transici\u00f3n Energ\u00e9tica Factorenergia\"},\"description\":\"El equipo est\u00e1 formado por expertos en materia de Luz, Gas y Eficiencia Energ\u00e9tica, que conocen de primera mano las tendencias del mercado. Su experiencia en el sector les permite ofrecer las mejores soluciones energ\u00e9ticas y resolver las dudas planteadas por los clientes.\",\"sameAs\":[\"https:\/\/www.factorenergia.com\/es\/\",\"https:\/\/www.facebook.com\/factorenergiacom\",\"https:\/\/www.instagram.com\/factorenergia_com\/\",\"https:\/\/es.linkedin.com\/company\/factor-energia\",\"https:\/\/twitter.com\/factorenergia\",\"https:\/\/www.youtube.com\/c\/factorenergiacom\"],\"url\":\"https:\/\/www.factorenergia.com\/ca\/blog\/author\/marketing\/\"}]}<\/script>\n<!-- \/ Yoast SEO plugin. -->","yoast_head_json":{"title":"Augment del consum energia verda a les llars","description":"En aquest post, et donem les raons per les qual ha augmentat el consum d'energia verda a les llars. 'energ\u00eda verda \u00e9s la produida per fonts renovables.","robots":{"index":"index","follow":"follow","max-snippet":"max-snippet:-1","max-image-preview":"max-image-preview:large","max-video-preview":"max-video-preview:-1"},"canonical":"https:\/\/www.factorenergia.com\/ca\/blog\/noticies\/consum-energia-verda-llars\/","twitter_card":"summary_large_image","twitter_title":"Augment del consum energia verda a les llars","twitter_description":"En aquest post, et donem les raons per les qual ha augmentat el consum d'energia verda a les llars. 'energ\u00eda verda \u00e9s la produida per fonts renovables.","twitter_creator":"@factorenergia","twitter_site":"@factorenergia","twitter_misc":{"Written by":"Equipo Transici\u00f3n Energ\u00e9tica Factorenergia","Est. reading time":"5 minutes"},"schema":{"@context":"https:\/\/schema.org","@graph":[{"@type":"WebPage","@id":"https:\/\/www.factorenergia.com\/ca\/blog\/noticies\/consum-energia-verda-llars\/","url":"https:\/\/www.factorenergia.com\/ca\/blog\/noticies\/consum-energia-verda-llars\/","name":"Augment del consum energia verda a les llars","isPartOf":{"@id":"https:\/\/www.factorenergia.com\/es\/#website"},"datePublished":"2018-06-06T10:00:42+00:00","dateModified":"2025-07-31T14:12:26+00:00","author":{"@id":"https:\/\/www.factorenergia.com\/es\/#\/schema\/person\/dff9e4b6dc520720e3a37bdaaedc5841"},"description":"En aquest post, et donem les raons per les qual ha augmentat el consum d'energia verda a les llars. 'energ\u00eda verda \u00e9s la produida per fonts renovables.","breadcrumb":{"@id":"https:\/\/www.factorenergia.com\/ca\/blog\/noticies\/consum-energia-verda-llars\/#breadcrumb"},"inLanguage":"ca","potentialAction":[{"@type":"ReadAction","target":["https:\/\/www.factorenergia.com\/ca\/blog\/noticies\/consum-energia-verda-llars\/"]}]},{"@type":"BreadcrumbList","@id":"https:\/\/www.factorenergia.com\/ca\/blog\/noticies\/consum-energia-verda-llars\/#breadcrumb","itemListElement":[{"@type":"ListItem","position":1,"name":"Portada","item":"https:\/\/www.factorenergia.com\/ca\/"},{"@type":"ListItem","position":2,"name":"Augment del consum d&#8217;energia verda a les llars"}]},{"@type":"WebSite","@id":"https:\/\/www.factorenergia.com\/es\/#website","url":"https:\/\/www.factorenergia.com\/es\/","name":"factorenergia","description":"factorenergia","potentialAction":[{"@type":"SearchAction","target":{"@type":"EntryPoint","urlTemplate":"https:\/\/www.factorenergia.com\/es\/?s={search_term_string}"},"query-input":"required name=search_term_string"}],"inLanguage":"ca"},{"@type":"Person","@id":"https:\/\/www.factorenergia.com\/es\/#\/schema\/person\/dff9e4b6dc520720e3a37bdaaedc5841","name":"Equipo Transici\u00f3n Energ\u00e9tica Factorenergia","image":{"@type":"ImageObject","inLanguage":"ca","@id":"https:\/\/www.factorenergia.com\/es\/#\/schema\/person\/image\/","url":"https:\/\/secure.gravatar.com\/avatar\/1b7c76bab80ee1c4261b06108874e24b?s=96&d=mm&r=g","contentUrl":"https:\/\/secure.gravatar.com\/avatar\/1b7c76bab80ee1c4261b06108874e24b?s=96&d=mm&r=g","caption":"Equipo Transici\u00f3n Energ\u00e9tica Factorenergia"},"description":"El equipo est\u00e1 formado por expertos en materia de Luz, Gas y Eficiencia Energ\u00e9tica, que conocen de primera mano las tendencias del mercado. Su experiencia en el sector les permite ofrecer las mejores soluciones energ\u00e9ticas y resolver las dudas planteadas por los clientes.","sameAs":["https:\/\/www.factorenergia.com\/es\/","https:\/\/www.facebook.com\/factorenergiacom","https:\/\/www.instagram.com\/factorenergia_com\/","https:\/\/es.linkedin.com\/company\/factor-energia","https:\/\/twitter.com\/factorenergia","https:\/\/www.youtube.com\/c\/factorenergiacom"],"url":"https:\/\/www.factorenergia.com\/ca\/blog\/author\/marketing\/"}]}},"_links":{"self":[{"href":"https:\/\/www.factorenergia.com\/ca\/wp-json\/wp\/v2\/posts\/6310"}],"collection":[{"href":"https:\/\/www.factorenergia.com\/ca\/wp-json\/wp\/v2\/posts"}],"about":[{"href":"https:\/\/www.factorenergia.com\/ca\/wp-json\/wp\/v2\/types\/post"}],"author":[{"embeddable":true,"href":"https:\/\/www.factorenergia.com\/ca\/wp-json\/wp\/v2\/users\/17"}],"replies":[{"embeddable":true,"href":"https:\/\/www.factorenergia.com\/ca\/wp-json\/wp\/v2\/comments?post=6310"}],"version-history":[{"count":3,"href":"https:\/\/www.factorenergia.com\/ca\/wp-json\/wp\/v2\/posts\/6310\/revisions"}],"predecessor-version":[{"id":29102,"href":"https:\/\/www.factorenergia.com\/ca\/wp-json\/wp\/v2\/posts\/6310\/revisions\/29102"}],"wp:attachment":[{"href":"https:\/\/www.factorenergia.com\/ca\/wp-json\/wp\/v2\/media?parent=6310"}],"wp:term":[{"taxonomy":"category","embeddable":true,"href":"https:\/\/www.factorenergia.com\/ca\/wp-json\/wp\/v2\/categories?post=6310"},{"taxonomy":"post_tag","embeddable":true,"href":"https:\/\/www.factorenergia.com\/ca\/wp-json\/wp\/v2\/tags?post=6310"}],"curies":[{"name":"wp","href":"https:\/\/api.w.org\/{rel}","templated":true}]}}