{"id":5326,"date":"2018-01-10T10:43:50","date_gmt":"2018-01-10T08:43:50","guid":{"rendered":"https:\/\/www.factorenergia.com\/ca\/?post_type=blog&#038;p=5326"},"modified":"2025-07-31T15:39:35","modified_gmt":"2025-07-31T13:39:35","slug":"tarifa-fixa-de-gas-factor-energia","status":"publish","type":"post","link":"https:\/\/www.factorenergia.com\/ca\/blog\/enten-la-factura-de-la-llum\/tarifa-fixa-de-gas-factor-energia\/","title":{"rendered":"Desgranant la tarifa fixa de gas de Factorenergia"},"content":{"rendered":"<p><span style=\"color: #000000;\">La <a href=\"https:\/\/www.factorenergia.com\/ca\/gas\/tarifa-fixa\/\" target=\"_blank\" rel=\"noopener noreferrer\">tarifa fixa de gas<\/a>, de la mateixa manera que passa amb la tarifa fixa\u00a0de llum, acostuma a confondre\u2019s amb una tarifa plana. Una tarifa plana consisteix en un sistema de facturaci\u00f3 que et cobra cada mes a preu tancat i a finals d\u2019any regularitza el preu en relaci\u00f3 al consum; es calcula el que el client hauria pagat de m\u00e9s o de menys i es cobra la difer\u00e8ncia, en funci\u00f3, en una \u00fanica factura. \u00c9s a dir, pagues el mateix cada mes i la difer\u00e8ncia un cop a l\u2019any.\u00a0<\/span><\/p>\n<p><span><div class=\"text-center center blog-cta\"><p>Canvia't a factorenergia i estalvia un 20% a la Factura del Gas ... Per Sempre!<\/p><a class=\"blog-cta primary-btn text-center solicitar-estudio\" target=\"_blank\" title=\"Truca Gratis o Contracta Online en 2 min\" href=\"https:\/\/www.factorenergia.com\/ca\/canvia-de-companyia\/\">Truca Gratis o Contracta Online en 2 min<\/a><p><\/p><div style=\"display:none;\"><p>Canvia't a factorenergia i estalvia un 20% a la Factura del Gas ... Per Sempre!<\/p><\/div>\n\t\t\t<script type='text\/javascript'>\n\t\t\t\tjQuery('.solicitar-estudio').click(function(){\t\t\t\t\t\t\t\t\t\n\t\t\t\t\tdataLayer.push({'language': 'ca'});\n\t\t\t\t\tdataLayer.push({'post_id': '5326'});\n\t\t\t\t\tdataLayer.push({'cat_type': 'gas'});\n\t\t\t\t});\n\t\t\t<\/script>\n\t\t<\/div><br\/>\u00a0<\/span><\/p>\n<p><span style=\"color: #000000;\">A Factor Energia, de moment, no hi trobar\u00e0s aquesta tarifa, ni per a llum ni per a gas; aix\u00ed que<strong> si parlem de gas a preu estable, t\u2019oferim la<\/strong> <strong>tarifa de gas fixa<\/strong>:<\/span><\/p>\n<h2><span style=\"color: #000000;\">Qu\u00e8 \u00e9s la tarifa fixa de gas<\/span><\/h2>\n<p><span style=\"color: #000000;\">La tarifa de gas fixa t\u2019ofereix un <strong>preu per quilovat estable<\/strong>. Aix\u00f2 vol dir que<strong> sempre pagar\u00e0s el teu consum al mateix preu<\/strong>; cada quilovat de consum te\u2019l cobrarem a, en aquest cas, <strong>0,050080 \u20ac si no tens calefacci\u00f3<\/strong> o a 0,046378 \u20ac si tens calefacci\u00f3*. Aix\u00ed, l\u2019\u00fanica cosa que t\u2019amo\u00efnar\u00e0 ser\u00e0 quant consumeixes, no quan.<\/span><\/p>\n<p><span style=\"color: #000000;\">Perqu\u00e8 s\u2019entengui millor, i prenent d\u2019exemple el cas de la tarifa fixa per a aquells que no tenen calefacci\u00f3 a casa, si cada kW\/h fos un caramel, cadascun dels caramels costaria 0,050080 \u20ac, cinc caramels costarien 0,2504 \u20ac i etc\u00e8tera, resultant d\u2019una senzilla multiplicaci\u00f3: preu del caramel (kWh) [0,050080 \u20ac] x [n\u00famero de caramels] (kWh consumits) = preu del consum.<\/span><\/p>\n<div id=\"attachment_5378\" style=\"width: 647px\" class=\"wp-caption aligncenter\"><picture><source srcset=\"https:\/\/www.factorenergia.com\/wp-content\/webp-express\/webp-images\/uploads\/2018\/01\/tarifa-fixa-gas-GENER.jpg.webp 979w, https:\/\/www.factorenergia.com\/wp-content\/webp-express\/webp-images\/uploads\/2018\/01\/tarifa-fixa-gas-GENER-300x92.jpg.webp 300w, https:\/\/www.factorenergia.com\/wp-content\/webp-express\/webp-images\/uploads\/2018\/01\/tarifa-fixa-gas-GENER-768x236.jpg.webp 768w, https:\/\/www.factorenergia.com\/wp-content\/webp-express\/webp-images\/uploads\/2018\/01\/tarifa-fixa-gas-GENER-306x94.jpg.webp 306w, https:\/\/www.factorenergia.com\/wp-content\/webp-express\/webp-images\/uploads\/2018\/01\/tarifa-fixa-gas-GENER-90x28.jpg.webp 90w, https:\/\/www.factorenergia.com\/wp-content\/webp-express\/webp-images\/uploads\/2018\/01\/tarifa-fixa-gas-GENER-170x52.jpg.webp 170w, https:\/\/www.factorenergia.com\/wp-content\/webp-express\/webp-images\/uploads\/2018\/01\/tarifa-fixa-gas-GENER-500x154.jpg.webp 500w\" sizes=\"(max-width: 637px) 100vw, 637px\" type=\"image\/webp\"><img loading=\"lazy\" decoding=\"async\" aria-describedby=\"caption-attachment-5378\" src=\"https:\/\/www.factorenergia.com\/wp-content\/uploads\/2018\/01\/tarifa-fixa-gas-GENER.jpg\" alt=\"tarifa de gas fixa\" width=\"637\" height=\"196\" class=\"wp-image-5378  webpexpress-processed\" title=\"tarifa de gas fixa\" srcset=\"https:\/\/www.factorenergia.com\/wp-content\/uploads\/2018\/01\/tarifa-fixa-gas-GENER.jpg 979w, https:\/\/www.factorenergia.com\/wp-content\/uploads\/2018\/01\/tarifa-fixa-gas-GENER-300x92.jpg 300w, https:\/\/www.factorenergia.com\/wp-content\/uploads\/2018\/01\/tarifa-fixa-gas-GENER-768x236.jpg 768w, https:\/\/www.factorenergia.com\/wp-content\/uploads\/2018\/01\/tarifa-fixa-gas-GENER-306x94.jpg 306w, https:\/\/www.factorenergia.com\/wp-content\/uploads\/2018\/01\/tarifa-fixa-gas-GENER-90x28.jpg 90w, https:\/\/www.factorenergia.com\/wp-content\/uploads\/2018\/01\/tarifa-fixa-gas-GENER-170x52.jpg 170w, https:\/\/www.factorenergia.com\/wp-content\/uploads\/2018\/01\/tarifa-fixa-gas-GENER-500x154.jpg 500w\" sizes=\"(max-width: 637px) 100vw, 637px\"><\/picture><p id=\"caption-attachment-5378\" class=\"wp-caption-text\">*Preus a data 10\/01\/2018<\/p><\/div>\n<p><span style=\"color: #000000;\">En aquesta tarifa, el preu que s\u2019estipula al mercat del gas no t\u2019influeix;<strong> est\u00e0 pensada perqu\u00e8 no hagis d\u2019amo\u00efnar-te per les hores a les que efectues el teu consum<\/strong>, ja que, a difer\u00e8ncia d\u2019altres modalitats tarifaries, pagar\u00e0s el mateix independentment de l\u2019hora a la que consumis. A aquesta despesa se li ha de sumar el terme fix, que equival al <a href=\"https:\/\/www.factorenergia.com\/ca\/blog\/enten-la-factura-de-la-llum\/terme-potencia-com-estalviar-llum\/\" target=\"_blank\" rel=\"noopener noreferrer\">terme pot\u00e8ncia de llum<\/a>.<\/span><br \/>\n\r\n<script type=\"text\/javascript\" async defer>\r\n\r\n    jQuery(document).ready(function(){\t\t\r\n\t\t\r\n\t});\r\n<\/script>\r\n\r\n<style>\r\n\t.block-interested_posts{\r\n        margin-top: 10px;\r\n        padding: 20px;\r\n        border: 2px solid #92C200;\r\n    }\r\n    .block-interested_posts ul{\r\n        margin-bottom:0px;\r\n    }\r\n    .block-interested_posts ul li{\r\n        margin-bottom:5px;\r\n    }\r\n    .block-interested_posts ul li a{\r\n        \/*color: #DF981E;*\/\r\n    }\r\n\r\n<\/style>\r\n\r\n<div class=\"block-interested_posts\">\r\n    <p><strong>Post que et poden interessar<\/strong><\/p>\r\n    <ul>\r\n                    <li><a href=\"https:\/\/www.factorenergia.com\/ca\/blog\/enten-la-factura-de-la-llum\/quants-kwh-consumeix-una-casa-al-mes\/\" title=\"Quants kWh consumeix una casa al mes?\">Quants kWh consumeix una casa al mes?<\/a><\/li>\r\n                    <li><a href=\"https:\/\/www.factorenergia.com\/ca\/blog\/enten-la-factura-de-la-llum\/factura-de-la-llum-diferencia-entre-potencia-i-energia\/\" title=\"Factura de la llum: difer\u00e8ncia entre pot\u00e8ncia i energia\">Factura de la llum: difer\u00e8ncia entre pot\u00e8ncia i energia<\/a><\/li>\r\n            <\/ul>\t\r\n<\/div><\/p>\n<h2><span style=\"color: #000000;\">Altres dades importants sobre les nostres tarifes de gas<\/span><\/h2>\n<h3><span style=\"color: #000000;\"><strong>Medi ambient<\/strong><\/span><\/h3>\n<p><span style=\"color: #000000;\">Encara que el gas natural no \u00e9s una energia renovable, s\u00ed \u00e9s el combustible f\u00f2ssil menys nociu per al medi ambient: <strong>emet fins a un 50% menys de CO2<\/strong> que el carb\u00f3 i est\u00e0 exempt d\u2019impureses i residus, aix\u00ed que tampoc emet part\u00edcules s\u00f2lides.<\/span><\/p>\n<h3><span style=\"color: #000000;\"><strong>Sense perman\u00e8ncia, de cap mena<\/strong><\/span><\/h3>\n<p><span style=\"color: #000000;\">Les nostres tarifes de gas<strong> no tenen perman\u00e8ncia, ni amb Factor Energia ni entre les dem\u00e9s tarifes<\/strong>. Aix\u00f2 vol dir que pots anar-te\u2019n quan vulguis i que, a m\u00e9s a m\u00e9s, si ho vols, avisant-nos amb un mes d\u2019antelaci\u00f3, <strong>podr\u00e0s passar d\u2019una tarifa a una altra, sense cost, sense l\u00edmit de canvis i sense penalitzacions<\/strong>.<\/span><\/p>\n<p>&nbsp;<\/p>\n<p><span style=\"color: #000000;\">Si necessites una mica m\u00e9s d\u2019assessorament sobre la tarifa fixa de gas, o qualsevol altra, no dubtis a trucar-nos al <strong>tel\u00e8fon gratu\u00eft: 900 850 000<\/strong>, i si ho tens clar i vols comen\u00e7ar a estalviar gas amb Factorenergia, <a href=\"https:\/\/www.factorenergia.com\/es\/gas\/contratar-gas\/\" target=\"_blank\" rel=\"noopener noreferrer\">contracta el gas online<\/a> i escull la tarifa fixa; et garantim que nom\u00e9s et dur\u00e0 3 minuts. T\u2019esperem \ud83d\ude42<\/span><\/p>\n<p>&nbsp;<\/p>\n","protected":false},"excerpt":{"rendered":"<p>Et presentem la tarifa de gas fixa, la tarifa de la calma, amb la que cada kW de consum et costar\u00e0 sempre el mateix. En vols saber m\u00e9s?<\/p>\n","protected":false},"author":17,"featured_media":0,"comment_status":"open","ping_status":"closed","sticky":false,"template":"","format":"standard","meta":{"inline_featured_image":false,"footnotes":""},"categories":[57],"tags":[],"acf":{"fecha_de_la_entrada":"20180110","imagen_portada":5329,"categoria_blog":null,"tipo_de_distribuidora":null,"tiempo_lectura":"","banner_bool":false,"titulo_banner":"","texto_banner":"","texto_boton_banner":"","url_boton_banner":"","post_relacionados":""},"yoast_head":"<!-- This site is optimized with the Yoast SEO plugin v22.2 - https:\/\/yoast.com\/wordpress\/plugins\/seo\/ -->\n<title>Desgranant la tarifa fixa de gas de Factorenergia | factorenergia<\/title>\n<meta name=\"description\" content=\"Et presentem la tarifa fixa de gas, la tarifa de la calma, amb la que cada kW de consum et costar\u00e0 sempre el mateix. En vols saber m\u00e9s?\" \/>\n<meta name=\"robots\" content=\"index, follow, max-snippet:-1, max-image-preview:large, max-video-preview:-1\" \/>\n<link rel=\"canonical\" href=\"https:\/\/www.factorenergia.com\/ca\/blog\/enten-la-factura-de-la-llum\/tarifa-fixa-de-gas-factor-energia\/\" \/>\n<meta name=\"twitter:card\" content=\"summary_large_image\" \/>\n<meta name=\"twitter:title\" content=\"Desgranant la tarifa fixa de gas de Factorenergia | factorenergia\" \/>\n<meta name=\"twitter:description\" content=\"Et presentem la tarifa fixa de gas, la tarifa de la calma, amb la que cada kW de consum et costar\u00e0 sempre el mateix. En vols saber m\u00e9s?\" \/>\n<meta name=\"twitter:image\" content=\"https:\/\/www.factorenergia.com\/wp-content\/uploads\/2018\/01\/tarifa-fixa-gas-GENER.jpg\" \/>\n<meta name=\"twitter:creator\" content=\"@factorenergia\" \/>\n<meta name=\"twitter:site\" content=\"@factorenergia\" \/>\n<meta name=\"twitter:label1\" content=\"Written by\" \/>\n\t<meta name=\"twitter:data1\" content=\"Equipo Transici\u00f3n Energ\u00e9tica Factorenergia\" \/>\n\t<meta name=\"twitter:label2\" content=\"Est. reading time\" \/>\n\t<meta name=\"twitter:data2\" content=\"3 minutes\" \/>\n<script type=\"application\/ld+json\" class=\"yoast-schema-graph\">{\"@context\":\"https:\/\/schema.org\",\"@graph\":[{\"@type\":\"WebPage\",\"@id\":\"https:\/\/www.factorenergia.com\/ca\/blog\/enten-la-factura-de-la-llum\/tarifa-fixa-de-gas-factor-energia\/\",\"url\":\"https:\/\/www.factorenergia.com\/ca\/blog\/enten-la-factura-de-la-llum\/tarifa-fixa-de-gas-factor-energia\/\",\"name\":\"Desgranant la tarifa fixa de gas de Factorenergia | factorenergia\",\"isPartOf\":{\"@id\":\"https:\/\/www.factorenergia.com\/es\/#website\"},\"primaryImageOfPage\":{\"@id\":\"https:\/\/www.factorenergia.com\/ca\/blog\/enten-la-factura-de-la-llum\/tarifa-fixa-de-gas-factor-energia\/#primaryimage\"},\"image\":{\"@id\":\"https:\/\/www.factorenergia.com\/ca\/blog\/enten-la-factura-de-la-llum\/tarifa-fixa-de-gas-factor-energia\/#primaryimage\"},\"thumbnailUrl\":\"https:\/\/www.factorenergia.com\/wp-content\/uploads\/2018\/01\/tarifa-fixa-gas-GENER.jpg\",\"datePublished\":\"2018-01-10T08:43:50+00:00\",\"dateModified\":\"2025-07-31T13:39:35+00:00\",\"author\":{\"@id\":\"https:\/\/www.factorenergia.com\/es\/#\/schema\/person\/dff9e4b6dc520720e3a37bdaaedc5841\"},\"description\":\"Et presentem la tarifa fixa de gas, la tarifa de la calma, amb la que cada kW de consum et costar\u00e0 sempre el mateix. En vols saber m\u00e9s?\",\"breadcrumb\":{\"@id\":\"https:\/\/www.factorenergia.com\/ca\/blog\/enten-la-factura-de-la-llum\/tarifa-fixa-de-gas-factor-energia\/#breadcrumb\"},\"inLanguage\":\"ca\",\"potentialAction\":[{\"@type\":\"ReadAction\",\"target\":[\"https:\/\/www.factorenergia.com\/ca\/blog\/enten-la-factura-de-la-llum\/tarifa-fixa-de-gas-factor-energia\/\"]}]},{\"@type\":\"ImageObject\",\"inLanguage\":\"ca\",\"@id\":\"https:\/\/www.factorenergia.com\/ca\/blog\/enten-la-factura-de-la-llum\/tarifa-fixa-de-gas-factor-energia\/#primaryimage\",\"url\":\"https:\/\/www.factorenergia.com\/wp-content\/uploads\/2018\/01\/tarifa-fixa-gas-GENER.jpg\",\"contentUrl\":\"https:\/\/www.factorenergia.com\/wp-content\/uploads\/2018\/01\/tarifa-fixa-gas-GENER.jpg\"},{\"@type\":\"BreadcrumbList\",\"@id\":\"https:\/\/www.factorenergia.com\/ca\/blog\/enten-la-factura-de-la-llum\/tarifa-fixa-de-gas-factor-energia\/#breadcrumb\",\"itemListElement\":[{\"@type\":\"ListItem\",\"position\":1,\"name\":\"Portada\",\"item\":\"https:\/\/www.factorenergia.com\/ca\/\"},{\"@type\":\"ListItem\",\"position\":2,\"name\":\"Desgranant la tarifa fixa de gas de Factorenergia\"}]},{\"@type\":\"WebSite\",\"@id\":\"https:\/\/www.factorenergia.com\/es\/#website\",\"url\":\"https:\/\/www.factorenergia.com\/es\/\",\"name\":\"factorenergia\",\"description\":\"factorenergia\",\"potentialAction\":[{\"@type\":\"SearchAction\",\"target\":{\"@type\":\"EntryPoint\",\"urlTemplate\":\"https:\/\/www.factorenergia.com\/es\/?s={search_term_string}\"},\"query-input\":\"required name=search_term_string\"}],\"inLanguage\":\"ca\"},{\"@type\":\"Person\",\"@id\":\"https:\/\/www.factorenergia.com\/es\/#\/schema\/person\/dff9e4b6dc520720e3a37bdaaedc5841\",\"name\":\"Equipo Transici\u00f3n Energ\u00e9tica Factorenergia\",\"image\":{\"@type\":\"ImageObject\",\"inLanguage\":\"ca\",\"@id\":\"https:\/\/www.factorenergia.com\/es\/#\/schema\/person\/image\/\",\"url\":\"https:\/\/secure.gravatar.com\/avatar\/1b7c76bab80ee1c4261b06108874e24b?s=96&d=mm&r=g\",\"contentUrl\":\"https:\/\/secure.gravatar.com\/avatar\/1b7c76bab80ee1c4261b06108874e24b?s=96&d=mm&r=g\",\"caption\":\"Equipo Transici\u00f3n Energ\u00e9tica Factorenergia\"},\"description\":\"El equipo est\u00e1 formado por expertos en materia de Luz, Gas y Eficiencia Energ\u00e9tica, que conocen de primera mano las tendencias del mercado. Su experiencia en el sector les permite ofrecer las mejores soluciones energ\u00e9ticas y resolver las dudas planteadas por los clientes.\",\"sameAs\":[\"https:\/\/www.factorenergia.com\/es\/\",\"https:\/\/www.facebook.com\/factorenergiacom\",\"https:\/\/www.instagram.com\/factorenergia_com\/\",\"https:\/\/es.linkedin.com\/company\/factor-energia\",\"https:\/\/twitter.com\/factorenergia\",\"https:\/\/www.youtube.com\/c\/factorenergiacom\"],\"url\":\"https:\/\/www.factorenergia.com\/ca\/blog\/author\/marketing\/\"}]}<\/script>\n<!-- \/ Yoast SEO plugin. -->","yoast_head_json":{"title":"Desgranant la tarifa fixa de gas de Factorenergia | factorenergia","description":"Et presentem la tarifa fixa de gas, la tarifa de la calma, amb la que cada kW de consum et costar\u00e0 sempre el mateix. En vols saber m\u00e9s?","robots":{"index":"index","follow":"follow","max-snippet":"max-snippet:-1","max-image-preview":"max-image-preview:large","max-video-preview":"max-video-preview:-1"},"canonical":"https:\/\/www.factorenergia.com\/ca\/blog\/enten-la-factura-de-la-llum\/tarifa-fixa-de-gas-factor-energia\/","twitter_card":"summary_large_image","twitter_title":"Desgranant la tarifa fixa de gas de Factorenergia | factorenergia","twitter_description":"Et presentem la tarifa fixa de gas, la tarifa de la calma, amb la que cada kW de consum et costar\u00e0 sempre el mateix. En vols saber m\u00e9s?","twitter_image":"https:\/\/www.factorenergia.com\/wp-content\/uploads\/2018\/01\/tarifa-fixa-gas-GENER.jpg","twitter_creator":"@factorenergia","twitter_site":"@factorenergia","twitter_misc":{"Written by":"Equipo Transici\u00f3n Energ\u00e9tica Factorenergia","Est. reading time":"3 minutes"},"schema":{"@context":"https:\/\/schema.org","@graph":[{"@type":"WebPage","@id":"https:\/\/www.factorenergia.com\/ca\/blog\/enten-la-factura-de-la-llum\/tarifa-fixa-de-gas-factor-energia\/","url":"https:\/\/www.factorenergia.com\/ca\/blog\/enten-la-factura-de-la-llum\/tarifa-fixa-de-gas-factor-energia\/","name":"Desgranant la tarifa fixa de gas de Factorenergia | factorenergia","isPartOf":{"@id":"https:\/\/www.factorenergia.com\/es\/#website"},"primaryImageOfPage":{"@id":"https:\/\/www.factorenergia.com\/ca\/blog\/enten-la-factura-de-la-llum\/tarifa-fixa-de-gas-factor-energia\/#primaryimage"},"image":{"@id":"https:\/\/www.factorenergia.com\/ca\/blog\/enten-la-factura-de-la-llum\/tarifa-fixa-de-gas-factor-energia\/#primaryimage"},"thumbnailUrl":"https:\/\/www.factorenergia.com\/wp-content\/uploads\/2018\/01\/tarifa-fixa-gas-GENER.jpg","datePublished":"2018-01-10T08:43:50+00:00","dateModified":"2025-07-31T13:39:35+00:00","author":{"@id":"https:\/\/www.factorenergia.com\/es\/#\/schema\/person\/dff9e4b6dc520720e3a37bdaaedc5841"},"description":"Et presentem la tarifa fixa de gas, la tarifa de la calma, amb la que cada kW de consum et costar\u00e0 sempre el mateix. En vols saber m\u00e9s?","breadcrumb":{"@id":"https:\/\/www.factorenergia.com\/ca\/blog\/enten-la-factura-de-la-llum\/tarifa-fixa-de-gas-factor-energia\/#breadcrumb"},"inLanguage":"ca","potentialAction":[{"@type":"ReadAction","target":["https:\/\/www.factorenergia.com\/ca\/blog\/enten-la-factura-de-la-llum\/tarifa-fixa-de-gas-factor-energia\/"]}]},{"@type":"ImageObject","inLanguage":"ca","@id":"https:\/\/www.factorenergia.com\/ca\/blog\/enten-la-factura-de-la-llum\/tarifa-fixa-de-gas-factor-energia\/#primaryimage","url":"https:\/\/www.factorenergia.com\/wp-content\/uploads\/2018\/01\/tarifa-fixa-gas-GENER.jpg","contentUrl":"https:\/\/www.factorenergia.com\/wp-content\/uploads\/2018\/01\/tarifa-fixa-gas-GENER.jpg"},{"@type":"BreadcrumbList","@id":"https:\/\/www.factorenergia.com\/ca\/blog\/enten-la-factura-de-la-llum\/tarifa-fixa-de-gas-factor-energia\/#breadcrumb","itemListElement":[{"@type":"ListItem","position":1,"name":"Portada","item":"https:\/\/www.factorenergia.com\/ca\/"},{"@type":"ListItem","position":2,"name":"Desgranant la tarifa fixa de gas de Factorenergia"}]},{"@type":"WebSite","@id":"https:\/\/www.factorenergia.com\/es\/#website","url":"https:\/\/www.factorenergia.com\/es\/","name":"factorenergia","description":"factorenergia","potentialAction":[{"@type":"SearchAction","target":{"@type":"EntryPoint","urlTemplate":"https:\/\/www.factorenergia.com\/es\/?s={search_term_string}"},"query-input":"required name=search_term_string"}],"inLanguage":"ca"},{"@type":"Person","@id":"https:\/\/www.factorenergia.com\/es\/#\/schema\/person\/dff9e4b6dc520720e3a37bdaaedc5841","name":"Equipo Transici\u00f3n Energ\u00e9tica Factorenergia","image":{"@type":"ImageObject","inLanguage":"ca","@id":"https:\/\/www.factorenergia.com\/es\/#\/schema\/person\/image\/","url":"https:\/\/secure.gravatar.com\/avatar\/1b7c76bab80ee1c4261b06108874e24b?s=96&d=mm&r=g","contentUrl":"https:\/\/secure.gravatar.com\/avatar\/1b7c76bab80ee1c4261b06108874e24b?s=96&d=mm&r=g","caption":"Equipo Transici\u00f3n Energ\u00e9tica Factorenergia"},"description":"El equipo est\u00e1 formado por expertos en materia de Luz, Gas y Eficiencia Energ\u00e9tica, que conocen de primera mano las tendencias del mercado. Su experiencia en el sector les permite ofrecer las mejores soluciones energ\u00e9ticas y resolver las dudas planteadas por los clientes.","sameAs":["https:\/\/www.factorenergia.com\/es\/","https:\/\/www.facebook.com\/factorenergiacom","https:\/\/www.instagram.com\/factorenergia_com\/","https:\/\/es.linkedin.com\/company\/factor-energia","https:\/\/twitter.com\/factorenergia","https:\/\/www.youtube.com\/c\/factorenergiacom"],"url":"https:\/\/www.factorenergia.com\/ca\/blog\/author\/marketing\/"}]}},"_links":{"self":[{"href":"https:\/\/www.factorenergia.com\/ca\/wp-json\/wp\/v2\/posts\/5326"}],"collection":[{"href":"https:\/\/www.factorenergia.com\/ca\/wp-json\/wp\/v2\/posts"}],"about":[{"href":"https:\/\/www.factorenergia.com\/ca\/wp-json\/wp\/v2\/types\/post"}],"author":[{"embeddable":true,"href":"https:\/\/www.factorenergia.com\/ca\/wp-json\/wp\/v2\/users\/17"}],"replies":[{"embeddable":true,"href":"https:\/\/www.factorenergia.com\/ca\/wp-json\/wp\/v2\/comments?post=5326"}],"version-history":[{"count":3,"href":"https:\/\/www.factorenergia.com\/ca\/wp-json\/wp\/v2\/posts\/5326\/revisions"}],"predecessor-version":[{"id":29088,"href":"https:\/\/www.factorenergia.com\/ca\/wp-json\/wp\/v2\/posts\/5326\/revisions\/29088"}],"wp:attachment":[{"href":"https:\/\/www.factorenergia.com\/ca\/wp-json\/wp\/v2\/media?parent=5326"}],"wp:term":[{"taxonomy":"category","embeddable":true,"href":"https:\/\/www.factorenergia.com\/ca\/wp-json\/wp\/v2\/categories?post=5326"},{"taxonomy":"post_tag","embeddable":true,"href":"https:\/\/www.factorenergia.com\/ca\/wp-json\/wp\/v2\/tags?post=5326"}],"curies":[{"name":"wp","href":"https:\/\/api.w.org\/{rel}","templated":true}]}}