{"id":5315,"date":"2018-01-08T11:46:17","date_gmt":"2018-01-08T09:46:17","guid":{"rendered":"https:\/\/www.factorenergia.com\/ca\/?post_type=blog&#038;p=5315"},"modified":"2026-07-30T12:14:13","modified_gmt":"2026-07-30T10:14:13","slug":"i-parlant-de-tipus-bombetes","status":"publish","type":"post","link":"https:\/\/www.factorenergia.com\/ca\/blog\/apren-a-estalviar\/i-parlant-de-tipus-bombetes\/","title":{"rendered":"I parlant de tipus bombetes\u2026"},"content":{"rendered":"<p><span style=\"color: #000000;\">Es diu que el 18% del consum el\u00e8ctric a les llars prov\u00e9 de la il\u00b7luminaci\u00f3 i a les oficines, un 30%. Per\u00f2, si pogu\u00e9ssim estalviar entre un 20 i un 60% d\u2019energia escollint la il\u00b7luminaci\u00f3 correcta?\u00a0Hi ha molts tipus de bombetes al mercat, i d\u2019elles dependr\u00e0 aquest estalvi en il\u00b7luminaci\u00f3 del que parl\u00e0vem. Aleshores, com estalviar llum escollint les bombetes correctes?<\/span><\/p>\n<h2><span style=\"color: #000000;\">Qu\u00e8 s\u2019ha de tenir en compte al escollir bombetes<\/span><\/h2>\n<h3><span style=\"color: #000000;\"><strong>La vida \u00fatil de la bombeta<\/strong><\/span><\/h3>\n<p><span style=\"color: #000000;\">\u00c9s a dir, el temps que dura; acostuma a estar representat en hores.<\/span><\/p>\n<h3><span style=\"color: #000000;\"><strong>El color<\/strong><\/span><\/h3>\n<p><span style=\"color: #000000;\">La gama crom\u00e0tica de les bombetes van del blanc al groc; de manera que depenent de la tecnologia de la il\u00b7luminaci\u00f3 o incl\u00fas el color de les parets de casa teva, influir\u00e0 al reflex de la llum que emeti la bombeta.<\/span><\/p>\n<h3><span style=\"color: #000000;\"><strong>L\u2019efici\u00e8ncia i la lluminositat<\/strong><\/span><\/h3>\n<p><span style=\"color: #000000;\">La quantitat de vats (W) que consumeix cada tipus diferent de bombeta te que veure amb l\u2019efici\u00e8ncia i el seu baix consum. A les bombetes de baix consum, a m\u00e9s a m\u00e9s, se\u2019ls hi afegeix tamb\u00e9 la quantitat de l\u00famens, que fan refer\u00e8ncia a la lluminositat.<\/span><\/p>\n<h3><span style=\"color: #000000;\"><strong>Els cicles de la bombeta<\/strong><\/span><\/h3>\n<p><span style=\"color: #000000;\">Els cicles de la bombeta es refereixen a les vegades aproximades que es podr\u00e0 encendre i apagar.<\/span><\/p>\n<h2><span style=\"color: #000000;\">Quins tipus de bombetes hi ha al mercat<\/span><\/h2>\n<p><span style=\"color: #000000;\">Fem un rep\u00e0s entre els tipus de bombeta del mercat, ordenant-les de menys a m\u00e9s eficients:<\/span><\/p>\n<h3><span style=\"color: #000000;\"><strong>Incandescents (obsoletes)<\/strong><\/span><\/h3>\n<p><span style=\"color: #000000;\">Les bombetes hal\u00f2genes es van retirar del mercat al 2009. El seu consum d\u2019energia era el m\u00e9s elevat d\u2019entre totes les bombetes.<\/span><\/p>\n<h3><span style=\"color: #000000;\"><strong>Hal\u00f2genes (ECO)<\/strong><\/span><\/h3>\n<p><span style=\"color: #000000;\">S\u00f3n les indicades si vols una llum d\u2019efecte natural i que s\u2019encenguin instant\u00e0niament. Acostumen a tenir una vida \u00fatil d\u2019unes dues mil hores, no obstant, emeten calor.<\/span><\/p>\n<h3><span style=\"color: #000000;\"><strong>Fluocompactes<\/strong><\/span><\/h3>\n<p><span style=\"color: #000000;\">S\u00f3n les conegudes com bombetes de baix consum. La seva vida \u00fatil ronda entre les sis mil i les deu mil hores, i consumeixen prop d\u2019un 80% menys que les hal\u00f2genes, no obstant, no s\u00f3n les indicades per a zones de pas perqu\u00e8 tarden uns segons en encendre\u2019s per complet.<\/span><\/p>\n<h3><span style=\"color: #000000;\"><strong>LEDs<\/strong><\/span><\/h3>\n<p><span style=\"color: #000000;\">Ja hem parlat de les bombetes LED en varies ocasions alabant les seves caracter\u00edstiques ecol\u00f2giques, com ara que no emeten gaireb\u00e9 CO2, no contenen mercuri ni tungst\u00e8, i a m\u00e9s de ser de baix consum, no fan calor.<\/span><\/p>\n<p>&nbsp;<\/p>\n<p><span style=\"color: #000000;\">Si t\u2019interessa la <a href=\"https:\/\/www.factorenergia.com\/ca\/blog\/apren-a-estalviar\/com-escollir-il%c2%b7luminacio-led\/\" target=\"_blank\" rel=\"noopener noreferrer\">il\u00b7luminaci\u00f3 LED<\/a> i creus que poden ser una soluci\u00f3 d\u2019estalvi a casa teva, <a href=\"https:\/\/www.factorenergia.com\/ca\/contacte-2\/\" target=\"_blank\" rel=\"noopener noreferrer\">contacta\u2019ns<\/a>! Els nostres experts t\u2019assessoraran i pressupostaran la il\u00b7luminaci\u00f3 m\u00e9s adequada per al teu pis o negoci.<\/span><\/p>\n<p>&nbsp;<\/p>\n","protected":false},"excerpt":{"rendered":"<p>Escull d&#8217;entre els tipus de bombetes del mercat i estalvia fins aun 60% d&#8217;energia.<\/p>\n","protected":false},"author":17,"featured_media":0,"comment_status":"open","ping_status":"closed","sticky":false,"template":"","format":"standard","meta":{"inline_featured_image":false,"footnotes":""},"categories":[55],"tags":[],"acf":{"fecha_de_la_entrada":"20180108","imagen_portada":32626,"categoria_blog":null,"tipo_de_distribuidora":null,"tiempo_lectura":"","banner_bool":false,"titulo_banner":"","texto_banner":"","texto_boton_banner":"","url_boton_banner":"","post_relacionados":""},"yoast_head":"<!-- This site is optimized with the Yoast SEO plugin v22.2 - https:\/\/yoast.com\/wordpress\/plugins\/seo\/ -->\n<title>I parlant de tipus bombetes\u2026 | factorenergia<\/title>\n<meta name=\"description\" content=\"Es diu que el 18% del consum el\u00e8ctric prov\u00e9 de la il\u00b7luminaci\u00f3. Per\u00f2, pots estalviar fins a un 60% escollint millor d&#039; entre els tipus de bombetes.\" \/>\n<meta name=\"robots\" content=\"index, follow, max-snippet:-1, max-image-preview:large, max-video-preview:-1\" \/>\n<link rel=\"canonical\" href=\"https:\/\/www.factorenergia.com\/ca\/blog\/apren-a-estalviar\/i-parlant-de-tipus-bombetes\/\" \/>\n<meta name=\"twitter:card\" content=\"summary_large_image\" \/>\n<meta name=\"twitter:title\" content=\"I parlant de tipus bombetes\u2026 | factorenergia\" \/>\n<meta name=\"twitter:description\" content=\"Es diu que el 18% del consum el\u00e8ctric prov\u00e9 de la il\u00b7luminaci\u00f3. Per\u00f2, pots estalviar fins a un 60% escollint millor d&#039; entre els tipus de bombetes.\" \/>\n<meta name=\"twitter:creator\" content=\"@factorenergia\" \/>\n<meta name=\"twitter:site\" content=\"@factorenergia\" \/>\n<meta name=\"twitter:label1\" content=\"Written by\" \/>\n\t<meta name=\"twitter:data1\" content=\"Equipo Transici\u00f3n Energ\u00e9tica Factorenergia\" \/>\n\t<meta name=\"twitter:label2\" content=\"Est. reading time\" \/>\n\t<meta name=\"twitter:data2\" content=\"2 minutes\" \/>\n<script type=\"application\/ld+json\" class=\"yoast-schema-graph\">{\"@context\":\"https:\/\/schema.org\",\"@graph\":[{\"@type\":\"WebPage\",\"@id\":\"https:\/\/www.factorenergia.com\/ca\/blog\/apren-a-estalviar\/i-parlant-de-tipus-bombetes\/\",\"url\":\"https:\/\/www.factorenergia.com\/ca\/blog\/apren-a-estalviar\/i-parlant-de-tipus-bombetes\/\",\"name\":\"I parlant de tipus bombetes\u2026 | factorenergia\",\"isPartOf\":{\"@id\":\"https:\/\/www.factorenergia.com\/es\/#website\"},\"datePublished\":\"2018-01-08T09:46:17+00:00\",\"dateModified\":\"2026-07-30T10:14:13+00:00\",\"author\":{\"@id\":\"https:\/\/www.factorenergia.com\/es\/#\/schema\/person\/dff9e4b6dc520720e3a37bdaaedc5841\"},\"description\":\"Es diu que el 18% del consum el\u00e8ctric prov\u00e9 de la il\u00b7luminaci\u00f3. Per\u00f2, pots estalviar fins a un 60% escollint millor d' entre els tipus de bombetes.\",\"breadcrumb\":{\"@id\":\"https:\/\/www.factorenergia.com\/ca\/blog\/apren-a-estalviar\/i-parlant-de-tipus-bombetes\/#breadcrumb\"},\"inLanguage\":\"ca\",\"potentialAction\":[{\"@type\":\"ReadAction\",\"target\":[\"https:\/\/www.factorenergia.com\/ca\/blog\/apren-a-estalviar\/i-parlant-de-tipus-bombetes\/\"]}]},{\"@type\":\"BreadcrumbList\",\"@id\":\"https:\/\/www.factorenergia.com\/ca\/blog\/apren-a-estalviar\/i-parlant-de-tipus-bombetes\/#breadcrumb\",\"itemListElement\":[{\"@type\":\"ListItem\",\"position\":1,\"name\":\"Portada\",\"item\":\"https:\/\/www.factorenergia.com\/ca\/\"},{\"@type\":\"ListItem\",\"position\":2,\"name\":\"I parlant de tipus bombetes\u2026\"}]},{\"@type\":\"WebSite\",\"@id\":\"https:\/\/www.factorenergia.com\/es\/#website\",\"url\":\"https:\/\/www.factorenergia.com\/es\/\",\"name\":\"factorenergia\",\"description\":\"factorenergia\",\"potentialAction\":[{\"@type\":\"SearchAction\",\"target\":{\"@type\":\"EntryPoint\",\"urlTemplate\":\"https:\/\/www.factorenergia.com\/es\/?s={search_term_string}\"},\"query-input\":\"required name=search_term_string\"}],\"inLanguage\":\"ca\"},{\"@type\":\"Person\",\"@id\":\"https:\/\/www.factorenergia.com\/es\/#\/schema\/person\/dff9e4b6dc520720e3a37bdaaedc5841\",\"name\":\"Equipo Transici\u00f3n Energ\u00e9tica Factorenergia\",\"image\":{\"@type\":\"ImageObject\",\"inLanguage\":\"ca\",\"@id\":\"https:\/\/www.factorenergia.com\/es\/#\/schema\/person\/image\/\",\"url\":\"https:\/\/secure.gravatar.com\/avatar\/1b7c76bab80ee1c4261b06108874e24b?s=96&d=mm&r=g\",\"contentUrl\":\"https:\/\/secure.gravatar.com\/avatar\/1b7c76bab80ee1c4261b06108874e24b?s=96&d=mm&r=g\",\"caption\":\"Equipo Transici\u00f3n Energ\u00e9tica Factorenergia\"},\"description\":\"El equipo est\u00e1 formado por expertos en materia de Luz, Gas y Eficiencia Energ\u00e9tica, que conocen de primera mano las tendencias del mercado. Su experiencia en el sector les permite ofrecer las mejores soluciones energ\u00e9ticas y resolver las dudas planteadas por los clientes.\",\"sameAs\":[\"https:\/\/www.factorenergia.com\/es\/\",\"https:\/\/www.facebook.com\/factorenergiacom\",\"https:\/\/www.instagram.com\/factorenergia_com\/\",\"https:\/\/es.linkedin.com\/company\/factor-energia\",\"https:\/\/twitter.com\/factorenergia\",\"https:\/\/www.youtube.com\/c\/factorenergiacom\"],\"url\":\"https:\/\/www.factorenergia.com\/ca\/blog\/author\/marketing\/\"}]}<\/script>\n<!-- \/ Yoast SEO plugin. -->","yoast_head_json":{"title":"I parlant de tipus bombetes\u2026 | factorenergia","description":"Es diu que el 18% del consum el\u00e8ctric prov\u00e9 de la il\u00b7luminaci\u00f3. Per\u00f2, pots estalviar fins a un 60% escollint millor d' entre els tipus de bombetes.","robots":{"index":"index","follow":"follow","max-snippet":"max-snippet:-1","max-image-preview":"max-image-preview:large","max-video-preview":"max-video-preview:-1"},"canonical":"https:\/\/www.factorenergia.com\/ca\/blog\/apren-a-estalviar\/i-parlant-de-tipus-bombetes\/","twitter_card":"summary_large_image","twitter_title":"I parlant de tipus bombetes\u2026 | factorenergia","twitter_description":"Es diu que el 18% del consum el\u00e8ctric prov\u00e9 de la il\u00b7luminaci\u00f3. Per\u00f2, pots estalviar fins a un 60% escollint millor d' entre els tipus de bombetes.","twitter_creator":"@factorenergia","twitter_site":"@factorenergia","twitter_misc":{"Written by":"Equipo Transici\u00f3n Energ\u00e9tica Factorenergia","Est. reading time":"2 minutes"},"schema":{"@context":"https:\/\/schema.org","@graph":[{"@type":"WebPage","@id":"https:\/\/www.factorenergia.com\/ca\/blog\/apren-a-estalviar\/i-parlant-de-tipus-bombetes\/","url":"https:\/\/www.factorenergia.com\/ca\/blog\/apren-a-estalviar\/i-parlant-de-tipus-bombetes\/","name":"I parlant de tipus bombetes\u2026 | factorenergia","isPartOf":{"@id":"https:\/\/www.factorenergia.com\/es\/#website"},"datePublished":"2018-01-08T09:46:17+00:00","dateModified":"2026-07-30T10:14:13+00:00","author":{"@id":"https:\/\/www.factorenergia.com\/es\/#\/schema\/person\/dff9e4b6dc520720e3a37bdaaedc5841"},"description":"Es diu que el 18% del consum el\u00e8ctric prov\u00e9 de la il\u00b7luminaci\u00f3. Per\u00f2, pots estalviar fins a un 60% escollint millor d' entre els tipus de bombetes.","breadcrumb":{"@id":"https:\/\/www.factorenergia.com\/ca\/blog\/apren-a-estalviar\/i-parlant-de-tipus-bombetes\/#breadcrumb"},"inLanguage":"ca","potentialAction":[{"@type":"ReadAction","target":["https:\/\/www.factorenergia.com\/ca\/blog\/apren-a-estalviar\/i-parlant-de-tipus-bombetes\/"]}]},{"@type":"BreadcrumbList","@id":"https:\/\/www.factorenergia.com\/ca\/blog\/apren-a-estalviar\/i-parlant-de-tipus-bombetes\/#breadcrumb","itemListElement":[{"@type":"ListItem","position":1,"name":"Portada","item":"https:\/\/www.factorenergia.com\/ca\/"},{"@type":"ListItem","position":2,"name":"I parlant de tipus bombetes\u2026"}]},{"@type":"WebSite","@id":"https:\/\/www.factorenergia.com\/es\/#website","url":"https:\/\/www.factorenergia.com\/es\/","name":"factorenergia","description":"factorenergia","potentialAction":[{"@type":"SearchAction","target":{"@type":"EntryPoint","urlTemplate":"https:\/\/www.factorenergia.com\/es\/?s={search_term_string}"},"query-input":"required name=search_term_string"}],"inLanguage":"ca"},{"@type":"Person","@id":"https:\/\/www.factorenergia.com\/es\/#\/schema\/person\/dff9e4b6dc520720e3a37bdaaedc5841","name":"Equipo Transici\u00f3n Energ\u00e9tica Factorenergia","image":{"@type":"ImageObject","inLanguage":"ca","@id":"https:\/\/www.factorenergia.com\/es\/#\/schema\/person\/image\/","url":"https:\/\/secure.gravatar.com\/avatar\/1b7c76bab80ee1c4261b06108874e24b?s=96&d=mm&r=g","contentUrl":"https:\/\/secure.gravatar.com\/avatar\/1b7c76bab80ee1c4261b06108874e24b?s=96&d=mm&r=g","caption":"Equipo Transici\u00f3n Energ\u00e9tica Factorenergia"},"description":"El equipo est\u00e1 formado por expertos en materia de Luz, Gas y Eficiencia Energ\u00e9tica, que conocen de primera mano las tendencias del mercado. Su experiencia en el sector les permite ofrecer las mejores soluciones energ\u00e9ticas y resolver las dudas planteadas por los clientes.","sameAs":["https:\/\/www.factorenergia.com\/es\/","https:\/\/www.facebook.com\/factorenergiacom","https:\/\/www.instagram.com\/factorenergia_com\/","https:\/\/es.linkedin.com\/company\/factor-energia","https:\/\/twitter.com\/factorenergia","https:\/\/www.youtube.com\/c\/factorenergiacom"],"url":"https:\/\/www.factorenergia.com\/ca\/blog\/author\/marketing\/"}]}},"_links":{"self":[{"href":"https:\/\/www.factorenergia.com\/ca\/wp-json\/wp\/v2\/posts\/5315"}],"collection":[{"href":"https:\/\/www.factorenergia.com\/ca\/wp-json\/wp\/v2\/posts"}],"about":[{"href":"https:\/\/www.factorenergia.com\/ca\/wp-json\/wp\/v2\/types\/post"}],"author":[{"embeddable":true,"href":"https:\/\/www.factorenergia.com\/ca\/wp-json\/wp\/v2\/users\/17"}],"replies":[{"embeddable":true,"href":"https:\/\/www.factorenergia.com\/ca\/wp-json\/wp\/v2\/comments?post=5315"}],"version-history":[{"count":1,"href":"https:\/\/www.factorenergia.com\/ca\/wp-json\/wp\/v2\/posts\/5315\/revisions"}],"predecessor-version":[{"id":32628,"href":"https:\/\/www.factorenergia.com\/ca\/wp-json\/wp\/v2\/posts\/5315\/revisions\/32628"}],"wp:attachment":[{"href":"https:\/\/www.factorenergia.com\/ca\/wp-json\/wp\/v2\/media?parent=5315"}],"wp:term":[{"taxonomy":"category","embeddable":true,"href":"https:\/\/www.factorenergia.com\/ca\/wp-json\/wp\/v2\/categories?post=5315"},{"taxonomy":"post_tag","embeddable":true,"href":"https:\/\/www.factorenergia.com\/ca\/wp-json\/wp\/v2\/tags?post=5315"}],"curies":[{"name":"wp","href":"https:\/\/api.w.org\/{rel}","templated":true}]}}