{"id":5205,"date":"2017-11-30T11:12:23","date_gmt":"2017-11-30T09:12:23","guid":{"rendered":"https:\/\/www.factorenergia.com\/ca\/?post_type=blog&#038;p=5205"},"modified":"2017-11-30T11:12:23","modified_gmt":"2017-11-30T09:12:23","slug":"tesla-aposta-bateria-100-dies","status":"publish","type":"post","link":"https:\/\/www.factorenergia.com\/ca\/blog\/noticies\/tesla-aposta-bateria-100-dies\/","title":{"rendered":"Tesla guanya la seva aposta i construeix la bateria d\u2019ions de liti m\u00e9s gran del m\u00f3n en 100 dies"},"content":{"rendered":"<p><span style=\"color: #000000;\">Aquest passat 25 de novembre de 2017 s\u2019inaugurava a Jamestown, Austr\u00e0lia, <strong>el sistema de bateries de liti m\u00e9s gran del m\u00f3n<\/strong>. El responsable, Elon Musk, CEO de Tesla. El motiu, a m\u00e9s a m\u00e9s de la necessitat d\u2019un sistema d\u2019alimentaci\u00f3 secundari, ha estat una aposta milion\u00e0ria.<\/span><\/p>\n<h2><span style=\"color: #000000;\">La necessitat. Per qu\u00e8 a Austr\u00e0lia<\/span><\/h2>\n<p><span style=\"color: #000000;\">Al setembre de 2016, l\u2019estat d\u2019Austr\u00e0lia Meridional va patir una terrible apagada degut a una tempesta com no s\u2019havia vist en anys, que <strong>va deixar totalment a fosques durant dies a un estat en qu\u00e8 hi viuen gaireb\u00e9 dos milions de persones<\/strong>. Per aquest motiu, el CEO de Tesla va escollir aquesta regi\u00f3 australiana per a comen\u00e7ar el seu projecte, la construcci\u00f3 de la bateria d\u2019ions de liti m\u00e9s gran del m\u00f3n.<\/span><\/p>\n<h2><span style=\"color: #000000;\">L\u2019aposta dels 100 dies de Tesla<\/span><\/h2>\n<p><span style=\"color: #000000;\">Elon Musk no es va limitar a realitzar l\u2019escomesa a Austr\u00e0lia, sin\u00f3 que a m\u00e9s ho va fer afegint-hi risc: va prometre acabar la obra en menys de 100 dies des de la firma del contracte, en cas contrari, la instal\u00b7laci\u00f3 seria gratis.<\/span><\/p>\n<p><span style=\"color: #000000;\">Ni m\u00e9s ni menys que 65,5 milions de d\u00f2lars ha guanyat el propietari de Tesla al completar <strong>la bateria m\u00e9s gran del m\u00f3n en nom\u00e9s 93 dies<\/strong>, una setmana abans del venciment del termini. Aix\u00ed, s\u2019inaugurava el sistema de bateries de liti de 129 MWh, capa\u00e7 d\u2019abastir fins a 30 mil llars, se situa junt a un parc e\u00f2lic i n\u2019emmagatzemar\u00e0 els pics de producci\u00f3 fent flexible la generaci\u00f3 el\u00e8ctrica i servint d\u2019 \u201casseguran\u00e7a\u201d als ve\u00efns de l\u2019estat, temorosos de tornar a quedar-se dies sense subministrament el\u00e8ctric.<\/span><\/p>\n<p><span style=\"color: #000000;\">Aquesta descomunal fons d\u2019emmagatzematge i alimentaci\u00f3 estar\u00e0 totalment llesta quan passi la fase de proves.<\/span><\/p>\n<p>&nbsp;<\/p>\n","protected":false},"excerpt":{"rendered":"<p>Aquest passat 25 de novembre de 2017 s\u2019inaugurava a Jamestown, Austr\u00e0lia, el sistema de bateries de liti m\u00e9s gran del m\u00f3n. El responsable, Elon Musk, CEO de Tesla. <\/p>\n","protected":false},"author":17,"featured_media":0,"comment_status":"open","ping_status":"closed","sticky":false,"template":"","format":"standard","meta":{"inline_featured_image":false,"footnotes":""},"categories":[61],"tags":[],"acf":{"fecha_de_la_entrada":"20171130","imagen_portada":5208,"categoria_blog":61,"tipo_de_distribuidora":null,"tiempo_lectura":"","banner_bool":false,"titulo_banner":"","texto_banner":"","texto_boton_banner":"","url_boton_banner":"","post_relacionados":null},"yoast_head":"<!-- This site is optimized with the Yoast SEO plugin v22.2 - https:\/\/yoast.com\/wordpress\/plugins\/seo\/ -->\n<title>Tesla construeix la bateria d&#039;ions de liti m\u00e9s gran del m\u00f3n en 100 dies<\/title>\n<meta name=\"description\" content=\"Aquest passat 25\/11\/17 s\u2019inaugurava a Jamestown, Austr\u00e0lia, el sistema de bateries de liti m\u00e9s gran del m\u00f3n. El responsable, Elon Musk, CEO de Tesla.\" \/>\n<meta name=\"robots\" content=\"noindex, follow\" \/>\n<meta name=\"twitter:card\" content=\"summary_large_image\" \/>\n<meta name=\"twitter:title\" content=\"Tesla construeix la bateria d&#039;ions de liti m\u00e9s gran del m\u00f3n en 100 dies\" \/>\n<meta name=\"twitter:description\" content=\"Aquest passat 25\/11\/17 s\u2019inaugurava a Jamestown, Austr\u00e0lia, el sistema de bateries de liti m\u00e9s gran del m\u00f3n. El responsable, Elon Musk, CEO de Tesla.\" \/>\n<meta name=\"twitter:site\" content=\"@factorenergia\" \/>\n<meta name=\"twitter:label1\" content=\"Est. reading time\" \/>\n\t<meta name=\"twitter:data1\" content=\"2 minutes\" \/>\n<script type=\"application\/ld+json\" class=\"yoast-schema-graph\">{\"@context\":\"https:\/\/schema.org\",\"@graph\":[{\"@type\":\"WebPage\",\"@id\":\"https:\/\/www.factorenergia.com\/ca\/blog\/blog\/%tiposdeblog%\/tesla-aposta-bateria-100-dies\/\",\"url\":\"https:\/\/www.factorenergia.com\/ca\/blog\/blog\/%tiposdeblog%\/tesla-aposta-bateria-100-dies\/\",\"name\":\"Tesla construeix la bateria d'ions de liti m\u00e9s gran del m\u00f3n en 100 dies\",\"isPartOf\":{\"@id\":\"https:\/\/www.factorenergia.com\/es\/#website\"},\"datePublished\":\"2017-11-30T09:12:23+00:00\",\"dateModified\":\"2017-11-30T09:12:23+00:00\",\"description\":\"Aquest passat 25\/11\/17 s\u2019inaugurava a Jamestown, Austr\u00e0lia, el sistema de bateries de liti m\u00e9s gran del m\u00f3n. El responsable, Elon Musk, CEO de Tesla.\",\"breadcrumb\":{\"@id\":\"https:\/\/www.factorenergia.com\/ca\/blog\/blog\/%tiposdeblog%\/tesla-aposta-bateria-100-dies\/#breadcrumb\"},\"inLanguage\":\"ca\",\"potentialAction\":[{\"@type\":\"ReadAction\",\"target\":[\"https:\/\/www.factorenergia.com\/ca\/blog\/blog\/%tiposdeblog%\/tesla-aposta-bateria-100-dies\/\"]}]},{\"@type\":\"BreadcrumbList\",\"@id\":\"https:\/\/www.factorenergia.com\/ca\/blog\/blog\/%tiposdeblog%\/tesla-aposta-bateria-100-dies\/#breadcrumb\",\"itemListElement\":[{\"@type\":\"ListItem\",\"position\":1,\"name\":\"Portada\",\"item\":\"https:\/\/www.factorenergia.com\/ca\/\"},{\"@type\":\"ListItem\",\"position\":2,\"name\":\"Tesla guanya la seva aposta i construeix la bateria d\u2019ions de liti m\u00e9s gran del m\u00f3n en 100 dies\"}]},{\"@type\":\"WebSite\",\"@id\":\"https:\/\/www.factorenergia.com\/es\/#website\",\"url\":\"https:\/\/www.factorenergia.com\/es\/\",\"name\":\"factorenergia\",\"description\":\"factorenergia\",\"potentialAction\":[{\"@type\":\"SearchAction\",\"target\":{\"@type\":\"EntryPoint\",\"urlTemplate\":\"https:\/\/www.factorenergia.com\/es\/?s={search_term_string}\"},\"query-input\":\"required name=search_term_string\"}],\"inLanguage\":\"ca\"}]}<\/script>\n<!-- \/ Yoast SEO plugin. -->","yoast_head_json":{"title":"Tesla construeix la bateria d'ions de liti m\u00e9s gran del m\u00f3n en 100 dies","description":"Aquest passat 25\/11\/17 s\u2019inaugurava a Jamestown, Austr\u00e0lia, el sistema de bateries de liti m\u00e9s gran del m\u00f3n. El responsable, Elon Musk, CEO de Tesla.","robots":{"index":"noindex","follow":"follow"},"twitter_card":"summary_large_image","twitter_title":"Tesla construeix la bateria d'ions de liti m\u00e9s gran del m\u00f3n en 100 dies","twitter_description":"Aquest passat 25\/11\/17 s\u2019inaugurava a Jamestown, Austr\u00e0lia, el sistema de bateries de liti m\u00e9s gran del m\u00f3n. El responsable, Elon Musk, CEO de Tesla.","twitter_site":"@factorenergia","twitter_misc":{"Est. reading time":"2 minutes"},"schema":{"@context":"https:\/\/schema.org","@graph":[{"@type":"WebPage","@id":"https:\/\/www.factorenergia.com\/ca\/blog\/blog\/%tiposdeblog%\/tesla-aposta-bateria-100-dies\/","url":"https:\/\/www.factorenergia.com\/ca\/blog\/blog\/%tiposdeblog%\/tesla-aposta-bateria-100-dies\/","name":"Tesla construeix la bateria d'ions de liti m\u00e9s gran del m\u00f3n en 100 dies","isPartOf":{"@id":"https:\/\/www.factorenergia.com\/es\/#website"},"datePublished":"2017-11-30T09:12:23+00:00","dateModified":"2017-11-30T09:12:23+00:00","description":"Aquest passat 25\/11\/17 s\u2019inaugurava a Jamestown, Austr\u00e0lia, el sistema de bateries de liti m\u00e9s gran del m\u00f3n. El responsable, Elon Musk, CEO de Tesla.","breadcrumb":{"@id":"https:\/\/www.factorenergia.com\/ca\/blog\/blog\/%tiposdeblog%\/tesla-aposta-bateria-100-dies\/#breadcrumb"},"inLanguage":"ca","potentialAction":[{"@type":"ReadAction","target":["https:\/\/www.factorenergia.com\/ca\/blog\/blog\/%tiposdeblog%\/tesla-aposta-bateria-100-dies\/"]}]},{"@type":"BreadcrumbList","@id":"https:\/\/www.factorenergia.com\/ca\/blog\/blog\/%tiposdeblog%\/tesla-aposta-bateria-100-dies\/#breadcrumb","itemListElement":[{"@type":"ListItem","position":1,"name":"Portada","item":"https:\/\/www.factorenergia.com\/ca\/"},{"@type":"ListItem","position":2,"name":"Tesla guanya la seva aposta i construeix la bateria d\u2019ions de liti m\u00e9s gran del m\u00f3n en 100 dies"}]},{"@type":"WebSite","@id":"https:\/\/www.factorenergia.com\/es\/#website","url":"https:\/\/www.factorenergia.com\/es\/","name":"factorenergia","description":"factorenergia","potentialAction":[{"@type":"SearchAction","target":{"@type":"EntryPoint","urlTemplate":"https:\/\/www.factorenergia.com\/es\/?s={search_term_string}"},"query-input":"required name=search_term_string"}],"inLanguage":"ca"}]}},"_links":{"self":[{"href":"https:\/\/www.factorenergia.com\/ca\/wp-json\/wp\/v2\/posts\/5205"}],"collection":[{"href":"https:\/\/www.factorenergia.com\/ca\/wp-json\/wp\/v2\/posts"}],"about":[{"href":"https:\/\/www.factorenergia.com\/ca\/wp-json\/wp\/v2\/types\/post"}],"author":[{"embeddable":true,"href":"https:\/\/www.factorenergia.com\/ca\/wp-json\/wp\/v2\/users\/17"}],"replies":[{"embeddable":true,"href":"https:\/\/www.factorenergia.com\/ca\/wp-json\/wp\/v2\/comments?post=5205"}],"version-history":[{"count":0,"href":"https:\/\/www.factorenergia.com\/ca\/wp-json\/wp\/v2\/posts\/5205\/revisions"}],"acf:term":[{"embeddable":true,"taxonomy":"category","href":"https:\/\/www.factorenergia.com\/ca\/wp-json\/wp\/v2\/categories\/61"}],"wp:attachment":[{"href":"https:\/\/www.factorenergia.com\/ca\/wp-json\/wp\/v2\/media?parent=5205"}],"wp:term":[{"taxonomy":"category","embeddable":true,"href":"https:\/\/www.factorenergia.com\/ca\/wp-json\/wp\/v2\/categories?post=5205"},{"taxonomy":"post_tag","embeddable":true,"href":"https:\/\/www.factorenergia.com\/ca\/wp-json\/wp\/v2\/tags?post=5205"}],"curies":[{"name":"wp","href":"https:\/\/api.w.org\/{rel}","templated":true}]}}