{"id":5070,"date":"2017-11-22T14:26:00","date_gmt":"2017-11-22T12:26:00","guid":{"rendered":"https:\/\/www.factorenergia.com\/ca\/?post_type=blog&#038;p=5070"},"modified":"2023-06-12T11:58:50","modified_gmt":"2023-06-12T09:58:50","slug":"punts-de-recarrega-cotxe-electric","status":"publish","type":"post","link":"https:\/\/www.factorenergia.com\/ca\/blog\/histories-positives\/punts-de-recarrega-cotxe-electric\/","title":{"rendered":"Londres instal\u00b7la punts de rec\u00e0rrega per a cotxe el\u00e8ctric a les faroles"},"content":{"rendered":"<p><span style=\"color: #000000;\">El cotxe el\u00e8ctric ha arribat per a quedar-se, per\u00f2 a ciutats com Londres van m\u00e9s enll\u00e0, ja que l\u2019augment de la popularitat dels vehicles el\u00e8ctrics ha portat a que la ciutat comenci a utilitzar l\u2019alumenat p\u00fablic per a instal\u00b7lar <a href=\"https:\/\/www.factorenergia.com\/ca\/instalar-punts-recarrega\/\" target=\"_blank\" rel=\"noopener noreferrer\">punts de rec\u00e0rrega<\/a>; una mesura que podria popularitzar-se per tota Europa.<\/span><\/p>\n<p><span style=\"color: #000000;\">Que el futur de la mobilitat \u00e9s el cotxe el\u00e8ctric \u00e9s una afirmaci\u00f3 tant evident com que necessita un llarg, i probablement complicat, per\u00edode d\u2019adaptaci\u00f3, tant a nivell de mentalitat com d\u2019infraestructures. L\u2019usuari (o potencial usuari) encara t\u00e9 dubtes en quant al cotxe el\u00e8ctric, ja sigui per la seva autonomia, pel temps de c\u00e0rrega o la simple localitzaci\u00f3 del punt de rec\u00e0rrega. \u00c9s per aix\u00f2 que a <strong>Londres ha pres la iniciativa, i han decidit que la via publica sigui el principal espai per a recarregar el cotxe el\u00e8ctric<\/strong>.<\/span><\/p>\n<div class=\"text-center center blog-cta\"><p>Instal&middot;la un punt de rec&agrave;rrega pel teu cotxe el&egrave;ctric amb factorenergia!<\/p><a class=\"blog-cta primary-btn text-center solicitar-estudio\" target=\"_blank\" title=\"SOL&sdot;LICITA UN ESTUDI GRATU&Iuml;T\" href=\"https:\/\/www.factorenergia.com\/ca\/llars\/punts-recarrega-electrics\/\">SOL&sdot;LICITA UN ESTUDI GRATU&Iuml;T<\/a><p><\/p><div style=\"display:none;\"><p>Instal&middot;la un punt de rec&agrave;rrega pel teu cotxe el&egrave;ctric amb factorenergia!<\/p><\/div>\n\t\t\t<script type='text\/javascript'>\n\t\t\t\tjQuery('.solicitar-estudio').click(function(){\t\t\t\t\t\t\t\t\t\n\t\t\t\t\tdataLayer.push({'language': 'ca'});\n\t\t\t\t\tdataLayer.push({'post_id': '5070'});\n\t\t\t\t\tdataLayer.push({'cat_type': 'ce'});\n\t\t\t\t});\n\t\t\t<\/script>\n\t\t<\/div><br\/>\n<h2><span style=\"color: #000000;\">Punts de rec\u00e0rrega als carres de Londres<\/span><\/h2>\n<p><span style=\"color: #000000;\">Les empreses OVO energy i Ubitricity estan aprofitant els pals de l\u2019alumenat p\u00fablic per a oferir punts de rec\u00e0rrega als usuaris de cotxes el\u00e8ctrics. \u00c9s una realitat. Les companyies responsables han decidit aprofitar les infraestructures ja existents per a <strong>contribuir a la implementaci\u00f3 del vehicle el\u00e8ctric<\/strong>, una aposa que ha rebut bona acollida per part de l\u2019administraci\u00f3 anglesa i dels barris que ja han implementat aquests serveis.<\/span><\/p>\n<h3><span style=\"color: #000000;\"><strong>Per qu\u00e8 a Londres<\/strong><\/span><\/h3>\n<p><span style=\"color: #000000;\">Cal destacar que Londres \u00e9s una de les ciutats europees amb major nivell de contaminaci\u00f3, de manera que s\u2019ha apostat amb fermesa per les alternatives renovables. \u00c9s per aix\u00f2 que grans companyies com IKEA han comen\u00e7at a distribuir <a href=\"https:\/\/www.factorenergia.com\/ca\/llars\/plaques-solars\/\" target=\"_blank\" rel=\"noopener\">plaques solars <span>\u00a0per a l&#8217;autoconsum<\/span><\/a> a l\u2019abast de tothom a la ciutat; mesures energ\u00e8ticament netes que no deixen d\u2019incrementar, aix\u00ed com una demanda. En quant al cotxe el\u00e8ctric, s\u00f3n molts els residents que no compten amb p\u00e0rquing privat, de manera que la implementaci\u00f3 de punts de rec\u00e0rrega a les faroles p\u00fabliques facilita la rec\u00e0rrega prop de casa a tot aquell que contribueixi a <strong>disminuir la contaminaci\u00f3 a Londres<\/strong>.<\/span><\/p>\n<p><span style=\"color: #000000;\">Ciutats com Londres, amb tant alts nivells de contaminaci\u00f3, necessiten recolzament per part de tots els organismes possibles per a incentivar el transport p\u00fablic, l\u2019\u00fas de vehicles h\u00edbrids o el\u00e8ctrics i tota mesura que ajudi a <strong>reduir les emissions de CO2<\/strong>.<\/span><\/p>\n<h2><span style=\"color: #000000;\">Projecte i inversi\u00f3<\/span><\/h2>\n<p><span style=\"color: #000000;\">Les empreses responsables <strong>estimen incrementar el projecte en la mateixa mida que augmenti l\u2019\u00fas de cotxes el\u00e8ctrics<\/strong>. Segons informacions de les mateixes, s\u2019estipula una subscripci\u00f3 mensual d\u2019uns 8,90\u20ac per a l\u2019acc\u00e9s a la rec\u00e0rrega p\u00fablica, als que s\u2019hauria de sumar un suplement d\u2019uns 0,17 c\u00e8ntims per cada kW utilitzat durant la rec\u00e0rrega. A m\u00e9s a m\u00e9s, s\u2019ha d\u2019adquirir tamb\u00e9 un cable de rec\u00e0rrega propi, de forma que s\u2019estima un cost inicial d\u2019uns 220 \u20ac per la seva compra. D\u2019altre banda, tamb\u00e9 est\u00e0 la opci\u00f3 de no abonar la subscripci\u00f3 mensual i pagar el kW a 0,21 c\u00e8ntims.<\/span><\/p>\n<p>&nbsp;<\/p>\n<p><span style=\"color: #000000;\">S\u2019espera millorar la cobertura d\u2019aquest servei durant els propers anys. Encara que a priori es tracta d\u2019un projecte que \u00e9s encara una mica car, amb l\u2019augment dels cotxes el\u00e8ctrics als carrers tot sembla indicar que s\u2019estabilitzaran els preu. Del que no tenim dubte \u00e9s de que aquest <strong>\u00e9s un gran comen\u00e7ament per a la integraci\u00f3 de la mobilitat neta<\/strong>.<\/span><\/p>\n<p>&nbsp;<\/p>\n","protected":false},"excerpt":{"rendered":"<p>L&#8217; augment de la popularitat dels vehicles el\u00e8ctrics ha portat a queLondres comenci a utilitzar l\u2019alumenat p\u00fablic per a instal\u00b7lar punts de rec\u00e0rrega.<\/p>\n","protected":false},"author":17,"featured_media":0,"comment_status":"open","ping_status":"closed","sticky":false,"template":"","format":"standard","meta":{"inline_featured_image":false,"footnotes":""},"categories":[58],"tags":[],"acf":{"fecha_de_la_entrada":"20171122","imagen_portada":5071,"categoria_blog":null,"tipo_de_distribuidora":null,"tiempo_lectura":"","banner_bool":false,"titulo_banner":"","texto_banner":"","texto_boton_banner":"","url_boton_banner":"","post_relacionados":""},"yoast_head":"<!-- This site is optimized with the Yoast SEO plugin v22.2 - https:\/\/yoast.com\/wordpress\/plugins\/seo\/ -->\n<title>Londres instal\u00b7la punts de rec\u00e0rrega per cotxe el\u00e8ctric a les faroles<\/title>\n<meta name=\"description\" content=\"L&#039; augment de la popularitat dels vehicles el\u00e8ctrics ha portat a queLondres comenci a utilitzar l\u2019alumenat p\u00fablic per a instal\u00b7lar punts de rec\u00e0rrega.\" \/>\n<meta name=\"robots\" content=\"index, follow, max-snippet:-1, max-image-preview:large, max-video-preview:-1\" \/>\n<link rel=\"canonical\" href=\"https:\/\/www.factorenergia.com\/ca\/blog\/sin-categoria\/punts-de-recarrega-cotxe-electric\/\" \/>\n<meta name=\"twitter:card\" content=\"summary_large_image\" \/>\n<meta name=\"twitter:title\" content=\"Londres instal\u00b7la punts de rec\u00e0rrega per cotxe el\u00e8ctric a les faroles\" \/>\n<meta name=\"twitter:description\" content=\"L&#039; augment de la popularitat dels vehicles el\u00e8ctrics ha portat a queLondres comenci a utilitzar l\u2019alumenat p\u00fablic per a instal\u00b7lar punts de rec\u00e0rrega.\" \/>\n<meta name=\"twitter:creator\" content=\"@factorenergia\" \/>\n<meta name=\"twitter:site\" content=\"@factorenergia\" \/>\n<meta name=\"twitter:label1\" content=\"Written by\" \/>\n\t<meta name=\"twitter:data1\" content=\"Equipo Transici\u00f3n Energ\u00e9tica Factorenergia\" \/>\n\t<meta name=\"twitter:label2\" content=\"Est. reading time\" \/>\n\t<meta name=\"twitter:data2\" content=\"3 minutes\" \/>\n<script type=\"application\/ld+json\" class=\"yoast-schema-graph\">{\"@context\":\"https:\/\/schema.org\",\"@graph\":[{\"@type\":\"WebPage\",\"@id\":\"https:\/\/www.factorenergia.com\/ca\/blog\/sin-categoria\/punts-de-recarrega-cotxe-electric\/\",\"url\":\"https:\/\/www.factorenergia.com\/ca\/blog\/sin-categoria\/punts-de-recarrega-cotxe-electric\/\",\"name\":\"Londres instal\u00b7la punts de rec\u00e0rrega per cotxe el\u00e8ctric a les faroles\",\"isPartOf\":{\"@id\":\"https:\/\/www.factorenergia.com\/es\/#website\"},\"datePublished\":\"2017-11-22T12:26:00+00:00\",\"dateModified\":\"2023-06-12T09:58:50+00:00\",\"author\":{\"@id\":\"https:\/\/www.factorenergia.com\/es\/#\/schema\/person\/dff9e4b6dc520720e3a37bdaaedc5841\"},\"description\":\"L' augment de la popularitat dels vehicles el\u00e8ctrics ha portat a queLondres comenci a utilitzar l\u2019alumenat p\u00fablic per a instal\u00b7lar punts de rec\u00e0rrega.\",\"breadcrumb\":{\"@id\":\"https:\/\/www.factorenergia.com\/ca\/blog\/sin-categoria\/punts-de-recarrega-cotxe-electric\/#breadcrumb\"},\"inLanguage\":\"ca\",\"potentialAction\":[{\"@type\":\"ReadAction\",\"target\":[\"https:\/\/www.factorenergia.com\/ca\/blog\/sin-categoria\/punts-de-recarrega-cotxe-electric\/\"]}]},{\"@type\":\"BreadcrumbList\",\"@id\":\"https:\/\/www.factorenergia.com\/ca\/blog\/sin-categoria\/punts-de-recarrega-cotxe-electric\/#breadcrumb\",\"itemListElement\":[{\"@type\":\"ListItem\",\"position\":1,\"name\":\"Portada\",\"item\":\"https:\/\/www.factorenergia.com\/ca\/\"},{\"@type\":\"ListItem\",\"position\":2,\"name\":\"Londres instal\u00b7la punts de rec\u00e0rrega per a cotxe el\u00e8ctric a les faroles\"}]},{\"@type\":\"WebSite\",\"@id\":\"https:\/\/www.factorenergia.com\/es\/#website\",\"url\":\"https:\/\/www.factorenergia.com\/es\/\",\"name\":\"factorenergia\",\"description\":\"factorenergia\",\"potentialAction\":[{\"@type\":\"SearchAction\",\"target\":{\"@type\":\"EntryPoint\",\"urlTemplate\":\"https:\/\/www.factorenergia.com\/es\/?s={search_term_string}\"},\"query-input\":\"required name=search_term_string\"}],\"inLanguage\":\"ca\"},{\"@type\":\"Person\",\"@id\":\"https:\/\/www.factorenergia.com\/es\/#\/schema\/person\/dff9e4b6dc520720e3a37bdaaedc5841\",\"name\":\"Equipo Transici\u00f3n Energ\u00e9tica Factorenergia\",\"image\":{\"@type\":\"ImageObject\",\"inLanguage\":\"ca\",\"@id\":\"https:\/\/www.factorenergia.com\/es\/#\/schema\/person\/image\/\",\"url\":\"https:\/\/secure.gravatar.com\/avatar\/1b7c76bab80ee1c4261b06108874e24b?s=96&d=mm&r=g\",\"contentUrl\":\"https:\/\/secure.gravatar.com\/avatar\/1b7c76bab80ee1c4261b06108874e24b?s=96&d=mm&r=g\",\"caption\":\"Equipo Transici\u00f3n Energ\u00e9tica Factorenergia\"},\"description\":\"El equipo est\u00e1 formado por expertos en materia de Luz, Gas y Eficiencia Energ\u00e9tica, que conocen de primera mano las tendencias del mercado. Su experiencia en el sector les permite ofrecer las mejores soluciones energ\u00e9ticas y resolver las dudas planteadas por los clientes.\",\"sameAs\":[\"https:\/\/www.factorenergia.com\/es\/\",\"https:\/\/www.facebook.com\/factorenergiacom\",\"https:\/\/www.instagram.com\/factorenergia_com\/\",\"https:\/\/es.linkedin.com\/company\/factor-energia\",\"https:\/\/twitter.com\/factorenergia\",\"https:\/\/www.youtube.com\/c\/factorenergiacom\"],\"url\":\"https:\/\/www.factorenergia.com\/ca\/blog\/author\/marketing\/\"}]}<\/script>\n<!-- \/ Yoast SEO plugin. -->","yoast_head_json":{"title":"Londres instal\u00b7la punts de rec\u00e0rrega per cotxe el\u00e8ctric a les faroles","description":"L' augment de la popularitat dels vehicles el\u00e8ctrics ha portat a queLondres comenci a utilitzar l\u2019alumenat p\u00fablic per a instal\u00b7lar punts de rec\u00e0rrega.","robots":{"index":"index","follow":"follow","max-snippet":"max-snippet:-1","max-image-preview":"max-image-preview:large","max-video-preview":"max-video-preview:-1"},"canonical":"https:\/\/www.factorenergia.com\/ca\/blog\/sin-categoria\/punts-de-recarrega-cotxe-electric\/","twitter_card":"summary_large_image","twitter_title":"Londres instal\u00b7la punts de rec\u00e0rrega per cotxe el\u00e8ctric a les faroles","twitter_description":"L' augment de la popularitat dels vehicles el\u00e8ctrics ha portat a queLondres comenci a utilitzar l\u2019alumenat p\u00fablic per a instal\u00b7lar punts de rec\u00e0rrega.","twitter_creator":"@factorenergia","twitter_site":"@factorenergia","twitter_misc":{"Written by":"Equipo Transici\u00f3n Energ\u00e9tica Factorenergia","Est. reading time":"3 minutes"},"schema":{"@context":"https:\/\/schema.org","@graph":[{"@type":"WebPage","@id":"https:\/\/www.factorenergia.com\/ca\/blog\/sin-categoria\/punts-de-recarrega-cotxe-electric\/","url":"https:\/\/www.factorenergia.com\/ca\/blog\/sin-categoria\/punts-de-recarrega-cotxe-electric\/","name":"Londres instal\u00b7la punts de rec\u00e0rrega per cotxe el\u00e8ctric a les faroles","isPartOf":{"@id":"https:\/\/www.factorenergia.com\/es\/#website"},"datePublished":"2017-11-22T12:26:00+00:00","dateModified":"2023-06-12T09:58:50+00:00","author":{"@id":"https:\/\/www.factorenergia.com\/es\/#\/schema\/person\/dff9e4b6dc520720e3a37bdaaedc5841"},"description":"L' augment de la popularitat dels vehicles el\u00e8ctrics ha portat a queLondres comenci a utilitzar l\u2019alumenat p\u00fablic per a instal\u00b7lar punts de rec\u00e0rrega.","breadcrumb":{"@id":"https:\/\/www.factorenergia.com\/ca\/blog\/sin-categoria\/punts-de-recarrega-cotxe-electric\/#breadcrumb"},"inLanguage":"ca","potentialAction":[{"@type":"ReadAction","target":["https:\/\/www.factorenergia.com\/ca\/blog\/sin-categoria\/punts-de-recarrega-cotxe-electric\/"]}]},{"@type":"BreadcrumbList","@id":"https:\/\/www.factorenergia.com\/ca\/blog\/sin-categoria\/punts-de-recarrega-cotxe-electric\/#breadcrumb","itemListElement":[{"@type":"ListItem","position":1,"name":"Portada","item":"https:\/\/www.factorenergia.com\/ca\/"},{"@type":"ListItem","position":2,"name":"Londres instal\u00b7la punts de rec\u00e0rrega per a cotxe el\u00e8ctric a les faroles"}]},{"@type":"WebSite","@id":"https:\/\/www.factorenergia.com\/es\/#website","url":"https:\/\/www.factorenergia.com\/es\/","name":"factorenergia","description":"factorenergia","potentialAction":[{"@type":"SearchAction","target":{"@type":"EntryPoint","urlTemplate":"https:\/\/www.factorenergia.com\/es\/?s={search_term_string}"},"query-input":"required name=search_term_string"}],"inLanguage":"ca"},{"@type":"Person","@id":"https:\/\/www.factorenergia.com\/es\/#\/schema\/person\/dff9e4b6dc520720e3a37bdaaedc5841","name":"Equipo Transici\u00f3n Energ\u00e9tica Factorenergia","image":{"@type":"ImageObject","inLanguage":"ca","@id":"https:\/\/www.factorenergia.com\/es\/#\/schema\/person\/image\/","url":"https:\/\/secure.gravatar.com\/avatar\/1b7c76bab80ee1c4261b06108874e24b?s=96&d=mm&r=g","contentUrl":"https:\/\/secure.gravatar.com\/avatar\/1b7c76bab80ee1c4261b06108874e24b?s=96&d=mm&r=g","caption":"Equipo Transici\u00f3n Energ\u00e9tica Factorenergia"},"description":"El equipo est\u00e1 formado por expertos en materia de Luz, Gas y Eficiencia Energ\u00e9tica, que conocen de primera mano las tendencias del mercado. Su experiencia en el sector les permite ofrecer las mejores soluciones energ\u00e9ticas y resolver las dudas planteadas por los clientes.","sameAs":["https:\/\/www.factorenergia.com\/es\/","https:\/\/www.facebook.com\/factorenergiacom","https:\/\/www.instagram.com\/factorenergia_com\/","https:\/\/es.linkedin.com\/company\/factor-energia","https:\/\/twitter.com\/factorenergia","https:\/\/www.youtube.com\/c\/factorenergiacom"],"url":"https:\/\/www.factorenergia.com\/ca\/blog\/author\/marketing\/"}]}},"_links":{"self":[{"href":"https:\/\/www.factorenergia.com\/ca\/wp-json\/wp\/v2\/posts\/5070"}],"collection":[{"href":"https:\/\/www.factorenergia.com\/ca\/wp-json\/wp\/v2\/posts"}],"about":[{"href":"https:\/\/www.factorenergia.com\/ca\/wp-json\/wp\/v2\/types\/post"}],"author":[{"embeddable":true,"href":"https:\/\/www.factorenergia.com\/ca\/wp-json\/wp\/v2\/users\/17"}],"replies":[{"embeddable":true,"href":"https:\/\/www.factorenergia.com\/ca\/wp-json\/wp\/v2\/comments?post=5070"}],"version-history":[{"count":4,"href":"https:\/\/www.factorenergia.com\/ca\/wp-json\/wp\/v2\/posts\/5070\/revisions"}],"predecessor-version":[{"id":22141,"href":"https:\/\/www.factorenergia.com\/ca\/wp-json\/wp\/v2\/posts\/5070\/revisions\/22141"}],"wp:attachment":[{"href":"https:\/\/www.factorenergia.com\/ca\/wp-json\/wp\/v2\/media?parent=5070"}],"wp:term":[{"taxonomy":"category","embeddable":true,"href":"https:\/\/www.factorenergia.com\/ca\/wp-json\/wp\/v2\/categories?post=5070"},{"taxonomy":"post_tag","embeddable":true,"href":"https:\/\/www.factorenergia.com\/ca\/wp-json\/wp\/v2\/tags?post=5070"}],"curies":[{"name":"wp","href":"https:\/\/api.w.org\/{rel}","templated":true}]}}