{"id":4334,"date":"2017-08-10T10:00:47","date_gmt":"2017-08-10T08:00:47","guid":{"rendered":"https:\/\/www.factorenergia.com\/ca\/?post_type=blog&#038;p=4334"},"modified":"2017-08-09T13:14:32","modified_gmt":"2017-08-09T11:14:32","slug":"energia-reactiva-empreses","status":"publish","type":"post","link":"https:\/\/www.factorenergia.com\/ca\/blog\/enten-la-factura-de-la-llum\/energia-reactiva-empreses\/","title":{"rendered":"Per a empreses: l\u2019energia reactiva de la meva factura de la llum"},"content":{"rendered":"<p><span style=\"color: #000000;\">Els negocis i empreses estaran m\u00e9s familiaritzats amb aquest terme ja que probablement l\u2019hagin vist a la seva factura de la llum. Per\u00f2 tant si formes part d\u2019aquest col\u00b7lectiu com si no, saps qu\u00e8 \u00e9s l\u2019 energia reactiva i com s\u2019aplica?<\/span><\/p>\n<h2><span style=\"color: #000000;\">Qu\u00e8 \u00e9s l\u2019 energia reactiva<\/span><\/h2>\n<p><span style=\"color: #000000;\">L\u2019 energia reactiva s\u2019associa amb els aparells que necessiten una bobina, un motor, un transformador&#8230; per tal de funcionar.<\/span><\/p>\n<p><span style=\"color: #000000;\">En uns instal\u00b7laci\u00f3 el\u00e8ctrica, es consumeix energia reactiva <strong>quan un dels anteriors aparells funciona<\/strong>. \u00c9s l\u2019energia que permet que, per exemple, girin els motors o s\u2019encenguin les l\u00e0mpades i que, per tant, augmenti el total d\u2019energia sol\u00b7licitada a la xarxa el\u00e8ctrica. Aquest tipus d\u2019energia acostuma a obligar a tenir un major dimensionament de la instal\u00b7laci\u00f3 i <strong>encara que l\u2019energia reactiva no produeix cap treball \u00fatil, s\u00ed es reflexa a la teva factura de la llum<\/strong> provocant un cost addicional.<\/span><\/p>\n<h3><span style=\"color: #000000;\"><strong>Per qu\u00e8 es penalitza l\u2019 energia reactiva<\/strong><\/span><\/h3>\n<p><span style=\"color: #000000;\">\u00c9s cert que aquesta mena d\u2019energia no es consumeix de forma \u00fatil, per\u00f2 s\u00ed es penalitza i es cobra a la factura de la llum. No s\u2019ha de produir, per\u00f2 s\u00ed s\u2019ha de transportar, i a m\u00e9s desencadena sobrec\u00e0rregues a les l\u00ednies de transformaci\u00f3 i generaci\u00f3, fent que sigui necessari neutralitzar-la o compensar-la.<\/span><\/p>\n<p><span style=\"color: #000000;\">L\u2019 energia reactiva provoca que les companyies distribu\u00efdores hagin de tenir una capacitat de distribuci\u00f3 major, amb la inversi\u00f3 afegida que comporta, i genera uns costs (p\u00e8rdues) que es traslladen a la factura de la llum en forma de penalitzaci\u00f3 per energia reactiva.<\/span><\/p>\n<h2><span style=\"color: #000000;\">Com estalviar amb l\u2019 energia reactiva: compensant-la<\/span><\/h2>\n<p><span style=\"color: #000000;\">L\u2019 energia reactiva es paga quan es tenen tarifes contractades com la 3.0, 3.1 o 6.x de forma que, tractant-se de consums rellevants, pot ser la culpable d\u2019augments substancials a la factura de la llum. No obstant, existeix la possibilitat d\u2019instal\u00b7lar un aparell que neutralitzi l\u2019energia reactiva, estalviant-te aquest sobre cost.<\/span><\/p>\n<p><span style=\"color: #000000;\">Mitjan\u00e7ant la <strong>instal\u00b7laci\u00f3 de bateries de condensadors<\/strong> de pot\u00e8ncia, es subministra l\u2019energia reactiva a la instal\u00b7laci\u00f3, de manera que no s\u2019ha de demanar a la xarxa el\u00e8ctrica. A m\u00e9s, disminueix parcial o totalment la demanda d\u2019energia reactiva a la xarxa el\u00e8ctrica.<\/span><\/p>\n<h3><span style=\"color: #000000;\"><strong>\u00c9s rentable compensar l\u2019energia reactiva?<\/strong><\/span><\/h3>\n<p><span style=\"color: #000000;\">Per descomptat, \u00e9s rentable i amortitzable. <strong>Interessant valorar-ho en els seg\u00fcents casos<\/strong>:<\/span><\/p>\n<ul>\n<li><span style=\"color: #000000;\">Quant existeixen costs mensuals superiors a 45 \u20ac<\/span><\/li>\n<li><span style=\"color: #000000;\">Grans consums (s\u2019amortitza en menys d\u2019un any)<\/span><\/li>\n<\/ul>\n<p><span style=\"color: #000000;\"><strong>Un cop amortitzada la bateria, hi ha un estalvi de per vida<\/strong>. A m\u00e9s, tamb\u00e9 existeixen avantatges t\u00e8cniques per a la instal\u00b7laci\u00f3, ja que es redueix la pot\u00e8ncia total i millora lleugerament els nivells de tensi\u00f3.<\/span><\/p>\n<p>&nbsp;<\/p>\n<p><span style=\"color: #000000;\">A Factor Energia t\u2019ajudem a instal\u00b7lar la teva bateria de condensadors. <a href=\"https:\/\/www.factorenergia.com\/ca\/empreses\/contacte\/\" target=\"_blank\">Posa\u2019t en contacte amb nosaltres<\/a> a trav\u00e9s del nostre formulari i demana\u2019ns un estudi de compensaci\u00f3 d\u2019energia reactiva. Veur\u00e0s com estalvies en la teva factura de la llum!<\/span><\/p>\n<p>&nbsp;<\/p>\n<p><strong>Articles relacionats:<\/strong><\/p>\n<p><a href=\"https:\/\/www.factorenergia.com\/ca\/blog\/enten-la-factura-de-la-llum\/entendre-factura-llum-factor-energia\/\" target=\"_blank\">Com \u00e9s la factura de la llum de Factor Energia<\/a><\/p>\n<p><a href=\"https:\/\/www.factorenergia.com\/ca\/blog\/noticies\/eficiencia-energetica-empreses\/\" target=\"_blank\">Normativa d&#8217;efici\u00e8ncia energ\u00e8tica per empreses<\/a><\/p>\n","protected":false},"excerpt":{"rendered":"<p>L&#8217; energia reactiva s&#8217;associa amb els aparells que necessiten una bobina, motor, transformador\u2026 per funcionar, i es reflexa a la teva factura de la llum a mode de despesa. T&#8217; ensenyem a compensar-la per a estalviar:<\/p>\n","protected":false},"author":17,"featured_media":0,"comment_status":"open","ping_status":"closed","sticky":false,"template":"","format":"standard","meta":{"inline_featured_image":false,"footnotes":""},"categories":[57],"tags":[],"acf":{"fecha_de_la_entrada":"20170810","imagen_portada":4335,"categoria_blog":57,"tipo_de_distribuidora":null,"tiempo_lectura":"","banner_bool":false,"titulo_banner":"","texto_banner":"","texto_boton_banner":"","url_boton_banner":"","post_relacionados":null},"yoast_head":"<!-- This site is optimized with the Yoast SEO plugin v22.2 - https:\/\/yoast.com\/wordpress\/plugins\/seo\/ -->\n<title>Com estalviar-me l&#039; energia reactiva | Factor Energia<\/title>\n<meta name=\"description\" content=\"L&#039; energia reactiva s&#039;associa amb els aparells que necessiten una bobina o motor, i es reflexa a la teva factura de la llum. T&#039; ensenyem a estalviar-te-la:\" \/>\n<meta name=\"robots\" content=\"noindex, follow\" \/>\n<meta name=\"twitter:card\" content=\"summary_large_image\" \/>\n<meta name=\"twitter:title\" content=\"Com estalviar-me l&#039; energia reactiva | Factor Energia\" \/>\n<meta name=\"twitter:description\" content=\"L&#039; energia reactiva s&#039;associa amb els aparells que necessiten una bobina o motor, i es reflexa a la teva factura de la llum. T&#039; ensenyem a estalviar-te-la:\" \/>\n<meta name=\"twitter:site\" content=\"@factorenergia\" \/>\n<meta name=\"twitter:label1\" content=\"Est. reading time\" \/>\n\t<meta name=\"twitter:data1\" content=\"3 minutes\" \/>\n<script type=\"application\/ld+json\" class=\"yoast-schema-graph\">{\"@context\":\"https:\/\/schema.org\",\"@graph\":[{\"@type\":\"WebPage\",\"@id\":\"https:\/\/www.factorenergia.com\/ca\/blog\/blog\/%tiposdeblog%\/energia-reactiva-empreses\/\",\"url\":\"https:\/\/www.factorenergia.com\/ca\/blog\/blog\/%tiposdeblog%\/energia-reactiva-empreses\/\",\"name\":\"Com estalviar-me l' energia reactiva | Factor Energia\",\"isPartOf\":{\"@id\":\"https:\/\/www.factorenergia.com\/es\/#website\"},\"datePublished\":\"2017-08-10T08:00:47+00:00\",\"dateModified\":\"2017-08-09T11:14:32+00:00\",\"description\":\"L' energia reactiva s'associa amb els aparells que necessiten una bobina o motor, i es reflexa a la teva factura de la llum. T' ensenyem a estalviar-te-la:\",\"breadcrumb\":{\"@id\":\"https:\/\/www.factorenergia.com\/ca\/blog\/blog\/%tiposdeblog%\/energia-reactiva-empreses\/#breadcrumb\"},\"inLanguage\":\"ca\",\"potentialAction\":[{\"@type\":\"ReadAction\",\"target\":[\"https:\/\/www.factorenergia.com\/ca\/blog\/blog\/%tiposdeblog%\/energia-reactiva-empreses\/\"]}]},{\"@type\":\"BreadcrumbList\",\"@id\":\"https:\/\/www.factorenergia.com\/ca\/blog\/blog\/%tiposdeblog%\/energia-reactiva-empreses\/#breadcrumb\",\"itemListElement\":[{\"@type\":\"ListItem\",\"position\":1,\"name\":\"Portada\",\"item\":\"https:\/\/www.factorenergia.com\/ca\/\"},{\"@type\":\"ListItem\",\"position\":2,\"name\":\"Per a empreses: l\u2019energia reactiva de la meva factura de la llum\"}]},{\"@type\":\"WebSite\",\"@id\":\"https:\/\/www.factorenergia.com\/es\/#website\",\"url\":\"https:\/\/www.factorenergia.com\/es\/\",\"name\":\"factorenergia\",\"description\":\"factorenergia\",\"potentialAction\":[{\"@type\":\"SearchAction\",\"target\":{\"@type\":\"EntryPoint\",\"urlTemplate\":\"https:\/\/www.factorenergia.com\/es\/?s={search_term_string}\"},\"query-input\":\"required name=search_term_string\"}],\"inLanguage\":\"ca\"}]}<\/script>\n<!-- \/ Yoast SEO plugin. -->","yoast_head_json":{"title":"Com estalviar-me l' energia reactiva | Factor Energia","description":"L' energia reactiva s'associa amb els aparells que necessiten una bobina o motor, i es reflexa a la teva factura de la llum. T' ensenyem a estalviar-te-la:","robots":{"index":"noindex","follow":"follow"},"twitter_card":"summary_large_image","twitter_title":"Com estalviar-me l' energia reactiva | Factor Energia","twitter_description":"L' energia reactiva s'associa amb els aparells que necessiten una bobina o motor, i es reflexa a la teva factura de la llum. T' ensenyem a estalviar-te-la:","twitter_site":"@factorenergia","twitter_misc":{"Est. reading time":"3 minutes"},"schema":{"@context":"https:\/\/schema.org","@graph":[{"@type":"WebPage","@id":"https:\/\/www.factorenergia.com\/ca\/blog\/blog\/%tiposdeblog%\/energia-reactiva-empreses\/","url":"https:\/\/www.factorenergia.com\/ca\/blog\/blog\/%tiposdeblog%\/energia-reactiva-empreses\/","name":"Com estalviar-me l' energia reactiva | Factor Energia","isPartOf":{"@id":"https:\/\/www.factorenergia.com\/es\/#website"},"datePublished":"2017-08-10T08:00:47+00:00","dateModified":"2017-08-09T11:14:32+00:00","description":"L' energia reactiva s'associa amb els aparells que necessiten una bobina o motor, i es reflexa a la teva factura de la llum. T' ensenyem a estalviar-te-la:","breadcrumb":{"@id":"https:\/\/www.factorenergia.com\/ca\/blog\/blog\/%tiposdeblog%\/energia-reactiva-empreses\/#breadcrumb"},"inLanguage":"ca","potentialAction":[{"@type":"ReadAction","target":["https:\/\/www.factorenergia.com\/ca\/blog\/blog\/%tiposdeblog%\/energia-reactiva-empreses\/"]}]},{"@type":"BreadcrumbList","@id":"https:\/\/www.factorenergia.com\/ca\/blog\/blog\/%tiposdeblog%\/energia-reactiva-empreses\/#breadcrumb","itemListElement":[{"@type":"ListItem","position":1,"name":"Portada","item":"https:\/\/www.factorenergia.com\/ca\/"},{"@type":"ListItem","position":2,"name":"Per a empreses: l\u2019energia reactiva de la meva factura de la llum"}]},{"@type":"WebSite","@id":"https:\/\/www.factorenergia.com\/es\/#website","url":"https:\/\/www.factorenergia.com\/es\/","name":"factorenergia","description":"factorenergia","potentialAction":[{"@type":"SearchAction","target":{"@type":"EntryPoint","urlTemplate":"https:\/\/www.factorenergia.com\/es\/?s={search_term_string}"},"query-input":"required name=search_term_string"}],"inLanguage":"ca"}]}},"_links":{"self":[{"href":"https:\/\/www.factorenergia.com\/ca\/wp-json\/wp\/v2\/posts\/4334"}],"collection":[{"href":"https:\/\/www.factorenergia.com\/ca\/wp-json\/wp\/v2\/posts"}],"about":[{"href":"https:\/\/www.factorenergia.com\/ca\/wp-json\/wp\/v2\/types\/post"}],"author":[{"embeddable":true,"href":"https:\/\/www.factorenergia.com\/ca\/wp-json\/wp\/v2\/users\/17"}],"replies":[{"embeddable":true,"href":"https:\/\/www.factorenergia.com\/ca\/wp-json\/wp\/v2\/comments?post=4334"}],"version-history":[{"count":0,"href":"https:\/\/www.factorenergia.com\/ca\/wp-json\/wp\/v2\/posts\/4334\/revisions"}],"acf:term":[{"embeddable":true,"taxonomy":"category","href":"https:\/\/www.factorenergia.com\/ca\/wp-json\/wp\/v2\/categories\/57"}],"wp:attachment":[{"href":"https:\/\/www.factorenergia.com\/ca\/wp-json\/wp\/v2\/media?parent=4334"}],"wp:term":[{"taxonomy":"category","embeddable":true,"href":"https:\/\/www.factorenergia.com\/ca\/wp-json\/wp\/v2\/categories?post=4334"},{"taxonomy":"post_tag","embeddable":true,"href":"https:\/\/www.factorenergia.com\/ca\/wp-json\/wp\/v2\/tags?post=4334"}],"curies":[{"name":"wp","href":"https:\/\/api.w.org\/{rel}","templated":true}]}}