{"id":4068,"date":"2017-07-10T09:24:56","date_gmt":"2017-07-10T07:24:56","guid":{"rendered":"https:\/\/www.factorenergia.com\/ca\/?post_type=blog&#038;p=4068"},"modified":"2023-01-10T11:54:58","modified_gmt":"2023-01-10T09:54:58","slug":"cotxe-electric-benzina-comparacio","status":"publish","type":"post","link":"https:\/\/www.factorenergia.com\/ca\/blog\/mobilitat-electrica\/cotxe-electric-benzina-comparacio\/","title":{"rendered":"Comparativa de despeses entre el cotxe el\u00e8ctric i el de benzina"},"content":{"rendered":"<p><span style=\"color: #000000;\">El <a href=\"https:\/\/www.factorenergia.com\/ca\/instalar-punts-recarrega\/\" target=\"_blank\" rel=\"noopener noreferrer\">cotxe el\u00e8ctric<\/a> s\u2019est\u00e0 posant de moda i tenim clar que \u00e9s el futur de la mobilitat per\u00f2, val la pena? Hem fet un c\u00e0lcul b\u00e0sic sobre quant costa cadascun i nosaltres pensem que s\u00ed. Jutja per tu mateix:<\/span><\/p>\n<h2><span style=\"color: #000000;\">Quant val rec\u00f3rrer 1 km?<\/span><\/h2>\n<p><span style=\"color: #000000;\">La <strong>benzina<\/strong> a dia d\u2019avui est\u00e0 a un preu mig de 1,21 \u20ac\/l i a 1,08 \u20ac\/l el di\u00e8sel. Partint d\u2019aquesta base i de que en ciutat un cotxe consumeix aproximadament 8 litres cada 100 km., podem estipular que m\u00e9s o menys ens costa <strong>0,10 \u20ac cada quil\u00f2metre<\/strong> que recorrem.<\/span><\/p>\n<p><span style=\"color: #000000;\">En quant al <strong>cotxe el\u00e8ctric<\/strong>: posem que ens costa unes 9 hores recarregar el cotxe completament a un preu mig (hores vall) de 0,08225 \u20ac\/kWh. Essent aix\u00ed, recarregar la bateria per complet ens costa una mitjana de 2,23 \u20ac, i <strong>cada quil\u00f2metre a 0,013 \u20ac.<\/strong><\/span><\/p>\n<p><span style=\"color: #000000;\">Aqu\u00ed ja trobem una difer\u00e8ncia substancial de 0,087 \u20ac menys per quil\u00f2metre a favor del cotxe el\u00e8ctric, per\u00f2 seguim.<\/span><\/p>\n<p><span><div class=\"text-center center blog-cta\"><p>Instal&middot;la un punt de rec&agrave;rrega pel teu cotxe el&egrave;ctric amb factorenergia!<\/p><a class=\"blog-cta primary-btn text-center solicitar-estudio\" target=\"_blank\" title=\"SOL&sdot;LICITA UN ESTUDI GRATU&Iuml;T\" href=\"https:\/\/www.factorenergia.com\/ca\/llars\/punts-recarrega-electrics\/\">SOL&sdot;LICITA UN ESTUDI GRATU&Iuml;T<\/a><p><\/p><div style=\"display:none;\"><p>Instal&middot;la un punt de rec&agrave;rrega pel teu cotxe el&egrave;ctric amb factorenergia!<\/p><\/div>\n\t\t\t<script type='text\/javascript'>\n\t\t\t\tjQuery('.solicitar-estudio').click(function(){\t\t\t\t\t\t\t\t\t\n\t\t\t\t\tdataLayer.push({'language': 'ca'});\n\t\t\t\t\tdataLayer.push({'post_id': '4068'});\n\t\t\t\t\tdataLayer.push({'cat_type': 'ce'});\n\t\t\t\t});\n\t\t\t<\/script>\n\t\t<\/div><br\/><\/span><\/p>\n<h2><span style=\"color: #000000;\">Val la pena el cotxe el\u00e8ctric?<\/span><\/h2>\n<p><span style=\"color: #000000;\">Anem a veure un recorregut habitual: de casa a la feina i de la feina a casa.<\/span><\/p>\n<p><span style=\"color: #000000;\">Una persona recorre una dist\u00e0ncia d\u2019entre 10 i 80 km al dia per aquesta mena de despla\u00e7aments. Tenint aix\u00f2 en compte:<\/span><\/p>\n<p><picture><source srcset=\"https:\/\/www.factorenergia.com\/wp-content\/webp-express\/webp-images\/uploads\/2017\/07\/vertical-695x1024.jpg.webp 695w, https:\/\/www.factorenergia.com\/wp-content\/webp-express\/webp-images\/uploads\/2017\/07\/vertical-204x300.jpg.webp 204w, https:\/\/www.factorenergia.com\/wp-content\/webp-express\/webp-images\/uploads\/2017\/07\/vertical-768x1132.jpg.webp 768w, https:\/\/www.factorenergia.com\/wp-content\/webp-express\/webp-images\/uploads\/2017\/07\/vertical-120x177.jpg.webp 120w, https:\/\/www.factorenergia.com\/wp-content\/webp-express\/webp-images\/uploads\/2017\/07\/vertical-61x90.jpg.webp 61w, https:\/\/www.factorenergia.com\/wp-content\/webp-express\/webp-images\/uploads\/2017\/07\/vertical-115x170.jpg.webp 115w, https:\/\/www.factorenergia.com\/wp-content\/webp-express\/webp-images\/uploads\/2017\/07\/vertical-244x360.jpg.webp 244w\" sizes=\"(max-width: 695px) 100vw, 695px\" type=\"image\/webp\"><img loading=\"lazy\" decoding=\"async\" src=\"https:\/\/www.factorenergia.com\/wp-content\/uploads\/2017\/07\/vertical-695x1024.jpg\" alt=\"comparar estalvi\" class=\"aligncenter wp-image-4071 size-large webpexpress-processed\" title=\"cotxe el\u00e8ctric\" width=\"695\" height=\"1024\" srcset=\"https:\/\/www.factorenergia.com\/wp-content\/uploads\/2017\/07\/vertical-695x1024.jpg 695w, https:\/\/www.factorenergia.com\/wp-content\/uploads\/2017\/07\/vertical-204x300.jpg 204w, https:\/\/www.factorenergia.com\/wp-content\/uploads\/2017\/07\/vertical-768x1132.jpg 768w, https:\/\/www.factorenergia.com\/wp-content\/uploads\/2017\/07\/vertical-120x177.jpg 120w, https:\/\/www.factorenergia.com\/wp-content\/uploads\/2017\/07\/vertical-61x90.jpg 61w, https:\/\/www.factorenergia.com\/wp-content\/uploads\/2017\/07\/vertical-115x170.jpg 115w, https:\/\/www.factorenergia.com\/wp-content\/uploads\/2017\/07\/vertical-244x360.jpg 244w\" sizes=\"(max-width: 695px) 100vw, 695px\"><\/picture><\/p>\n<p><span style=\"color: #000000;\">Podem veure una aproximaci\u00f3 del que ens costa un recorregut habitual segons la dist\u00e0ncia a la que ens trobem de la nostra feina (anar i tornar). De tal manera, i prenent de refer\u00e8ncia un recorregut regular d\u2019uns 20 km al dia, podem estalviar-nos una mitjana de 1,74 \u20ac al dia, que es tradueixen en gaireb\u00e9 35 \u20ac al mes i m\u00e9s de 400 \u20ac a l\u2019any.<\/span><\/p>\n<h3><span style=\"color: #000000;\"><strong>Quan omplir el dip\u00f2sit?<\/strong><\/span><\/h3>\n<p><span style=\"color: #000000;\">Si els teus trajectes diaris s\u00f3n curts, recarregar\u00e0s la teva bateria un parell de cops per setmana, i tant si s\u00f3n curts com si s\u00f3n llargs, \u00e9s m\u00e9s que probable que aparquis el teu cotxe davant d\u2019un <strong>punt de rec\u00e0rrega p\u00fablic<\/strong> a la teva ciutat; estalviant-te alguna que altra rec\u00e0rrega a casa teva i, per tant, tamb\u00e9 diners. Si vols m\u00e9s informaci\u00f3 sobre els punts de rec\u00e0rrega de cotxe el\u00e8ctric i com funcionen pots visitar <a href=\"https:\/\/www.factorenergia.com\/ca\/blog\/mobilitat-electrica\/punts-recarrega-cotxes-electrics\/\">aquest article<\/a>, on recollim\u00a0tot el qu\u00e8 has de saber.<\/span><\/p>\n<h3><span style=\"color: #000000;\"><strong>M\u00e9s estalvi amb el cotxe el\u00e8ctric<\/strong><\/span><\/h3>\n<p><span style=\"color: #000000;\">Tinguem en compte que al preu de recarrega del cotxe el\u00e8ctric ja li hem incl\u00f2s els imposts el\u00e8ctrics i l\u2019IVA per\u00f2, qu\u00e8 passa amb el cotxe de combustible? Doncs que se li ha d\u2019afegir, si es d\u00f3na el cas, peatges, aparcament (de pagament regulat, p\u00e0rquing&#8230;) i , a la llarga, alguna reparaci\u00f3.<\/span><\/p>\n<p><span style=\"color: #000000;\">I amb el cotxe el\u00e8ctric? Res d\u2019aix\u00f2. I \u00e9s clar que tindr\u00e0 reparacions, per\u00f2 al no tenir un motor de combustible, s\u2019eliminen algunes de les variables que porten a que s\u2019espatlli m\u00e9s f\u00e0cilment i, a m\u00e9s, el tipus de reparaci\u00f3 que comporta un vehicle el\u00e8ctric \u00e9s molt m\u00e9s lleu i a llarg termini de les que suposa un cotxe a benzina.<\/span><\/p>\n<p><span style=\"color: #000000;\">En quant als peatges i l\u2019aparcament, s\u00f3n diverses les ajudes que s\u2019ofereixen a aquelles persones que fan el pas en favor de la mobilitat el\u00e8ctrica, de manera que <strong>hi ha molt\u00edssims descomptes i exempcions de pagament<\/strong> al voltant de les autopistes de peatge i les zones blaves per als usuaris d\u2019un vehicle el\u00e8ctric.<\/span><\/p>\n<p>&nbsp;<\/p>\n<p><span style=\"color: #000000;\">Si encara no est\u00e0s conven\u00e7ut o, per contra, tens clar\u00edssim que la mobilitat el\u00e8ctrica est\u00e0 feta per tu, suma\u2019t-hi i informa\u2019t del nostre servei de <a href=\"https:\/\/www.factorenergia.com\/ca\/instalar-punts-recarrega\/\" target=\"_blank\" rel=\"noopener noreferrer\">gesti\u00f3 per al cotxe el\u00e8ctric<\/a>. Tot el que necessitis, des de l\u2019assessorament fins a la instal\u00b7laci\u00f3 del teu propi punt de rec\u00e0rrega.<\/span><\/p>\n<p>&nbsp;<\/p>\n","protected":false},"excerpt":{"rendered":"<p>Hem calculat quant t&#8217;estalviaries si conduissis un cotxe el\u00e8ctric en comparaci\u00f3 amb un de benzina. Ho vols veure? Suma&#8217;t a la mobilitat el\u00e8ctrica<\/p>\n","protected":false},"author":17,"featured_media":0,"comment_status":"open","ping_status":"closed","sticky":false,"template":"","format":"standard","meta":{"inline_featured_image":false,"footnotes":""},"categories":[64],"tags":[],"acf":{"fecha_de_la_entrada":"20170710","imagen_portada":4069,"categoria_blog":64,"tipo_de_distribuidora":null,"tiempo_lectura":"","banner_bool":false,"titulo_banner":"","texto_banner":"","texto_boton_banner":"","url_boton_banner":"","post_relacionados":null},"yoast_head":"<!-- This site is optimized with the Yoast SEO plugin v22.2 - https:\/\/yoast.com\/wordpress\/plugins\/seo\/ -->\n<title>Comparaci\u00f3 entre cotxe el\u00e8ctric i de benzina | Estalvia amb Factor Energia<\/title>\n<meta name=\"description\" content=\"Hem calculat quant t&#039;estalviaries si conduissis un cotxe el\u00e8ctric en comparaci\u00f3 amb un de benzina. Ho vols veure? Suma&#039;t a la mobilitat el\u00e8ctrica\" \/>\n<meta name=\"robots\" content=\"noindex, follow\" \/>\n<meta name=\"twitter:card\" content=\"summary_large_image\" \/>\n<meta name=\"twitter:title\" content=\"Comparaci\u00f3 entre cotxe el\u00e8ctric i de benzina | Estalvia amb Factor Energia\" \/>\n<meta name=\"twitter:description\" content=\"Hem calculat quant t&#039;estalviaries si conduissis un cotxe el\u00e8ctric en comparaci\u00f3 amb un de benzina. Ho vols veure? Suma&#039;t a la mobilitat el\u00e8ctrica\" \/>\n<meta name=\"twitter:image\" content=\"https:\/\/www.factorenergia.com\/wp-content\/uploads\/2017\/07\/vertical-695x1024.jpg\" \/>\n<meta name=\"twitter:site\" content=\"@factorenergia\" \/>\n<meta name=\"twitter:label1\" content=\"Est. reading time\" \/>\n\t<meta name=\"twitter:data1\" content=\"3 minutes\" \/>\n<script type=\"application\/ld+json\" class=\"yoast-schema-graph\">{\"@context\":\"https:\/\/schema.org\",\"@graph\":[{\"@type\":\"WebPage\",\"@id\":\"https:\/\/www.factorenergia.com\/ca\/blog\/blog\/%tiposdeblog%\/cotxe-electric-benzina-comparacio\/\",\"url\":\"https:\/\/www.factorenergia.com\/ca\/blog\/mobilitat-electrica\/cotxe-electric-benzina-comparacio\/\",\"name\":\"Comparaci\u00f3 entre cotxe el\u00e8ctric i de benzina | Estalvia amb Factor Energia\",\"isPartOf\":{\"@id\":\"https:\/\/www.factorenergia.com\/es\/#website\"},\"primaryImageOfPage\":{\"@id\":\"https:\/\/www.factorenergia.com\/ca\/blog\/mobilitat-electrica\/cotxe-electric-benzina-comparacio\/#primaryimage\"},\"image\":{\"@id\":\"https:\/\/www.factorenergia.com\/ca\/blog\/mobilitat-electrica\/cotxe-electric-benzina-comparacio\/#primaryimage\"},\"thumbnailUrl\":\"https:\/\/www.factorenergia.com\/wp-content\/uploads\/2017\/07\/vertical-695x1024.jpg\",\"datePublished\":\"2017-07-10T07:24:56+00:00\",\"dateModified\":\"2023-01-10T09:54:58+00:00\",\"description\":\"Hem calculat quant t'estalviaries si conduissis un cotxe el\u00e8ctric en comparaci\u00f3 amb un de benzina. Ho vols veure? Suma't a la mobilitat el\u00e8ctrica\",\"breadcrumb\":{\"@id\":\"https:\/\/www.factorenergia.com\/ca\/blog\/mobilitat-electrica\/cotxe-electric-benzina-comparacio\/#breadcrumb\"},\"inLanguage\":\"ca\",\"potentialAction\":[{\"@type\":\"ReadAction\",\"target\":[\"https:\/\/www.factorenergia.com\/ca\/blog\/mobilitat-electrica\/cotxe-electric-benzina-comparacio\/\"]}]},{\"@type\":\"ImageObject\",\"inLanguage\":\"ca\",\"@id\":\"https:\/\/www.factorenergia.com\/ca\/blog\/mobilitat-electrica\/cotxe-electric-benzina-comparacio\/#primaryimage\",\"url\":\"https:\/\/www.factorenergia.com\/wp-content\/uploads\/2017\/07\/vertical-695x1024.jpg\",\"contentUrl\":\"https:\/\/www.factorenergia.com\/wp-content\/uploads\/2017\/07\/vertical-695x1024.jpg\"},{\"@type\":\"BreadcrumbList\",\"@id\":\"https:\/\/www.factorenergia.com\/ca\/blog\/mobilitat-electrica\/cotxe-electric-benzina-comparacio\/#breadcrumb\",\"itemListElement\":[{\"@type\":\"ListItem\",\"position\":1,\"name\":\"Portada\",\"item\":\"https:\/\/www.factorenergia.com\/ca\/\"},{\"@type\":\"ListItem\",\"position\":2,\"name\":\"Comparativa de despeses entre el cotxe el\u00e8ctric i el de benzina\"}]},{\"@type\":\"WebSite\",\"@id\":\"https:\/\/www.factorenergia.com\/es\/#website\",\"url\":\"https:\/\/www.factorenergia.com\/es\/\",\"name\":\"factorenergia\",\"description\":\"factorenergia\",\"potentialAction\":[{\"@type\":\"SearchAction\",\"target\":{\"@type\":\"EntryPoint\",\"urlTemplate\":\"https:\/\/www.factorenergia.com\/es\/?s={search_term_string}\"},\"query-input\":\"required name=search_term_string\"}],\"inLanguage\":\"ca\"}]}<\/script>\n<!-- \/ Yoast SEO plugin. -->","yoast_head_json":{"title":"Comparaci\u00f3 entre cotxe el\u00e8ctric i de benzina | Estalvia amb Factor Energia","description":"Hem calculat quant t'estalviaries si conduissis un cotxe el\u00e8ctric en comparaci\u00f3 amb un de benzina. Ho vols veure? Suma't a la mobilitat el\u00e8ctrica","robots":{"index":"noindex","follow":"follow"},"twitter_card":"summary_large_image","twitter_title":"Comparaci\u00f3 entre cotxe el\u00e8ctric i de benzina | Estalvia amb Factor Energia","twitter_description":"Hem calculat quant t'estalviaries si conduissis un cotxe el\u00e8ctric en comparaci\u00f3 amb un de benzina. Ho vols veure? Suma't a la mobilitat el\u00e8ctrica","twitter_image":"https:\/\/www.factorenergia.com\/wp-content\/uploads\/2017\/07\/vertical-695x1024.jpg","twitter_site":"@factorenergia","twitter_misc":{"Est. reading time":"3 minutes"},"schema":{"@context":"https:\/\/schema.org","@graph":[{"@type":"WebPage","@id":"https:\/\/www.factorenergia.com\/ca\/blog\/blog\/%tiposdeblog%\/cotxe-electric-benzina-comparacio\/","url":"https:\/\/www.factorenergia.com\/ca\/blog\/mobilitat-electrica\/cotxe-electric-benzina-comparacio\/","name":"Comparaci\u00f3 entre cotxe el\u00e8ctric i de benzina | Estalvia amb Factor Energia","isPartOf":{"@id":"https:\/\/www.factorenergia.com\/es\/#website"},"primaryImageOfPage":{"@id":"https:\/\/www.factorenergia.com\/ca\/blog\/mobilitat-electrica\/cotxe-electric-benzina-comparacio\/#primaryimage"},"image":{"@id":"https:\/\/www.factorenergia.com\/ca\/blog\/mobilitat-electrica\/cotxe-electric-benzina-comparacio\/#primaryimage"},"thumbnailUrl":"https:\/\/www.factorenergia.com\/wp-content\/uploads\/2017\/07\/vertical-695x1024.jpg","datePublished":"2017-07-10T07:24:56+00:00","dateModified":"2023-01-10T09:54:58+00:00","description":"Hem calculat quant t'estalviaries si conduissis un cotxe el\u00e8ctric en comparaci\u00f3 amb un de benzina. Ho vols veure? Suma't a la mobilitat el\u00e8ctrica","breadcrumb":{"@id":"https:\/\/www.factorenergia.com\/ca\/blog\/mobilitat-electrica\/cotxe-electric-benzina-comparacio\/#breadcrumb"},"inLanguage":"ca","potentialAction":[{"@type":"ReadAction","target":["https:\/\/www.factorenergia.com\/ca\/blog\/mobilitat-electrica\/cotxe-electric-benzina-comparacio\/"]}]},{"@type":"ImageObject","inLanguage":"ca","@id":"https:\/\/www.factorenergia.com\/ca\/blog\/mobilitat-electrica\/cotxe-electric-benzina-comparacio\/#primaryimage","url":"https:\/\/www.factorenergia.com\/wp-content\/uploads\/2017\/07\/vertical-695x1024.jpg","contentUrl":"https:\/\/www.factorenergia.com\/wp-content\/uploads\/2017\/07\/vertical-695x1024.jpg"},{"@type":"BreadcrumbList","@id":"https:\/\/www.factorenergia.com\/ca\/blog\/mobilitat-electrica\/cotxe-electric-benzina-comparacio\/#breadcrumb","itemListElement":[{"@type":"ListItem","position":1,"name":"Portada","item":"https:\/\/www.factorenergia.com\/ca\/"},{"@type":"ListItem","position":2,"name":"Comparativa de despeses entre el cotxe el\u00e8ctric i el de benzina"}]},{"@type":"WebSite","@id":"https:\/\/www.factorenergia.com\/es\/#website","url":"https:\/\/www.factorenergia.com\/es\/","name":"factorenergia","description":"factorenergia","potentialAction":[{"@type":"SearchAction","target":{"@type":"EntryPoint","urlTemplate":"https:\/\/www.factorenergia.com\/es\/?s={search_term_string}"},"query-input":"required name=search_term_string"}],"inLanguage":"ca"}]}},"_links":{"self":[{"href":"https:\/\/www.factorenergia.com\/ca\/wp-json\/wp\/v2\/posts\/4068"}],"collection":[{"href":"https:\/\/www.factorenergia.com\/ca\/wp-json\/wp\/v2\/posts"}],"about":[{"href":"https:\/\/www.factorenergia.com\/ca\/wp-json\/wp\/v2\/types\/post"}],"author":[{"embeddable":true,"href":"https:\/\/www.factorenergia.com\/ca\/wp-json\/wp\/v2\/users\/17"}],"replies":[{"embeddable":true,"href":"https:\/\/www.factorenergia.com\/ca\/wp-json\/wp\/v2\/comments?post=4068"}],"version-history":[{"count":1,"href":"https:\/\/www.factorenergia.com\/ca\/wp-json\/wp\/v2\/posts\/4068\/revisions"}],"predecessor-version":[{"id":16926,"href":"https:\/\/www.factorenergia.com\/ca\/wp-json\/wp\/v2\/posts\/4068\/revisions\/16926"}],"acf:term":[{"embeddable":true,"taxonomy":"category","href":"https:\/\/www.factorenergia.com\/ca\/wp-json\/wp\/v2\/categories\/64"}],"wp:attachment":[{"href":"https:\/\/www.factorenergia.com\/ca\/wp-json\/wp\/v2\/media?parent=4068"}],"wp:term":[{"taxonomy":"category","embeddable":true,"href":"https:\/\/www.factorenergia.com\/ca\/wp-json\/wp\/v2\/categories?post=4068"},{"taxonomy":"post_tag","embeddable":true,"href":"https:\/\/www.factorenergia.com\/ca\/wp-json\/wp\/v2\/tags?post=4068"}],"curies":[{"name":"wp","href":"https:\/\/api.w.org\/{rel}","templated":true}]}}