{"id":3937,"date":"2017-06-27T10:53:28","date_gmt":"2017-06-27T08:53:28","guid":{"rendered":"https:\/\/www.factorenergia.com\/ca\/?post_type=blog&#038;p=3937"},"modified":"2025-07-31T13:02:30","modified_gmt":"2025-07-31T11:02:30","slug":"entendre-factura-llum-factor-energia","status":"publish","type":"post","link":"https:\/\/www.factorenergia.com\/ca\/blog\/enten-la-factura-de-la-llum\/entendre-factura-llum-factor-energia\/","title":{"rendered":"Com \u00e9s la factura de la llum de Factorenergia"},"content":{"rendered":"<div class=\"tc-content\">\n<div id=\"task_view_description\">\n<p><span>\n<script type=\"text\/javascript\" id=\"auto-index\" async defer>\n\n      function indexContent(context){\n\n      var container = document.querySelector(context);\n\n      element = document.getElementById(\"accordion-index\");\n      var titles = Array.from(container.querySelectorAll(\"h2,h3\"));\n\n      for (var i = 0, l = titles.length; i < l; i++) {\n\n\t\tjQuery('#accordionIndex').show();\n\n        var tit = titles[i];\n\t\tvar newTitle = tit.textContent.toLowerCase().replace(\/[^a-zA-Z ]\/g, \"\").replace(\/\\s\/g, '-');\n\t\tvar numTag = Number(tit.tagName.replace(\/[^1-9]\/g, \"\"));\n\t\tvar tagWidth = (numTag*20);\n\n\t\tvar preText = '<span style=\"margin-left:' + tagWidth + 'px\"><\/span>';\n\n        tit.setAttribute(\"id\", newTitle);\n\t\tjQuery(tit).addClass('h-inline');\n\t\t\n\t\tvar toIndex = '<p class=\"h-inline\"><a class=\"blog-toindex\" href=\"#accordionIndex\"><span class=\"glyphicon glyphicon-chevron-up\" aria-hidden=\"true\"><\/span><\/a><\/p>';\n\n\t\tjQuery(toIndex).insertAfter(tit);\n\n        var node = document.createElement(\"LI\");                 \n        var link = document.createElement(\"A\");\n        var textnode = document.createTextNode(tit.textContent);\n\n        link.appendChild(textnode);\n        link.setAttribute(\"href\", '#' + newTitle);\n\t\t\/\/link.setAttribute(\"style\", \"margin-left:\" + tagWidth + \"px\");\n\t\tlink.setAttribute(\"class\", \"acc-h\" + numTag);\n        node.appendChild(link);\n\n        element.appendChild(node);\n\n      }\n    }\n\n    jQuery(document).ready(function(){\t\t\n\t\tindexContent(\".single-post-content\");\n\n\t\tjQuery(\".accordion-toggle\").click(function() {\n\t\t\tjQuery(this).toggleClass(\"open\");\n\t\t\tjQuery(\"#collapseIndex\").slideToggle(\"in\");\n\t\t});\n\t});\n\n\n<\/script>\n\n<style>\n\t.accordion-toggle{\n\t\tcursor:pointer;\n\t}\n\n\t#accordionIndex .panel-heading{\n\t\tmargin-bottom:0px;\n\t}\n\n\t.articulo ul, .articulo ol{\n\t\tmargin-bottom:auto;\n\t}\n\n\t.h-inline{\n\t\tdisplay: inline-flex;\n\t\tflex-wrap: wrap\n\t}\n\t#accordion-index{\n\t\tpadding-left:0px;\n\t}\n\t#accordion-index li a{\n\t\tdisplay:block;\n\t\tpadding-top:5px;\n\t}\n\n\t.acc-h2{\n\t\tmargin-left:0px;\n\t\tposition: relative;\n\t}\n\n\t.acc-h3{\n\t\tmargin-left:25px;\n\t}\n\n\t.acc-h3::before{\n\t\tcontent: \"\";\n\t\tbackground-color:var(--blue-light);\n\t\tmargin-left:-10px;\n\t\twidth: 7px;\n\t\theight: 7px;\n\t\tdisplay: inline-block;\n\t\ttext-align: center;\n\t\tborder-radius: 1000px;\n\t\tmargin-right: 10px;\n    \tmargin-bottom: 2px;\n\t}\n\n\t.acc-h4{\n\t\tmargin-left:40px;\n\t}\n\n\t.acc-h4::before{\n\t\tcontent: \"\";\n\t\tborder: 1px solid var(--blue-light);\n\t\tmargin-left:-5px;\n\t\twidth: 7px;\n\t\theight: 7px;\n\t\tdisplay: inline-block;\n\t\ttext-align: center;\n\t\tborder-radius: 100%;\n\t\tmargin-right: 10px;\n    \tmargin-bottom: 2px;\n\t}\n\n\t.acc-h3:hover::before{\n\t\tbackground-color: var(--blue-darkest);\n\t}\n\n\t.acc-h4:hover::before{\n\t\tborder-color: var(--blue-darkest);\n\t}\n\n\t@media (max-width: 992px){\n\t\t.acc-h2{\n\t\t\tmargin-left:0px;\n\t\t}\n\t\t.acc-h3{\n\t\t\tmargin-left:20px;\n\t\t}\n\t\t.acc-h4{\n\t\t\tmargin-left:40px;\n\t\t}\n\t}\n\n\t\/*\n\th2.h-inline:after,\n\th3.h-inline:after{\n\t\theight: 24px;\n\t\tcontent: \"\";\n\t\tdisplay: table-row;\n\t}*\/\n<\/style>\n\n<div id=\"table-accordion-index\">\n\t<div class=\"panel-group\" id=\"accordionIndex\">\n\t\t<div class=\"panel panel-default\">\n\t\t\t<div class=\"panel-heading\">\n\t\t\t\t<div class=\"panel-title open\"><div class=\"accordion-toggle\" data-toggle=\"collapse\" data-parent=\"#accordion\" aria-expanded=\"true\">\u00edndex<\/div><\/div>\n\t\t\t<\/div>\n\t\t\t<div id=\"collapseIndex\" class=\"panel-collapse collapse in\" aria-expanded=\"true\">\n\t\t\t\t<div class=\"panel-body\">\n\t\t\t\t\t<ul id=\"accordion-index\">\n\t\t\t\t\t<\/ul>\n\t\t\t\t<\/div>\n\t\t\t<\/div>\n\t\t<\/div>\n\t<\/div>\n<\/div><\/span><\/p>\n<\/div>\n<\/div>\n<p><span style=\"color: #000000;\"><\/span>A <strong>factorenergia\u00a0<\/strong>tenim com a especial prop\u00f2sit ajudar-te a <a href=\"https:\/\/alta.factorenergia.com\/ca\/checkout-l\/1\" target=\"_blank\" rel=\"noopener noreferrer\">estalviar en la teva factura de la llum<\/a>, i per aix\u00f2, t\u2019ensenyem trucs d\u2019estalvi i t\u00e8cniques d\u2019abaratiment de costs; maneres de reduir el teu consum mitjan\u00e7ant efici\u00e8ncia energ\u00e8tica. Tot aix\u00f2 est\u00e0 molt b\u00e9, per\u00f2 l\u2019estalvi m\u00e9s gran consisteix en canviar de companyia el\u00e8ctrica.<\/p>\n<div class=\"text-center center blog-cta\"><p>Canvia't a factorenergia i estalvia un 12'5% a la Factura de la Llum ... Per Sempre!<\/p><a class=\"blog-cta primary-btn text-center solicitar-estudio\" target=\"_blank\" title=\"Truca Gratis o Contracta Online en 2 min\" href=\"https:\/\/www.factorenergia.com\/ca\/canvia-de-companyia\/\">Truca Gratis o Contracta Online en 2 min<\/a><p><\/p><div style=\"display:none;\"><p>Canvia't a factorenergia i estalvia un 12'5% a la Factura de la Llum ... Per Sempre!<\/p><\/div>\n\t\t\t<script type='text\/javascript'>\n\t\t\t\tjQuery('.solicitar-estudio').click(function(){\t\t\t\t\t\t\t\t\t\n\t\t\t\t\tdataLayer.push({'language': 'ca'});\n\t\t\t\t\tdataLayer.push({'post_id': '3937'});\n\t\t\t\t\tdataLayer.push({'cat_type': 'luz'});\n\t\t\t\t});\n\t\t\t<\/script>\n\t\t<\/div><br\/>\n<p>La teva factura de la llum ser\u00e0 m\u00e9s alta o m\u00e9s baixa en funci\u00f3 del teu consum, \u00e9s clar, per\u00f2 sobre tot dependr\u00e0 del preu de la llum que t\u2019ofereixi la teva comercialitzadora. A <strong>factorenergia\u00a0<\/strong>no nom\u00e9s t\u2019oferim la llum a molt bon preu sin\u00f3 que <strong>t\u2019ajudem a entendre la nostra factura de la llum<\/strong> que, per cert, nom\u00e9s ocupa dues p\u00e0gines. Vols veure-la? L\u2019expliquem:<\/p>\n<p><picture><source srcset=\"https:\/\/www.factorenergia.com\/wp-content\/webp-express\/webp-images\/uploads\/2017\/06\/factura-numerada-CAT-1-735x1024.jpg.webp 735w, https:\/\/www.factorenergia.com\/wp-content\/webp-express\/webp-images\/uploads\/2017\/06\/factura-numerada-CAT-1-215x300.jpg.webp 215w, https:\/\/www.factorenergia.com\/wp-content\/webp-express\/webp-images\/uploads\/2017\/06\/factura-numerada-CAT-1-768x1071.jpg.webp 768w, https:\/\/www.factorenergia.com\/wp-content\/webp-express\/webp-images\/uploads\/2017\/06\/factura-numerada-CAT-1-127x177.jpg.webp 127w, https:\/\/www.factorenergia.com\/wp-content\/webp-express\/webp-images\/uploads\/2017\/06\/factura-numerada-CAT-1-65x90.jpg.webp 65w, https:\/\/www.factorenergia.com\/wp-content\/webp-express\/webp-images\/uploads\/2017\/06\/factura-numerada-CAT-1-122x170.jpg.webp 122w, https:\/\/www.factorenergia.com\/wp-content\/webp-express\/webp-images\/uploads\/2017\/06\/factura-numerada-CAT-1-258x360.jpg.webp 258w\" sizes=\"(max-width: 630px) 100vw, 630px\" type=\"image\/webp\"><img loading=\"lazy\" decoding=\"async\" src=\"https:\/\/www.factorenergia.com\/wp-content\/uploads\/2017\/06\/factura-numerada-CAT-1-735x1024.jpg\" alt=\"factor energia factura\" width=\"630\" height=\"878\" class=\"aligncenter wp-image-3954  webpexpress-processed\" srcset=\"https:\/\/www.factorenergia.com\/wp-content\/uploads\/2017\/06\/factura-numerada-CAT-1-735x1024.jpg 735w, https:\/\/www.factorenergia.com\/wp-content\/uploads\/2017\/06\/factura-numerada-CAT-1-215x300.jpg 215w, https:\/\/www.factorenergia.com\/wp-content\/uploads\/2017\/06\/factura-numerada-CAT-1-768x1071.jpg 768w, https:\/\/www.factorenergia.com\/wp-content\/uploads\/2017\/06\/factura-numerada-CAT-1-127x177.jpg 127w, https:\/\/www.factorenergia.com\/wp-content\/uploads\/2017\/06\/factura-numerada-CAT-1-65x90.jpg 65w, https:\/\/www.factorenergia.com\/wp-content\/uploads\/2017\/06\/factura-numerada-CAT-1-122x170.jpg 122w, https:\/\/www.factorenergia.com\/wp-content\/uploads\/2017\/06\/factura-numerada-CAT-1-258x360.jpg 258w\" sizes=\"(max-width: 630px) 100vw, 630px\"><\/picture><\/p>\n<h2>La factura de la llum de Factorenergia<\/h2>\n<p>En trets generals, podem dir que la factura de la llum de <strong>factorenergia\u00a0<\/strong>es composa de 6 blocs, que s\u00f3n els que composen les seccions en maj\u00fascula m\u00e9s la p\u00e0gina del darrere. Anem punt per punt:<\/p>\n<h3><strong>Factura d\u2019electricitat<\/strong><\/h3>\n<p>&nbsp;<\/p>\n<p><picture><source srcset=\"https:\/\/www.factorenergia.com\/wp-content\/webp-express\/webp-images\/uploads\/2017\/06\/recorte-1-CAT-1024x334.jpg.webp 1024w, https:\/\/www.factorenergia.com\/wp-content\/webp-express\/webp-images\/uploads\/2017\/06\/recorte-1-CAT-300x98.jpg.webp 300w, https:\/\/www.factorenergia.com\/wp-content\/webp-express\/webp-images\/uploads\/2017\/06\/recorte-1-CAT-768x251.jpg.webp 768w, https:\/\/www.factorenergia.com\/wp-content\/webp-express\/webp-images\/uploads\/2017\/06\/recorte-1-CAT-306x100.jpg.webp 306w, https:\/\/www.factorenergia.com\/wp-content\/webp-express\/webp-images\/uploads\/2017\/06\/recorte-1-CAT-90x29.jpg.webp 90w, https:\/\/www.factorenergia.com\/wp-content\/webp-express\/webp-images\/uploads\/2017\/06\/recorte-1-CAT-170x55.jpg.webp 170w, https:\/\/www.factorenergia.com\/wp-content\/webp-express\/webp-images\/uploads\/2017\/06\/recorte-1-CAT-1103x360.jpg.webp 1103w, https:\/\/www.factorenergia.com\/wp-content\/webp-express\/webp-images\/uploads\/2017\/06\/recorte-1-CAT-500x163.jpg.webp 500w, https:\/\/www.factorenergia.com\/wp-content\/webp-express\/webp-images\/uploads\/2017\/06\/recorte-1-CAT.jpg.webp 1192w\" sizes=\"(max-width: 567px) 100vw, 567px\" type=\"image\/webp\"><img loading=\"lazy\" decoding=\"async\" src=\"https:\/\/www.factorenergia.com\/wp-content\/uploads\/2017\/06\/recorte-1-CAT-1024x334.jpg\" alt=\"factura de la llum\" width=\"567\" height=\"185\" class=\"aligncenter wp-image-3944 webpexpress-processed\" srcset=\"https:\/\/www.factorenergia.com\/wp-content\/uploads\/2017\/06\/recorte-1-CAT-1024x334.jpg 1024w, https:\/\/www.factorenergia.com\/wp-content\/uploads\/2017\/06\/recorte-1-CAT-300x98.jpg 300w, https:\/\/www.factorenergia.com\/wp-content\/uploads\/2017\/06\/recorte-1-CAT-768x251.jpg 768w, https:\/\/www.factorenergia.com\/wp-content\/uploads\/2017\/06\/recorte-1-CAT-306x100.jpg 306w, https:\/\/www.factorenergia.com\/wp-content\/uploads\/2017\/06\/recorte-1-CAT-90x29.jpg 90w, https:\/\/www.factorenergia.com\/wp-content\/uploads\/2017\/06\/recorte-1-CAT-170x55.jpg 170w, https:\/\/www.factorenergia.com\/wp-content\/uploads\/2017\/06\/recorte-1-CAT-1103x360.jpg 1103w, https:\/\/www.factorenergia.com\/wp-content\/uploads\/2017\/06\/recorte-1-CAT-500x163.jpg 500w, https:\/\/www.factorenergia.com\/wp-content\/uploads\/2017\/06\/recorte-1-CAT.jpg 1192w\" sizes=\"(max-width: 567px) 100vw, 567px\"><\/picture><\/p>\n<p>Aquest apartat \u00e9s un punt de refer\u00e8ncia de la factura que tinguis entre mans: hi figura el <strong>Codi CUPS, que \u00e9s com el DNI del teu subministrament<\/strong>; la refer\u00e8ncia del contracte; el per\u00edode de facturaci\u00f3 corresponent; la data de la factura; el n\u00famero de la factura i l\u2019import final.<\/p>\n<p>D\u2019aquest apartat t\u2019interessen especialment (a part de l\u2019import) : la data de facturaci\u00f3, per tal de saber el per\u00edode al que correspon; i el codi CUPS, que \u00e9s la refer\u00e8ncia que se\u2019t demanar\u00e0 sempre per localitzar el teu subministrament i identificar-lo per a qualsevol revisi\u00f3 o modificaci\u00f3.<\/p>\n<h3><strong>Dades del client<\/strong><\/h3>\n<p>Les dades del titular figuren en aquesta part de la factura: el nom, el DNI i l\u2019adre\u00e7a completa.<\/p>\n<h3><strong>Dades del subministrament<\/strong><\/h3>\n<p>&nbsp;<\/p>\n<p><picture><source srcset=\"https:\/\/www.factorenergia.com\/wp-content\/webp-express\/webp-images\/uploads\/2017\/06\/recorte-2-y-3-CAT-1024x489.jpg.webp 1024w, https:\/\/www.factorenergia.com\/wp-content\/webp-express\/webp-images\/uploads\/2017\/06\/recorte-2-y-3-CAT-300x143.jpg.webp 300w, https:\/\/www.factorenergia.com\/wp-content\/webp-express\/webp-images\/uploads\/2017\/06\/recorte-2-y-3-CAT-768x366.jpg.webp 768w, https:\/\/www.factorenergia.com\/wp-content\/webp-express\/webp-images\/uploads\/2017\/06\/recorte-2-y-3-CAT-306x146.jpg.webp 306w, https:\/\/www.factorenergia.com\/wp-content\/webp-express\/webp-images\/uploads\/2017\/06\/recorte-2-y-3-CAT-90x43.jpg.webp 90w, https:\/\/www.factorenergia.com\/wp-content\/webp-express\/webp-images\/uploads\/2017\/06\/recorte-2-y-3-CAT-170x81.jpg.webp 170w, https:\/\/www.factorenergia.com\/wp-content\/webp-express\/webp-images\/uploads\/2017\/06\/recorte-2-y-3-CAT-754x360.jpg.webp 754w, https:\/\/www.factorenergia.com\/wp-content\/webp-express\/webp-images\/uploads\/2017\/06\/recorte-2-y-3-CAT-500x239.jpg.webp 500w, https:\/\/www.factorenergia.com\/wp-content\/webp-express\/webp-images\/uploads\/2017\/06\/recorte-2-y-3-CAT.jpg.webp 1337w\" sizes=\"(max-width: 583px) 100vw, 583px\" type=\"image\/webp\"><img loading=\"lazy\" decoding=\"async\" src=\"https:\/\/www.factorenergia.com\/wp-content\/uploads\/2017\/06\/recorte-2-y-3-CAT-1024x489.jpg\" alt=\"factura de la llum\" width=\"583\" height=\"278\" class=\"aligncenter wp-image-3946 webpexpress-processed\" srcset=\"https:\/\/www.factorenergia.com\/wp-content\/uploads\/2017\/06\/recorte-2-y-3-CAT-1024x489.jpg 1024w, https:\/\/www.factorenergia.com\/wp-content\/uploads\/2017\/06\/recorte-2-y-3-CAT-300x143.jpg 300w, https:\/\/www.factorenergia.com\/wp-content\/uploads\/2017\/06\/recorte-2-y-3-CAT-768x366.jpg 768w, https:\/\/www.factorenergia.com\/wp-content\/uploads\/2017\/06\/recorte-2-y-3-CAT-306x146.jpg 306w, https:\/\/www.factorenergia.com\/wp-content\/uploads\/2017\/06\/recorte-2-y-3-CAT-90x43.jpg 90w, https:\/\/www.factorenergia.com\/wp-content\/uploads\/2017\/06\/recorte-2-y-3-CAT-170x81.jpg 170w, https:\/\/www.factorenergia.com\/wp-content\/uploads\/2017\/06\/recorte-2-y-3-CAT-754x360.jpg 754w, https:\/\/www.factorenergia.com\/wp-content\/uploads\/2017\/06\/recorte-2-y-3-CAT-500x239.jpg 500w, https:\/\/www.factorenergia.com\/wp-content\/uploads\/2017\/06\/recorte-2-y-3-CAT.jpg 1337w\" sizes=\"(max-width: 583px) 100vw, 583px\"><\/picture><\/p>\n<p>Aquest apartat correspon \u00edntegrament al teu subministrament el\u00e8ctric i consta de les seg\u00fcents parts:<\/p>\n<ul>\n<li><strong>Ubicaci\u00f3 del mateix<\/strong><\/li>\n<li><strong>Pot\u00e8ncia contractada<\/strong>: \u00e9s a dir, el m\u00e0xim de quilovats que tens disponibles i contractats.<\/li>\n<li><strong>Data fi del contracte d\u2019acc\u00e9s<\/strong>: \u00e9s una dada informativa i recordat\u00f2ria que indica la renovaci\u00f3 del teu contracte de forma anual i autom\u00e0tica.<\/li>\n<li><strong>Tensi\u00f3<\/strong>: s\u2019adjudica en funci\u00f3 de la pot\u00e8ncia contractada.<\/li>\n<li><strong>Tipus de tarifa<\/strong>: \u00c9s el \u201ccodi\u201d que li correspon a la tarifa a la que est\u00e0s adherit: 2.0 A per a la tarifa fixa; 2.1 A per tarifa variable; i canviem \u201cA\u201d per \u201cDH\u201d quan hi existeix Discriminaci\u00f3 Hor\u00e0ria.<\/li>\n<li><strong>BOE 1976 \/ 2016<\/strong>: \u00c9s el marc regulador corresponent, l\u2019article en qu\u00e8 s\u2019estableixen els peatges d\u2019acc\u00e9s de l\u2019energia el\u00e8ctrica per al 2017.<\/li>\n<li><strong>N\u00famero de p\u00f2lissa ATR<\/strong>: Les sigles ATR volen dir \u201cAcc\u00e9s de Tercers a la xarxa (Red)\u201d, i es refereixen al perm\u00eds que la distribu\u00efdora concedeix al client perqu\u00e8 pugui accedir a la xarxa al mercat lliure.<\/li>\n<\/ul>\n<h3><strong>M\u00e8tode de pagament<\/strong><\/h3>\n<p>Indicar\u00e0 la entitat financera corresponent al n\u00famero de compte facilitat per al cobrament de les factures.<\/p>\n<h3><strong>Facturaci\u00f3<\/strong><\/h3>\n<p>A l\u2019esquerra, sempre hi figurar\u00e0 un gr\u00e0fic amb la relaci\u00f3 per\u00edode de consum \/ kWh consumits especificat al detall just a sota.<\/p>\n<p>A la dreta, el concepte i l\u2019import de cadascun d\u2019ells desglossat corresponentment. S\u00f3n els seg\u00fcents:<\/p>\n<p><picture><source srcset=\"https:\/\/www.factorenergia.com\/wp-content\/webp-express\/webp-images\/uploads\/2017\/06\/recorte-dinero-CAT-1024x619.jpg.webp 1024w, https:\/\/www.factorenergia.com\/wp-content\/webp-express\/webp-images\/uploads\/2017\/06\/recorte-dinero-CAT-300x181.jpg.webp 300w, https:\/\/www.factorenergia.com\/wp-content\/webp-express\/webp-images\/uploads\/2017\/06\/recorte-dinero-CAT-768x464.jpg.webp 768w, https:\/\/www.factorenergia.com\/wp-content\/webp-express\/webp-images\/uploads\/2017\/06\/recorte-dinero-CAT-293x177.jpg.webp 293w, https:\/\/www.factorenergia.com\/wp-content\/webp-express\/webp-images\/uploads\/2017\/06\/recorte-dinero-CAT-90x54.jpg.webp 90w, https:\/\/www.factorenergia.com\/wp-content\/webp-express\/webp-images\/uploads\/2017\/06\/recorte-dinero-CAT-170x103.jpg.webp 170w, https:\/\/www.factorenergia.com\/wp-content\/webp-express\/webp-images\/uploads\/2017\/06\/recorte-dinero-CAT-595x360.jpg.webp 595w, https:\/\/www.factorenergia.com\/wp-content\/webp-express\/webp-images\/uploads\/2017\/06\/recorte-dinero-CAT-496x300.jpg.webp 496w, https:\/\/www.factorenergia.com\/wp-content\/webp-express\/webp-images\/uploads\/2017\/06\/recorte-dinero-CAT-500x302.jpg.webp 500w, https:\/\/www.factorenergia.com\/wp-content\/webp-express\/webp-images\/uploads\/2017\/06\/recorte-dinero-CAT.jpg.webp 1318w\" sizes=\"(max-width: 683px) 100vw, 683px\" type=\"image\/webp\"><img loading=\"lazy\" decoding=\"async\" src=\"https:\/\/www.factorenergia.com\/wp-content\/uploads\/2017\/06\/recorte-dinero-CAT-1024x619.jpg\" alt=\"factura de la llum\" width=\"683\" height=\"413\" class=\"aligncenter wp-image-3948 webpexpress-processed\" srcset=\"https:\/\/www.factorenergia.com\/wp-content\/uploads\/2017\/06\/recorte-dinero-CAT-1024x619.jpg 1024w, https:\/\/www.factorenergia.com\/wp-content\/uploads\/2017\/06\/recorte-dinero-CAT-300x181.jpg 300w, https:\/\/www.factorenergia.com\/wp-content\/uploads\/2017\/06\/recorte-dinero-CAT-768x464.jpg 768w, https:\/\/www.factorenergia.com\/wp-content\/uploads\/2017\/06\/recorte-dinero-CAT-293x177.jpg 293w, https:\/\/www.factorenergia.com\/wp-content\/uploads\/2017\/06\/recorte-dinero-CAT-90x54.jpg 90w, https:\/\/www.factorenergia.com\/wp-content\/uploads\/2017\/06\/recorte-dinero-CAT-170x103.jpg 170w, https:\/\/www.factorenergia.com\/wp-content\/uploads\/2017\/06\/recorte-dinero-CAT-595x360.jpg 595w, https:\/\/www.factorenergia.com\/wp-content\/uploads\/2017\/06\/recorte-dinero-CAT-496x300.jpg 496w, https:\/\/www.factorenergia.com\/wp-content\/uploads\/2017\/06\/recorte-dinero-CAT-500x302.jpg 500w, https:\/\/www.factorenergia.com\/wp-content\/uploads\/2017\/06\/recorte-dinero-CAT.jpg 1318w\" sizes=\"(max-width: 683px) 100vw, 683px\"><\/picture><\/p>\n<p><strong>Energia Activa<\/strong><\/p>\n<p>Correspon al terme d\u2019energia i es refereix al teu consum; en aquest cas, per import de 25,44 \u20ac, que s\u2019obt\u00e9 de la multiplicaci\u00f3 dels kWh consumits (204, en aquest cas) pel Terme Energia, que \u00e9s de 0,124699 \u20ac \/kWh.<\/p>\n<p><strong>Pot\u00e8ncia<\/strong><\/p>\n<p>Equival a la teva pot\u00e8ncia contractada que, en aquest exemple, \u00e9s de 3,3 kW. En aquest cas el multipliquem pel terme pot\u00e8ncia, que mensualment surt a 3,170285 \u20ac\/kW.<\/p>\n<p><strong>Descompte acord<\/strong><\/p>\n<p><strong>Factorenergia\u00a0<\/strong>aplicar\u00e0 un descompte o un altre, en funci\u00f3 de la tarifa acollida, la oferta&#8230; en aquest cas, equival a gaireb\u00e9 3 euros, deixant el preu de la llum a 36,11 \u20ac.<\/p>\n<p><strong>Imposts<\/strong><\/p>\n<p>L\u2019electricitat \u00e9s un subministrament regulat per l\u2019estat, conseq\u00fcentment est\u00e0 subjecta a imposts que, en aquest cas, corresponen a <strong>l\u2019Impost sobre Energia El\u00e8ctrica<\/strong>: un 5,11% sobre el teu consum; el <strong>lloguer de l\u2019equip<\/strong> de mesura (el comptador), si es que no \u00e9s de la teva propietat, i <strong>l\u2019IVA del 21%<\/strong> sobre el total.<br \/>\n\r\n<script type=\"text\/javascript\" async defer>\r\n\r\n    jQuery(document).ready(function(){\t\t\r\n\t\t\r\n\t});\r\n<\/script>\r\n\r\n<style>\r\n\t.block-interested_posts{\r\n        margin-top: 10px;\r\n        padding: 20px;\r\n        border: 2px solid #92C200;\r\n    }\r\n    .block-interested_posts ul{\r\n        margin-bottom:0px;\r\n    }\r\n    .block-interested_posts ul li{\r\n        margin-bottom:5px;\r\n    }\r\n    .block-interested_posts ul li a{\r\n        \/*color: #DF981E;*\/\r\n    }\r\n\r\n<\/style>\r\n\r\n<div class=\"block-interested_posts\">\r\n    <p><strong>Post que et poden interessar<\/strong><\/p>\r\n    <ul>\r\n                    <li><a href=\"https:\/\/www.factorenergia.com\/ca\/blog\/enten-la-factura-de-la-llum\/quants-kwh-consumeix-una-casa-al-mes\/\" title=\"Quants kWh consumeix una casa al mes?\">Quants kWh consumeix una casa al mes?<\/a><\/li>\r\n                    <li><a href=\"https:\/\/www.factorenergia.com\/ca\/blog\/apren-a-estalviar\/apren-calcular-consum-electric-casa\/\" title=\"Apr\u00e8n a calcular el consum el\u00e8ctric de casa teva\">Apr\u00e8n a calcular el consum el\u00e8ctric de casa teva<\/a><\/li>\r\n            <\/ul>\t\r\n<\/div><\/p>\n<h2>La factura de la llum pel darrera<\/h2>\n<p>La segona p\u00e0gina de la factura el\u00e8ctrica t\u00e9 que veure amb la proced\u00e8ncia de l\u2019electricitat que consumeixes. Les gr\u00e0fiques ens indiquen l\u2019origen de l\u2019electricitat i l\u2019impacte mediambiental.<\/p>\n<p><strong>Informaci\u00f3 pel consumidor<\/strong><\/p>\n<p>A m\u00e9s, tamb\u00e9 veur\u00e0s una columna d\u2019informaci\u00f3 pel consumidor a mode de resum i notificaci\u00f3 dels teus drets.<\/p>\n<p>El m\u00e9s interessant, probablement, de la part de darrera de la teva factura, \u00e9s el dest\u00ed del seu import. All\u00e0, podr\u00e0s veure al detall quina part correspon a imposts, quina a costs regulats, i quina a producci\u00f3 el\u00e8ctrica; veur\u00e0s que la majoria de la teva factura no va a <strong>factorenergia<\/strong>, sin\u00f3 a l\u2019Estat.<\/p>\n<p><picture><source srcset=\"https:\/\/www.factorenergia.com\/wp-content\/webp-express\/webp-images\/uploads\/2017\/06\/destinoCAT-1024x354.jpg.webp 1024w, https:\/\/www.factorenergia.com\/wp-content\/webp-express\/webp-images\/uploads\/2017\/06\/destinoCAT-300x104.jpg.webp 300w, https:\/\/www.factorenergia.com\/wp-content\/webp-express\/webp-images\/uploads\/2017\/06\/destinoCAT-768x266.jpg.webp 768w, https:\/\/www.factorenergia.com\/wp-content\/webp-express\/webp-images\/uploads\/2017\/06\/destinoCAT-306x106.jpg.webp 306w, https:\/\/www.factorenergia.com\/wp-content\/webp-express\/webp-images\/uploads\/2017\/06\/destinoCAT-90x31.jpg.webp 90w, https:\/\/www.factorenergia.com\/wp-content\/webp-express\/webp-images\/uploads\/2017\/06\/destinoCAT-170x59.jpg.webp 170w, https:\/\/www.factorenergia.com\/wp-content\/webp-express\/webp-images\/uploads\/2017\/06\/destinoCAT-1040x360.jpg.webp 1040w, https:\/\/www.factorenergia.com\/wp-content\/webp-express\/webp-images\/uploads\/2017\/06\/destinoCAT-500x173.jpg.webp 500w, https:\/\/www.factorenergia.com\/wp-content\/webp-express\/webp-images\/uploads\/2017\/06\/destinoCAT.jpg.webp 1352w\" sizes=\"(max-width: 619px) 100vw, 619px\" type=\"image\/webp\"><img loading=\"lazy\" decoding=\"async\" src=\"https:\/\/www.factorenergia.com\/wp-content\/uploads\/2017\/06\/destinoCAT-1024x354.jpg\" alt=\"preu de la llum\" width=\"619\" height=\"214\" class=\"aligncenter wp-image-3950 webpexpress-processed\" srcset=\"https:\/\/www.factorenergia.com\/wp-content\/uploads\/2017\/06\/destinoCAT-1024x354.jpg 1024w, https:\/\/www.factorenergia.com\/wp-content\/uploads\/2017\/06\/destinoCAT-300x104.jpg 300w, https:\/\/www.factorenergia.com\/wp-content\/uploads\/2017\/06\/destinoCAT-768x266.jpg 768w, https:\/\/www.factorenergia.com\/wp-content\/uploads\/2017\/06\/destinoCAT-306x106.jpg 306w, https:\/\/www.factorenergia.com\/wp-content\/uploads\/2017\/06\/destinoCAT-90x31.jpg 90w, https:\/\/www.factorenergia.com\/wp-content\/uploads\/2017\/06\/destinoCAT-170x59.jpg 170w, https:\/\/www.factorenergia.com\/wp-content\/uploads\/2017\/06\/destinoCAT-1040x360.jpg 1040w, https:\/\/www.factorenergia.com\/wp-content\/uploads\/2017\/06\/destinoCAT-500x173.jpg 500w, https:\/\/www.factorenergia.com\/wp-content\/uploads\/2017\/06\/destinoCAT.jpg 1352w\" sizes=\"(max-width: 619px) 100vw, 619px\"><\/picture><\/p>\n<p>&nbsp;<\/p>\n<p>A <strong>factorenergia\u00a0<\/strong>intentem millorar dia rere dia per a posar-t\u2019ho m\u00e9s f\u00e0cil amb el teu subministrament el\u00e8ctric. Per aix\u00f2, t\u2019oferim <a href=\"\/ca\/llars\/tarifas\/\" target=\"_blank\" rel=\"noopener noreferrer\">tarifes de llum<\/a> econ\u00f2miques i adaptades a les teves necessitats. Si vols contractar amb\u00a0 nosaltres pots fer-ho online en 5 minuts o <strong>trucant gratis al 900 850 000<\/strong>.<\/p>\n<p>&nbsp;<\/p>\n<p><strong>Article relacionat:<\/strong><\/p>\n<p><a href=\"https:\/\/www.factorenergia.com\/ca\/blog\/enten-la-factura-de-la-llum\/terme-denergia-i-terme-potencia\/\" target=\"_blank\" rel=\"noopener noreferrer\">Terme pot\u00e8ncia i Terme Energia<\/a><\/p>\n","protected":false},"excerpt":{"rendered":"<p>Volem que entenguis la teva factura de la llum. Per aix\u00f2, Factor Energia t&#8217;explica com \u00e9s la seva factura el\u00e8ctrica punt per punt.<\/p>\n","protected":false},"author":17,"featured_media":0,"comment_status":"open","ping_status":"closed","sticky":false,"template":"","format":"standard","meta":{"inline_featured_image":false,"footnotes":""},"categories":[57],"tags":[],"acf":{"fecha_de_la_entrada":"20170627","imagen_portada":3958,"categoria_blog":null,"tipo_de_distribuidora":null,"tiempo_lectura":"","banner_bool":false,"titulo_banner":"","texto_banner":"","texto_boton_banner":"","url_boton_banner":"","post_relacionados":""},"yoast_head":"<!-- This site is optimized with the Yoast SEO plugin v22.2 - https:\/\/yoast.com\/wordpress\/plugins\/seo\/ -->\n<title>Com \u00e9s la factura de la llum de Factorenergia | factorenergia<\/title>\n<meta name=\"description\" content=\"Volem que entenguis la teva factura de la llum. Per aix\u00f2, factorenergia t&#039;explica com \u00e9s la seva factura el\u00e8ctrica punt per punt.\" \/>\n<meta name=\"robots\" content=\"index, follow, max-snippet:-1, max-image-preview:large, max-video-preview:-1\" \/>\n<link rel=\"canonical\" href=\"https:\/\/www.factorenergia.com\/ca\/blog\/enten-la-factura-de-la-llum\/entendre-factura-llum-factor-energia\/\" \/>\n<meta name=\"twitter:card\" content=\"summary_large_image\" \/>\n<meta name=\"twitter:title\" content=\"Com \u00e9s la factura de la llum de Factorenergia | factorenergia\" \/>\n<meta name=\"twitter:description\" content=\"Volem que entenguis la teva factura de la llum. Per aix\u00f2, factorenergia t&#039;explica com \u00e9s la seva factura el\u00e8ctrica punt per punt.\" \/>\n<meta name=\"twitter:image\" content=\"https:\/\/www.factorenergia.com\/wp-content\/uploads\/2017\/06\/factura-numerada-CAT-1-735x1024.jpg\" \/>\n<meta name=\"twitter:creator\" content=\"@factorenergia\" \/>\n<meta name=\"twitter:site\" content=\"@factorenergia\" \/>\n<meta name=\"twitter:label1\" content=\"Written by\" \/>\n\t<meta name=\"twitter:data1\" content=\"Equipo Transici\u00f3n Energ\u00e9tica Factorenergia\" \/>\n\t<meta name=\"twitter:label2\" content=\"Est. reading time\" \/>\n\t<meta name=\"twitter:data2\" content=\"5 minutes\" \/>\n<script type=\"application\/ld+json\" class=\"yoast-schema-graph\">{\"@context\":\"https:\/\/schema.org\",\"@graph\":[{\"@type\":\"WebPage\",\"@id\":\"https:\/\/www.factorenergia.com\/ca\/blog\/enten-la-factura-de-la-llum\/entendre-factura-llum-factor-energia\/\",\"url\":\"https:\/\/www.factorenergia.com\/ca\/blog\/enten-la-factura-de-la-llum\/entendre-factura-llum-factor-energia\/\",\"name\":\"Com \u00e9s la factura de la llum de Factorenergia | factorenergia\",\"isPartOf\":{\"@id\":\"https:\/\/www.factorenergia.com\/es\/#website\"},\"primaryImageOfPage\":{\"@id\":\"https:\/\/www.factorenergia.com\/ca\/blog\/enten-la-factura-de-la-llum\/entendre-factura-llum-factor-energia\/#primaryimage\"},\"image\":{\"@id\":\"https:\/\/www.factorenergia.com\/ca\/blog\/enten-la-factura-de-la-llum\/entendre-factura-llum-factor-energia\/#primaryimage\"},\"thumbnailUrl\":\"https:\/\/www.factorenergia.com\/wp-content\/uploads\/2017\/06\/factura-numerada-CAT-1-735x1024.jpg\",\"datePublished\":\"2017-06-27T08:53:28+00:00\",\"dateModified\":\"2025-07-31T11:02:30+00:00\",\"author\":{\"@id\":\"https:\/\/www.factorenergia.com\/es\/#\/schema\/person\/dff9e4b6dc520720e3a37bdaaedc5841\"},\"description\":\"Volem que entenguis la teva factura de la llum. Per aix\u00f2, factorenergia t'explica com \u00e9s la seva factura el\u00e8ctrica punt per punt.\",\"breadcrumb\":{\"@id\":\"https:\/\/www.factorenergia.com\/ca\/blog\/enten-la-factura-de-la-llum\/entendre-factura-llum-factor-energia\/#breadcrumb\"},\"inLanguage\":\"ca\",\"potentialAction\":[{\"@type\":\"ReadAction\",\"target\":[\"https:\/\/www.factorenergia.com\/ca\/blog\/enten-la-factura-de-la-llum\/entendre-factura-llum-factor-energia\/\"]}]},{\"@type\":\"ImageObject\",\"inLanguage\":\"ca\",\"@id\":\"https:\/\/www.factorenergia.com\/ca\/blog\/enten-la-factura-de-la-llum\/entendre-factura-llum-factor-energia\/#primaryimage\",\"url\":\"https:\/\/www.factorenergia.com\/wp-content\/uploads\/2017\/06\/factura-numerada-CAT-1-735x1024.jpg\",\"contentUrl\":\"https:\/\/www.factorenergia.com\/wp-content\/uploads\/2017\/06\/factura-numerada-CAT-1-735x1024.jpg\"},{\"@type\":\"BreadcrumbList\",\"@id\":\"https:\/\/www.factorenergia.com\/ca\/blog\/enten-la-factura-de-la-llum\/entendre-factura-llum-factor-energia\/#breadcrumb\",\"itemListElement\":[{\"@type\":\"ListItem\",\"position\":1,\"name\":\"Portada\",\"item\":\"https:\/\/www.factorenergia.com\/ca\/\"},{\"@type\":\"ListItem\",\"position\":2,\"name\":\"Com \u00e9s la factura de la llum de Factorenergia\"}]},{\"@type\":\"WebSite\",\"@id\":\"https:\/\/www.factorenergia.com\/es\/#website\",\"url\":\"https:\/\/www.factorenergia.com\/es\/\",\"name\":\"factorenergia\",\"description\":\"factorenergia\",\"potentialAction\":[{\"@type\":\"SearchAction\",\"target\":{\"@type\":\"EntryPoint\",\"urlTemplate\":\"https:\/\/www.factorenergia.com\/es\/?s={search_term_string}\"},\"query-input\":\"required name=search_term_string\"}],\"inLanguage\":\"ca\"},{\"@type\":\"Person\",\"@id\":\"https:\/\/www.factorenergia.com\/es\/#\/schema\/person\/dff9e4b6dc520720e3a37bdaaedc5841\",\"name\":\"Equipo Transici\u00f3n Energ\u00e9tica Factorenergia\",\"image\":{\"@type\":\"ImageObject\",\"inLanguage\":\"ca\",\"@id\":\"https:\/\/www.factorenergia.com\/es\/#\/schema\/person\/image\/\",\"url\":\"https:\/\/secure.gravatar.com\/avatar\/1b7c76bab80ee1c4261b06108874e24b?s=96&d=mm&r=g\",\"contentUrl\":\"https:\/\/secure.gravatar.com\/avatar\/1b7c76bab80ee1c4261b06108874e24b?s=96&d=mm&r=g\",\"caption\":\"Equipo Transici\u00f3n Energ\u00e9tica Factorenergia\"},\"description\":\"El equipo est\u00e1 formado por expertos en materia de Luz, Gas y Eficiencia Energ\u00e9tica, que conocen de primera mano las tendencias del mercado. Su experiencia en el sector les permite ofrecer las mejores soluciones energ\u00e9ticas y resolver las dudas planteadas por los clientes.\",\"sameAs\":[\"https:\/\/www.factorenergia.com\/es\/\",\"https:\/\/www.facebook.com\/factorenergiacom\",\"https:\/\/www.instagram.com\/factorenergia_com\/\",\"https:\/\/es.linkedin.com\/company\/factor-energia\",\"https:\/\/twitter.com\/factorenergia\",\"https:\/\/www.youtube.com\/c\/factorenergiacom\"],\"url\":\"https:\/\/www.factorenergia.com\/ca\/blog\/author\/marketing\/\"}]}<\/script>\n<!-- \/ Yoast SEO plugin. -->","yoast_head_json":{"title":"Com \u00e9s la factura de la llum de Factorenergia | factorenergia","description":"Volem que entenguis la teva factura de la llum. Per aix\u00f2, factorenergia t'explica com \u00e9s la seva factura el\u00e8ctrica punt per punt.","robots":{"index":"index","follow":"follow","max-snippet":"max-snippet:-1","max-image-preview":"max-image-preview:large","max-video-preview":"max-video-preview:-1"},"canonical":"https:\/\/www.factorenergia.com\/ca\/blog\/enten-la-factura-de-la-llum\/entendre-factura-llum-factor-energia\/","twitter_card":"summary_large_image","twitter_title":"Com \u00e9s la factura de la llum de Factorenergia | factorenergia","twitter_description":"Volem que entenguis la teva factura de la llum. Per aix\u00f2, factorenergia t'explica com \u00e9s la seva factura el\u00e8ctrica punt per punt.","twitter_image":"https:\/\/www.factorenergia.com\/wp-content\/uploads\/2017\/06\/factura-numerada-CAT-1-735x1024.jpg","twitter_creator":"@factorenergia","twitter_site":"@factorenergia","twitter_misc":{"Written by":"Equipo Transici\u00f3n Energ\u00e9tica Factorenergia","Est. reading time":"5 minutes"},"schema":{"@context":"https:\/\/schema.org","@graph":[{"@type":"WebPage","@id":"https:\/\/www.factorenergia.com\/ca\/blog\/enten-la-factura-de-la-llum\/entendre-factura-llum-factor-energia\/","url":"https:\/\/www.factorenergia.com\/ca\/blog\/enten-la-factura-de-la-llum\/entendre-factura-llum-factor-energia\/","name":"Com \u00e9s la factura de la llum de Factorenergia | factorenergia","isPartOf":{"@id":"https:\/\/www.factorenergia.com\/es\/#website"},"primaryImageOfPage":{"@id":"https:\/\/www.factorenergia.com\/ca\/blog\/enten-la-factura-de-la-llum\/entendre-factura-llum-factor-energia\/#primaryimage"},"image":{"@id":"https:\/\/www.factorenergia.com\/ca\/blog\/enten-la-factura-de-la-llum\/entendre-factura-llum-factor-energia\/#primaryimage"},"thumbnailUrl":"https:\/\/www.factorenergia.com\/wp-content\/uploads\/2017\/06\/factura-numerada-CAT-1-735x1024.jpg","datePublished":"2017-06-27T08:53:28+00:00","dateModified":"2025-07-31T11:02:30+00:00","author":{"@id":"https:\/\/www.factorenergia.com\/es\/#\/schema\/person\/dff9e4b6dc520720e3a37bdaaedc5841"},"description":"Volem que entenguis la teva factura de la llum. Per aix\u00f2, factorenergia t'explica com \u00e9s la seva factura el\u00e8ctrica punt per punt.","breadcrumb":{"@id":"https:\/\/www.factorenergia.com\/ca\/blog\/enten-la-factura-de-la-llum\/entendre-factura-llum-factor-energia\/#breadcrumb"},"inLanguage":"ca","potentialAction":[{"@type":"ReadAction","target":["https:\/\/www.factorenergia.com\/ca\/blog\/enten-la-factura-de-la-llum\/entendre-factura-llum-factor-energia\/"]}]},{"@type":"ImageObject","inLanguage":"ca","@id":"https:\/\/www.factorenergia.com\/ca\/blog\/enten-la-factura-de-la-llum\/entendre-factura-llum-factor-energia\/#primaryimage","url":"https:\/\/www.factorenergia.com\/wp-content\/uploads\/2017\/06\/factura-numerada-CAT-1-735x1024.jpg","contentUrl":"https:\/\/www.factorenergia.com\/wp-content\/uploads\/2017\/06\/factura-numerada-CAT-1-735x1024.jpg"},{"@type":"BreadcrumbList","@id":"https:\/\/www.factorenergia.com\/ca\/blog\/enten-la-factura-de-la-llum\/entendre-factura-llum-factor-energia\/#breadcrumb","itemListElement":[{"@type":"ListItem","position":1,"name":"Portada","item":"https:\/\/www.factorenergia.com\/ca\/"},{"@type":"ListItem","position":2,"name":"Com \u00e9s la factura de la llum de Factorenergia"}]},{"@type":"WebSite","@id":"https:\/\/www.factorenergia.com\/es\/#website","url":"https:\/\/www.factorenergia.com\/es\/","name":"factorenergia","description":"factorenergia","potentialAction":[{"@type":"SearchAction","target":{"@type":"EntryPoint","urlTemplate":"https:\/\/www.factorenergia.com\/es\/?s={search_term_string}"},"query-input":"required name=search_term_string"}],"inLanguage":"ca"},{"@type":"Person","@id":"https:\/\/www.factorenergia.com\/es\/#\/schema\/person\/dff9e4b6dc520720e3a37bdaaedc5841","name":"Equipo Transici\u00f3n Energ\u00e9tica Factorenergia","image":{"@type":"ImageObject","inLanguage":"ca","@id":"https:\/\/www.factorenergia.com\/es\/#\/schema\/person\/image\/","url":"https:\/\/secure.gravatar.com\/avatar\/1b7c76bab80ee1c4261b06108874e24b?s=96&d=mm&r=g","contentUrl":"https:\/\/secure.gravatar.com\/avatar\/1b7c76bab80ee1c4261b06108874e24b?s=96&d=mm&r=g","caption":"Equipo Transici\u00f3n Energ\u00e9tica Factorenergia"},"description":"El equipo est\u00e1 formado por expertos en materia de Luz, Gas y Eficiencia Energ\u00e9tica, que conocen de primera mano las tendencias del mercado. Su experiencia en el sector les permite ofrecer las mejores soluciones energ\u00e9ticas y resolver las dudas planteadas por los clientes.","sameAs":["https:\/\/www.factorenergia.com\/es\/","https:\/\/www.facebook.com\/factorenergiacom","https:\/\/www.instagram.com\/factorenergia_com\/","https:\/\/es.linkedin.com\/company\/factor-energia","https:\/\/twitter.com\/factorenergia","https:\/\/www.youtube.com\/c\/factorenergiacom"],"url":"https:\/\/www.factorenergia.com\/ca\/blog\/author\/marketing\/"}]}},"_links":{"self":[{"href":"https:\/\/www.factorenergia.com\/ca\/wp-json\/wp\/v2\/posts\/3937"}],"collection":[{"href":"https:\/\/www.factorenergia.com\/ca\/wp-json\/wp\/v2\/posts"}],"about":[{"href":"https:\/\/www.factorenergia.com\/ca\/wp-json\/wp\/v2\/types\/post"}],"author":[{"embeddable":true,"href":"https:\/\/www.factorenergia.com\/ca\/wp-json\/wp\/v2\/users\/17"}],"replies":[{"embeddable":true,"href":"https:\/\/www.factorenergia.com\/ca\/wp-json\/wp\/v2\/comments?post=3937"}],"version-history":[{"count":5,"href":"https:\/\/www.factorenergia.com\/ca\/wp-json\/wp\/v2\/posts\/3937\/revisions"}],"predecessor-version":[{"id":29072,"href":"https:\/\/www.factorenergia.com\/ca\/wp-json\/wp\/v2\/posts\/3937\/revisions\/29072"}],"wp:attachment":[{"href":"https:\/\/www.factorenergia.com\/ca\/wp-json\/wp\/v2\/media?parent=3937"}],"wp:term":[{"taxonomy":"category","embeddable":true,"href":"https:\/\/www.factorenergia.com\/ca\/wp-json\/wp\/v2\/categories?post=3937"},{"taxonomy":"post_tag","embeddable":true,"href":"https:\/\/www.factorenergia.com\/ca\/wp-json\/wp\/v2\/tags?post=3937"}],"curies":[{"name":"wp","href":"https:\/\/api.w.org\/{rel}","templated":true}]}}