{"id":3507,"date":"2017-06-29T12:21:54","date_gmt":"2017-06-29T10:21:54","guid":{"rendered":"https:\/\/www.factorenergia.com\/ca\/?post_type=blog&#038;p=3507"},"modified":"2025-07-28T13:24:01","modified_gmt":"2025-07-28T11:24:01","slug":"tarifa-supervall-la-del-cotxe-electric","status":"publish","type":"post","link":"https:\/\/www.factorenergia.com\/ca\/blog\/mobilitat-electrica\/tarifa-supervall-la-del-cotxe-electric\/","title":{"rendered":"Tarifa supervall, la del cotxe el\u00e8ctric"},"content":{"rendered":"<p style=\"text-align: justify;\"><span>\n<script type=\"text\/javascript\" id=\"auto-index\" async defer>\n\n      function indexContent(context){\n\n      var container = document.querySelector(context);\n\n      element = document.getElementById(\"accordion-index\");\n      var titles = Array.from(container.querySelectorAll(\"h2,h3,h4\"));\n\n      for (var i = 0, l = titles.length; i < l; i++) {\n\n\t\tjQuery('#accordionIndex').show();\n\n        var tit = titles[i];\n\t\tvar newTitle = tit.textContent.toLowerCase().replace(\/[^a-zA-Z ]\/g, \"\").replace(\/\\s\/g, '-');\n\t\tvar numTag = Number(tit.tagName.replace(\/[^1-9]\/g, \"\"));\n\t\tvar tagWidth = (numTag*20);\n\n\t\tvar preText = '<span style=\"margin-left:' + tagWidth + 'px\"><\/span>';\n\n        tit.setAttribute(\"id\", newTitle);\n\t\tjQuery(tit).addClass('h-inline');\n\t\t\n\t\tvar toIndex = '<p class=\"h-inline\"><a class=\"blog-toindex\" href=\"#accordionIndex\"><span class=\"glyphicon glyphicon-chevron-up\" aria-hidden=\"true\"><\/span><\/a><\/p>';\n\n\t\tjQuery(toIndex).insertAfter(tit);\n\n        var node = document.createElement(\"LI\");                 \n        var link = document.createElement(\"A\");\n        var textnode = document.createTextNode(tit.textContent);\n\n        link.appendChild(textnode);\n        link.setAttribute(\"href\", '#' + newTitle);\n\t\t\/\/link.setAttribute(\"style\", \"margin-left:\" + tagWidth + \"px\");\n\t\tlink.setAttribute(\"class\", \"acc-h\" + numTag);\n        node.appendChild(link);\n\n        element.appendChild(node);\n\n      }\n    }\n\n    jQuery(document).ready(function(){\t\t\n\t\tindexContent(\".single-post-content\");\n\n\t\tjQuery(\".accordion-toggle\").click(function() {\n\t\t\tjQuery(this).toggleClass(\"open\");\n\t\t\tjQuery(\"#collapseIndex\").slideToggle(\"in\");\n\t\t});\n\t});\n\n\n<\/script>\n\n<style>\n\t.accordion-toggle{\n\t\tcursor:pointer;\n\t}\n\n\t#accordionIndex .panel-heading{\n\t\tmargin-bottom:0px;\n\t}\n\n\t.articulo ul, .articulo ol{\n\t\tmargin-bottom:auto;\n\t}\n\n\t.h-inline{\n\t\tdisplay: inline-flex;\n\t\tflex-wrap: wrap\n\t}\n\t#accordion-index{\n\t\tpadding-left:0px;\n\t}\n\t#accordion-index li a{\n\t\tdisplay:block;\n\t\tpadding-top:5px;\n\t}\n\n\t.acc-h2{\n\t\tmargin-left:0px;\n\t\tposition: relative;\n\t}\n\n\t.acc-h3{\n\t\tmargin-left:25px;\n\t}\n\n\t.acc-h3::before{\n\t\tcontent: \"\";\n\t\tbackground-color:var(--blue-light);\n\t\tmargin-left:-10px;\n\t\twidth: 7px;\n\t\theight: 7px;\n\t\tdisplay: inline-block;\n\t\ttext-align: center;\n\t\tborder-radius: 1000px;\n\t\tmargin-right: 10px;\n    \tmargin-bottom: 2px;\n\t}\n\n\t.acc-h4{\n\t\tmargin-left:40px;\n\t}\n\n\t.acc-h4::before{\n\t\tcontent: \"\";\n\t\tborder: 1px solid var(--blue-light);\n\t\tmargin-left:-5px;\n\t\twidth: 7px;\n\t\theight: 7px;\n\t\tdisplay: inline-block;\n\t\ttext-align: center;\n\t\tborder-radius: 100%;\n\t\tmargin-right: 10px;\n    \tmargin-bottom: 2px;\n\t}\n\n\t.acc-h3:hover::before{\n\t\tbackground-color: var(--blue-darkest);\n\t}\n\n\t.acc-h4:hover::before{\n\t\tborder-color: var(--blue-darkest);\n\t}\n\n\t@media (max-width: 992px){\n\t\t.acc-h2{\n\t\t\tmargin-left:0px;\n\t\t}\n\t\t.acc-h3{\n\t\t\tmargin-left:20px;\n\t\t}\n\t\t.acc-h4{\n\t\t\tmargin-left:40px;\n\t\t}\n\t}\n\n\t\/*\n\th2.h-inline:after,\n\th3.h-inline:after{\n\t\theight: 24px;\n\t\tcontent: \"\";\n\t\tdisplay: table-row;\n\t}*\/\n<\/style>\n\n<div id=\"table-accordion-index\">\n\t<div class=\"panel-group\" id=\"accordionIndex\">\n\t\t<div class=\"panel panel-default\">\n\t\t\t<div class=\"panel-heading\">\n\t\t\t\t<div class=\"panel-title open\"><div class=\"accordion-toggle\" data-toggle=\"collapse\" data-parent=\"#accordion\" aria-expanded=\"true\">\u00edndex<\/div><\/div>\n\t\t\t<\/div>\n\t\t\t<div id=\"collapseIndex\" class=\"panel-collapse collapse in\" aria-expanded=\"true\">\n\t\t\t\t<div class=\"panel-body\">\n\t\t\t\t\t<ul id=\"accordion-index\">\n\t\t\t\t\t<\/ul>\n\t\t\t\t<\/div>\n\t\t\t<\/div>\n\t\t<\/div>\n\t<\/div>\n<\/div><\/span><\/p>\n<p><span style=\"color: #000000;\">S\u00f3n molts els dubtes que pot tenir un comprador potencial del cotxe el\u00e8ctric; avui parlarem del preu de l\u2019electricitat. Realment et surt econ\u00f2micament a compte? \u00c9s a dir, s\u00ed, t\u2019estalvies la benzina, per\u00f2 compensa? Perqu\u00e8 no tinguis dubtes, hem creat la tarifa supervall, <strong>una tarifa el\u00e8ctrica que s\u2019adapta a l\u2019horari de rec\u00e0rrega del cotxe el\u00e8ctric<\/strong>.<\/span><\/p>\n<p><span style=\"color: #000000;\">Ja portem temps parlant del cotxe el\u00e8ctric. Dels seus avantatges, de la import\u00e0ncia d\u2019apostar per ell a nivell mediambiental, de la seva comoditat i la seva conducci\u00f3 silenciosa, i tot aix\u00f2 est\u00e0 molt b\u00e9, per\u00f2 el cotxe el\u00e8ctric encara ens sona estrany. Vegem per qu\u00e8 la supervall ens ho posa m\u00e9s f\u00e0cil:<\/span><\/p>\n<h2><span style=\"color: #000000;\">Qu\u00e8 \u00e9s la tarifa Supervall<\/span><\/h2>\n<p><span style=\"color: #000000;\">\u00c9s com\u00fa pensar que, amb el cotxe el\u00e8ctric, la teva tarifa el\u00e8ctrica pujar\u00e0 a nivells desorbitats, per\u00f2 res m\u00e9s lluny de la realitat. Ja hi hem pensat, i \u00e9s cert que si el cotxe el\u00e8ctric tarif\u00e9s igual que un electrodom\u00e8stic incrementaria molt la teva factura de la llum. Per aix\u00f2, hem creat la tarifa supervall; una <strong>tarifa amb discriminaci\u00f3 hor\u00e0ria en 3 franges<\/strong> en comptes de en 2.<\/span><\/p>\n<h3><span style=\"color: #000000;\"><strong>Tarifa DH convencional<\/strong><\/span><\/h3>\n<p><span style=\"color: #000000;\">La tarifa amb Discriminaci\u00f3 Hor\u00e0ria (DH) normal t\u00e9 dues franges de distinci\u00f3 tarifaria: la punta, centrada de 13h a 23h (de 12h a 22h a l\u2019hivern), en qu\u00e8 el consum el\u00e8ctric surt una mica m\u00e9s car, i la vall, de 23h a 13h (de 22h a 12h a l\u2019hivern), en qu\u00e8 el consum surt bastant m\u00e9s econ\u00f2mic.<\/span><\/p>\n<h3><span style=\"color: #000000;\"><strong>Tarifa Supervall per al cotxe el\u00e8ctric<\/strong><\/span><\/h3>\n<p><span style=\"color: #000000;\">Si hi ha una tarifa especialment pensada per al cotxe el\u00e8ctric, aquesta \u00e9s la tarifa Supervall; \u00e9s exactament el mateix que l\u2019anterior, una tarifa amb discriminaci\u00f3 hor\u00e0ria, per\u00f2 en aquest cas, <strong>divideix el dia en tres franges hor\u00e0ries<\/strong> en ves de en dues. En aquest cas:<\/span><\/p>\n<p><span style=\"color: #000000;\">Horari punta: de 13h a 23h<\/span><\/p>\n<p><span style=\"color: #000000;\">Horari vall: de 7h a 13h i de 23h a 1h<\/span><\/p>\n<p><span style=\"color: #000000;\">Horari supervall: d\u2019 1h a 7h<\/span><\/p>\n<p><span><div class=\"text-center center blog-cta\"><p>Instal&middot;la un punt de rec&agrave;rrega pel teu cotxe el&egrave;ctric amb factorenergia!<\/p><a class=\"blog-cta primary-btn text-center solicitar-estudio\" target=\"_blank\" title=\"SOL&sdot;LICITA UN ESTUDI GRATU&Iuml;T\" href=\"https:\/\/www.factorenergia.com\/ca\/llars\/punts-recarrega-electrics\/\">SOL&sdot;LICITA UN ESTUDI GRATU&Iuml;T<\/a><p><\/p><div style=\"display:none;\"><p>Instal&middot;la un punt de rec&agrave;rrega pel teu cotxe el&egrave;ctric amb factorenergia!<\/p><\/div>\n\t\t\t<script type='text\/javascript'>\n\t\t\t\tjQuery('.solicitar-estudio').click(function(){\t\t\t\t\t\t\t\t\t\n\t\t\t\t\tdataLayer.push({'language': 'ca'});\n\t\t\t\t\tdataLayer.push({'post_id': '3507'});\n\t\t\t\t\tdataLayer.push({'cat_type': 'ce'});\n\t\t\t\t});\n\t\t\t<\/script>\n\t\t<\/div><br\/><\/span><\/p>\n\r\n<script type=\"text\/javascript\" async defer>\r\n\r\n    jQuery(document).ready(function(){\t\t\r\n\t\t\r\n\t});\r\n<\/script>\r\n\r\n<style>\r\n\t.block-interested_posts{\r\n        margin-top: 10px;\r\n        padding: 20px;\r\n        border: 2px solid #92C200;\r\n    }\r\n    .block-interested_posts ul{\r\n        margin-bottom:0px;\r\n    }\r\n    .block-interested_posts ul li{\r\n        margin-bottom:5px;\r\n    }\r\n    .block-interested_posts ul li a{\r\n        \/*color: #DF981E;*\/\r\n    }\r\n\r\n<\/style>\r\n\r\n<div class=\"block-interested_posts\">\r\n    <p><strong>Post que et poden interessar<\/strong><\/p>\r\n    <ul>\r\n                    <li><a href=\"https:\/\/www.factorenergia.com\/ca\/blog\/mobilitat-electrica\/punts-recarrega-cotxes-electrics\/\" title=\"Punts de rec\u00e0rrega per a cotxes el\u00e8ctrics: qu\u00e8 has de saber\">Punts de rec\u00e0rrega per a cotxes el\u00e8ctrics: qu\u00e8 has de saber<\/a><\/li>\r\n                    <li><a href=\"https:\/\/www.factorenergia.com\/ca\/blog\/mobilitat-electrica\/proces-per-recarregar-cotxe-electric-al-punt-carrega\/\" title=\"Proc\u00e9s per recarregar el cotxe el\u00e8ctric al punt de c\u00e0rrega\">Proc\u00e9s per recarregar el cotxe el\u00e8ctric al punt de c\u00e0rrega<\/a><\/li>\r\n            <\/ul>\t\r\n<\/div>\n<h2><span style=\"color: #000000;\">Com la tarifa Supervall beneficia al cotxe el\u00e8ctric<\/span><\/h2>\n<p><span style=\"color: #000000;\"><strong>La tarifa Supervall est\u00e0 ideada per <a href=\"https:\/\/www.factorenergia.com\/ca\/blog\/mobilitat-electrica\/punts-recarrega-cotxes-electrics\/\" title=\"tarifa supervall per a cotxe el\u00e8ctric\" target=\"_blank\" rel=\"noopener noreferrer\">carregar el cotxe el\u00e8ctric a casa<\/a><\/strong>, i \u00e9s que pensant en un usuari normal, un particular com tu o com jo, l\u2019\u00fas que se li dona al cotxe \u00e9s per a trajectes rutinaris, com anar de casa a la feina i de la feina a casa. Essent aix\u00ed, \u00e9s l\u00f2gic pensar en qu\u00e8, si s\u2019est\u00e0 fora durant tot el dia, <strong>la rec\u00e0rrega s\u2019efectuar\u00e0 de nit<\/strong>.<\/span><\/p>\n<p><span style=\"color: #000000;\">La rec\u00e0rrega nocturna, a m\u00e9s d\u2019abaratir els costs de combustible del cotxe el\u00e8ctric, ajuda al sistema el\u00e8ctric a funcionar millor i a aprofitar l\u2019energia produ\u00efda per instal\u00b7lacions com l\u2019e\u00f2lica, ja que normalment durant aquestes hores la demanda \u00e9s menor.<\/span><\/p>\n<p><span style=\"color: #000000;\">Amb la tarifa Supervall, durant les hores de rec\u00e0rrega nocturna, el quilovat surt molt m\u00e9s barat que habitualment. Comptant que recarreguis el cotxe durant 5-8 hores, entre la 1h i les 7h del mat\u00ed, estar\u00e0s aprofitant les teves hores de son que tamb\u00e9 s\u00f3n les hores en qu\u00e8 el preu del quilovat \u00e9s m\u00e9s baix. Aix\u00ed, pel mat\u00ed tindr\u00e0s la c\u00e0rrega plena per a anar a treballar, i amb l\u2019electricitat al millor preu!<\/span><\/p>\n<p>&nbsp;<\/p>\n<p><span style=\"color: #000000;\">Per a <a href=\"https:\/\/www.factorenergia.com\/ca\/tarifas-de-llum\/\" title=\"canviar de companyia el\u00e8ctrica\" target=\"_blank\" rel=\"noopener noreferrer\">estalviar en la factura de la llum<\/a>, contracta FactorEnergia. I si necessites ajuda amb el teu cotxe el\u00e8ctric, <a href=\"https:\/\/www.factorenergia.com\/ca\/instalar-punts-recarrega\/\" title=\"factorenergia cotxe el\u00e8ctric\" target=\"_blank\" rel=\"noopener noreferrer\">contacta&#8217;ns<\/a> i t&#8217;oferirem un servei integral, incloent-hi el punt de rec\u00e0rrega i tarifa Supervall, <strong>truca\u2019ns gratis al 900 850 000<\/strong>. T\u2019esperem \ud83d\ude42<\/span><\/p>\n","protected":false},"excerpt":{"rendered":"<p>A Factor Energia t&#8217;ajudem amb el teu cotxe el\u00e8ctric: t&#8217;oferim un servei de gesti\u00f3 i instal\u00b7laci\u00f3 integral amb tarifa supervall inclosa<\/p>\n","protected":false},"author":17,"featured_media":0,"comment_status":"open","ping_status":"closed","sticky":false,"template":"","format":"standard","meta":{"inline_featured_image":false,"footnotes":""},"categories":[64],"tags":[],"acf":{"fecha_de_la_entrada":"20170629","imagen_portada":4026,"categoria_blog":null,"tipo_de_distribuidora":null,"tiempo_lectura":"","banner_bool":false,"titulo_banner":"","texto_banner":"","texto_boton_banner":"","url_boton_banner":"","post_relacionados":""},"yoast_head":"<!-- This site is optimized with the Yoast SEO plugin v22.2 - https:\/\/yoast.com\/wordpress\/plugins\/seo\/ -->\n<title>Tarifa supervall, la del cotxe el\u00e8ctric | FactorEnergia<\/title>\n<meta name=\"description\" content=\"A FactorEnergia t&#039;ajudem amb el teu cotxe el\u00e8ctric: t&#039;oferim un servei de gesti\u00f3 i instal\u00b7laci\u00f3 integral amb tarifa supervall inclosa\" \/>\n<meta name=\"robots\" content=\"index, follow, max-snippet:-1, max-image-preview:large, max-video-preview:-1\" \/>\n<link rel=\"canonical\" href=\"https:\/\/www.factorenergia.com\/ca\/blog\/mobilitat-electrica\/tarifa-supervall-la-del-cotxe-electric\/\" \/>\n<meta name=\"twitter:card\" content=\"summary_large_image\" \/>\n<meta name=\"twitter:title\" content=\"Tarifa supervall, la del cotxe el\u00e8ctric | FactorEnergia\" \/>\n<meta name=\"twitter:description\" content=\"A FactorEnergia t&#039;ajudem amb el teu cotxe el\u00e8ctric: t&#039;oferim un servei de gesti\u00f3 i instal\u00b7laci\u00f3 integral amb tarifa supervall inclosa\" \/>\n<meta name=\"twitter:creator\" content=\"@factorenergia\" \/>\n<meta name=\"twitter:site\" content=\"@factorenergia\" \/>\n<meta name=\"twitter:label1\" content=\"Written by\" \/>\n\t<meta name=\"twitter:data1\" content=\"Equipo Transici\u00f3n Energ\u00e9tica Factorenergia\" \/>\n\t<meta name=\"twitter:label2\" content=\"Est. reading time\" \/>\n\t<meta name=\"twitter:data2\" content=\"3 minutes\" \/>\n<script type=\"application\/ld+json\" class=\"yoast-schema-graph\">{\"@context\":\"https:\/\/schema.org\",\"@graph\":[{\"@type\":\"WebPage\",\"@id\":\"https:\/\/www.factorenergia.com\/ca\/blog\/mobilitat-electrica\/tarifa-supervall-la-del-cotxe-electric\/\",\"url\":\"https:\/\/www.factorenergia.com\/ca\/blog\/mobilitat-electrica\/tarifa-supervall-la-del-cotxe-electric\/\",\"name\":\"Tarifa supervall, la del cotxe el\u00e8ctric | FactorEnergia\",\"isPartOf\":{\"@id\":\"https:\/\/www.factorenergia.com\/es\/#website\"},\"datePublished\":\"2017-06-29T10:21:54+00:00\",\"dateModified\":\"2025-07-28T11:24:01+00:00\",\"author\":{\"@id\":\"https:\/\/www.factorenergia.com\/es\/#\/schema\/person\/dff9e4b6dc520720e3a37bdaaedc5841\"},\"description\":\"A FactorEnergia t'ajudem amb el teu cotxe el\u00e8ctric: t'oferim un servei de gesti\u00f3 i instal\u00b7laci\u00f3 integral amb tarifa supervall inclosa\",\"breadcrumb\":{\"@id\":\"https:\/\/www.factorenergia.com\/ca\/blog\/mobilitat-electrica\/tarifa-supervall-la-del-cotxe-electric\/#breadcrumb\"},\"inLanguage\":\"ca\",\"potentialAction\":[{\"@type\":\"ReadAction\",\"target\":[\"https:\/\/www.factorenergia.com\/ca\/blog\/mobilitat-electrica\/tarifa-supervall-la-del-cotxe-electric\/\"]}]},{\"@type\":\"BreadcrumbList\",\"@id\":\"https:\/\/www.factorenergia.com\/ca\/blog\/mobilitat-electrica\/tarifa-supervall-la-del-cotxe-electric\/#breadcrumb\",\"itemListElement\":[{\"@type\":\"ListItem\",\"position\":1,\"name\":\"Portada\",\"item\":\"https:\/\/www.factorenergia.com\/ca\/\"},{\"@type\":\"ListItem\",\"position\":2,\"name\":\"Tarifa supervall, la del cotxe el\u00e8ctric\"}]},{\"@type\":\"WebSite\",\"@id\":\"https:\/\/www.factorenergia.com\/es\/#website\",\"url\":\"https:\/\/www.factorenergia.com\/es\/\",\"name\":\"factorenergia\",\"description\":\"factorenergia\",\"potentialAction\":[{\"@type\":\"SearchAction\",\"target\":{\"@type\":\"EntryPoint\",\"urlTemplate\":\"https:\/\/www.factorenergia.com\/es\/?s={search_term_string}\"},\"query-input\":\"required name=search_term_string\"}],\"inLanguage\":\"ca\"},{\"@type\":\"Person\",\"@id\":\"https:\/\/www.factorenergia.com\/es\/#\/schema\/person\/dff9e4b6dc520720e3a37bdaaedc5841\",\"name\":\"Equipo Transici\u00f3n Energ\u00e9tica Factorenergia\",\"image\":{\"@type\":\"ImageObject\",\"inLanguage\":\"ca\",\"@id\":\"https:\/\/www.factorenergia.com\/es\/#\/schema\/person\/image\/\",\"url\":\"https:\/\/secure.gravatar.com\/avatar\/1b7c76bab80ee1c4261b06108874e24b?s=96&d=mm&r=g\",\"contentUrl\":\"https:\/\/secure.gravatar.com\/avatar\/1b7c76bab80ee1c4261b06108874e24b?s=96&d=mm&r=g\",\"caption\":\"Equipo Transici\u00f3n Energ\u00e9tica Factorenergia\"},\"description\":\"El equipo est\u00e1 formado por expertos en materia de Luz, Gas y Eficiencia Energ\u00e9tica, que conocen de primera mano las tendencias del mercado. Su experiencia en el sector les permite ofrecer las mejores soluciones energ\u00e9ticas y resolver las dudas planteadas por los clientes.\",\"sameAs\":[\"https:\/\/www.factorenergia.com\/es\/\",\"https:\/\/www.facebook.com\/factorenergiacom\",\"https:\/\/www.instagram.com\/factorenergia_com\/\",\"https:\/\/es.linkedin.com\/company\/factor-energia\",\"https:\/\/twitter.com\/factorenergia\",\"https:\/\/www.youtube.com\/c\/factorenergiacom\"],\"url\":\"https:\/\/www.factorenergia.com\/ca\/blog\/author\/marketing\/\"}]}<\/script>\n<!-- \/ Yoast SEO plugin. -->","yoast_head_json":{"title":"Tarifa supervall, la del cotxe el\u00e8ctric | FactorEnergia","description":"A FactorEnergia t'ajudem amb el teu cotxe el\u00e8ctric: t'oferim un servei de gesti\u00f3 i instal\u00b7laci\u00f3 integral amb tarifa supervall inclosa","robots":{"index":"index","follow":"follow","max-snippet":"max-snippet:-1","max-image-preview":"max-image-preview:large","max-video-preview":"max-video-preview:-1"},"canonical":"https:\/\/www.factorenergia.com\/ca\/blog\/mobilitat-electrica\/tarifa-supervall-la-del-cotxe-electric\/","twitter_card":"summary_large_image","twitter_title":"Tarifa supervall, la del cotxe el\u00e8ctric | FactorEnergia","twitter_description":"A FactorEnergia t'ajudem amb el teu cotxe el\u00e8ctric: t'oferim un servei de gesti\u00f3 i instal\u00b7laci\u00f3 integral amb tarifa supervall inclosa","twitter_creator":"@factorenergia","twitter_site":"@factorenergia","twitter_misc":{"Written by":"Equipo Transici\u00f3n Energ\u00e9tica Factorenergia","Est. reading time":"3 minutes"},"schema":{"@context":"https:\/\/schema.org","@graph":[{"@type":"WebPage","@id":"https:\/\/www.factorenergia.com\/ca\/blog\/mobilitat-electrica\/tarifa-supervall-la-del-cotxe-electric\/","url":"https:\/\/www.factorenergia.com\/ca\/blog\/mobilitat-electrica\/tarifa-supervall-la-del-cotxe-electric\/","name":"Tarifa supervall, la del cotxe el\u00e8ctric | FactorEnergia","isPartOf":{"@id":"https:\/\/www.factorenergia.com\/es\/#website"},"datePublished":"2017-06-29T10:21:54+00:00","dateModified":"2025-07-28T11:24:01+00:00","author":{"@id":"https:\/\/www.factorenergia.com\/es\/#\/schema\/person\/dff9e4b6dc520720e3a37bdaaedc5841"},"description":"A FactorEnergia t'ajudem amb el teu cotxe el\u00e8ctric: t'oferim un servei de gesti\u00f3 i instal\u00b7laci\u00f3 integral amb tarifa supervall inclosa","breadcrumb":{"@id":"https:\/\/www.factorenergia.com\/ca\/blog\/mobilitat-electrica\/tarifa-supervall-la-del-cotxe-electric\/#breadcrumb"},"inLanguage":"ca","potentialAction":[{"@type":"ReadAction","target":["https:\/\/www.factorenergia.com\/ca\/blog\/mobilitat-electrica\/tarifa-supervall-la-del-cotxe-electric\/"]}]},{"@type":"BreadcrumbList","@id":"https:\/\/www.factorenergia.com\/ca\/blog\/mobilitat-electrica\/tarifa-supervall-la-del-cotxe-electric\/#breadcrumb","itemListElement":[{"@type":"ListItem","position":1,"name":"Portada","item":"https:\/\/www.factorenergia.com\/ca\/"},{"@type":"ListItem","position":2,"name":"Tarifa supervall, la del cotxe el\u00e8ctric"}]},{"@type":"WebSite","@id":"https:\/\/www.factorenergia.com\/es\/#website","url":"https:\/\/www.factorenergia.com\/es\/","name":"factorenergia","description":"factorenergia","potentialAction":[{"@type":"SearchAction","target":{"@type":"EntryPoint","urlTemplate":"https:\/\/www.factorenergia.com\/es\/?s={search_term_string}"},"query-input":"required name=search_term_string"}],"inLanguage":"ca"},{"@type":"Person","@id":"https:\/\/www.factorenergia.com\/es\/#\/schema\/person\/dff9e4b6dc520720e3a37bdaaedc5841","name":"Equipo Transici\u00f3n Energ\u00e9tica Factorenergia","image":{"@type":"ImageObject","inLanguage":"ca","@id":"https:\/\/www.factorenergia.com\/es\/#\/schema\/person\/image\/","url":"https:\/\/secure.gravatar.com\/avatar\/1b7c76bab80ee1c4261b06108874e24b?s=96&d=mm&r=g","contentUrl":"https:\/\/secure.gravatar.com\/avatar\/1b7c76bab80ee1c4261b06108874e24b?s=96&d=mm&r=g","caption":"Equipo Transici\u00f3n Energ\u00e9tica Factorenergia"},"description":"El equipo est\u00e1 formado por expertos en materia de Luz, Gas y Eficiencia Energ\u00e9tica, que conocen de primera mano las tendencias del mercado. Su experiencia en el sector les permite ofrecer las mejores soluciones energ\u00e9ticas y resolver las dudas planteadas por los clientes.","sameAs":["https:\/\/www.factorenergia.com\/es\/","https:\/\/www.facebook.com\/factorenergiacom","https:\/\/www.instagram.com\/factorenergia_com\/","https:\/\/es.linkedin.com\/company\/factor-energia","https:\/\/twitter.com\/factorenergia","https:\/\/www.youtube.com\/c\/factorenergiacom"],"url":"https:\/\/www.factorenergia.com\/ca\/blog\/author\/marketing\/"}]}},"_links":{"self":[{"href":"https:\/\/www.factorenergia.com\/ca\/wp-json\/wp\/v2\/posts\/3507"}],"collection":[{"href":"https:\/\/www.factorenergia.com\/ca\/wp-json\/wp\/v2\/posts"}],"about":[{"href":"https:\/\/www.factorenergia.com\/ca\/wp-json\/wp\/v2\/types\/post"}],"author":[{"embeddable":true,"href":"https:\/\/www.factorenergia.com\/ca\/wp-json\/wp\/v2\/users\/17"}],"replies":[{"embeddable":true,"href":"https:\/\/www.factorenergia.com\/ca\/wp-json\/wp\/v2\/comments?post=3507"}],"version-history":[{"count":3,"href":"https:\/\/www.factorenergia.com\/ca\/wp-json\/wp\/v2\/posts\/3507\/revisions"}],"predecessor-version":[{"id":28726,"href":"https:\/\/www.factorenergia.com\/ca\/wp-json\/wp\/v2\/posts\/3507\/revisions\/28726"}],"wp:attachment":[{"href":"https:\/\/www.factorenergia.com\/ca\/wp-json\/wp\/v2\/media?parent=3507"}],"wp:term":[{"taxonomy":"category","embeddable":true,"href":"https:\/\/www.factorenergia.com\/ca\/wp-json\/wp\/v2\/categories?post=3507"},{"taxonomy":"post_tag","embeddable":true,"href":"https:\/\/www.factorenergia.com\/ca\/wp-json\/wp\/v2\/tags?post=3507"}],"curies":[{"name":"wp","href":"https:\/\/api.w.org\/{rel}","templated":true}]}}