{"id":3400,"date":"2017-04-20T09:48:55","date_gmt":"2017-04-20T07:48:55","guid":{"rendered":"https:\/\/www.factorenergia.com\/ca\/?post_type=blog&#038;p=3400"},"modified":"2025-07-28T13:37:53","modified_gmt":"2025-07-28T11:37:53","slug":"bateries-extra-cotxe-electric","status":"publish","type":"post","link":"https:\/\/www.factorenergia.com\/ca\/blog\/mobilitat-electrica\/bateries-extra-cotxe-electric\/","title":{"rendered":"Bateries extra pel cotxe el\u00e8ctric"},"content":{"rendered":"<p><span>\n<script type=\"text\/javascript\" id=\"auto-index\" async defer>\n\n      function indexContent(context){\n\n      var container = document.querySelector(context);\n\n      element = document.getElementById(\"accordion-index\");\n      var titles = Array.from(container.querySelectorAll(\"h2,h3,h4\"));\n\n      for (var i = 0, l = titles.length; i < l; i++) {\n\n\t\tjQuery('#accordionIndex').show();\n\n        var tit = titles[i];\n\t\tvar newTitle = tit.textContent.toLowerCase().replace(\/[^a-zA-Z ]\/g, \"\").replace(\/\\s\/g, '-');\n\t\tvar numTag = Number(tit.tagName.replace(\/[^1-9]\/g, \"\"));\n\t\tvar tagWidth = (numTag*20);\n\n\t\tvar preText = '<span style=\"margin-left:' + tagWidth + 'px\"><\/span>';\n\n        tit.setAttribute(\"id\", newTitle);\n\t\tjQuery(tit).addClass('h-inline');\n\t\t\n\t\tvar toIndex = '<p class=\"h-inline\"><a class=\"blog-toindex\" href=\"#accordionIndex\"><span class=\"glyphicon glyphicon-chevron-up\" aria-hidden=\"true\"><\/span><\/a><\/p>';\n\n\t\tjQuery(toIndex).insertAfter(tit);\n\n        var node = document.createElement(\"LI\");                 \n        var link = document.createElement(\"A\");\n        var textnode = document.createTextNode(tit.textContent);\n\n        link.appendChild(textnode);\n        link.setAttribute(\"href\", '#' + newTitle);\n\t\t\/\/link.setAttribute(\"style\", \"margin-left:\" + tagWidth + \"px\");\n\t\tlink.setAttribute(\"class\", \"acc-h\" + numTag);\n        node.appendChild(link);\n\n        element.appendChild(node);\n\n      }\n    }\n\n    jQuery(document).ready(function(){\t\t\n\t\tindexContent(\".single-post-content\");\n\n\t\tjQuery(\".accordion-toggle\").click(function() {\n\t\t\tjQuery(this).toggleClass(\"open\");\n\t\t\tjQuery(\"#collapseIndex\").slideToggle(\"in\");\n\t\t});\n\t});\n\n\n<\/script>\n\n<style>\n\t.accordion-toggle{\n\t\tcursor:pointer;\n\t}\n\n\t#accordionIndex .panel-heading{\n\t\tmargin-bottom:0px;\n\t}\n\n\t.articulo ul, .articulo ol{\n\t\tmargin-bottom:auto;\n\t}\n\n\t.h-inline{\n\t\tdisplay: inline-flex;\n\t\tflex-wrap: wrap\n\t}\n\t#accordion-index{\n\t\tpadding-left:0px;\n\t}\n\t#accordion-index li a{\n\t\tdisplay:block;\n\t\tpadding-top:5px;\n\t}\n\n\t.acc-h2{\n\t\tmargin-left:0px;\n\t\tposition: relative;\n\t}\n\n\t.acc-h3{\n\t\tmargin-left:25px;\n\t}\n\n\t.acc-h3::before{\n\t\tcontent: \"\";\n\t\tbackground-color:var(--blue-light);\n\t\tmargin-left:-10px;\n\t\twidth: 7px;\n\t\theight: 7px;\n\t\tdisplay: inline-block;\n\t\ttext-align: center;\n\t\tborder-radius: 1000px;\n\t\tmargin-right: 10px;\n    \tmargin-bottom: 2px;\n\t}\n\n\t.acc-h4{\n\t\tmargin-left:40px;\n\t}\n\n\t.acc-h4::before{\n\t\tcontent: \"\";\n\t\tborder: 1px solid var(--blue-light);\n\t\tmargin-left:-5px;\n\t\twidth: 7px;\n\t\theight: 7px;\n\t\tdisplay: inline-block;\n\t\ttext-align: center;\n\t\tborder-radius: 100%;\n\t\tmargin-right: 10px;\n    \tmargin-bottom: 2px;\n\t}\n\n\t.acc-h3:hover::before{\n\t\tbackground-color: var(--blue-darkest);\n\t}\n\n\t.acc-h4:hover::before{\n\t\tborder-color: var(--blue-darkest);\n\t}\n\n\t@media (max-width: 992px){\n\t\t.acc-h2{\n\t\t\tmargin-left:0px;\n\t\t}\n\t\t.acc-h3{\n\t\t\tmargin-left:20px;\n\t\t}\n\t\t.acc-h4{\n\t\t\tmargin-left:40px;\n\t\t}\n\t}\n\n\t\/*\n\th2.h-inline:after,\n\th3.h-inline:after{\n\t\theight: 24px;\n\t\tcontent: \"\";\n\t\tdisplay: table-row;\n\t}*\/\n<\/style>\n\n<div id=\"table-accordion-index\">\n\t<div class=\"panel-group\" id=\"accordionIndex\">\n\t\t<div class=\"panel panel-default\">\n\t\t\t<div class=\"panel-heading\">\n\t\t\t\t<div class=\"panel-title open\"><div class=\"accordion-toggle\" data-toggle=\"collapse\" data-parent=\"#accordion\" aria-expanded=\"true\">\u00edndex<\/div><\/div>\n\t\t\t<\/div>\n\t\t\t<div id=\"collapseIndex\" class=\"panel-collapse collapse in\" aria-expanded=\"true\">\n\t\t\t\t<div class=\"panel-body\">\n\t\t\t\t\t<ul id=\"accordion-index\">\n\t\t\t\t\t<\/ul>\n\t\t\t\t<\/div>\n\t\t\t<\/div>\n\t\t<\/div>\n\t<\/div>\n<\/div><\/span><br \/>\n<span style=\"color: #000000;\">Poc a poc, es pret\u00e9n que el cotxe el\u00e8ctric s\u2019imposi davant el vehicle de combustible convencional. Tant Tr\u00e0nsit com les diferents administracions sembla que van adaptant-se a aquest model sostenible de transport a m\u00e9s de donar algun avantatge a aquelles persones que ja han adquirit un cotxe el\u00e8ctric.<\/span><\/p>\n<p><span style=\"color: #000000;\">No obstant, i malgrat \u00e9s un model que acabar\u00e0 substituint l\u2019actual, encara no ho ha fet b\u00e0sicament per un motiu: l\u2019autonomia de la bateria. I es que tot i que cada cop \u00e9s m\u00e9s f\u00e0cil instal&#8221;lar un <a href=\"https:\/\/www.factorenergia.com\/ca\/instalar-punts-recarrega\/\" title=\"punt de rec\u00e0rrega per vehicles el\u00e8ctrics\" target=\"_blank\" rel=\"noopener noreferrer\">punt de rec\u00e0rrega de cotxe el\u00e8ctric<\/a> a casa, a la feina o al parking, a vegades no \u00e9s suficient.<\/span><\/p>\n<h2><span style=\"color: #000000;\">La por del cotxe el\u00e8ctric: l\u2019autonomia<\/span><\/h2>\n<p><span style=\"color: #000000;\">S\u00ed, en la majoria dels casos parlem d\u2019un nombre de quil\u00f2metres m\u00e9s que suficients per a trajectes rutinaris, com el d\u2019anar de la casa a la feina i de la feina a casa. Per\u00f2, aquelles persones que viuen lluny\u00a0de la feina, les que fan viatges en cotxe, o les que poden trobar-se en embussos d\u2019hores, veuen la possibilitat de, suposant que adquirissin un cotxe el\u00e8ctric, quedar-se penjats per falta de bateria.<\/span><\/p>\n<p><span style=\"color: #000000;\">En principi, la soluci\u00f3 \u00e9s tant simple com recarregar el cotxe el\u00e8ctric, i aqu\u00ed \u00e9s on trobem el problema n\u00famero dos: com que encara no hi ha suficients cotxes el\u00e8ctrics circulant pels nostres carrers, <strong>no s\u2019han habilitat tants punts de rec\u00e0rrega com serien necessaris<\/strong>; el peix que es mossega la cua.<\/span><\/p>\n\r\n<script type=\"text\/javascript\" async defer>\r\n\r\n    jQuery(document).ready(function(){\t\t\r\n\t\t\r\n\t});\r\n<\/script>\r\n\r\n<style>\r\n\t.block-interested_posts{\r\n        margin-top: 10px;\r\n        padding: 20px;\r\n        border: 2px solid #92C200;\r\n    }\r\n    .block-interested_posts ul{\r\n        margin-bottom:0px;\r\n    }\r\n    .block-interested_posts ul li{\r\n        margin-bottom:5px;\r\n    }\r\n    .block-interested_posts ul li a{\r\n        \/*color: #DF981E;*\/\r\n    }\r\n\r\n<\/style>\r\n\r\n<div class=\"block-interested_posts\">\r\n    <p><strong>Post que et poden interessar<\/strong><\/p>\r\n    <ul>\r\n                    <li><a href=\"https:\/\/www.factorenergia.com\/ca\/blog\/mobilitat-electrica\/punts-recarrega-cotxes-electrics\/\" title=\"Punts de rec\u00e0rrega per a cotxes el\u00e8ctrics: qu\u00e8 has de saber\">Punts de rec\u00e0rrega per a cotxes el\u00e8ctrics: qu\u00e8 has de saber<\/a><\/li>\r\n                    <li><a href=\"https:\/\/www.factorenergia.com\/ca\/blog\/mobilitat-electrica\/proces-per-recarregar-cotxe-electric-al-punt-carrega\/\" title=\"Proc\u00e9s per recarregar el cotxe el\u00e8ctric al punt de c\u00e0rrega\">Proc\u00e9s per recarregar el cotxe el\u00e8ctric al punt de c\u00e0rrega<\/a><\/li>\r\n            <\/ul>\t\r\n<\/div>\n<p><span><div class=\"text-center center blog-cta\"><p>Instal&middot;la un punt de rec&agrave;rrega pel teu cotxe el&egrave;ctric amb factorenergia!<\/p><a class=\"blog-cta primary-btn text-center solicitar-estudio\" target=\"_blank\" title=\"SOL&sdot;LICITA UN ESTUDI GRATU&Iuml;T\" href=\"https:\/\/www.factorenergia.com\/ca\/llars\/punts-recarrega-electrics\/\">SOL&sdot;LICITA UN ESTUDI GRATU&Iuml;T<\/a><p><\/p><div style=\"display:none;\"><p>Instal&middot;la un punt de rec&agrave;rrega pel teu cotxe el&egrave;ctric amb factorenergia!<\/p><\/div>\n\t\t\t<script type='text\/javascript'>\n\t\t\t\tjQuery('.solicitar-estudio').click(function(){\t\t\t\t\t\t\t\t\t\n\t\t\t\t\tdataLayer.push({'language': 'ca'});\n\t\t\t\t\tdataLayer.push({'post_id': '3400'});\n\t\t\t\t\tdataLayer.push({'cat_type': 'ce'});\n\t\t\t\t});\n\t\t\t<\/script>\n\t\t<\/div><br\/><\/span><\/p>\n<h2><span style=\"color: #000000;\">Soluci\u00f3 a l\u2019autonomia del cotxe el\u00e8ctric<\/span><\/h2>\n<p><span style=\"color: #000000;\">Aquest handicap l\u2019han vist d\u2019una ullada totes aquelles persones que m\u00ednimament s\u2019han plantejat adquirir un cotxe el\u00e8ctric, entre ells, un equip d\u2019una empresa finlandesa-americana anomenada Tanktwo, que proposa una soluci\u00f3: una esp\u00e8cie de<strong> bateria externa modular<\/strong>.<\/span><\/p>\n<h3><span style=\"color: #000000;\"><strong>Mini bateries convertibles<\/strong><\/span><\/h3>\n<p><span style=\"color: #000000;\">La innovadora idea aposta pel que podr\u00edem dir que \u00e9s la re-invenci\u00f3 de la bateria externa, com la del m\u00f2bil, per\u00f2 convertida en petites bateries que es \u201ctransformen\u201d en una de gran.<\/span><\/p>\n<h4><span style=\"color: #000000;\"><strong>Com funcionen?<\/strong><\/span><\/h4>\n<p><span style=\"color: #000000;\">Aquestes mini bateries en forma d\u2019ou estan fetes amb una c\u00e8l\u00b7lula d\u2019i\u00f3 de liti i una unitat de control interna que serveix perqu\u00e8 s\u2019uneixin, estant totes juntes, en una \u00fanica bateria; com una sincronitzaci\u00f3 en cadena. D\u2019una banda, aquestes bateries es recarregarien independentment a una estaci\u00f3 de control, i per altre costat, es pot seguir recarregant el cotxe el\u00e8ctric al\u00a0seu punt de rec\u00e0rrega habitual. Aquestes bateries s\u00f3n una<strong> soluci\u00f3 a trajectes llargs<\/strong> o, simplement, una seguretat a qualsevol imprevist. S\u00f3n petites, no pesen massa, i es posen i treuen f\u00e0cilment del tanc en qu\u00e8 es troba la bateria amb una esp\u00e8cie d\u2019aspirador de la pr\u00f2pia marca.<\/span><\/p>\n<p><span style=\"color: #000000;\">Diuen els seus creadors que omplir \u201cel tanc\u201d amb aquestes mini bateries t\u00e9 com a gran avantatge un menor temps de rec\u00e0rrega: <strong>100% de bateria en nom\u00e9s 3 minuts<\/strong>, i major autonomia ja que s\u00f3n intercanviables per unes altres en quant baixa la bateria.<\/span><\/p>\n<p><span style=\"color: #000000;\">Encara li falta una mica a aquest sistema per\u00f2 est\u00e0 clar que la tecnologia ja est\u00e0 pensant en possibles solucions al major problema del cotxe el\u00e8ctric: la seva autonomia. En aquest cas, \u00e9s necessari reempla\u00e7ar la bateria per aquestes mini c\u00e0psules en forma d\u2019ou, per\u00f2 si es milloren sistemes com aquest o, simplement, es troba la manera de barrejar-lo amb la bateria convencional, es donar\u00e0 al cotxe el\u00e8ctric l\u2019impuls que li manca perqu\u00e8 pugui estandarditzar-se completament a les nostres carreteres. A Factor Energia apostem pel cotxe el\u00e8ctric; si en tens un o t&#8217;ho est\u00e0s pensant i necessites recolzament de cara al punt de rec\u00e0rrega, <a href=\"https:\/\/www.factorenergia.com\/ca\/instalar-punts-recarrega\/\" title=\"cotxe el\u00e8ctric\" target=\"_blank\" rel=\"noopener noreferrer\"><b>contacta&#8217;ns<\/b><\/a>\u00a0i t&#8217;ajudarem. Per\u00f2 mentrestant, pots <a href=\"https:\/\/www.factorenergia.com\/ca\/tarifas-de-llum\/\" title=\"companyia de gas i llum catalana\" target=\"_blank\" rel=\"noopener noreferrer\">contractar la llum online<\/a> i comen\u00e7ar a estalviar.<\/span><\/p>\n<p>&nbsp;<\/p>\n<div id=\"gtx-trans\" style=\"position: absolute; left: -1px; top: 692.987px;\">\n<div class=\"gtx-trans-icon\"><\/div>\n<\/div>\n","protected":false},"excerpt":{"rendered":"<p>Si b\u00e9 l&#8217;autonom\u00eda del cotxe el\u00e8ctric era el seu tal\u00f3 d&#8217;Aquiles, sembla que per fi hi ha hagut una empresa que ha trobat una soluci\u00f3.<\/p>\n","protected":false},"author":17,"featured_media":0,"comment_status":"open","ping_status":"closed","sticky":false,"template":"","format":"standard","meta":{"inline_featured_image":false,"footnotes":""},"categories":[64],"tags":[],"acf":{"fecha_de_la_entrada":"20170420","imagen_portada":3403,"categoria_blog":null,"tipo_de_distribuidora":null,"tiempo_lectura":"","banner_bool":false,"titulo_banner":"","texto_banner":"","texto_boton_banner":"","url_boton_banner":"","post_relacionados":""},"yoast_head":"<!-- This site is optimized with the Yoast SEO plugin v22.2 - https:\/\/yoast.com\/wordpress\/plugins\/seo\/ -->\n<title>Bateries extra pel cotxe el\u00e8ctric | factorenergia<\/title>\n<meta name=\"description\" content=\"Si b\u00e9 l&#039;autonom\u00eda del cotxe el\u00e8ctric era el seu tal\u00f3 d&#039;Aquiles, sembla que per fi hi ha hagut una empresa que ha trobat una soluci\u00f3.\" \/>\n<meta name=\"robots\" content=\"index, follow, max-snippet:-1, max-image-preview:large, max-video-preview:-1\" \/>\n<link rel=\"canonical\" href=\"https:\/\/www.factorenergia.com\/ca\/blog\/mobilitat-electrica\/bateries-extra-cotxe-electric\/\" \/>\n<meta name=\"twitter:card\" content=\"summary_large_image\" \/>\n<meta name=\"twitter:title\" content=\"Bateries extra pel cotxe el\u00e8ctric | factorenergia\" \/>\n<meta name=\"twitter:description\" content=\"Si b\u00e9 l&#039;autonom\u00eda del cotxe el\u00e8ctric era el seu tal\u00f3 d&#039;Aquiles, sembla que per fi hi ha hagut una empresa que ha trobat una soluci\u00f3.\" \/>\n<meta name=\"twitter:creator\" content=\"@factorenergia\" \/>\n<meta name=\"twitter:site\" content=\"@factorenergia\" \/>\n<meta name=\"twitter:label1\" content=\"Written by\" \/>\n\t<meta name=\"twitter:data1\" content=\"Equipo Transici\u00f3n Energ\u00e9tica Factorenergia\" \/>\n\t<meta name=\"twitter:label2\" content=\"Est. reading time\" \/>\n\t<meta name=\"twitter:data2\" content=\"3 minutes\" \/>\n<script type=\"application\/ld+json\" class=\"yoast-schema-graph\">{\"@context\":\"https:\/\/schema.org\",\"@graph\":[{\"@type\":\"WebPage\",\"@id\":\"https:\/\/www.factorenergia.com\/ca\/blog\/mobilitat-electrica\/bateries-extra-cotxe-electric\/\",\"url\":\"https:\/\/www.factorenergia.com\/ca\/blog\/mobilitat-electrica\/bateries-extra-cotxe-electric\/\",\"name\":\"Bateries extra pel cotxe el\u00e8ctric | factorenergia\",\"isPartOf\":{\"@id\":\"https:\/\/www.factorenergia.com\/es\/#website\"},\"datePublished\":\"2017-04-20T07:48:55+00:00\",\"dateModified\":\"2025-07-28T11:37:53+00:00\",\"author\":{\"@id\":\"https:\/\/www.factorenergia.com\/es\/#\/schema\/person\/dff9e4b6dc520720e3a37bdaaedc5841\"},\"description\":\"Si b\u00e9 l'autonom\u00eda del cotxe el\u00e8ctric era el seu tal\u00f3 d'Aquiles, sembla que per fi hi ha hagut una empresa que ha trobat una soluci\u00f3.\",\"breadcrumb\":{\"@id\":\"https:\/\/www.factorenergia.com\/ca\/blog\/mobilitat-electrica\/bateries-extra-cotxe-electric\/#breadcrumb\"},\"inLanguage\":\"ca\",\"potentialAction\":[{\"@type\":\"ReadAction\",\"target\":[\"https:\/\/www.factorenergia.com\/ca\/blog\/mobilitat-electrica\/bateries-extra-cotxe-electric\/\"]}]},{\"@type\":\"BreadcrumbList\",\"@id\":\"https:\/\/www.factorenergia.com\/ca\/blog\/mobilitat-electrica\/bateries-extra-cotxe-electric\/#breadcrumb\",\"itemListElement\":[{\"@type\":\"ListItem\",\"position\":1,\"name\":\"Portada\",\"item\":\"https:\/\/www.factorenergia.com\/ca\/\"},{\"@type\":\"ListItem\",\"position\":2,\"name\":\"Bateries extra pel cotxe el\u00e8ctric\"}]},{\"@type\":\"WebSite\",\"@id\":\"https:\/\/www.factorenergia.com\/es\/#website\",\"url\":\"https:\/\/www.factorenergia.com\/es\/\",\"name\":\"factorenergia\",\"description\":\"factorenergia\",\"potentialAction\":[{\"@type\":\"SearchAction\",\"target\":{\"@type\":\"EntryPoint\",\"urlTemplate\":\"https:\/\/www.factorenergia.com\/es\/?s={search_term_string}\"},\"query-input\":\"required name=search_term_string\"}],\"inLanguage\":\"ca\"},{\"@type\":\"Person\",\"@id\":\"https:\/\/www.factorenergia.com\/es\/#\/schema\/person\/dff9e4b6dc520720e3a37bdaaedc5841\",\"name\":\"Equipo Transici\u00f3n Energ\u00e9tica Factorenergia\",\"image\":{\"@type\":\"ImageObject\",\"inLanguage\":\"ca\",\"@id\":\"https:\/\/www.factorenergia.com\/es\/#\/schema\/person\/image\/\",\"url\":\"https:\/\/secure.gravatar.com\/avatar\/1b7c76bab80ee1c4261b06108874e24b?s=96&d=mm&r=g\",\"contentUrl\":\"https:\/\/secure.gravatar.com\/avatar\/1b7c76bab80ee1c4261b06108874e24b?s=96&d=mm&r=g\",\"caption\":\"Equipo Transici\u00f3n Energ\u00e9tica Factorenergia\"},\"description\":\"El equipo est\u00e1 formado por expertos en materia de Luz, Gas y Eficiencia Energ\u00e9tica, que conocen de primera mano las tendencias del mercado. Su experiencia en el sector les permite ofrecer las mejores soluciones energ\u00e9ticas y resolver las dudas planteadas por los clientes.\",\"sameAs\":[\"https:\/\/www.factorenergia.com\/es\/\",\"https:\/\/www.facebook.com\/factorenergiacom\",\"https:\/\/www.instagram.com\/factorenergia_com\/\",\"https:\/\/es.linkedin.com\/company\/factor-energia\",\"https:\/\/twitter.com\/factorenergia\",\"https:\/\/www.youtube.com\/c\/factorenergiacom\"],\"url\":\"https:\/\/www.factorenergia.com\/ca\/blog\/author\/marketing\/\"}]}<\/script>\n<!-- \/ Yoast SEO plugin. -->","yoast_head_json":{"title":"Bateries extra pel cotxe el\u00e8ctric | factorenergia","description":"Si b\u00e9 l'autonom\u00eda del cotxe el\u00e8ctric era el seu tal\u00f3 d'Aquiles, sembla que per fi hi ha hagut una empresa que ha trobat una soluci\u00f3.","robots":{"index":"index","follow":"follow","max-snippet":"max-snippet:-1","max-image-preview":"max-image-preview:large","max-video-preview":"max-video-preview:-1"},"canonical":"https:\/\/www.factorenergia.com\/ca\/blog\/mobilitat-electrica\/bateries-extra-cotxe-electric\/","twitter_card":"summary_large_image","twitter_title":"Bateries extra pel cotxe el\u00e8ctric | factorenergia","twitter_description":"Si b\u00e9 l'autonom\u00eda del cotxe el\u00e8ctric era el seu tal\u00f3 d'Aquiles, sembla que per fi hi ha hagut una empresa que ha trobat una soluci\u00f3.","twitter_creator":"@factorenergia","twitter_site":"@factorenergia","twitter_misc":{"Written by":"Equipo Transici\u00f3n Energ\u00e9tica Factorenergia","Est. reading time":"3 minutes"},"schema":{"@context":"https:\/\/schema.org","@graph":[{"@type":"WebPage","@id":"https:\/\/www.factorenergia.com\/ca\/blog\/mobilitat-electrica\/bateries-extra-cotxe-electric\/","url":"https:\/\/www.factorenergia.com\/ca\/blog\/mobilitat-electrica\/bateries-extra-cotxe-electric\/","name":"Bateries extra pel cotxe el\u00e8ctric | factorenergia","isPartOf":{"@id":"https:\/\/www.factorenergia.com\/es\/#website"},"datePublished":"2017-04-20T07:48:55+00:00","dateModified":"2025-07-28T11:37:53+00:00","author":{"@id":"https:\/\/www.factorenergia.com\/es\/#\/schema\/person\/dff9e4b6dc520720e3a37bdaaedc5841"},"description":"Si b\u00e9 l'autonom\u00eda del cotxe el\u00e8ctric era el seu tal\u00f3 d'Aquiles, sembla que per fi hi ha hagut una empresa que ha trobat una soluci\u00f3.","breadcrumb":{"@id":"https:\/\/www.factorenergia.com\/ca\/blog\/mobilitat-electrica\/bateries-extra-cotxe-electric\/#breadcrumb"},"inLanguage":"ca","potentialAction":[{"@type":"ReadAction","target":["https:\/\/www.factorenergia.com\/ca\/blog\/mobilitat-electrica\/bateries-extra-cotxe-electric\/"]}]},{"@type":"BreadcrumbList","@id":"https:\/\/www.factorenergia.com\/ca\/blog\/mobilitat-electrica\/bateries-extra-cotxe-electric\/#breadcrumb","itemListElement":[{"@type":"ListItem","position":1,"name":"Portada","item":"https:\/\/www.factorenergia.com\/ca\/"},{"@type":"ListItem","position":2,"name":"Bateries extra pel cotxe el\u00e8ctric"}]},{"@type":"WebSite","@id":"https:\/\/www.factorenergia.com\/es\/#website","url":"https:\/\/www.factorenergia.com\/es\/","name":"factorenergia","description":"factorenergia","potentialAction":[{"@type":"SearchAction","target":{"@type":"EntryPoint","urlTemplate":"https:\/\/www.factorenergia.com\/es\/?s={search_term_string}"},"query-input":"required name=search_term_string"}],"inLanguage":"ca"},{"@type":"Person","@id":"https:\/\/www.factorenergia.com\/es\/#\/schema\/person\/dff9e4b6dc520720e3a37bdaaedc5841","name":"Equipo Transici\u00f3n Energ\u00e9tica Factorenergia","image":{"@type":"ImageObject","inLanguage":"ca","@id":"https:\/\/www.factorenergia.com\/es\/#\/schema\/person\/image\/","url":"https:\/\/secure.gravatar.com\/avatar\/1b7c76bab80ee1c4261b06108874e24b?s=96&d=mm&r=g","contentUrl":"https:\/\/secure.gravatar.com\/avatar\/1b7c76bab80ee1c4261b06108874e24b?s=96&d=mm&r=g","caption":"Equipo Transici\u00f3n Energ\u00e9tica Factorenergia"},"description":"El equipo est\u00e1 formado por expertos en materia de Luz, Gas y Eficiencia Energ\u00e9tica, que conocen de primera mano las tendencias del mercado. Su experiencia en el sector les permite ofrecer las mejores soluciones energ\u00e9ticas y resolver las dudas planteadas por los clientes.","sameAs":["https:\/\/www.factorenergia.com\/es\/","https:\/\/www.facebook.com\/factorenergiacom","https:\/\/www.instagram.com\/factorenergia_com\/","https:\/\/es.linkedin.com\/company\/factor-energia","https:\/\/twitter.com\/factorenergia","https:\/\/www.youtube.com\/c\/factorenergiacom"],"url":"https:\/\/www.factorenergia.com\/ca\/blog\/author\/marketing\/"}]}},"_links":{"self":[{"href":"https:\/\/www.factorenergia.com\/ca\/wp-json\/wp\/v2\/posts\/3400"}],"collection":[{"href":"https:\/\/www.factorenergia.com\/ca\/wp-json\/wp\/v2\/posts"}],"about":[{"href":"https:\/\/www.factorenergia.com\/ca\/wp-json\/wp\/v2\/types\/post"}],"author":[{"embeddable":true,"href":"https:\/\/www.factorenergia.com\/ca\/wp-json\/wp\/v2\/users\/17"}],"replies":[{"embeddable":true,"href":"https:\/\/www.factorenergia.com\/ca\/wp-json\/wp\/v2\/comments?post=3400"}],"version-history":[{"count":4,"href":"https:\/\/www.factorenergia.com\/ca\/wp-json\/wp\/v2\/posts\/3400\/revisions"}],"predecessor-version":[{"id":28736,"href":"https:\/\/www.factorenergia.com\/ca\/wp-json\/wp\/v2\/posts\/3400\/revisions\/28736"}],"wp:attachment":[{"href":"https:\/\/www.factorenergia.com\/ca\/wp-json\/wp\/v2\/media?parent=3400"}],"wp:term":[{"taxonomy":"category","embeddable":true,"href":"https:\/\/www.factorenergia.com\/ca\/wp-json\/wp\/v2\/categories?post=3400"},{"taxonomy":"post_tag","embeddable":true,"href":"https:\/\/www.factorenergia.com\/ca\/wp-json\/wp\/v2\/tags?post=3400"}],"curies":[{"name":"wp","href":"https:\/\/api.w.org\/{rel}","templated":true}]}}