{"id":3173,"date":"2017-03-16T11:08:16","date_gmt":"2017-03-16T09:08:16","guid":{"rendered":"https:\/\/www.factorenergia.com\/ca\/?post_type=blog&#038;p=3173"},"modified":"2019-04-10T17:24:46","modified_gmt":"2019-04-10T15:24:46","slug":"tipus-recarrega-vehicle-electric","status":"publish","type":"post","link":"https:\/\/www.factorenergia.com\/ca\/blog\/mobilitat-electrica\/tipus-recarrega-vehicle-electric\/","title":{"rendered":"Tipus de rec\u00e0rrega de vehicle el\u00e8ctric"},"content":{"rendered":"<p><span style=\"color: #000000;\">La rec\u00e0rrega d\u2019un vehicle el\u00e8ctric es pot fer des d\u2019un punt d\u2019acc\u00e9s exclusiu o b\u00e9 des d\u2019un punt d\u2019acc\u00e9s p\u00fablic. En funci\u00f3 de la pot\u00e8ncia de c\u00e0rrega, existeixen estacions de rec\u00e0rrega normal, <em>semir\u00e0pida<\/em> i r\u00e0pida. Vegem quina mena de rec\u00e0rrega necessita cada vehicle i com ens pot ajudar a estalviar energia un <a href=\"https:\/\/www.factorenergia.com\/ca\/instalar-punts-recarrega\/\" target=\"_blank\" rel=\"noopener noreferrer\">cotxe el\u00e8ctric<\/a>.<\/span><\/p>\n<h2><span style=\"color: #000000;\">Punt de rec\u00e0rrega normal<\/span><\/h2>\n<h3><strong><span style=\"color: #000000;\">Punt de rec\u00e0rrega amb endoll convencional<\/span><\/strong><\/h3>\n<p><span style=\"color: #000000;\">Aquest tipus de punt de rec\u00e0rrega tenen una pot\u00e8ncia de 2,3 kW i 10 ampers. Per a tenir-los instal\u00b7lats cal una <strong>inversi\u00f3 aproximada d\u2019uns 350 \u20ac<\/strong> i una despesa anual, dins el sup\u00f2sit d\u2019una c\u00e0rrega de 10 hores al dia, 5 dies a la setmana, d\u2019entre 300 i 550 euros depenent de la tarifa contractada.<\/span><\/p>\n<p><span style=\"color: #000000;\">En quant al temps de c\u00e0rrega, per cada hora endollat es guanyen <strong>15 km d\u2019autonomia<\/strong> . \u00c9s un punt de rec\u00e0rrega idoni per a habitatges unifamiliars.<\/span><\/p>\n<p><span><div class=\"text-center center blog-cta\"><p>Instal&middot;la un punt de rec&agrave;rrega pel teu cotxe el&egrave;ctric amb factorenergia!<\/p><a class=\"blog-cta primary-btn text-center solicitar-estudio\" target=\"_blank\" title=\"SOL&sdot;LICITA UN ESTUDI GRATU&Iuml;T\" href=\"https:\/\/www.factorenergia.com\/ca\/llars\/punts-recarrega-electrics\/\">SOL&sdot;LICITA UN ESTUDI GRATU&Iuml;T<\/a><p><\/p><div style=\"display:none;\"><p>Instal&middot;la un punt de rec&agrave;rrega pel teu cotxe el&egrave;ctric amb factorenergia!<\/p><\/div>\n\t\t\t<script type='text\/javascript'>\n\t\t\t\tjQuery('.solicitar-estudio').click(function(){\t\t\t\t\t\t\t\t\t\n\t\t\t\t\tdataLayer.push({'language': 'ca'});\n\t\t\t\t\tdataLayer.push({'post_id': '3173'});\n\t\t\t\t\tdataLayer.push({'cat_type': 'ce'});\n\t\t\t\t});\n\t\t\t<\/script>\n\t\t<\/div><br\/><\/span><\/p>\n<h3><span style=\"color: #000000;\"><strong>Punt espec\u00edfic de rec\u00e0rrega o Wall box<\/strong><\/span><\/h3>\n<p><span style=\"color: #000000;\">En aquest cas la pot\u00e8ncia corresponent \u00e9s de 3,3 kW fins a 7,5 kW (de 16 a 32 ampers).\u00a0 <strong>La inversi\u00f3 necess\u00e0ria per a aquest punt de rec\u00e0rrega \u00e9s d\u2019uns 1.000 \u20ac<\/strong>, a m\u00e9s d\u2019una despesa anual d\u2019entre 400 i 650 euros, depenent de la tarifa contractada, i tenint en compte una c\u00e0rrega d\u2019entre 3 i 6 hores di\u00e0ries, 5 dies a la setmana.<\/span><\/p>\n<p><span style=\"color: #000000;\">Per cada hora de c\u00e0rrega obtens <strong>40 km d\u2019autonomia<\/strong>, i \u00e9s un punt de rec\u00e0rrega ideal per a habitatges plurifamiliars o unifamiliars, empreses de log\u00edstica i distribuci\u00f3 o \u00fas particular intensiu.<\/span><\/p>\n<h2><span style=\"color: #000000;\">Punt de rec\u00e0rrega semir\u00e0pida<\/span><\/h2>\n<p><span style=\"color: #000000;\">En aquest cas, distingim el punt de rec\u00e0rrega semir\u00e0pida segons si \u00e9s de corrent altern o de corrent continu.<\/span><\/p>\n<h3><span style=\"color: #000000;\"><strong>Punt de rec\u00e0rrega semir\u00e0pida de corrent altern (AC)<\/strong><\/span><\/h3>\n<p><span style=\"color: #000000;\">Amb una pot\u00e8ncia d\u2019entre 7,5 i 22 kW, necessita una <strong>inversi\u00f3 inicial que pot anar dels 6.000 als 15.000\u20ac<\/strong> i una despesa anual d\u2019uns 3.500 \u20ac, tenint en compte 3 c\u00e0rregues al dia d\u2019una hora cadascuna.<\/span><\/p>\n<p><span style=\"color: #000000;\"><strong>Cada hora de c\u00e0rrega equival a una autonomia d\u2019entre 40 i 120 km<\/strong>. \u00c9s una instal\u00b7laci\u00f3 id\u00f2nia per a municipis de menys\u00a0 de 2000 habitants, empreses de log\u00edstica i distribuci\u00f3 petites i mitjanes i p\u00e0rquings vinculats a supermercats, cinemes, centres comercials, concessionaris, etc.<\/span><\/p>\n<h3><span style=\"color: #000000;\"><strong>Punt de rec\u00e0rrega semir\u00e0pida de corrent continu (DC)<\/strong><\/span><\/h3>\n<p><span style=\"color: #000000;\">Aquesta instal\u00b7laci\u00f3 t\u00e9 una pot\u00e8ncia de 22 kW i necessita una <strong>inversi\u00f3 inicial que pot anar dels 15.000 als 20.000\u20ac<\/strong> i una despesa anual d\u2019uns 4.000 \u20ac, tenint en compte 3 c\u00e0rregues al dia d\u2019una hora cadascuna.<\/span><\/p>\n<p><span style=\"color: #000000;\"><strong>Una hora de c\u00e0rrega equival a 120 km d\u2019autonomia<\/strong>, i \u00e9s una instal\u00b7laci\u00f3 id\u00f2nia per a municipis de m\u00e9s\u00a0 de 10.000 habitants, ubicacions properes a vies interurbanes i vies urbanes de velocitat mitjana, empreses de log\u00edstica i distribuci\u00f3 mitjanes o grans i p\u00e0rquings vinculats a supermercats, cinemes, centres comercials, concessionaris, etc.<\/span><\/p>\n<h2><span style=\"color: #000000;\">Estaci\u00f3 de c\u00e0rrega r\u00e0pida pel cotxe el\u00e8ctric<\/span><\/h2>\n<p><span style=\"color: #000000;\">Aquestes estacions poden ser tant de corrent altern (AC) com continu (DC) i tenen una pot\u00e8ncia que va de 50 kW, en continu, i 43 kW, en altern. Per a tenir-los <strong>cal una inversi\u00f3 de 50.000 \u20ac<\/strong>, i una despesa anual de 8.000 \u20ac partint de tres c\u00e0rregues al dia de mitja hora.<\/span><\/p>\n<p><span style=\"color: #000000;\"><strong>Cada vint minuts de c\u00e0rrega equivalen a 120 km d\u2019autonomia<\/strong>, i s\u00f3n punts adequats per a municipis de m\u00e9s de 15.000 habitants i\/o amb servei de taxi el\u00e8ctric, empreses de log\u00edstica i distribuci\u00f3, vies interurbanes de velocitat mitjana i alta, concessionaris i estacions de servei.<\/span><\/p>\n<p>&nbsp;<\/p>\n<p><span style=\"color: #000000;\">Depenent de la situaci\u00f3 en que et trobis i de l\u2019\u00fas que li donis al teu vehicle el\u00e8ctric, haur\u00e0s d\u2019escollir un o altre punt de rec\u00e0rrega. \u00c9s cert que, en qualsevol cas, es tracta d\u2019una gran inversi\u00f3, per\u00f2 cal tenir en compte tots els avantatges del cotxe el\u00e8ctric i la seva amortitzaci\u00f3.<\/span><\/p>\n<p><span style=\"color: #000000;\">A nivell particular,<strong> Factor Energia recomana adherir-se a una tarifa amb discriminaci\u00f3 hor\u00e0ria<\/strong>. Aix\u00ed, i tenint en compte que la c\u00e0rrega s\u2019efectua de nit, abarateixes costos ja que la llum \u00e9s m\u00e9s econ\u00f2mica, amb aquesta tarifa, a partir del vespre.<\/span><\/p>\n<p>&nbsp;<\/p>\n<p><span style=\"color: #000000;\">Si tens un vehicle el\u00e8ctric, volem ajudar-te. Demana&#8217;ns assessorament i t&#8217;instal\u00b7larem un punt de rec\u00e0rrega pel <a href=\"https:\/\/www.factorenergia.com\/ca\/instalar-punts-recarrega\/\" target=\"_blank\" rel=\"noopener noreferrer\">cotxe el\u00e8ctric<\/a>, a m\u00e9s d&#8217;oferir-te una <a href=\"https:\/\/www.factorenergia.com\/ca\/blog\/mobilitat-electrica\/tarifa-supervall-la-del-cotxe-electric\/\" target=\"_blank\" rel=\"noopener noreferrer\">tarifa supervall<\/a> perqu\u00e8 recarreguis m\u00e9s barat.<\/span><\/p>\n","protected":false},"excerpt":{"rendered":"<p>El cotxe el\u00e8ctric s\u2019imposar\u00e0 a les nostres carreteres i carrers m\u00e9s aviat que ens pensem. Se\u2019ns acaba el petroli i comencem a veure que el futur s\u00f3n els recursos renovables. Per\u00f2 un cop ens decidim pel cotxe el\u00e8ctric, quina mena de punt de rec\u00e0rrega necessitem?<\/p>\n","protected":false},"author":17,"featured_media":0,"comment_status":"open","ping_status":"closed","sticky":false,"template":"","format":"standard","meta":{"inline_featured_image":false,"footnotes":""},"categories":[64],"tags":[],"acf":{"fecha_de_la_entrada":"20170316","imagen_portada":3174,"categoria_blog":64,"tipo_de_distribuidora":null,"tiempo_lectura":"","banner_bool":false,"titulo_banner":"","texto_banner":"","texto_boton_banner":"","url_boton_banner":"","post_relacionados":null},"yoast_head":"<!-- This site is optimized with the Yoast SEO plugin v22.2 - https:\/\/yoast.com\/wordpress\/plugins\/seo\/ -->\n<title>Tipus de rec\u00e0rrega del cotxe el\u00e8ctric | Factor Energia<\/title>\n<meta name=\"description\" content=\"Un cop ens decidim pel cotxe el\u00e8ctric, quina mena de punt de rec\u00e0rrega necessitem? Expliquem totes les possibles rec\u00e0rregues del cotxe el\u00e8ctric.\" \/>\n<meta name=\"robots\" content=\"noindex, follow\" \/>\n<meta name=\"twitter:card\" content=\"summary_large_image\" \/>\n<meta name=\"twitter:title\" content=\"Tipus de rec\u00e0rrega del cotxe el\u00e8ctric | Factor Energia\" \/>\n<meta name=\"twitter:description\" content=\"Un cop ens decidim pel cotxe el\u00e8ctric, quina mena de punt de rec\u00e0rrega necessitem? Expliquem totes les possibles rec\u00e0rregues del cotxe el\u00e8ctric.\" \/>\n<meta name=\"twitter:site\" content=\"@factorenergia\" \/>\n<meta name=\"twitter:label1\" content=\"Est. reading time\" \/>\n\t<meta name=\"twitter:data1\" content=\"4 minutes\" \/>\n<script type=\"application\/ld+json\" class=\"yoast-schema-graph\">{\"@context\":\"https:\/\/schema.org\",\"@graph\":[{\"@type\":\"WebPage\",\"@id\":\"https:\/\/www.factorenergia.com\/ca\/blog\/blog\/%tiposdeblog%\/tipus-recarrega-vehicle-electric\/\",\"url\":\"https:\/\/www.factorenergia.com\/ca\/blog\/blog\/%tiposdeblog%\/tipus-recarrega-vehicle-electric\/\",\"name\":\"Tipus de rec\u00e0rrega del cotxe el\u00e8ctric | Factor Energia\",\"isPartOf\":{\"@id\":\"https:\/\/www.factorenergia.com\/es\/#website\"},\"datePublished\":\"2017-03-16T09:08:16+00:00\",\"dateModified\":\"2019-04-10T15:24:46+00:00\",\"description\":\"Un cop ens decidim pel cotxe el\u00e8ctric, quina mena de punt de rec\u00e0rrega necessitem? Expliquem totes les possibles rec\u00e0rregues del cotxe el\u00e8ctric.\",\"breadcrumb\":{\"@id\":\"https:\/\/www.factorenergia.com\/ca\/blog\/blog\/%tiposdeblog%\/tipus-recarrega-vehicle-electric\/#breadcrumb\"},\"inLanguage\":\"ca\",\"potentialAction\":[{\"@type\":\"ReadAction\",\"target\":[\"https:\/\/www.factorenergia.com\/ca\/blog\/blog\/%tiposdeblog%\/tipus-recarrega-vehicle-electric\/\"]}]},{\"@type\":\"BreadcrumbList\",\"@id\":\"https:\/\/www.factorenergia.com\/ca\/blog\/blog\/%tiposdeblog%\/tipus-recarrega-vehicle-electric\/#breadcrumb\",\"itemListElement\":[{\"@type\":\"ListItem\",\"position\":1,\"name\":\"Portada\",\"item\":\"https:\/\/www.factorenergia.com\/ca\/\"},{\"@type\":\"ListItem\",\"position\":2,\"name\":\"Tipus de rec\u00e0rrega de vehicle el\u00e8ctric\"}]},{\"@type\":\"WebSite\",\"@id\":\"https:\/\/www.factorenergia.com\/es\/#website\",\"url\":\"https:\/\/www.factorenergia.com\/es\/\",\"name\":\"factorenergia\",\"description\":\"factorenergia\",\"potentialAction\":[{\"@type\":\"SearchAction\",\"target\":{\"@type\":\"EntryPoint\",\"urlTemplate\":\"https:\/\/www.factorenergia.com\/es\/?s={search_term_string}\"},\"query-input\":\"required name=search_term_string\"}],\"inLanguage\":\"ca\"}]}<\/script>\n<!-- \/ Yoast SEO plugin. -->","yoast_head_json":{"title":"Tipus de rec\u00e0rrega del cotxe el\u00e8ctric | Factor Energia","description":"Un cop ens decidim pel cotxe el\u00e8ctric, quina mena de punt de rec\u00e0rrega necessitem? Expliquem totes les possibles rec\u00e0rregues del cotxe el\u00e8ctric.","robots":{"index":"noindex","follow":"follow"},"twitter_card":"summary_large_image","twitter_title":"Tipus de rec\u00e0rrega del cotxe el\u00e8ctric | Factor Energia","twitter_description":"Un cop ens decidim pel cotxe el\u00e8ctric, quina mena de punt de rec\u00e0rrega necessitem? Expliquem totes les possibles rec\u00e0rregues del cotxe el\u00e8ctric.","twitter_site":"@factorenergia","twitter_misc":{"Est. reading time":"4 minutes"},"schema":{"@context":"https:\/\/schema.org","@graph":[{"@type":"WebPage","@id":"https:\/\/www.factorenergia.com\/ca\/blog\/blog\/%tiposdeblog%\/tipus-recarrega-vehicle-electric\/","url":"https:\/\/www.factorenergia.com\/ca\/blog\/blog\/%tiposdeblog%\/tipus-recarrega-vehicle-electric\/","name":"Tipus de rec\u00e0rrega del cotxe el\u00e8ctric | Factor Energia","isPartOf":{"@id":"https:\/\/www.factorenergia.com\/es\/#website"},"datePublished":"2017-03-16T09:08:16+00:00","dateModified":"2019-04-10T15:24:46+00:00","description":"Un cop ens decidim pel cotxe el\u00e8ctric, quina mena de punt de rec\u00e0rrega necessitem? Expliquem totes les possibles rec\u00e0rregues del cotxe el\u00e8ctric.","breadcrumb":{"@id":"https:\/\/www.factorenergia.com\/ca\/blog\/blog\/%tiposdeblog%\/tipus-recarrega-vehicle-electric\/#breadcrumb"},"inLanguage":"ca","potentialAction":[{"@type":"ReadAction","target":["https:\/\/www.factorenergia.com\/ca\/blog\/blog\/%tiposdeblog%\/tipus-recarrega-vehicle-electric\/"]}]},{"@type":"BreadcrumbList","@id":"https:\/\/www.factorenergia.com\/ca\/blog\/blog\/%tiposdeblog%\/tipus-recarrega-vehicle-electric\/#breadcrumb","itemListElement":[{"@type":"ListItem","position":1,"name":"Portada","item":"https:\/\/www.factorenergia.com\/ca\/"},{"@type":"ListItem","position":2,"name":"Tipus de rec\u00e0rrega de vehicle el\u00e8ctric"}]},{"@type":"WebSite","@id":"https:\/\/www.factorenergia.com\/es\/#website","url":"https:\/\/www.factorenergia.com\/es\/","name":"factorenergia","description":"factorenergia","potentialAction":[{"@type":"SearchAction","target":{"@type":"EntryPoint","urlTemplate":"https:\/\/www.factorenergia.com\/es\/?s={search_term_string}"},"query-input":"required name=search_term_string"}],"inLanguage":"ca"}]}},"_links":{"self":[{"href":"https:\/\/www.factorenergia.com\/ca\/wp-json\/wp\/v2\/posts\/3173"}],"collection":[{"href":"https:\/\/www.factorenergia.com\/ca\/wp-json\/wp\/v2\/posts"}],"about":[{"href":"https:\/\/www.factorenergia.com\/ca\/wp-json\/wp\/v2\/types\/post"}],"author":[{"embeddable":true,"href":"https:\/\/www.factorenergia.com\/ca\/wp-json\/wp\/v2\/users\/17"}],"replies":[{"embeddable":true,"href":"https:\/\/www.factorenergia.com\/ca\/wp-json\/wp\/v2\/comments?post=3173"}],"version-history":[{"count":1,"href":"https:\/\/www.factorenergia.com\/ca\/wp-json\/wp\/v2\/posts\/3173\/revisions"}],"predecessor-version":[{"id":4084,"href":"https:\/\/www.factorenergia.com\/ca\/wp-json\/wp\/v2\/posts\/3173\/revisions\/4084"}],"acf:term":[{"embeddable":true,"taxonomy":"category","href":"https:\/\/www.factorenergia.com\/ca\/wp-json\/wp\/v2\/categories\/64"}],"wp:attachment":[{"href":"https:\/\/www.factorenergia.com\/ca\/wp-json\/wp\/v2\/media?parent=3173"}],"wp:term":[{"taxonomy":"category","embeddable":true,"href":"https:\/\/www.factorenergia.com\/ca\/wp-json\/wp\/v2\/categories?post=3173"},{"taxonomy":"post_tag","embeddable":true,"href":"https:\/\/www.factorenergia.com\/ca\/wp-json\/wp\/v2\/tags?post=3173"}],"curies":[{"name":"wp","href":"https:\/\/api.w.org\/{rel}","templated":true}]}}