{"id":31277,"date":"2026-03-16T19:10:20","date_gmt":"2026-03-16T17:10:20","guid":{"rendered":"https:\/\/www.factorenergia.com\/ca\/?p=31277"},"modified":"2026-04-17T13:48:08","modified_gmt":"2026-04-17T11:48:08","slug":"gestio-global-del-talent-el-cas-dexit-de-factorenergia-amb-eurofirms","status":"publish","type":"post","link":"https:\/\/www.factorenergia.com\/ca\/blog\/empreses\/gestio-global-del-talent-el-cas-dexit-de-factorenergia-amb-eurofirms\/","title":{"rendered":"Gesti\u00f3 global del talent: el cas d\u2019\u00e8xit de Factorenergia amb Eurofirms"},"content":{"rendered":"<p data-start=\"228\" data-end=\"468\">A Factorenergia sabem que el creixement d\u2019una empresa dep\u00e8n, en gran part, de les persones que en formen part. Per aix\u00f2, apostar per una gesti\u00f3 del talent eficient, flexible i adaptada a cada etapa del negoci \u00e9s clau per continuar avan\u00e7ant.<\/p>\n<p data-start=\"470\" data-end=\"751\">En aquest context, compartim un nou cas d\u2019\u00e8xit desenvolupat conjuntament amb Eurofirms, una col\u00b7laboraci\u00f3 que mostra com una gesti\u00f3 global del talent pot contribuir al desenvolupament d\u2019equips s\u00f2lids, a la millora dels processos interns i al benestar de les persones treballadores.<\/p>\n<p data-start=\"753\" data-end=\"1021\">El projecte compta amb el testimoni de Marcos Santana, responsable de Recursos Humans de Factorenergia, i de Fabrizio Alfini, Business Developer d\u2019<a href=\"https:\/\/www.eurofirms.com\/es\/ca\/\">Eurofirms<\/a>, que expliquen com aquesta col\u00b7laboraci\u00f3 ha anat evolucionant per adaptar-se a les necessitats de la companyia.<\/p>\n<h2 data-start=\"753\" data-end=\"1021\">Una col\u00b7laboraci\u00f3 basada en la gesti\u00f3 integral del talent<\/h2>\n<p data-start=\"1085\" data-end=\"1268\">La col\u00b7laboraci\u00f3 entre Factorenergia i Eurofirms es basa en un enfocament integral de gesti\u00f3 del talent que combina diferents serveis adaptats al context i al creixement de l\u2019empresa.<\/p>\n<p data-start=\"1270\" data-end=\"1490\">En una primera etapa, Eurofirms va acompanyar Factorenergia en la incorporaci\u00f3 de perfils de telem\u00e0rqueting i vendes per al Contact Center, mitjan\u00e7ant solucions de treball temporal i processos de selecci\u00f3 especialitzats.<\/p>\n<p data-start=\"1492\" data-end=\"1789\">Amb el temps, aquesta col\u00b7laboraci\u00f3 s\u2019ha ampliat per incloure altres perfils professionals en \u00e0rees clau de l\u2019organitzaci\u00f3, com ara atenci\u00f3 al client, recobraments o funcions administratives i comptables. Aquest model flexible permet adaptar els equips a les necessitats del negoci en cada moment.<\/p>\n<h2 data-start=\"1492\" data-end=\"1789\">Incorporaci\u00f3 de perfils clau per al creixement de la companyia<\/h2>\n<p data-start=\"1858\" data-end=\"2003\">La capacitat d\u2019incorporar els perfils professionals adequats en el moment oport\u00fa ha estat un dels factors m\u00e9s importants d\u2019aquesta col\u00b7laboraci\u00f3.<\/p>\n<p data-start=\"2005\" data-end=\"2229\">Gr\u00e0cies a aquesta gesti\u00f3 del talent, Factorenergia ha pogut refor\u00e7ar diferents \u00e0rees operatives i administratives, garantint que cada equip compti amb els professionals necessaris per oferir un servei eficient i de qualitat.<\/p>\n<p data-start=\"2231\" data-end=\"2357\">Aquest acompanyament tamb\u00e9 permet optimitzar els processos de contractaci\u00f3 i facilitar l\u2019adaptaci\u00f3 a nous reptes empresarials.<\/p>\n<h2 data-start=\"2231\" data-end=\"2357\">Prevenci\u00f3 de riscos laborals i benestar a la feina<\/h2>\n<p data-start=\"2414\" data-end=\"2507\">Un altre dels pilars d\u2019aquesta col\u00b7laboraci\u00f3 \u00e9s la gesti\u00f3 de la prevenci\u00f3 de riscos laborals.<\/p>\n<p data-start=\"2509\" data-end=\"2684\">Eurofirms, com a servei de prevenci\u00f3 ali\u00e8 acreditat a totes les comunitats aut\u00f2nomes, acompanya Factorenergia en la gesti\u00f3 de la seguretat i la salut laboral dels seus equips.<\/p>\n<p data-start=\"2686\" data-end=\"2853\">A trav\u00e9s d\u2019aquest servei, s\u2019assessora la companyia en la identificaci\u00f3 i reducci\u00f3 de riscos, aix\u00ed com en l\u2019enfortiment de la cultura preventiva dins de l\u2019organitzaci\u00f3.<\/p>\n<p data-start=\"2855\" data-end=\"3033\">Aquesta visi\u00f3 contribueix a crear entorns de treball m\u00e9s segurs, saludables i eficients, on el benestar de les persones esdev\u00e9 un element central del desenvolupament empresarial.<\/p>\n<h2 data-section-id=\"9p85rt\" data-start=\"3035\" data-end=\"3065\">Una aposta per les persones<\/h2>\n<p data-start=\"3067\" data-end=\"3201\">A Factorenergia creiem que el talent i el benestar de les persones s\u00f3n fonamentals per construir organitzacions s\u00f2lides i sostenibles.<\/p>\n<p data-start=\"3203\" data-end=\"3386\">La col\u00b7laboraci\u00f3 amb Eurofirms reflecteix com una gesti\u00f3 global del talent pot generar un impacte positiu tant en l\u2019efici\u00e8ncia operativa com en la seguretat i satisfacci\u00f3 dels equips.<\/p>\n<p data-start=\"3388\" data-end=\"3519\">Perqu\u00e8 darrere de cada projecte, cada servei i cada avan\u00e7 empresarial, sempre hi ha persones que fan possible que les coses passin.<\/p>\n<p><iframe loading=\"lazy\" width=\"560\" height=\"315\" src=\"https:\/\/www.youtube.com\/embed\/NyV6i4JuTzU?si=VrLyIJAm9Gv-XiTL\" title=\"YouTube video player\" frameborder=\"0\" allow=\"accelerometer; autoplay; clipboard-write; encrypted-media; gyroscope; picture-in-picture; web-share\" referrerpolicy=\"strict-origin-when-cross-origin\" allowfullscreen=\"allowfullscreen\"><\/iframe><\/p>\n","protected":false},"excerpt":{"rendered":"<p>A Factorenergia sabem que el creixement d\u2019una empresa dep\u00e8n, en gran part, de les persones que en formen part. Per aix\u00f2, apostar per una gesti\u00f3 del talent eficient, flexible i adaptada a cada etapa del negoci \u00e9s clau per continuar avan\u00e7ant. En aquest context, compartim un nou cas d\u2019\u00e8xit desenvolupat conjuntament amb Eurofirms, una col\u00b7laboraci\u00f3 [&hellip;]<\/p>\n","protected":false},"author":23,"featured_media":0,"comment_status":"open","ping_status":"open","sticky":false,"template":"","format":"standard","meta":{"inline_featured_image":false,"footnotes":""},"categories":[289],"tags":[],"acf":{"fecha_de_la_entrada":"20260316","imagen_portada":31280,"categoria_blog":null,"tipo_de_distribuidora":null,"tiempo_lectura":"2'","banner_bool":false,"titulo_banner":"","texto_banner":"","texto_boton_banner":"","url_boton_banner":"","post_relacionados":""},"yoast_head":"<!-- This site is optimized with the Yoast SEO plugin v22.2 - https:\/\/yoast.com\/wordpress\/plugins\/seo\/ -->\n<title>Gesti\u00f3 global del talent a Factorenergia: cas d\u2019\u00e8xit amb EurofirmsGesti\u00f3 global del talent: el cas d\u2019\u00e8xit de Factorenergia amb Eurofirms | factorenergia<\/title>\n<meta name=\"description\" content=\"Descobreix el cas d\u2019\u00e8xit de Factorenergia amb Eurofirms en la gesti\u00f3 global del talent, amb solucions de selecci\u00f3, contractaci\u00f3 i prevenci\u00f3 de riscos laborals.\" \/>\n<meta name=\"robots\" content=\"index, follow, max-snippet:-1, max-image-preview:large, max-video-preview:-1\" \/>\n<link rel=\"canonical\" href=\"https:\/\/www.factorenergia.com\/ca\/blog\/empreses\/gestio-global-del-talent-el-cas-dexit-de-factorenergia-amb-eurofirms\/\" \/>\n<meta name=\"twitter:card\" content=\"summary_large_image\" \/>\n<meta name=\"twitter:title\" content=\"Gesti\u00f3 global del talent a Factorenergia: cas d\u2019\u00e8xit amb EurofirmsGesti\u00f3 global del talent: el cas d\u2019\u00e8xit de Factorenergia amb Eurofirms | factorenergia\" \/>\n<meta name=\"twitter:description\" content=\"Descobreix el cas d\u2019\u00e8xit de Factorenergia amb Eurofirms en la gesti\u00f3 global del talent, amb solucions de selecci\u00f3, contractaci\u00f3 i prevenci\u00f3 de riscos laborals.\" \/>\n<meta name=\"twitter:creator\" content=\"@factorenergia\" \/>\n<meta name=\"twitter:site\" content=\"@factorenergia\" \/>\n<meta name=\"twitter:label1\" content=\"Written by\" \/>\n\t<meta name=\"twitter:data1\" content=\"Equipo Transici\u00f3n Energ\u00e9tica Factorenergia\" \/>\n\t<meta name=\"twitter:label2\" content=\"Est. reading time\" \/>\n\t<meta name=\"twitter:data2\" content=\"3 minutes\" \/>\n<script type=\"application\/ld+json\" class=\"yoast-schema-graph\">{\"@context\":\"https:\/\/schema.org\",\"@graph\":[{\"@type\":\"WebPage\",\"@id\":\"https:\/\/www.factorenergia.com\/ca\/blog\/empreses\/gestio-global-del-talent-el-cas-dexit-de-factorenergia-amb-eurofirms\/\",\"url\":\"https:\/\/www.factorenergia.com\/ca\/blog\/empreses\/gestio-global-del-talent-el-cas-dexit-de-factorenergia-amb-eurofirms\/\",\"name\":\"Gesti\u00f3 global del talent a Factorenergia: cas d\u2019\u00e8xit amb EurofirmsGesti\u00f3 global del talent: el cas d\u2019\u00e8xit de Factorenergia amb Eurofirms | factorenergia\",\"isPartOf\":{\"@id\":\"https:\/\/www.factorenergia.com\/es\/#website\"},\"datePublished\":\"2026-03-16T17:10:20+00:00\",\"dateModified\":\"2026-04-17T11:48:08+00:00\",\"author\":{\"@id\":\"https:\/\/www.factorenergia.com\/es\/#\/schema\/person\/0393cfddedf83f56c6fa67cd7f64b4f5\"},\"description\":\"Descobreix el cas d\u2019\u00e8xit de Factorenergia amb Eurofirms en la gesti\u00f3 global del talent, amb solucions de selecci\u00f3, contractaci\u00f3 i prevenci\u00f3 de riscos laborals.\",\"breadcrumb\":{\"@id\":\"https:\/\/www.factorenergia.com\/ca\/blog\/empreses\/gestio-global-del-talent-el-cas-dexit-de-factorenergia-amb-eurofirms\/#breadcrumb\"},\"inLanguage\":\"ca\",\"potentialAction\":[{\"@type\":\"ReadAction\",\"target\":[\"https:\/\/www.factorenergia.com\/ca\/blog\/empreses\/gestio-global-del-talent-el-cas-dexit-de-factorenergia-amb-eurofirms\/\"]}]},{\"@type\":\"BreadcrumbList\",\"@id\":\"https:\/\/www.factorenergia.com\/ca\/blog\/empreses\/gestio-global-del-talent-el-cas-dexit-de-factorenergia-amb-eurofirms\/#breadcrumb\",\"itemListElement\":[{\"@type\":\"ListItem\",\"position\":1,\"name\":\"Portada\",\"item\":\"https:\/\/www.factorenergia.com\/ca\/\"},{\"@type\":\"ListItem\",\"position\":2,\"name\":\"Gesti\u00f3 global del talent: el cas d\u2019\u00e8xit de Factorenergia amb Eurofirms\"}]},{\"@type\":\"WebSite\",\"@id\":\"https:\/\/www.factorenergia.com\/es\/#website\",\"url\":\"https:\/\/www.factorenergia.com\/es\/\",\"name\":\"factorenergia\",\"description\":\"factorenergia\",\"potentialAction\":[{\"@type\":\"SearchAction\",\"target\":{\"@type\":\"EntryPoint\",\"urlTemplate\":\"https:\/\/www.factorenergia.com\/es\/?s={search_term_string}\"},\"query-input\":\"required name=search_term_string\"}],\"inLanguage\":\"ca\"},{\"@type\":\"Person\",\"@id\":\"https:\/\/www.factorenergia.com\/es\/#\/schema\/person\/0393cfddedf83f56c6fa67cd7f64b4f5\",\"name\":\"Equipo Transici\u00f3n Energ\u00e9tica Factorenergia\",\"image\":{\"@type\":\"ImageObject\",\"inLanguage\":\"ca\",\"@id\":\"https:\/\/www.factorenergia.com\/es\/#\/schema\/person\/image\/\",\"url\":\"https:\/\/secure.gravatar.com\/avatar\/80959538036dc57cad8f416d2d764870?s=96&d=mm&r=g\",\"contentUrl\":\"https:\/\/secure.gravatar.com\/avatar\/80959538036dc57cad8f416d2d764870?s=96&d=mm&r=g\",\"caption\":\"Equipo Transici\u00f3n Energ\u00e9tica Factorenergia\"},\"url\":\"https:\/\/www.factorenergia.com\/ca\/blog\/author\/pilar\/\"}]}<\/script>\n<!-- \/ Yoast SEO plugin. -->","yoast_head_json":{"title":"Gesti\u00f3 global del talent a Factorenergia: cas d\u2019\u00e8xit amb EurofirmsGesti\u00f3 global del talent: el cas d\u2019\u00e8xit de Factorenergia amb Eurofirms | factorenergia","description":"Descobreix el cas d\u2019\u00e8xit de Factorenergia amb Eurofirms en la gesti\u00f3 global del talent, amb solucions de selecci\u00f3, contractaci\u00f3 i prevenci\u00f3 de riscos laborals.","robots":{"index":"index","follow":"follow","max-snippet":"max-snippet:-1","max-image-preview":"max-image-preview:large","max-video-preview":"max-video-preview:-1"},"canonical":"https:\/\/www.factorenergia.com\/ca\/blog\/empreses\/gestio-global-del-talent-el-cas-dexit-de-factorenergia-amb-eurofirms\/","twitter_card":"summary_large_image","twitter_title":"Gesti\u00f3 global del talent a Factorenergia: cas d\u2019\u00e8xit amb EurofirmsGesti\u00f3 global del talent: el cas d\u2019\u00e8xit de Factorenergia amb Eurofirms | factorenergia","twitter_description":"Descobreix el cas d\u2019\u00e8xit de Factorenergia amb Eurofirms en la gesti\u00f3 global del talent, amb solucions de selecci\u00f3, contractaci\u00f3 i prevenci\u00f3 de riscos laborals.","twitter_creator":"@factorenergia","twitter_site":"@factorenergia","twitter_misc":{"Written by":"Equipo Transici\u00f3n Energ\u00e9tica Factorenergia","Est. reading time":"3 minutes"},"schema":{"@context":"https:\/\/schema.org","@graph":[{"@type":"WebPage","@id":"https:\/\/www.factorenergia.com\/ca\/blog\/empreses\/gestio-global-del-talent-el-cas-dexit-de-factorenergia-amb-eurofirms\/","url":"https:\/\/www.factorenergia.com\/ca\/blog\/empreses\/gestio-global-del-talent-el-cas-dexit-de-factorenergia-amb-eurofirms\/","name":"Gesti\u00f3 global del talent a Factorenergia: cas d\u2019\u00e8xit amb EurofirmsGesti\u00f3 global del talent: el cas d\u2019\u00e8xit de Factorenergia amb Eurofirms | factorenergia","isPartOf":{"@id":"https:\/\/www.factorenergia.com\/es\/#website"},"datePublished":"2026-03-16T17:10:20+00:00","dateModified":"2026-04-17T11:48:08+00:00","author":{"@id":"https:\/\/www.factorenergia.com\/es\/#\/schema\/person\/0393cfddedf83f56c6fa67cd7f64b4f5"},"description":"Descobreix el cas d\u2019\u00e8xit de Factorenergia amb Eurofirms en la gesti\u00f3 global del talent, amb solucions de selecci\u00f3, contractaci\u00f3 i prevenci\u00f3 de riscos laborals.","breadcrumb":{"@id":"https:\/\/www.factorenergia.com\/ca\/blog\/empreses\/gestio-global-del-talent-el-cas-dexit-de-factorenergia-amb-eurofirms\/#breadcrumb"},"inLanguage":"ca","potentialAction":[{"@type":"ReadAction","target":["https:\/\/www.factorenergia.com\/ca\/blog\/empreses\/gestio-global-del-talent-el-cas-dexit-de-factorenergia-amb-eurofirms\/"]}]},{"@type":"BreadcrumbList","@id":"https:\/\/www.factorenergia.com\/ca\/blog\/empreses\/gestio-global-del-talent-el-cas-dexit-de-factorenergia-amb-eurofirms\/#breadcrumb","itemListElement":[{"@type":"ListItem","position":1,"name":"Portada","item":"https:\/\/www.factorenergia.com\/ca\/"},{"@type":"ListItem","position":2,"name":"Gesti\u00f3 global del talent: el cas d\u2019\u00e8xit de Factorenergia amb Eurofirms"}]},{"@type":"WebSite","@id":"https:\/\/www.factorenergia.com\/es\/#website","url":"https:\/\/www.factorenergia.com\/es\/","name":"factorenergia","description":"factorenergia","potentialAction":[{"@type":"SearchAction","target":{"@type":"EntryPoint","urlTemplate":"https:\/\/www.factorenergia.com\/es\/?s={search_term_string}"},"query-input":"required name=search_term_string"}],"inLanguage":"ca"},{"@type":"Person","@id":"https:\/\/www.factorenergia.com\/es\/#\/schema\/person\/0393cfddedf83f56c6fa67cd7f64b4f5","name":"Equipo Transici\u00f3n Energ\u00e9tica Factorenergia","image":{"@type":"ImageObject","inLanguage":"ca","@id":"https:\/\/www.factorenergia.com\/es\/#\/schema\/person\/image\/","url":"https:\/\/secure.gravatar.com\/avatar\/80959538036dc57cad8f416d2d764870?s=96&d=mm&r=g","contentUrl":"https:\/\/secure.gravatar.com\/avatar\/80959538036dc57cad8f416d2d764870?s=96&d=mm&r=g","caption":"Equipo Transici\u00f3n Energ\u00e9tica Factorenergia"},"url":"https:\/\/www.factorenergia.com\/ca\/blog\/author\/pilar\/"}]}},"_links":{"self":[{"href":"https:\/\/www.factorenergia.com\/ca\/wp-json\/wp\/v2\/posts\/31277"}],"collection":[{"href":"https:\/\/www.factorenergia.com\/ca\/wp-json\/wp\/v2\/posts"}],"about":[{"href":"https:\/\/www.factorenergia.com\/ca\/wp-json\/wp\/v2\/types\/post"}],"author":[{"embeddable":true,"href":"https:\/\/www.factorenergia.com\/ca\/wp-json\/wp\/v2\/users\/23"}],"replies":[{"embeddable":true,"href":"https:\/\/www.factorenergia.com\/ca\/wp-json\/wp\/v2\/comments?post=31277"}],"version-history":[{"count":3,"href":"https:\/\/www.factorenergia.com\/ca\/wp-json\/wp\/v2\/posts\/31277\/revisions"}],"predecessor-version":[{"id":31285,"href":"https:\/\/www.factorenergia.com\/ca\/wp-json\/wp\/v2\/posts\/31277\/revisions\/31285"}],"wp:attachment":[{"href":"https:\/\/www.factorenergia.com\/ca\/wp-json\/wp\/v2\/media?parent=31277"}],"wp:term":[{"taxonomy":"category","embeddable":true,"href":"https:\/\/www.factorenergia.com\/ca\/wp-json\/wp\/v2\/categories?post=31277"},{"taxonomy":"post_tag","embeddable":true,"href":"https:\/\/www.factorenergia.com\/ca\/wp-json\/wp\/v2\/tags?post=31277"}],"curies":[{"name":"wp","href":"https:\/\/api.w.org\/{rel}","templated":true}]}}