{"id":31224,"date":"2026-03-09T16:52:37","date_gmt":"2026-03-09T14:52:37","guid":{"rendered":"https:\/\/www.factorenergia.com\/ca\/?p=31224"},"modified":"2026-04-17T13:48:04","modified_gmt":"2026-04-17T11:48:04","slug":"factorenergia-signa-un-acord-amb-el-col%c2%b7legi-dadministradors-de-finques-de-girona-per-impulsar-leficiencia-energetica-a-les-comunitats-de-propietaris","status":"publish","type":"post","link":"https:\/\/www.factorenergia.com\/ca\/blog\/empreses\/factorenergia-signa-un-acord-amb-el-col%c2%b7legi-dadministradors-de-finques-de-girona-per-impulsar-leficiencia-energetica-a-les-comunitats-de-propietaris\/","title":{"rendered":"Factorenergia signa un acord amb el Col\u00b7legi d\u2019Administradors de Finques de Girona per impulsar l\u2019efici\u00e8ncia energ\u00e8tica a les comunitats de propietaris"},"content":{"rendered":"<p data-start=\"157\" data-end=\"464\">Factorenergia, comercialitzadora energ\u00e8tica amb una \u00e0mplia traject\u00f2ria al sector, signa un acord de patrocini i col\u00b7laboraci\u00f3 amb el <strong data-start=\"290\" data-end=\"348\">Col\u00b7legi d\u2019Administradors de Finques de Girona (CAFGi)<\/strong> amb l\u2019objectiu de generar sinergies i aportar valor afegit al col\u00b7lectiu d\u2019<strong data-start=\"424\" data-end=\"463\">administradors de finques de Girona<\/strong>.<\/p>\n<p data-start=\"466\" data-end=\"669\">La signatura de l\u2019acord compta amb la participaci\u00f3 de <strong data-start=\"520\" data-end=\"544\">Francesc X. Quintana<\/strong>, president del CAFGi, i <strong data-start=\"569\" data-end=\"592\">Lucia Salas Cassola<\/strong>, Sales Manager del Departament d\u2019Administradors de Finques de Factorenergia.<\/p>\n<p data-start=\"671\" data-end=\"962\">Aquesta col\u00b7laboraci\u00f3 refor\u00e7a el comprom\u00eds de totes dues entitats per impulsar <strong data-start=\"750\" data-end=\"827\">solucions energ\u00e8tiques eficients per a comunitats de propietaris a Girona<\/strong>, en un context marcat per la transici\u00f3 energ\u00e8tica, la necessitat d\u2019optimitzar costos i la creixent demanda d\u2019edificis m\u00e9s sostenibles.<\/p>\n<h2 data-section-id=\"zlbj4j\" data-start=\"964\" data-end=\"1030\">Solucions energ\u00e8tiques per a comunitats de propietaris a Girona<\/h2>\n<p data-start=\"1032\" data-end=\"1323\">A trav\u00e9s d\u2019aquest acord, les persones col\u00b7legiades del <strong data-start=\"1087\" data-end=\"1137\">Col\u00b7legi d\u2019Administradors de Finques de Girona<\/strong> accedeixen als serveis del <strong data-start=\"1165\" data-end=\"1225\">Departament d\u2019Administradors de Finques de Factorenergia<\/strong>, que ofereix solucions energ\u00e8tiques adaptades a les necessitats de les comunitats de propietaris.<\/p>\n<p data-start=\"1325\" data-end=\"1528\">L\u2019objectiu \u00e9s facilitar eines i coneixement que permetin als administradors millorar la <strong data-start=\"1413\" data-end=\"1470\">gesti\u00f3 energ\u00e8tica dels edificis residencials a Girona<\/strong>, optimitzant el consum i generant oportunitats d\u2019estalvi.<\/p>\n<h3 data-section-id=\"mezopa\" data-start=\"1530\" data-end=\"1587\">Gesti\u00f3 personalitzada per a administradors de finques<\/h3>\n<p data-start=\"1589\" data-end=\"1728\">Factorenergia posa a disposici\u00f3 dels administradors de finques un servei especialitzat que facilita la gesti\u00f3 energ\u00e8tica de les comunitats:<\/p>\n<ul data-start=\"1730\" data-end=\"1969\">\n<li data-section-id=\"1s8v6zg\" data-start=\"1730\" data-end=\"1789\">\n<p data-start=\"1732\" data-end=\"1789\"><strong data-start=\"1732\" data-end=\"1787\">Gestor dedicat per a cada administrador de finques.<\/strong><\/p>\n<\/li>\n<li data-section-id=\"1bsj750\" data-start=\"1790\" data-end=\"1885\">\n<p data-start=\"1792\" data-end=\"1885\"><strong data-start=\"1792\" data-end=\"1837\">Suport en tots els tr\u00e0mits administratius<\/strong> relacionats amb el subministrament energ\u00e8tic.<\/p>\n<\/li>\n<li data-section-id=\"104dqm9\" data-start=\"1886\" data-end=\"1969\">\n<p data-start=\"1888\" data-end=\"1969\">Servei basat en la <strong data-start=\"1907\" data-end=\"1968\">proximitat, la professionalitat i la rapidesa de resposta<\/strong>.<\/p>\n<\/li>\n<\/ul>\n<p data-start=\"1971\" data-end=\"2091\">Aquest acompanyament permet millorar la gesti\u00f3 di\u00e0ria dels subministraments energ\u00e8tics de les comunitats de propietaris.<\/p>\n<h3 data-section-id=\"szhw22\" data-start=\"2093\" data-end=\"2150\">Subministrament d\u2019electricitat i gas per a comunitats<\/h3>\n<p data-start=\"2152\" data-end=\"2259\">L\u2019acord tamb\u00e9 permet accedir a condicions de subministrament adaptades a les necessitats de cada comunitat:<\/p>\n<ul data-start=\"2261\" data-end=\"2486\">\n<li data-section-id=\"14o5p2\" data-start=\"2261\" data-end=\"2346\">\n<p data-start=\"2263\" data-end=\"2346\"><strong data-start=\"2263\" data-end=\"2344\">Ofertes personalitzades d\u2019electricitat i gas per a comunitats de propietaris.<\/strong><\/p>\n<\/li>\n<li data-section-id=\"3175mc\" data-start=\"2347\" data-end=\"2423\">\n<p data-start=\"2349\" data-end=\"2423\"><strong data-start=\"2349\" data-end=\"2382\">Preus ajustats al consum real<\/strong>, sense perman\u00e8ncies ni penalitzacions.<\/p>\n<\/li>\n<li data-section-id=\"1vzzc52\" data-start=\"2424\" data-end=\"2486\">\n<p data-start=\"2426\" data-end=\"2486\">Possibilitat de contractar <strong data-start=\"2453\" data-end=\"2485\">energia verda 100% renovable<\/strong>.<\/p>\n<\/li>\n<\/ul>\n<p data-start=\"2488\" data-end=\"2620\">Aquestes solucions permeten a les comunitats millorar la seva efici\u00e8ncia energ\u00e8tica i optimitzar els seus costos de subministrament.<\/p>\n<h3 data-section-id=\"aywjyy\" data-start=\"2622\" data-end=\"2675\">Formaci\u00f3 en solucions energ\u00e8tiques per a edificis<\/h3>\n<p data-start=\"2677\" data-end=\"2906\">Un altre dels pilars de l\u2019acord \u00e9s la <strong data-start=\"2715\" data-end=\"2791\">formaci\u00f3 especialitzada adre\u00e7ada als administradors de finques de Girona<\/strong>, que els permet ampliar els seus coneixements en noves solucions energ\u00e8tiques aplicades als edificis residencials.<\/p>\n<p data-start=\"2908\" data-end=\"2949\">Entre els continguts formatius destaquen:<\/p>\n<ul data-start=\"2951\" data-end=\"3127\">\n<li data-section-id=\"bmu4pf\" data-start=\"2951\" data-end=\"3005\">\n<p data-start=\"2953\" data-end=\"3005\"><strong data-start=\"2953\" data-end=\"3003\">Autoconsum individual i autoconsum col\u00b7lectiu.<\/strong><\/p>\n<\/li>\n<li data-section-id=\"ch5uwy\" data-start=\"3006\" data-end=\"3052\">\n<p data-start=\"3008\" data-end=\"3052\"><strong data-start=\"3008\" data-end=\"3050\">Bateries intel\u00b7ligents per a edificis.<\/strong><\/p>\n<\/li>\n<li data-section-id=\"b0y88n\" data-start=\"3053\" data-end=\"3079\">\n<p data-start=\"3055\" data-end=\"3079\"><strong data-start=\"3055\" data-end=\"3077\">Comunitats solars.<\/strong><\/p>\n<\/li>\n<li data-section-id=\"182xrmf\" data-start=\"3080\" data-end=\"3127\">\n<p data-start=\"3082\" data-end=\"3127\"><strong data-start=\"3082\" data-end=\"3127\">Mobilitat el\u00e8ctrica i punts de rec\u00e0rrega.<\/strong><\/p>\n<\/li>\n<\/ul>\n<p data-start=\"3129\" data-end=\"3285\">Aquesta formaci\u00f3 permet als professionals del sector <strong data-start=\"3182\" data-end=\"3284\">assessorar les comunitats de propietaris en estrat\u00e8gies d\u2019estalvi energ\u00e8tic i transici\u00f3 energ\u00e8tica<\/strong>.<\/p>\n<h3 data-section-id=\"iwg8xv\" data-start=\"3287\" data-end=\"3328\">Certificats d\u2019Estalvi Energ\u00e8tic (CAE)<\/h3>\n<p data-start=\"3330\" data-end=\"3510\">Factorenergia tamb\u00e9 ofereix assessorament en la gesti\u00f3 de <strong data-start=\"3388\" data-end=\"3429\">Certificats d\u2019Estalvi Energ\u00e8tic (CAE)<\/strong>, que acrediten la implementaci\u00f3 de mesures d\u2019efici\u00e8ncia energ\u00e8tica als edificis.<\/p>\n<p data-start=\"3512\" data-end=\"3689\">Aquests certificats poden suposar <strong data-start=\"3546\" data-end=\"3605\">incentius econ\u00f2mics per a les comunitats de propietaris<\/strong>, generant noves oportunitats d\u2019estalvi a partir d\u2019actuacions de millora energ\u00e8tica.<\/p>\n<h2 data-section-id=\"f1fb1k\" data-start=\"3691\" data-end=\"3738\">Un impuls a l\u2019efici\u00e8ncia energ\u00e8tica a Girona<\/h2>\n<p data-start=\"3740\" data-end=\"3974\">Amb aquest acord, el <strong data-start=\"3761\" data-end=\"3811\">Col\u00b7legi d\u2019Administradors de Finques de Girona<\/strong> refor\u00e7a el seu comprom\u00eds amb la professionalitzaci\u00f3 del sector i amb la recerca constant d\u2019eines que facilitin una gesti\u00f3 m\u00e9s eficient i sostenible dels edificis.<\/p>\n<p data-start=\"3976\" data-end=\"4236\" data-is-last-node=\"\" data-is-only-node=\"\">Per la seva banda, Factorenergia continua treballant per acostar <strong data-start=\"4041\" data-end=\"4121\">solucions energ\u00e8tiques innovadores a les comunitats de propietaris de Girona<\/strong>, contribuint a millorar l\u2019efici\u00e8ncia energ\u00e8tica dels edificis i a avan\u00e7ar cap a un model energ\u00e8tic m\u00e9s sostenible.<\/p>\n","protected":false},"excerpt":{"rendered":"<p>Factorenergia, comercialitzadora energ\u00e8tica amb una \u00e0mplia traject\u00f2ria al sector, signa un acord de patrocini i col\u00b7laboraci\u00f3 amb el Col\u00b7legi d\u2019Administradors de Finques de Girona (CAFGi) amb l\u2019objectiu de generar sinergies i aportar valor afegit al col\u00b7lectiu d\u2019administradors de finques de Girona. La signatura de l\u2019acord compta amb la participaci\u00f3 de Francesc X. Quintana, president del [&hellip;]<\/p>\n","protected":false},"author":23,"featured_media":0,"comment_status":"open","ping_status":"open","sticky":false,"template":"","format":"standard","meta":{"inline_featured_image":false,"footnotes":""},"categories":[289],"tags":[],"acf":{"fecha_de_la_entrada":"20260304","imagen_portada":31227,"categoria_blog":null,"tipo_de_distribuidora":null,"tiempo_lectura":"","banner_bool":false,"titulo_banner":"","texto_banner":"","texto_boton_banner":"","url_boton_banner":"","post_relacionados":""},"yoast_head":"<!-- This site is optimized with the Yoast SEO plugin v22.2 - https:\/\/yoast.com\/wordpress\/plugins\/seo\/ -->\n<title>Factorenergia signa un acord amb el Col\u00b7legi d\u2019Administradors de Finques de Girona per impulsar l\u2019efici\u00e8ncia energ\u00e8tica a les comunitats de propietaris | factorenergia<\/title>\n<meta name=\"description\" content=\"Factorenergia signa un acord amb el Col\u00b7legi d\u2019Administradors de Finques de Girona per impulsar solucions energ\u00e8tiques i efici\u00e8ncia a comunitats de propietaris.\" \/>\n<meta name=\"robots\" content=\"index, follow, max-snippet:-1, max-image-preview:large, max-video-preview:-1\" \/>\n<link rel=\"canonical\" href=\"https:\/\/www.factorenergia.com\/ca\/blog\/empreses\/factorenergia-signa-un-acord-amb-el-col\u00b7legi-dadministradors-de-finques-de-girona-per-impulsar-leficiencia-energetica-a-les-comunitats-de-propietaris\/\" \/>\n<meta name=\"twitter:card\" content=\"summary_large_image\" \/>\n<meta name=\"twitter:title\" content=\"Factorenergia signa un acord amb el Col\u00b7legi d\u2019Administradors de Finques de Girona per impulsar l\u2019efici\u00e8ncia energ\u00e8tica a les comunitats de propietaris | factorenergia\" \/>\n<meta name=\"twitter:description\" content=\"Factorenergia signa un acord amb el Col\u00b7legi d\u2019Administradors de Finques de Girona per impulsar solucions energ\u00e8tiques i efici\u00e8ncia a comunitats de propietaris.\" \/>\n<meta name=\"twitter:creator\" content=\"@factorenergia\" \/>\n<meta name=\"twitter:site\" content=\"@factorenergia\" \/>\n<meta name=\"twitter:label1\" content=\"Written by\" \/>\n\t<meta name=\"twitter:data1\" content=\"Equipo Transici\u00f3n Energ\u00e9tica Factorenergia\" \/>\n\t<meta name=\"twitter:label2\" content=\"Est. reading time\" \/>\n\t<meta name=\"twitter:data2\" content=\"3 minutes\" \/>\n<script type=\"application\/ld+json\" class=\"yoast-schema-graph\">{\"@context\":\"https:\/\/schema.org\",\"@graph\":[{\"@type\":\"WebPage\",\"@id\":\"https:\/\/www.factorenergia.com\/ca\/blog\/empreses\/factorenergia-signa-un-acord-amb-el-col%c2%b7legi-dadministradors-de-finques-de-girona-per-impulsar-leficiencia-energetica-a-les-comunitats-de-propietaris\/\",\"url\":\"https:\/\/www.factorenergia.com\/ca\/blog\/empreses\/factorenergia-signa-un-acord-amb-el-col%c2%b7legi-dadministradors-de-finques-de-girona-per-impulsar-leficiencia-energetica-a-les-comunitats-de-propietaris\/\",\"name\":\"Factorenergia signa un acord amb el Col\u00b7legi d\u2019Administradors de Finques de Girona per impulsar l\u2019efici\u00e8ncia energ\u00e8tica a les comunitats de propietaris | factorenergia\",\"isPartOf\":{\"@id\":\"https:\/\/www.factorenergia.com\/es\/#website\"},\"datePublished\":\"2026-03-09T14:52:37+00:00\",\"dateModified\":\"2026-04-17T11:48:04+00:00\",\"author\":{\"@id\":\"https:\/\/www.factorenergia.com\/es\/#\/schema\/person\/0393cfddedf83f56c6fa67cd7f64b4f5\"},\"description\":\"Factorenergia signa un acord amb el Col\u00b7legi d\u2019Administradors de Finques de Girona per impulsar solucions energ\u00e8tiques i efici\u00e8ncia a comunitats de propietaris.\",\"breadcrumb\":{\"@id\":\"https:\/\/www.factorenergia.com\/ca\/blog\/empreses\/factorenergia-signa-un-acord-amb-el-col%c2%b7legi-dadministradors-de-finques-de-girona-per-impulsar-leficiencia-energetica-a-les-comunitats-de-propietaris\/#breadcrumb\"},\"inLanguage\":\"ca\",\"potentialAction\":[{\"@type\":\"ReadAction\",\"target\":[\"https:\/\/www.factorenergia.com\/ca\/blog\/empreses\/factorenergia-signa-un-acord-amb-el-col%c2%b7legi-dadministradors-de-finques-de-girona-per-impulsar-leficiencia-energetica-a-les-comunitats-de-propietaris\/\"]}]},{\"@type\":\"BreadcrumbList\",\"@id\":\"https:\/\/www.factorenergia.com\/ca\/blog\/empreses\/factorenergia-signa-un-acord-amb-el-col%c2%b7legi-dadministradors-de-finques-de-girona-per-impulsar-leficiencia-energetica-a-les-comunitats-de-propietaris\/#breadcrumb\",\"itemListElement\":[{\"@type\":\"ListItem\",\"position\":1,\"name\":\"Portada\",\"item\":\"https:\/\/www.factorenergia.com\/ca\/\"},{\"@type\":\"ListItem\",\"position\":2,\"name\":\"Factorenergia signa un acord amb el Col\u00b7legi d\u2019Administradors de Finques de Girona per impulsar l\u2019efici\u00e8ncia energ\u00e8tica a les comunitats de propietaris\"}]},{\"@type\":\"WebSite\",\"@id\":\"https:\/\/www.factorenergia.com\/es\/#website\",\"url\":\"https:\/\/www.factorenergia.com\/es\/\",\"name\":\"factorenergia\",\"description\":\"factorenergia\",\"potentialAction\":[{\"@type\":\"SearchAction\",\"target\":{\"@type\":\"EntryPoint\",\"urlTemplate\":\"https:\/\/www.factorenergia.com\/es\/?s={search_term_string}\"},\"query-input\":\"required name=search_term_string\"}],\"inLanguage\":\"ca\"},{\"@type\":\"Person\",\"@id\":\"https:\/\/www.factorenergia.com\/es\/#\/schema\/person\/0393cfddedf83f56c6fa67cd7f64b4f5\",\"name\":\"Equipo Transici\u00f3n Energ\u00e9tica Factorenergia\",\"image\":{\"@type\":\"ImageObject\",\"inLanguage\":\"ca\",\"@id\":\"https:\/\/www.factorenergia.com\/es\/#\/schema\/person\/image\/\",\"url\":\"https:\/\/secure.gravatar.com\/avatar\/80959538036dc57cad8f416d2d764870?s=96&d=mm&r=g\",\"contentUrl\":\"https:\/\/secure.gravatar.com\/avatar\/80959538036dc57cad8f416d2d764870?s=96&d=mm&r=g\",\"caption\":\"Equipo Transici\u00f3n Energ\u00e9tica Factorenergia\"},\"url\":\"https:\/\/www.factorenergia.com\/ca\/blog\/author\/pilar\/\"}]}<\/script>\n<!-- \/ Yoast SEO plugin. -->","yoast_head_json":{"title":"Factorenergia signa un acord amb el Col\u00b7legi d\u2019Administradors de Finques de Girona per impulsar l\u2019efici\u00e8ncia energ\u00e8tica a les comunitats de propietaris | factorenergia","description":"Factorenergia signa un acord amb el Col\u00b7legi d\u2019Administradors de Finques de Girona per impulsar solucions energ\u00e8tiques i efici\u00e8ncia a comunitats de propietaris.","robots":{"index":"index","follow":"follow","max-snippet":"max-snippet:-1","max-image-preview":"max-image-preview:large","max-video-preview":"max-video-preview:-1"},"canonical":"https:\/\/www.factorenergia.com\/ca\/blog\/empreses\/factorenergia-signa-un-acord-amb-el-col\u00b7legi-dadministradors-de-finques-de-girona-per-impulsar-leficiencia-energetica-a-les-comunitats-de-propietaris\/","twitter_card":"summary_large_image","twitter_title":"Factorenergia signa un acord amb el Col\u00b7legi d\u2019Administradors de Finques de Girona per impulsar l\u2019efici\u00e8ncia energ\u00e8tica a les comunitats de propietaris | factorenergia","twitter_description":"Factorenergia signa un acord amb el Col\u00b7legi d\u2019Administradors de Finques de Girona per impulsar solucions energ\u00e8tiques i efici\u00e8ncia a comunitats de propietaris.","twitter_creator":"@factorenergia","twitter_site":"@factorenergia","twitter_misc":{"Written by":"Equipo Transici\u00f3n Energ\u00e9tica Factorenergia","Est. reading time":"3 minutes"},"schema":{"@context":"https:\/\/schema.org","@graph":[{"@type":"WebPage","@id":"https:\/\/www.factorenergia.com\/ca\/blog\/empreses\/factorenergia-signa-un-acord-amb-el-col%c2%b7legi-dadministradors-de-finques-de-girona-per-impulsar-leficiencia-energetica-a-les-comunitats-de-propietaris\/","url":"https:\/\/www.factorenergia.com\/ca\/blog\/empreses\/factorenergia-signa-un-acord-amb-el-col%c2%b7legi-dadministradors-de-finques-de-girona-per-impulsar-leficiencia-energetica-a-les-comunitats-de-propietaris\/","name":"Factorenergia signa un acord amb el Col\u00b7legi d\u2019Administradors de Finques de Girona per impulsar l\u2019efici\u00e8ncia energ\u00e8tica a les comunitats de propietaris | factorenergia","isPartOf":{"@id":"https:\/\/www.factorenergia.com\/es\/#website"},"datePublished":"2026-03-09T14:52:37+00:00","dateModified":"2026-04-17T11:48:04+00:00","author":{"@id":"https:\/\/www.factorenergia.com\/es\/#\/schema\/person\/0393cfddedf83f56c6fa67cd7f64b4f5"},"description":"Factorenergia signa un acord amb el Col\u00b7legi d\u2019Administradors de Finques de Girona per impulsar solucions energ\u00e8tiques i efici\u00e8ncia a comunitats de propietaris.","breadcrumb":{"@id":"https:\/\/www.factorenergia.com\/ca\/blog\/empreses\/factorenergia-signa-un-acord-amb-el-col%c2%b7legi-dadministradors-de-finques-de-girona-per-impulsar-leficiencia-energetica-a-les-comunitats-de-propietaris\/#breadcrumb"},"inLanguage":"ca","potentialAction":[{"@type":"ReadAction","target":["https:\/\/www.factorenergia.com\/ca\/blog\/empreses\/factorenergia-signa-un-acord-amb-el-col%c2%b7legi-dadministradors-de-finques-de-girona-per-impulsar-leficiencia-energetica-a-les-comunitats-de-propietaris\/"]}]},{"@type":"BreadcrumbList","@id":"https:\/\/www.factorenergia.com\/ca\/blog\/empreses\/factorenergia-signa-un-acord-amb-el-col%c2%b7legi-dadministradors-de-finques-de-girona-per-impulsar-leficiencia-energetica-a-les-comunitats-de-propietaris\/#breadcrumb","itemListElement":[{"@type":"ListItem","position":1,"name":"Portada","item":"https:\/\/www.factorenergia.com\/ca\/"},{"@type":"ListItem","position":2,"name":"Factorenergia signa un acord amb el Col\u00b7legi d\u2019Administradors de Finques de Girona per impulsar l\u2019efici\u00e8ncia energ\u00e8tica a les comunitats de propietaris"}]},{"@type":"WebSite","@id":"https:\/\/www.factorenergia.com\/es\/#website","url":"https:\/\/www.factorenergia.com\/es\/","name":"factorenergia","description":"factorenergia","potentialAction":[{"@type":"SearchAction","target":{"@type":"EntryPoint","urlTemplate":"https:\/\/www.factorenergia.com\/es\/?s={search_term_string}"},"query-input":"required name=search_term_string"}],"inLanguage":"ca"},{"@type":"Person","@id":"https:\/\/www.factorenergia.com\/es\/#\/schema\/person\/0393cfddedf83f56c6fa67cd7f64b4f5","name":"Equipo Transici\u00f3n Energ\u00e9tica Factorenergia","image":{"@type":"ImageObject","inLanguage":"ca","@id":"https:\/\/www.factorenergia.com\/es\/#\/schema\/person\/image\/","url":"https:\/\/secure.gravatar.com\/avatar\/80959538036dc57cad8f416d2d764870?s=96&d=mm&r=g","contentUrl":"https:\/\/secure.gravatar.com\/avatar\/80959538036dc57cad8f416d2d764870?s=96&d=mm&r=g","caption":"Equipo Transici\u00f3n Energ\u00e9tica Factorenergia"},"url":"https:\/\/www.factorenergia.com\/ca\/blog\/author\/pilar\/"}]}},"_links":{"self":[{"href":"https:\/\/www.factorenergia.com\/ca\/wp-json\/wp\/v2\/posts\/31224"}],"collection":[{"href":"https:\/\/www.factorenergia.com\/ca\/wp-json\/wp\/v2\/posts"}],"about":[{"href":"https:\/\/www.factorenergia.com\/ca\/wp-json\/wp\/v2\/types\/post"}],"author":[{"embeddable":true,"href":"https:\/\/www.factorenergia.com\/ca\/wp-json\/wp\/v2\/users\/23"}],"replies":[{"embeddable":true,"href":"https:\/\/www.factorenergia.com\/ca\/wp-json\/wp\/v2\/comments?post=31224"}],"version-history":[{"count":1,"href":"https:\/\/www.factorenergia.com\/ca\/wp-json\/wp\/v2\/posts\/31224\/revisions"}],"predecessor-version":[{"id":31229,"href":"https:\/\/www.factorenergia.com\/ca\/wp-json\/wp\/v2\/posts\/31224\/revisions\/31229"}],"wp:attachment":[{"href":"https:\/\/www.factorenergia.com\/ca\/wp-json\/wp\/v2\/media?parent=31224"}],"wp:term":[{"taxonomy":"category","embeddable":true,"href":"https:\/\/www.factorenergia.com\/ca\/wp-json\/wp\/v2\/categories?post=31224"},{"taxonomy":"post_tag","embeddable":true,"href":"https:\/\/www.factorenergia.com\/ca\/wp-json\/wp\/v2\/tags?post=31224"}],"curies":[{"name":"wp","href":"https:\/\/api.w.org\/{rel}","templated":true}]}}