{"id":31165,"date":"2026-03-10T11:51:30","date_gmt":"2026-03-10T09:51:30","guid":{"rendered":"https:\/\/www.factorenergia.com\/ca\/?p=31165"},"modified":"2026-03-10T11:51:30","modified_gmt":"2026-03-10T09:51:30","slug":"quan-es-mes-barata-la-llum-aquesta-setmana-marc-2026","status":"publish","type":"post","link":"https:\/\/www.factorenergia.com\/ca\/blog\/eficiencia-energetica\/quan-es-mes-barata-la-llum-aquesta-setmana-marc-2026\/","title":{"rendered":"Quan \u00e9s m\u00e9s barata la llum aquesta setmana? Mar\u00e7 2026"},"content":{"rendered":"<h1><span>Quan \u00e9s m\u00e9s barata la llum aquesta setmana a Espanya?<\/span><\/h1>\n<p><span>Si est\u00e0s intentant quadrar el pressupost del mes, segur que t&#8217;has preguntat: quan \u00e9s m\u00e9s barata la llum aquesta setmana? Amb l&#8217;entrada de mar\u00e7 de 2026, el mercat energ\u00e8tic espanyol mostra una tend\u00e8ncia favorable per al consumidor, per\u00f2 saber triar l&#8217;hora exacta per a posar la rentadora o el forn pot marcar una difer\u00e8ncia de m\u00e9s del 50% en la teva factura di\u00e0ria.<\/span><\/p>\n<p><span>A continuaci\u00f3, responem a les preguntes m\u00e9s freq\u00fcents que els usuaris estan realitzant en Google sobre el cost de l&#8217;electricitat.<\/span><\/p>\n<h3><span>Quina \u00e9s l&#8217;hora m\u00e9s barata per a usar la llum avui?<\/span><\/h3>\n<p><span>Durant aquesta setmana, les hores m\u00e9s econ\u00f2miques s&#8217;estan concentrant principalment en la franja del migdia i la matinada. Gr\u00e0cies a l&#8217;alta producci\u00f3 d&#8217;energia fotovoltaica, el tram de <strong>14:00 a 15:00<\/strong> es posiciona com el m\u00e9s barat, aconseguint valors m\u00ednims de fins a <strong>0,082 \u20ac\/kWh<\/strong> en el mercat regulat (<\/span><span>PVPC)<\/span><span>.<\/span><\/p>\n<h3><span>Quan \u00e9s m\u00e9s cara l&#8217;electricitat?<\/span><\/h3>\n<p><span>Has d&#8217;evitar, en la mesura que sigui possible, el consum intensiu durant el &#8220;pic nocturn&#8221;. La franja de les <strong>19:00 a les 21:00<\/strong> continua sent la m\u00e9s costosa, superant els <strong>0,35 \u20ac\/kWh<\/strong>. Aquest increment es deu al cessament de la producci\u00f3 solar i a l&#8217;augment de la demanda en les llars.<\/span><\/p>\n<h3><span>Taula de trams horaris recomanats (Dilluns a Divendres)<\/span><\/h3>\n<table data-path-to-node=\"15\">\n<thead>\n<tr>\n<td><strong>Tram Horari<\/strong><\/td>\n<td><strong><span>Qualificaci\u00f3<\/span><\/strong><\/td>\n<td><strong><span>Recomanaci\u00f3<\/span><\/strong><\/td>\n<\/tr>\n<\/thead>\n<tbody>\n<tr>\n<td><span data-path-to-node=\"15,1,0,0\"><b data-path-to-node=\"15,1,0,0\" data-index-in-node=\"0\">00:01 &#8211; 08:00<\/b><\/span><\/td>\n<td><span data-path-to-node=\"15,1,1,0\"><b data-path-to-node=\"15,1,1,0\" data-index-in-node=\"0\">Vall<\/b> (Molt Barat)<\/span><\/td>\n<td><span>Ideal per a carregar vehicles el\u00e8ctrics i termos.<\/span><\/td>\n<\/tr>\n<tr>\n<td><span data-path-to-node=\"15,2,0,0\"><b data-path-to-node=\"15,2,0,0\" data-index-in-node=\"0\">08:00 &#8211; 11:00<\/b><\/span><\/td>\n<td><span><strong>Pla\/Baix<\/strong> (Barat)<\/span><\/td>\n<td><span data-path-to-node=\"15,2,2,0\">El millor moment per a cuina i bugaderia.<\/span><\/td>\n<\/tr>\n<tr>\n<td><span data-path-to-node=\"15,3,0,0\"><b data-path-to-node=\"15,3,0,0\" data-index-in-node=\"0\">11:00 &#8211; 15:00<\/b><\/span><\/td>\n<td><span data-path-to-node=\"15,3,1,0\"><b data-path-to-node=\"15,3,1,0\" data-index-in-node=\"0\">Punta<\/b> (Car)<\/span><\/td>\n<td><span data-path-to-node=\"15,3,2,0\">Evitar electrodom\u00e8stics de gran consum.<\/span><\/td>\n<\/tr>\n<tr>\n<td><span data-path-to-node=\"15,4,0,0\"><b data-path-to-node=\"15,4,0,0\" data-index-in-node=\"0\">15:00 &#8211; 18:00<\/b><\/span><\/td>\n<td><span><strong>Pla\/Baix<\/strong> (Barat)<\/span><\/td>\n<td><span data-path-to-node=\"15,2,2,0\">El millor moment per a cuina i bugaderia.<\/span><\/td>\n<\/tr>\n<tr>\n<td><span data-path-to-node=\"15,5,0,0\"><b data-path-to-node=\"15,5,0,0\" data-index-in-node=\"0\">18:00 &#8211; 22:00<\/b><\/span><\/td>\n<td><span data-path-to-node=\"15,5,1,0\"><b data-path-to-node=\"15,5,1,0\" data-index-in-node=\"0\">Punta<\/b> (Molt Car)<\/span><\/td>\n<td><span>M\u00e0xim estalvi: apaga l&#8217;innecessari.<\/span><\/td>\n<\/tr>\n<\/tbody>\n<\/table>\n<h3><span>\u00c9s m\u00e9s barat posar la rentadora el cap de setmana?<\/span><\/h3>\n<p><span><strong>S\u00ed, rotundament<\/strong>. Durant el dissabte i el diumenge, totes les hores del dia es consideren <strong>per\u00edode vall<\/strong>. Aix\u00f2 significa que el preu de la pot\u00e8ncia i del consum \u00e9s significativament inferior al dels dies laborables, independentment de l&#8217;hora que tri\u00efs.<\/span><\/p>\n<h2>No deixis que la teva factura et doni un esglai!<\/h2>\n<p>Entendre el mercat el\u00e8ctric pot ser complex, per\u00f2 pagar menys no hauria de ser-ho. Si vols deixar de vigilar el rellotge i comen\u00e7ar a estalviar de veritat, tenim la soluci\u00f3 per a tu. Vols saber quant pots estalviar avui mateix? <img decoding=\"async\" draggable=\"false\" role=\"img\" class=\"emoji\" alt=\"\ud83d\udc49\" src=\"https:\/\/s.w.org\/images\/core\/emoji\/17.0.2\/svg\/1f449.svg\" \/>\u00a0<a href=\"https:\/\/alta.factorenergia.com\/ca\/checkout-l\/1\"><strong>Calcula el teu estalvi amb\u00a0Factorenerg\u00eda\u00a0aqu\u00ed<\/strong><\/a> i canvia&#8217;t en menys de 2 minuts. <strong>Sense talls de llum ni paperasses infinites!<\/strong><\/p>\n","protected":false},"excerpt":{"rendered":"<p>Quan \u00e9s m\u00e9s barata la llum aquesta setmana a Espanya? Si est\u00e0s intentant quadrar el pressupost del mes, segur que t&#8217;has preguntat: quan \u00e9s m\u00e9s barata la llum aquesta setmana? Amb l&#8217;entrada de mar\u00e7 de 2026, el mercat energ\u00e8tic espanyol mostra una tend\u00e8ncia favorable per al consumidor, per\u00f2 saber triar l&#8217;hora exacta per a posar [&hellip;]<\/p>\n","protected":false},"author":17,"featured_media":0,"comment_status":"open","ping_status":"open","sticky":false,"template":"","format":"standard","meta":{"inline_featured_image":false,"footnotes":""},"categories":[56],"tags":[194,196,197,204],"acf":{"fecha_de_la_entrada":"20260310","imagen_portada":31168,"categoria_blog":null,"tipo_de_distribuidora":null,"tiempo_lectura":"","banner_bool":false,"titulo_banner":"","texto_banner":"","texto_boton_banner":"","url_boton_banner":"","post_relacionados":""},"yoast_head":"<!-- This site is optimized with the Yoast SEO plugin v22.2 - https:\/\/yoast.com\/wordpress\/plugins\/seo\/ -->\n<title>Quan \u00e9s m\u00e9s barata la llum aquesta setmana? Mar\u00e7 2026 | factorenergia<\/title>\n<meta name=\"description\" content=\"Consulta quan \u00e9s m\u00e9s barata la llum aquesta setmana a Espanya. Descobreix les millors hores per a estalviar i redueix la teva factura.\" \/>\n<meta name=\"robots\" content=\"index, follow, max-snippet:-1, max-image-preview:large, max-video-preview:-1\" \/>\n<link rel=\"canonical\" href=\"https:\/\/www.factorenergia.com\/ca\/blog\/eficiencia-energetica\/quan-es-mes-barata-la-llum-aquesta-setmana-marc-2026\/\" \/>\n<meta name=\"twitter:card\" content=\"summary_large_image\" \/>\n<meta name=\"twitter:title\" content=\"Quan \u00e9s m\u00e9s barata la llum aquesta setmana? Mar\u00e7 2026 | factorenergia\" \/>\n<meta name=\"twitter:description\" content=\"Consulta quan \u00e9s m\u00e9s barata la llum aquesta setmana a Espanya. Descobreix les millors hores per a estalviar i redueix la teva factura.\" \/>\n<meta name=\"twitter:image\" content=\"https:\/\/s.w.org\/images\/core\/emoji\/17.0.2\/svg\/1f449.svg\" \/>\n<meta name=\"twitter:creator\" content=\"@factorenergia\" \/>\n<meta name=\"twitter:site\" content=\"@factorenergia\" \/>\n<meta name=\"twitter:label1\" content=\"Written by\" \/>\n\t<meta name=\"twitter:data1\" content=\"Equipo Transici\u00f3n Energ\u00e9tica Factorenergia\" \/>\n\t<meta name=\"twitter:label2\" content=\"Est. reading time\" \/>\n\t<meta name=\"twitter:data2\" content=\"3 minutes\" \/>\n<script type=\"application\/ld+json\" class=\"yoast-schema-graph\">{\"@context\":\"https:\/\/schema.org\",\"@graph\":[{\"@type\":\"WebPage\",\"@id\":\"https:\/\/www.factorenergia.com\/ca\/blog\/eficiencia-energetica\/quan-es-mes-barata-la-llum-aquesta-setmana-marc-2026\/\",\"url\":\"https:\/\/www.factorenergia.com\/ca\/blog\/eficiencia-energetica\/quan-es-mes-barata-la-llum-aquesta-setmana-marc-2026\/\",\"name\":\"Quan \u00e9s m\u00e9s barata la llum aquesta setmana? Mar\u00e7 2026 | factorenergia\",\"isPartOf\":{\"@id\":\"https:\/\/www.factorenergia.com\/es\/#website\"},\"primaryImageOfPage\":{\"@id\":\"https:\/\/www.factorenergia.com\/ca\/blog\/eficiencia-energetica\/quan-es-mes-barata-la-llum-aquesta-setmana-marc-2026\/#primaryimage\"},\"image\":{\"@id\":\"https:\/\/www.factorenergia.com\/ca\/blog\/eficiencia-energetica\/quan-es-mes-barata-la-llum-aquesta-setmana-marc-2026\/#primaryimage\"},\"thumbnailUrl\":\"https:\/\/s.w.org\/images\/core\/emoji\/17.0.2\/svg\/1f449.svg\",\"datePublished\":\"2026-03-10T09:51:30+00:00\",\"dateModified\":\"2026-03-10T09:51:30+00:00\",\"author\":{\"@id\":\"https:\/\/www.factorenergia.com\/es\/#\/schema\/person\/dff9e4b6dc520720e3a37bdaaedc5841\"},\"description\":\"Consulta quan \u00e9s m\u00e9s barata la llum aquesta setmana a Espanya. Descobreix les millors hores per a estalviar i redueix la teva factura.\",\"breadcrumb\":{\"@id\":\"https:\/\/www.factorenergia.com\/ca\/blog\/eficiencia-energetica\/quan-es-mes-barata-la-llum-aquesta-setmana-marc-2026\/#breadcrumb\"},\"inLanguage\":\"ca\",\"potentialAction\":[{\"@type\":\"ReadAction\",\"target\":[\"https:\/\/www.factorenergia.com\/ca\/blog\/eficiencia-energetica\/quan-es-mes-barata-la-llum-aquesta-setmana-marc-2026\/\"]}]},{\"@type\":\"ImageObject\",\"inLanguage\":\"ca\",\"@id\":\"https:\/\/www.factorenergia.com\/ca\/blog\/eficiencia-energetica\/quan-es-mes-barata-la-llum-aquesta-setmana-marc-2026\/#primaryimage\",\"url\":\"https:\/\/s.w.org\/images\/core\/emoji\/17.0.2\/svg\/1f449.svg\",\"contentUrl\":\"https:\/\/s.w.org\/images\/core\/emoji\/17.0.2\/svg\/1f449.svg\"},{\"@type\":\"BreadcrumbList\",\"@id\":\"https:\/\/www.factorenergia.com\/ca\/blog\/eficiencia-energetica\/quan-es-mes-barata-la-llum-aquesta-setmana-marc-2026\/#breadcrumb\",\"itemListElement\":[{\"@type\":\"ListItem\",\"position\":1,\"name\":\"Portada\",\"item\":\"https:\/\/www.factorenergia.com\/ca\/\"},{\"@type\":\"ListItem\",\"position\":2,\"name\":\"Quan \u00e9s m\u00e9s barata la llum aquesta setmana? Mar\u00e7 2026\"}]},{\"@type\":\"WebSite\",\"@id\":\"https:\/\/www.factorenergia.com\/es\/#website\",\"url\":\"https:\/\/www.factorenergia.com\/es\/\",\"name\":\"factorenergia\",\"description\":\"factorenergia\",\"potentialAction\":[{\"@type\":\"SearchAction\",\"target\":{\"@type\":\"EntryPoint\",\"urlTemplate\":\"https:\/\/www.factorenergia.com\/es\/?s={search_term_string}\"},\"query-input\":\"required name=search_term_string\"}],\"inLanguage\":\"ca\"},{\"@type\":\"Person\",\"@id\":\"https:\/\/www.factorenergia.com\/es\/#\/schema\/person\/dff9e4b6dc520720e3a37bdaaedc5841\",\"name\":\"Equipo Transici\u00f3n Energ\u00e9tica Factorenergia\",\"image\":{\"@type\":\"ImageObject\",\"inLanguage\":\"ca\",\"@id\":\"https:\/\/www.factorenergia.com\/es\/#\/schema\/person\/image\/\",\"url\":\"https:\/\/secure.gravatar.com\/avatar\/1b7c76bab80ee1c4261b06108874e24b?s=96&d=mm&r=g\",\"contentUrl\":\"https:\/\/secure.gravatar.com\/avatar\/1b7c76bab80ee1c4261b06108874e24b?s=96&d=mm&r=g\",\"caption\":\"Equipo Transici\u00f3n Energ\u00e9tica Factorenergia\"},\"description\":\"El equipo est\u00e1 formado por expertos en materia de Luz, Gas y Eficiencia Energ\u00e9tica, que conocen de primera mano las tendencias del mercado. Su experiencia en el sector les permite ofrecer las mejores soluciones energ\u00e9ticas y resolver las dudas planteadas por los clientes.\",\"sameAs\":[\"https:\/\/www.factorenergia.com\/es\/\",\"https:\/\/www.facebook.com\/factorenergiacom\",\"https:\/\/www.instagram.com\/factorenergia_com\/\",\"https:\/\/es.linkedin.com\/company\/factor-energia\",\"https:\/\/twitter.com\/factorenergia\",\"https:\/\/www.youtube.com\/c\/factorenergiacom\"],\"url\":\"https:\/\/www.factorenergia.com\/ca\/blog\/author\/marketing\/\"}]}<\/script>\n<!-- \/ Yoast SEO plugin. -->","yoast_head_json":{"title":"Quan \u00e9s m\u00e9s barata la llum aquesta setmana? Mar\u00e7 2026 | factorenergia","description":"Consulta quan \u00e9s m\u00e9s barata la llum aquesta setmana a Espanya. Descobreix les millors hores per a estalviar i redueix la teva factura.","robots":{"index":"index","follow":"follow","max-snippet":"max-snippet:-1","max-image-preview":"max-image-preview:large","max-video-preview":"max-video-preview:-1"},"canonical":"https:\/\/www.factorenergia.com\/ca\/blog\/eficiencia-energetica\/quan-es-mes-barata-la-llum-aquesta-setmana-marc-2026\/","twitter_card":"summary_large_image","twitter_title":"Quan \u00e9s m\u00e9s barata la llum aquesta setmana? Mar\u00e7 2026 | factorenergia","twitter_description":"Consulta quan \u00e9s m\u00e9s barata la llum aquesta setmana a Espanya. Descobreix les millors hores per a estalviar i redueix la teva factura.","twitter_image":"https:\/\/s.w.org\/images\/core\/emoji\/17.0.2\/svg\/1f449.svg","twitter_creator":"@factorenergia","twitter_site":"@factorenergia","twitter_misc":{"Written by":"Equipo Transici\u00f3n Energ\u00e9tica Factorenergia","Est. reading time":"3 minutes"},"schema":{"@context":"https:\/\/schema.org","@graph":[{"@type":"WebPage","@id":"https:\/\/www.factorenergia.com\/ca\/blog\/eficiencia-energetica\/quan-es-mes-barata-la-llum-aquesta-setmana-marc-2026\/","url":"https:\/\/www.factorenergia.com\/ca\/blog\/eficiencia-energetica\/quan-es-mes-barata-la-llum-aquesta-setmana-marc-2026\/","name":"Quan \u00e9s m\u00e9s barata la llum aquesta setmana? Mar\u00e7 2026 | factorenergia","isPartOf":{"@id":"https:\/\/www.factorenergia.com\/es\/#website"},"primaryImageOfPage":{"@id":"https:\/\/www.factorenergia.com\/ca\/blog\/eficiencia-energetica\/quan-es-mes-barata-la-llum-aquesta-setmana-marc-2026\/#primaryimage"},"image":{"@id":"https:\/\/www.factorenergia.com\/ca\/blog\/eficiencia-energetica\/quan-es-mes-barata-la-llum-aquesta-setmana-marc-2026\/#primaryimage"},"thumbnailUrl":"https:\/\/s.w.org\/images\/core\/emoji\/17.0.2\/svg\/1f449.svg","datePublished":"2026-03-10T09:51:30+00:00","dateModified":"2026-03-10T09:51:30+00:00","author":{"@id":"https:\/\/www.factorenergia.com\/es\/#\/schema\/person\/dff9e4b6dc520720e3a37bdaaedc5841"},"description":"Consulta quan \u00e9s m\u00e9s barata la llum aquesta setmana a Espanya. Descobreix les millors hores per a estalviar i redueix la teva factura.","breadcrumb":{"@id":"https:\/\/www.factorenergia.com\/ca\/blog\/eficiencia-energetica\/quan-es-mes-barata-la-llum-aquesta-setmana-marc-2026\/#breadcrumb"},"inLanguage":"ca","potentialAction":[{"@type":"ReadAction","target":["https:\/\/www.factorenergia.com\/ca\/blog\/eficiencia-energetica\/quan-es-mes-barata-la-llum-aquesta-setmana-marc-2026\/"]}]},{"@type":"ImageObject","inLanguage":"ca","@id":"https:\/\/www.factorenergia.com\/ca\/blog\/eficiencia-energetica\/quan-es-mes-barata-la-llum-aquesta-setmana-marc-2026\/#primaryimage","url":"https:\/\/s.w.org\/images\/core\/emoji\/17.0.2\/svg\/1f449.svg","contentUrl":"https:\/\/s.w.org\/images\/core\/emoji\/17.0.2\/svg\/1f449.svg"},{"@type":"BreadcrumbList","@id":"https:\/\/www.factorenergia.com\/ca\/blog\/eficiencia-energetica\/quan-es-mes-barata-la-llum-aquesta-setmana-marc-2026\/#breadcrumb","itemListElement":[{"@type":"ListItem","position":1,"name":"Portada","item":"https:\/\/www.factorenergia.com\/ca\/"},{"@type":"ListItem","position":2,"name":"Quan \u00e9s m\u00e9s barata la llum aquesta setmana? Mar\u00e7 2026"}]},{"@type":"WebSite","@id":"https:\/\/www.factorenergia.com\/es\/#website","url":"https:\/\/www.factorenergia.com\/es\/","name":"factorenergia","description":"factorenergia","potentialAction":[{"@type":"SearchAction","target":{"@type":"EntryPoint","urlTemplate":"https:\/\/www.factorenergia.com\/es\/?s={search_term_string}"},"query-input":"required name=search_term_string"}],"inLanguage":"ca"},{"@type":"Person","@id":"https:\/\/www.factorenergia.com\/es\/#\/schema\/person\/dff9e4b6dc520720e3a37bdaaedc5841","name":"Equipo Transici\u00f3n Energ\u00e9tica Factorenergia","image":{"@type":"ImageObject","inLanguage":"ca","@id":"https:\/\/www.factorenergia.com\/es\/#\/schema\/person\/image\/","url":"https:\/\/secure.gravatar.com\/avatar\/1b7c76bab80ee1c4261b06108874e24b?s=96&d=mm&r=g","contentUrl":"https:\/\/secure.gravatar.com\/avatar\/1b7c76bab80ee1c4261b06108874e24b?s=96&d=mm&r=g","caption":"Equipo Transici\u00f3n Energ\u00e9tica Factorenergia"},"description":"El equipo est\u00e1 formado por expertos en materia de Luz, Gas y Eficiencia Energ\u00e9tica, que conocen de primera mano las tendencias del mercado. Su experiencia en el sector les permite ofrecer las mejores soluciones energ\u00e9ticas y resolver las dudas planteadas por los clientes.","sameAs":["https:\/\/www.factorenergia.com\/es\/","https:\/\/www.facebook.com\/factorenergiacom","https:\/\/www.instagram.com\/factorenergia_com\/","https:\/\/es.linkedin.com\/company\/factor-energia","https:\/\/twitter.com\/factorenergia","https:\/\/www.youtube.com\/c\/factorenergiacom"],"url":"https:\/\/www.factorenergia.com\/ca\/blog\/author\/marketing\/"}]}},"_links":{"self":[{"href":"https:\/\/www.factorenergia.com\/ca\/wp-json\/wp\/v2\/posts\/31165"}],"collection":[{"href":"https:\/\/www.factorenergia.com\/ca\/wp-json\/wp\/v2\/posts"}],"about":[{"href":"https:\/\/www.factorenergia.com\/ca\/wp-json\/wp\/v2\/types\/post"}],"author":[{"embeddable":true,"href":"https:\/\/www.factorenergia.com\/ca\/wp-json\/wp\/v2\/users\/17"}],"replies":[{"embeddable":true,"href":"https:\/\/www.factorenergia.com\/ca\/wp-json\/wp\/v2\/comments?post=31165"}],"version-history":[{"count":4,"href":"https:\/\/www.factorenergia.com\/ca\/wp-json\/wp\/v2\/posts\/31165\/revisions"}],"predecessor-version":[{"id":31233,"href":"https:\/\/www.factorenergia.com\/ca\/wp-json\/wp\/v2\/posts\/31165\/revisions\/31233"}],"wp:attachment":[{"href":"https:\/\/www.factorenergia.com\/ca\/wp-json\/wp\/v2\/media?parent=31165"}],"wp:term":[{"taxonomy":"category","embeddable":true,"href":"https:\/\/www.factorenergia.com\/ca\/wp-json\/wp\/v2\/categories?post=31165"},{"taxonomy":"post_tag","embeddable":true,"href":"https:\/\/www.factorenergia.com\/ca\/wp-json\/wp\/v2\/tags?post=31165"}],"curies":[{"name":"wp","href":"https:\/\/api.w.org\/{rel}","templated":true}]}}