{"id":31155,"date":"2026-03-06T12:01:05","date_gmt":"2026-03-06T10:01:05","guid":{"rendered":"https:\/\/www.factorenergia.com\/ca\/?p=31155"},"modified":"2026-03-06T12:01:05","modified_gmt":"2026-03-06T10:01:05","slug":"factorenergia-participa-a-la-jornada-mercats-i-transicio-energetica-del-grup-gestors-energetics","status":"publish","type":"post","link":"https:\/\/www.factorenergia.com\/ca\/blog\/esdeveniments\/factorenergia-participa-a-la-jornada-mercats-i-transicio-energetica-del-grup-gestors-energetics\/","title":{"rendered":"Factorenergia participa a la jornada Mercats i Transici\u00f3 Energ\u00e8tica del Grup Gestors Energ\u00e8tics"},"content":{"rendered":"<p data-start=\"222\" data-end=\"586\">L\u2019evoluci\u00f3 del mercat el\u00e8ctric i del mercat del gas <strong data-start=\"52\" data-end=\"61\">marca<\/strong> el ritme de la transici\u00f3 energ\u00e8tica a Espanya. En aquest context, Factorenergia <strong data-start=\"142\" data-end=\"155\">participa<\/strong> en la jornada \u201cMercats i Transici\u00f3 Energ\u00e8tica\u201d organitzada pel Grup Gestors Energ\u00e8tics (GGe), un f\u00f2rum anual de refer\u00e8ncia per analitzar la situaci\u00f3 actual del sector energ\u00e8tic i les seves perspectives.<\/p>\n<h2 data-start=\"588\" data-end=\"643\">An\u00e0lisi del mercat el\u00e8ctric: transport i distribuci\u00f3<\/h2>\n<p data-start=\"645\" data-end=\"768\">La primera sessi\u00f3 t\u00e8cnica s\u2019ha centrat en el mercat energ\u00e8tic el\u00e8ctric, amb especial atenci\u00f3 al transport i la distribuci\u00f3.<\/p>\n<p data-start=\"770\" data-end=\"1077\">En aquesta taula hi ha intervingut Emili Rousaud, CEO de Factorenergia i Vicepresident del Grup Gestors Energ\u00e8tics, juntament amb Trinidad Sala, Delegada Regional Nord-est de REDEIA, i Oriol Xalabarder, President d\u2019ASEME. La sessi\u00f3 ha estat moderada per Manel Nicol\u00e1s, President d\u2019Honor de la Junta del GGe.<\/p>\n<p data-start=\"1079\" data-end=\"1287\">Durant el debat s\u2019ha abordat la situaci\u00f3 actual del sistema el\u00e8ctric, el paper de les infraestructures de xarxa i els principals reptes que afronta el mercat el\u00e8ctric en un entorn de transformaci\u00f3 energ\u00e8tica.<\/p>\n<h2 data-start=\"1289\" data-end=\"1361\">Mercat del gas i cogeneraci\u00f3 en el context de la transici\u00f3 energ\u00e8tica<\/h2>\n<p data-start=\"1095\" data-end=\"1231\">La segona sessi\u00f3 t\u00e8cnica <strong data-start=\"1120\" data-end=\"1133\">se dedica<\/strong> al mercat del gas i a la cogeneraci\u00f3, \u00e0mbits estrat\u00e8gics dins del proc\u00e9s de transici\u00f3 energ\u00e8tica.<\/p>\n<p data-start=\"1233\" data-end=\"1464\">En aquesta taula <strong data-start=\"1250\" data-end=\"1263\">participa<\/strong> Alba Brull\u00e9s, directora del departament de gas de Factorenergia, juntament amb Jos\u00e9 Javier Rodr\u00edguez, director general d\u2019ACOGEN, sota la moderaci\u00f3 de Carmen Soldado, vocal del Grup Gestors Energ\u00e8tics.<\/p>\n<p data-start=\"1466\" data-end=\"1684\">L\u2019an\u00e0lisi <strong data-start=\"1476\" data-end=\"1489\">se centra<\/strong> en la situaci\u00f3 actual del mercat del gas natural i el seu paper dins de l\u2019equilibri energ\u00e8tic, aix\u00ed com en els desafiaments que <strong data-start=\"1618\" data-end=\"1629\">afronta<\/strong> la cogeneraci\u00f3 en l\u2019actual marc regulador i de mercat.<\/p>\n<h2 data-start=\"1951\" data-end=\"1997\">Un f\u00f2rum estrat\u00e8gic per al sector energ\u00e8tic<\/h2>\n<p data-start=\"1735\" data-end=\"1957\">La jornada <strong data-start=\"1746\" data-end=\"1757\">comen\u00e7a<\/strong> amb l\u2019obertura institucional de Mar Aguil\u00f3, presidenta del Grup Gestors Energ\u00e8tics; David Serrano, director corporatiu ESG de BSM; i Jos\u00e9 Enrique V\u00e1zquez, president de la comissi\u00f3 d\u2019energia de PIMEC.<\/p>\n<p data-start=\"1959\" data-end=\"2134\">La trobada <strong data-start=\"1970\" data-end=\"1981\">conclou<\/strong> amb un debat final que <strong data-start=\"2005\" data-end=\"2015\">permet<\/strong> contrastar perspectives sobre l\u2019evoluci\u00f3 dels mercats energ\u00e8tics i els reptes estructurals de la transici\u00f3 energ\u00e8tica.<\/p>\n<p data-start=\"2136\" data-end=\"2389\" data-is-last-node=\"\" data-is-only-node=\"\">A Factorenergia <strong data-start=\"2152\" data-end=\"2177\">continuem participant<\/strong> activament en espais d\u2019an\u00e0lisi sectorial que <strong data-start=\"2223\" data-end=\"2240\">contribueixen<\/strong> a definir el futur del mercat el\u00e8ctric i del mercat del gas, refor\u00e7ant el nostre comprom\u00eds amb un model energ\u00e8tic eficient, competitiu i sostenible.<\/p>\n","protected":false},"excerpt":{"rendered":"<p>L\u2019evoluci\u00f3 del mercat el\u00e8ctric i del mercat del gas marca el ritme de la transici\u00f3 energ\u00e8tica a Espanya. En aquest context, Factorenergia participa en la jornada \u201cMercats i Transici\u00f3 Energ\u00e8tica\u201d organitzada pel Grup Gestors Energ\u00e8tics (GGe), un f\u00f2rum anual de refer\u00e8ncia per analitzar la situaci\u00f3 actual del sector energ\u00e8tic i les seves perspectives. An\u00e0lisi del [&hellip;]<\/p>\n","protected":false},"author":23,"featured_media":0,"comment_status":"open","ping_status":"open","sticky":false,"template":"","format":"standard","meta":{"inline_featured_image":false,"footnotes":""},"categories":[181],"tags":[238,239,236,237],"acf":{"fecha_de_la_entrada":"20260306","imagen_portada":31212,"categoria_blog":null,"tipo_de_distribuidora":null,"tiempo_lectura":"2'","banner_bool":false,"titulo_banner":"","texto_banner":"","texto_boton_banner":"","url_boton_banner":"","post_relacionados":""},"yoast_head":"<!-- This site is optimized with the Yoast SEO plugin v22.2 - https:\/\/yoast.com\/wordpress\/plugins\/seo\/ -->\n<title>Factorenergia participa a la jornada Mercats i Transici\u00f3 Energ\u00e8tica del Grup Gestors Energ\u00e8tics | factorenergia Factorenergia participa a la jornada \u201cMercats i Transici\u00f3 Energ\u00e8tica\u201d del GGe<\/title>\n<meta name=\"description\" content=\"Factorenergia participa a la jornada \u201cMercats i Transici\u00f3 Energ\u00e8tica\u201d del GGe, amb an\u00e0lisi del mercat el\u00e8ctric i del gas i la cogeneraci\u00f3.\" \/>\n<meta name=\"robots\" content=\"index, follow, max-snippet:-1, max-image-preview:large, max-video-preview:-1\" \/>\n<link rel=\"canonical\" href=\"https:\/\/www.factorenergia.com\/ca\/blog\/esdeveniments\/factorenergia-participa-a-la-jornada-mercats-i-transicio-energetica-del-grup-gestors-energetics\/\" \/>\n<meta name=\"twitter:card\" content=\"summary_large_image\" \/>\n<meta name=\"twitter:title\" content=\"Factorenergia participa a la jornada Mercats i Transici\u00f3 Energ\u00e8tica del Grup Gestors Energ\u00e8tics | factorenergia Factorenergia participa a la jornada \u201cMercats i Transici\u00f3 Energ\u00e8tica\u201d del GGe\" \/>\n<meta name=\"twitter:description\" content=\"Factorenergia participa a la jornada \u201cMercats i Transici\u00f3 Energ\u00e8tica\u201d del GGe, amb an\u00e0lisi del mercat el\u00e8ctric i del gas i la cogeneraci\u00f3.\" \/>\n<meta name=\"twitter:creator\" content=\"@factorenergia\" \/>\n<meta name=\"twitter:site\" content=\"@factorenergia\" \/>\n<meta name=\"twitter:label1\" content=\"Written by\" \/>\n\t<meta name=\"twitter:data1\" content=\"Equipo Transici\u00f3n Energ\u00e9tica Factorenergia\" \/>\n\t<meta name=\"twitter:label2\" content=\"Est. reading time\" \/>\n\t<meta name=\"twitter:data2\" content=\"2 minutes\" \/>\n<script type=\"application\/ld+json\" class=\"yoast-schema-graph\">{\"@context\":\"https:\/\/schema.org\",\"@graph\":[{\"@type\":\"WebPage\",\"@id\":\"https:\/\/www.factorenergia.com\/ca\/blog\/esdeveniments\/factorenergia-participa-a-la-jornada-mercats-i-transicio-energetica-del-grup-gestors-energetics\/\",\"url\":\"https:\/\/www.factorenergia.com\/ca\/blog\/esdeveniments\/factorenergia-participa-a-la-jornada-mercats-i-transicio-energetica-del-grup-gestors-energetics\/\",\"name\":\"Factorenergia participa a la jornada Mercats i Transici\u00f3 Energ\u00e8tica del Grup Gestors Energ\u00e8tics | factorenergia Factorenergia participa a la jornada \u201cMercats i Transici\u00f3 Energ\u00e8tica\u201d del GGe\",\"isPartOf\":{\"@id\":\"https:\/\/www.factorenergia.com\/es\/#website\"},\"datePublished\":\"2026-03-06T10:01:05+00:00\",\"dateModified\":\"2026-03-06T10:01:05+00:00\",\"author\":{\"@id\":\"https:\/\/www.factorenergia.com\/es\/#\/schema\/person\/0393cfddedf83f56c6fa67cd7f64b4f5\"},\"description\":\"Factorenergia participa a la jornada \u201cMercats i Transici\u00f3 Energ\u00e8tica\u201d del GGe, amb an\u00e0lisi del mercat el\u00e8ctric i del gas i la cogeneraci\u00f3.\",\"breadcrumb\":{\"@id\":\"https:\/\/www.factorenergia.com\/ca\/blog\/esdeveniments\/factorenergia-participa-a-la-jornada-mercats-i-transicio-energetica-del-grup-gestors-energetics\/#breadcrumb\"},\"inLanguage\":\"ca\",\"potentialAction\":[{\"@type\":\"ReadAction\",\"target\":[\"https:\/\/www.factorenergia.com\/ca\/blog\/esdeveniments\/factorenergia-participa-a-la-jornada-mercats-i-transicio-energetica-del-grup-gestors-energetics\/\"]}]},{\"@type\":\"BreadcrumbList\",\"@id\":\"https:\/\/www.factorenergia.com\/ca\/blog\/esdeveniments\/factorenergia-participa-a-la-jornada-mercats-i-transicio-energetica-del-grup-gestors-energetics\/#breadcrumb\",\"itemListElement\":[{\"@type\":\"ListItem\",\"position\":1,\"name\":\"Portada\",\"item\":\"https:\/\/www.factorenergia.com\/ca\/\"},{\"@type\":\"ListItem\",\"position\":2,\"name\":\"Factorenergia participa a la jornada Mercats i Transici\u00f3 Energ\u00e8tica del Grup Gestors Energ\u00e8tics\"}]},{\"@type\":\"WebSite\",\"@id\":\"https:\/\/www.factorenergia.com\/es\/#website\",\"url\":\"https:\/\/www.factorenergia.com\/es\/\",\"name\":\"factorenergia\",\"description\":\"factorenergia\",\"potentialAction\":[{\"@type\":\"SearchAction\",\"target\":{\"@type\":\"EntryPoint\",\"urlTemplate\":\"https:\/\/www.factorenergia.com\/es\/?s={search_term_string}\"},\"query-input\":\"required name=search_term_string\"}],\"inLanguage\":\"ca\"},{\"@type\":\"Person\",\"@id\":\"https:\/\/www.factorenergia.com\/es\/#\/schema\/person\/0393cfddedf83f56c6fa67cd7f64b4f5\",\"name\":\"Equipo Transici\u00f3n Energ\u00e9tica Factorenergia\",\"image\":{\"@type\":\"ImageObject\",\"inLanguage\":\"ca\",\"@id\":\"https:\/\/www.factorenergia.com\/es\/#\/schema\/person\/image\/\",\"url\":\"https:\/\/secure.gravatar.com\/avatar\/80959538036dc57cad8f416d2d764870?s=96&d=mm&r=g\",\"contentUrl\":\"https:\/\/secure.gravatar.com\/avatar\/80959538036dc57cad8f416d2d764870?s=96&d=mm&r=g\",\"caption\":\"Equipo Transici\u00f3n Energ\u00e9tica Factorenergia\"},\"url\":\"https:\/\/www.factorenergia.com\/ca\/blog\/author\/pilar\/\"}]}<\/script>\n<!-- \/ Yoast SEO plugin. -->","yoast_head_json":{"title":"Factorenergia participa a la jornada Mercats i Transici\u00f3 Energ\u00e8tica del Grup Gestors Energ\u00e8tics | factorenergia Factorenergia participa a la jornada \u201cMercats i Transici\u00f3 Energ\u00e8tica\u201d del GGe","description":"Factorenergia participa a la jornada \u201cMercats i Transici\u00f3 Energ\u00e8tica\u201d del GGe, amb an\u00e0lisi del mercat el\u00e8ctric i del gas i la cogeneraci\u00f3.","robots":{"index":"index","follow":"follow","max-snippet":"max-snippet:-1","max-image-preview":"max-image-preview:large","max-video-preview":"max-video-preview:-1"},"canonical":"https:\/\/www.factorenergia.com\/ca\/blog\/esdeveniments\/factorenergia-participa-a-la-jornada-mercats-i-transicio-energetica-del-grup-gestors-energetics\/","twitter_card":"summary_large_image","twitter_title":"Factorenergia participa a la jornada Mercats i Transici\u00f3 Energ\u00e8tica del Grup Gestors Energ\u00e8tics | factorenergia Factorenergia participa a la jornada \u201cMercats i Transici\u00f3 Energ\u00e8tica\u201d del GGe","twitter_description":"Factorenergia participa a la jornada \u201cMercats i Transici\u00f3 Energ\u00e8tica\u201d del GGe, amb an\u00e0lisi del mercat el\u00e8ctric i del gas i la cogeneraci\u00f3.","twitter_creator":"@factorenergia","twitter_site":"@factorenergia","twitter_misc":{"Written by":"Equipo Transici\u00f3n Energ\u00e9tica Factorenergia","Est. reading time":"2 minutes"},"schema":{"@context":"https:\/\/schema.org","@graph":[{"@type":"WebPage","@id":"https:\/\/www.factorenergia.com\/ca\/blog\/esdeveniments\/factorenergia-participa-a-la-jornada-mercats-i-transicio-energetica-del-grup-gestors-energetics\/","url":"https:\/\/www.factorenergia.com\/ca\/blog\/esdeveniments\/factorenergia-participa-a-la-jornada-mercats-i-transicio-energetica-del-grup-gestors-energetics\/","name":"Factorenergia participa a la jornada Mercats i Transici\u00f3 Energ\u00e8tica del Grup Gestors Energ\u00e8tics | factorenergia Factorenergia participa a la jornada \u201cMercats i Transici\u00f3 Energ\u00e8tica\u201d del GGe","isPartOf":{"@id":"https:\/\/www.factorenergia.com\/es\/#website"},"datePublished":"2026-03-06T10:01:05+00:00","dateModified":"2026-03-06T10:01:05+00:00","author":{"@id":"https:\/\/www.factorenergia.com\/es\/#\/schema\/person\/0393cfddedf83f56c6fa67cd7f64b4f5"},"description":"Factorenergia participa a la jornada \u201cMercats i Transici\u00f3 Energ\u00e8tica\u201d del GGe, amb an\u00e0lisi del mercat el\u00e8ctric i del gas i la cogeneraci\u00f3.","breadcrumb":{"@id":"https:\/\/www.factorenergia.com\/ca\/blog\/esdeveniments\/factorenergia-participa-a-la-jornada-mercats-i-transicio-energetica-del-grup-gestors-energetics\/#breadcrumb"},"inLanguage":"ca","potentialAction":[{"@type":"ReadAction","target":["https:\/\/www.factorenergia.com\/ca\/blog\/esdeveniments\/factorenergia-participa-a-la-jornada-mercats-i-transicio-energetica-del-grup-gestors-energetics\/"]}]},{"@type":"BreadcrumbList","@id":"https:\/\/www.factorenergia.com\/ca\/blog\/esdeveniments\/factorenergia-participa-a-la-jornada-mercats-i-transicio-energetica-del-grup-gestors-energetics\/#breadcrumb","itemListElement":[{"@type":"ListItem","position":1,"name":"Portada","item":"https:\/\/www.factorenergia.com\/ca\/"},{"@type":"ListItem","position":2,"name":"Factorenergia participa a la jornada Mercats i Transici\u00f3 Energ\u00e8tica del Grup Gestors Energ\u00e8tics"}]},{"@type":"WebSite","@id":"https:\/\/www.factorenergia.com\/es\/#website","url":"https:\/\/www.factorenergia.com\/es\/","name":"factorenergia","description":"factorenergia","potentialAction":[{"@type":"SearchAction","target":{"@type":"EntryPoint","urlTemplate":"https:\/\/www.factorenergia.com\/es\/?s={search_term_string}"},"query-input":"required name=search_term_string"}],"inLanguage":"ca"},{"@type":"Person","@id":"https:\/\/www.factorenergia.com\/es\/#\/schema\/person\/0393cfddedf83f56c6fa67cd7f64b4f5","name":"Equipo Transici\u00f3n Energ\u00e9tica Factorenergia","image":{"@type":"ImageObject","inLanguage":"ca","@id":"https:\/\/www.factorenergia.com\/es\/#\/schema\/person\/image\/","url":"https:\/\/secure.gravatar.com\/avatar\/80959538036dc57cad8f416d2d764870?s=96&d=mm&r=g","contentUrl":"https:\/\/secure.gravatar.com\/avatar\/80959538036dc57cad8f416d2d764870?s=96&d=mm&r=g","caption":"Equipo Transici\u00f3n Energ\u00e9tica Factorenergia"},"url":"https:\/\/www.factorenergia.com\/ca\/blog\/author\/pilar\/"}]}},"_links":{"self":[{"href":"https:\/\/www.factorenergia.com\/ca\/wp-json\/wp\/v2\/posts\/31155"}],"collection":[{"href":"https:\/\/www.factorenergia.com\/ca\/wp-json\/wp\/v2\/posts"}],"about":[{"href":"https:\/\/www.factorenergia.com\/ca\/wp-json\/wp\/v2\/types\/post"}],"author":[{"embeddable":true,"href":"https:\/\/www.factorenergia.com\/ca\/wp-json\/wp\/v2\/users\/23"}],"replies":[{"embeddable":true,"href":"https:\/\/www.factorenergia.com\/ca\/wp-json\/wp\/v2\/comments?post=31155"}],"version-history":[{"count":4,"href":"https:\/\/www.factorenergia.com\/ca\/wp-json\/wp\/v2\/posts\/31155\/revisions"}],"predecessor-version":[{"id":31217,"href":"https:\/\/www.factorenergia.com\/ca\/wp-json\/wp\/v2\/posts\/31155\/revisions\/31217"}],"wp:attachment":[{"href":"https:\/\/www.factorenergia.com\/ca\/wp-json\/wp\/v2\/media?parent=31155"}],"wp:term":[{"taxonomy":"category","embeddable":true,"href":"https:\/\/www.factorenergia.com\/ca\/wp-json\/wp\/v2\/categories?post=31155"},{"taxonomy":"post_tag","embeddable":true,"href":"https:\/\/www.factorenergia.com\/ca\/wp-json\/wp\/v2\/tags?post=31155"}],"curies":[{"name":"wp","href":"https:\/\/api.w.org\/{rel}","templated":true}]}}